{"id":6073,"date":"2014-03-16T00:00:00","date_gmt":"2014-03-16T00:00:00","guid":{"rendered":"https:\/\/www.garciafaura.com\/ejecutando-el-nuevo-complejo-deportivo-torre-roja-de-viladecans\/"},"modified":"2019-06-03T12:10:11","modified_gmt":"2019-06-03T12:10:11","slug":"ejecutando-el-nuevo-complejo-deportivo-torre-roja-de-viladecans","status":"publish","type":"post","link":"https:\/\/www.garciafaura.com\/es\/ejecutando-el-nuevo-complejo-deportivo-torre-roja-de-viladecans\/","title":{"rendered":"Ejecutando el nuevo complejo Deportivo Torre Roja de Viladecans"},"content":{"rendered":"<p>&nbsp;<\/p>\n<p><strong>GARCIA FAURA<\/strong> trabaja ya a pleno rendimiento en la fabricaci\u00f3n e instalaci\u00f3n de los diferentes elementos de aluminio y vidrio que conforman uno de los muchos proyectos en curso en la ciudad de Viladecans. Se trata del nuevo complejo deportivo Torre Roja, obra del estudio de arquitectura Brullet &#8211; De Luna, y ejecutado por la empresa Urbaser.<\/p>\n<p>&nbsp;<\/p>\n<p>Un proyecto que parte de la abundancia de luz natural como elemento protagonista, a trav\u00e9s de varios lucernarios centrales. Tambi\u00e9n se ha tenido especialmente en cuenta el m\u00e1ximo control t\u00e9rmico con la disposici\u00f3n de espacios intermedios, as\u00ed como el control de la radiaci\u00f3n solar mediante Brise-Soleils. Un proyecto concebido a partir de una estrategia global de m\u00e1xima eficiencia energ\u00e9tica al servicio de la pr\u00e1ctica deportiva.<\/p>\n<p>&nbsp;<\/p>\n<p><strong>GARCIA FAURA<\/strong> desarrolla por este proyecto todos los trabajos de carpinter\u00eda de aluminio y fachadas de vidrio. Se fabrican e instalan 2200 metros cuadrados de cerramientos de perfiler\u00eda con rotura de puente t\u00e9rmico. Una parte de estos cerramientos se articulan en tiradas continuas de hasta 25 metros. Adem\u00e1s tambi\u00e9n se est\u00e1 trabajando en la ejecuci\u00f3n de 500 metros cuadrados de muro cortina.<\/p>\n<p>&nbsp;<\/p>\n<p>El nuevo complejo deportivo de la Torre Roja incluye la ampliaci\u00f3n de la piscina ya existente y una nueva l\u00e1mina de agua descubierta con solarium de cubierta retr\u00e1ctil. Adem\u00e1s, incorpora un nuevo pabell\u00f3n polideportivo, la reforma del campo de f\u00fatbol existente y dos plantas de aparcamiento subterr\u00e1neo con capacidad para 150 veh\u00edculos. El nuevo complejo debe convertirse en el centro deportivo de referencia de los barrios de levante y alternativa a las antiguas instalaciones del Polideportivo del Centro. Debe estar operativo en la primavera de 2015.<\/p>\n","protected":false},"excerpt":{"rendered":"<p>GARCIA FAURA fabrica e instala los cerramientos de aluminio y muros cortina del nuevo complejo deportivo Torre Roja de Viladecans. Un proyecto del estudio de arquitectura Brullet &#8211; De Luna que dotar\u00e1 esta ciudad de una nueva y moderna zona deportiva en el sector de Levante. La luz natural es la protagonista del nuevo complejo, que debe entrar en funcionamiento en 2015.<\/p>\n","protected":false},"author":3,"featured_media":6053,"comment_status":"open","ping_status":"open","sticky":false,"template":"","format":"standard","meta":{"footnotes":""},"categories":[3],"tags":[],"post_series":[],"class_list":["post-6073","post","type-post","status-publish","format-standard","has-post-thumbnail","hentry","category-actualidad","entry","has-media"],"yoast_head":"<!-- This site is optimized with the Yoast SEO plugin v26.7 - https:\/\/yoast.com\/wordpress\/plugins\/seo\/ -->\n<title>Ejecutando el nuevo complejo Deportivo Torre Roja de Viladecans - GARCIA FAURA<\/title>\n<meta name=\"description\" content=\"Arquitectura en Alumini, Inox, Ferro i Vidre\" \/>\n<meta name=\"robots\" content=\"index, follow, max-snippet:-1, max-image-preview:large, max-video-preview:-1\" \/>\n<link rel=\"canonical\" href=\"https:\/\/www.garciafaura.com\/es\/ejecutando-el-nuevo-complejo-deportivo-torre-roja-de-viladecans\/\" \/>\n<meta property=\"og:locale\" content=\"es_ES\" \/>\n<meta property=\"og:type\" content=\"article\" \/>\n<meta property=\"og:title\" content=\"Ejecutando el nuevo complejo Deportivo Torre Roja de Viladecans - GARCIA FAURA\" \/>\n<meta property=\"og:description\" content=\"Arquitectura en Alumini, Inox, Ferro i Vidre\" \/>\n<meta property=\"og:url\" content=\"https:\/\/www.garciafaura.com\/es\/ejecutando-el-nuevo-complejo-deportivo-torre-roja-de-viladecans\/\" \/>\n<meta property=\"og:site_name\" content=\"GARCIA FAURA\" \/>\n<meta property=\"article:published_time\" content=\"2014-03-16T00:00:00+00:00\" \/>\n<meta property=\"article:modified_time\" content=\"2019-06-03T12:10:11+00:00\" \/>\n<meta property=\"og:image\" content=\"https:\/\/www.garciafaura.com\/wp-content\/uploads\/2018\/11\/torre_roja_01.jpg\" \/>\n\t<meta property=\"og:image:width\" content=\"1\" \/>\n\t<meta property=\"og:image:height\" content=\"1\" \/>\n\t<meta property=\"og:image:type\" content=\"image\/jpeg\" \/>\n<meta name=\"author\" content=\"David Achell\" \/>\n<meta name=\"twitter:card\" content=\"summary_large_image\" \/>\n<meta name=\"twitter:label1\" content=\"Escrito por\" \/>\n\t<meta name=\"twitter:data1\" content=\"David Achell\" \/>\n\t<meta name=\"twitter:label2\" content=\"Tiempo de lectura\" \/>\n\t<meta name=\"twitter:data2\" content=\"1 minuto\" \/>\n<script type=\"application\/ld+json\" class=\"yoast-schema-graph\">{\"@context\":\"https:\/\/schema.org\",\"@graph\":[{\"@type\":\"Article\",\"@id\":\"https:\/\/www.garciafaura.com\/es\/ejecutando-el-nuevo-complejo-deportivo-torre-roja-de-viladecans\/#article\",\"isPartOf\":{\"@id\":\"https:\/\/www.garciafaura.com\/es\/ejecutando-el-nuevo-complejo-deportivo-torre-roja-de-viladecans\/\"},\"author\":{\"name\":\"David Achell\",\"@id\":\"https:\/\/www.garciafaura.com\/fr\/#\/schema\/person\/b4b75e69b33fac3446071909bec106b0\"},\"headline\":\"Ejecutando el nuevo complejo Deportivo Torre Roja de Viladecans\",\"datePublished\":\"2014-03-16T00:00:00+00:00\",\"dateModified\":\"2019-06-03T12:10:11+00:00\",\"mainEntityOfPage\":{\"@id\":\"https:\/\/www.garciafaura.com\/es\/ejecutando-el-nuevo-complejo-deportivo-torre-roja-de-viladecans\/\"},\"wordCount\":303,\"commentCount\":0,\"publisher\":{\"@id\":\"https:\/\/www.garciafaura.com\/fr\/#organization\"},\"image\":{\"@id\":\"https:\/\/www.garciafaura.com\/es\/ejecutando-el-nuevo-complejo-deportivo-torre-roja-de-viladecans\/#primaryimage\"},\"thumbnailUrl\":\"https:\/\/www.garciafaura.com\/wp-content\/uploads\/2018\/11\/torre_roja_01.jpg\",\"articleSection\":[\"Actualidad\"],\"inLanguage\":\"es\",\"potentialAction\":[{\"@type\":\"CommentAction\",\"name\":\"Comment\",\"target\":[\"https:\/\/www.garciafaura.com\/es\/ejecutando-el-nuevo-complejo-deportivo-torre-roja-de-viladecans\/#respond\"]}]},{\"@type\":\"WebPage\",\"@id\":\"https:\/\/www.garciafaura.com\/es\/ejecutando-el-nuevo-complejo-deportivo-torre-roja-de-viladecans\/\",\"url\":\"https:\/\/www.garciafaura.com\/es\/ejecutando-el-nuevo-complejo-deportivo-torre-roja-de-viladecans\/\",\"name\":\"Ejecutando el nuevo complejo Deportivo Torre Roja de Viladecans - GARCIA FAURA\",\"isPartOf\":{\"@id\":\"https:\/\/www.garciafaura.com\/fr\/#website\"},\"primaryImageOfPage\":{\"@id\":\"https:\/\/www.garciafaura.com\/es\/ejecutando-el-nuevo-complejo-deportivo-torre-roja-de-viladecans\/#primaryimage\"},\"image\":{\"@id\":\"https:\/\/www.garciafaura.com\/es\/ejecutando-el-nuevo-complejo-deportivo-torre-roja-de-viladecans\/#primaryimage\"},\"thumbnailUrl\":\"https:\/\/www.garciafaura.com\/wp-content\/uploads\/2018\/11\/torre_roja_01.jpg\",\"datePublished\":\"2014-03-16T00:00:00+00:00\",\"dateModified\":\"2019-06-03T12:10:11+00:00\",\"description\":\"Arquitectura en Alumini, Inox, Ferro i Vidre\",\"breadcrumb\":{\"@id\":\"https:\/\/www.garciafaura.com\/es\/ejecutando-el-nuevo-complejo-deportivo-torre-roja-de-viladecans\/#breadcrumb\"},\"inLanguage\":\"es\",\"potentialAction\":[{\"@type\":\"ReadAction\",\"target\":[\"https:\/\/www.garciafaura.com\/es\/ejecutando-el-nuevo-complejo-deportivo-torre-roja-de-viladecans\/\"]}]},{\"@type\":\"ImageObject\",\"inLanguage\":\"es\",\"@id\":\"https:\/\/www.garciafaura.com\/es\/ejecutando-el-nuevo-complejo-deportivo-torre-roja-de-viladecans\/#primaryimage\",\"url\":\"https:\/\/www.garciafaura.com\/wp-content\/uploads\/2018\/11\/torre_roja_01.jpg\",\"contentUrl\":\"https:\/\/www.garciafaura.com\/wp-content\/uploads\/2018\/11\/torre_roja_01.jpg\"},{\"@type\":\"BreadcrumbList\",\"@id\":\"https:\/\/www.garciafaura.com\/es\/ejecutando-el-nuevo-complejo-deportivo-torre-roja-de-viladecans\/#breadcrumb\",\"itemListElement\":[{\"@type\":\"ListItem\",\"position\":1,\"name\":\"Inici\",\"item\":\"https:\/\/www.garciafaura.com\/es\/\"},{\"@type\":\"ListItem\",\"position\":2,\"name\":\"Ejecutando el nuevo complejo Deportivo Torre Roja de Viladecans\"}]},{\"@type\":\"WebSite\",\"@id\":\"https:\/\/www.garciafaura.com\/fr\/#website\",\"url\":\"https:\/\/www.garciafaura.com\/fr\/\",\"name\":\"GARCIA FAURA\",\"description\":\"Arquitectura en Alumini, Inox, Ferro i Vidre\",\"publisher\":{\"@id\":\"https:\/\/www.garciafaura.com\/fr\/#organization\"},\"potentialAction\":[{\"@type\":\"SearchAction\",\"target\":{\"@type\":\"EntryPoint\",\"urlTemplate\":\"https:\/\/www.garciafaura.com\/fr\/?s={search_term_string}\"},\"query-input\":{\"@type\":\"PropertyValueSpecification\",\"valueRequired\":true,\"valueName\":\"search_term_string\"}}],\"inLanguage\":\"es\"},{\"@type\":\"Organization\",\"@id\":\"https:\/\/www.garciafaura.com\/fr\/#organization\",\"name\":\"GARCIA FAURA\",\"url\":\"https:\/\/www.garciafaura.com\/fr\/\",\"logo\":{\"@type\":\"ImageObject\",\"inLanguage\":\"es\",\"@id\":\"https:\/\/www.garciafaura.com\/fr\/#\/schema\/logo\/image\/\",\"url\":\"https:\/\/www.garciafaura.com\/wp-content\/uploads\/2018\/09\/Garcia-Faura.png\",\"contentUrl\":\"https:\/\/www.garciafaura.com\/wp-content\/uploads\/2018\/09\/Garcia-Faura.png\",\"width\":512,\"height\":512,\"caption\":\"GARCIA FAURA\"},\"image\":{\"@id\":\"https:\/\/www.garciafaura.com\/fr\/#\/schema\/logo\/image\/\"},\"sameAs\":[\"https:\/\/www.youtube.com\/user\/GARCIAFAURA\"]},{\"@type\":\"Person\",\"@id\":\"https:\/\/www.garciafaura.com\/fr\/#\/schema\/person\/b4b75e69b33fac3446071909bec106b0\",\"name\":\"David Achell\",\"image\":{\"@type\":\"ImageObject\",\"inLanguage\":\"es\",\"@id\":\"https:\/\/www.garciafaura.com\/fr\/#\/schema\/person\/image\/\",\"url\":\"https:\/\/secure.gravatar.com\/avatar\/03900210afc1f61bce737bcb4a79c02e2c997f171e3eca839b5a4cbe03846c90?s=96&d=blank&r=g\",\"contentUrl\":\"https:\/\/secure.gravatar.com\/avatar\/03900210afc1f61bce737bcb4a79c02e2c997f171e3eca839b5a4cbe03846c90?s=96&d=blank&r=g\",\"caption\":\"David Achell\"}}]}<\/script>\n<!-- \/ Yoast SEO plugin. -->","yoast_head_json":{"title":"Ejecutando el nuevo complejo Deportivo Torre Roja de Viladecans - GARCIA FAURA","description":"Arquitectura en Alumini, Inox, Ferro i Vidre","robots":{"index":"index","follow":"follow","max-snippet":"max-snippet:-1","max-image-preview":"max-image-preview:large","max-video-preview":"max-video-preview:-1"},"canonical":"https:\/\/www.garciafaura.com\/es\/ejecutando-el-nuevo-complejo-deportivo-torre-roja-de-viladecans\/","og_locale":"es_ES","og_type":"article","og_title":"Ejecutando el nuevo complejo Deportivo Torre Roja de Viladecans - GARCIA FAURA","og_description":"Arquitectura en Alumini, Inox, Ferro i Vidre","og_url":"https:\/\/www.garciafaura.com\/es\/ejecutando-el-nuevo-complejo-deportivo-torre-roja-de-viladecans\/","og_site_name":"GARCIA FAURA","article_published_time":"2014-03-16T00:00:00+00:00","article_modified_time":"2019-06-03T12:10:11+00:00","og_image":[{"url":"https:\/\/www.garciafaura.com\/wp-content\/uploads\/2018\/11\/torre_roja_01.jpg","width":1,"height":1,"type":"image\/jpeg"}],"author":"David Achell","twitter_card":"summary_large_image","twitter_misc":{"Escrito por":"David Achell","Tiempo de lectura":"1 minuto"},"schema":{"@context":"https:\/\/schema.org","@graph":[{"@type":"Article","@id":"https:\/\/www.garciafaura.com\/es\/ejecutando-el-nuevo-complejo-deportivo-torre-roja-de-viladecans\/#article","isPartOf":{"@id":"https:\/\/www.garciafaura.com\/es\/ejecutando-el-nuevo-complejo-deportivo-torre-roja-de-viladecans\/"},"author":{"name":"David Achell","@id":"https:\/\/www.garciafaura.com\/fr\/#\/schema\/person\/b4b75e69b33fac3446071909bec106b0"},"headline":"Ejecutando el nuevo complejo Deportivo Torre Roja de Viladecans","datePublished":"2014-03-16T00:00:00+00:00","dateModified":"2019-06-03T12:10:11+00:00","mainEntityOfPage":{"@id":"https:\/\/www.garciafaura.com\/es\/ejecutando-el-nuevo-complejo-deportivo-torre-roja-de-viladecans\/"},"wordCount":303,"commentCount":0,"publisher":{"@id":"https:\/\/www.garciafaura.com\/fr\/#organization"},"image":{"@id":"https:\/\/www.garciafaura.com\/es\/ejecutando-el-nuevo-complejo-deportivo-torre-roja-de-viladecans\/#primaryimage"},"thumbnailUrl":"https:\/\/www.garciafaura.com\/wp-content\/uploads\/2018\/11\/torre_roja_01.jpg","articleSection":["Actualidad"],"inLanguage":"es","potentialAction":[{"@type":"CommentAction","name":"Comment","target":["https:\/\/www.garciafaura.com\/es\/ejecutando-el-nuevo-complejo-deportivo-torre-roja-de-viladecans\/#respond"]}]},{"@type":"WebPage","@id":"https:\/\/www.garciafaura.com\/es\/ejecutando-el-nuevo-complejo-deportivo-torre-roja-de-viladecans\/","url":"https:\/\/www.garciafaura.com\/es\/ejecutando-el-nuevo-complejo-deportivo-torre-roja-de-viladecans\/","name":"Ejecutando el nuevo complejo Deportivo Torre Roja de Viladecans - GARCIA FAURA","isPartOf":{"@id":"https:\/\/www.garciafaura.com\/fr\/#website"},"primaryImageOfPage":{"@id":"https:\/\/www.garciafaura.com\/es\/ejecutando-el-nuevo-complejo-deportivo-torre-roja-de-viladecans\/#primaryimage"},"image":{"@id":"https:\/\/www.garciafaura.com\/es\/ejecutando-el-nuevo-complejo-deportivo-torre-roja-de-viladecans\/#primaryimage"},"thumbnailUrl":"https:\/\/www.garciafaura.com\/wp-content\/uploads\/2018\/11\/torre_roja_01.jpg","datePublished":"2014-03-16T00:00:00+00:00","dateModified":"2019-06-03T12:10:11+00:00","description":"Arquitectura en Alumini, Inox, Ferro i Vidre","breadcrumb":{"@id":"https:\/\/www.garciafaura.com\/es\/ejecutando-el-nuevo-complejo-deportivo-torre-roja-de-viladecans\/#breadcrumb"},"inLanguage":"es","potentialAction":[{"@type":"ReadAction","target":["https:\/\/www.garciafaura.com\/es\/ejecutando-el-nuevo-complejo-deportivo-torre-roja-de-viladecans\/"]}]},{"@type":"ImageObject","inLanguage":"es","@id":"https:\/\/www.garciafaura.com\/es\/ejecutando-el-nuevo-complejo-deportivo-torre-roja-de-viladecans\/#primaryimage","url":"https:\/\/www.garciafaura.com\/wp-content\/uploads\/2018\/11\/torre_roja_01.jpg","contentUrl":"https:\/\/www.garciafaura.com\/wp-content\/uploads\/2018\/11\/torre_roja_01.jpg"},{"@type":"BreadcrumbList","@id":"https:\/\/www.garciafaura.com\/es\/ejecutando-el-nuevo-complejo-deportivo-torre-roja-de-viladecans\/#breadcrumb","itemListElement":[{"@type":"ListItem","position":1,"name":"Inici","item":"https:\/\/www.garciafaura.com\/es\/"},{"@type":"ListItem","position":2,"name":"Ejecutando el nuevo complejo Deportivo Torre Roja de Viladecans"}]},{"@type":"WebSite","@id":"https:\/\/www.garciafaura.com\/fr\/#website","url":"https:\/\/www.garciafaura.com\/fr\/","name":"GARCIA FAURA","description":"Arquitectura en Alumini, Inox, Ferro i Vidre","publisher":{"@id":"https:\/\/www.garciafaura.com\/fr\/#organization"},"potentialAction":[{"@type":"SearchAction","target":{"@type":"EntryPoint","urlTemplate":"https:\/\/www.garciafaura.com\/fr\/?s={search_term_string}"},"query-input":{"@type":"PropertyValueSpecification","valueRequired":true,"valueName":"search_term_string"}}],"inLanguage":"es"},{"@type":"Organization","@id":"https:\/\/www.garciafaura.com\/fr\/#organization","name":"GARCIA FAURA","url":"https:\/\/www.garciafaura.com\/fr\/","logo":{"@type":"ImageObject","inLanguage":"es","@id":"https:\/\/www.garciafaura.com\/fr\/#\/schema\/logo\/image\/","url":"https:\/\/www.garciafaura.com\/wp-content\/uploads\/2018\/09\/Garcia-Faura.png","contentUrl":"https:\/\/www.garciafaura.com\/wp-content\/uploads\/2018\/09\/Garcia-Faura.png","width":512,"height":512,"caption":"GARCIA FAURA"},"image":{"@id":"https:\/\/www.garciafaura.com\/fr\/#\/schema\/logo\/image\/"},"sameAs":["https:\/\/www.youtube.com\/user\/GARCIAFAURA"]},{"@type":"Person","@id":"https:\/\/www.garciafaura.com\/fr\/#\/schema\/person\/b4b75e69b33fac3446071909bec106b0","name":"David Achell","image":{"@type":"ImageObject","inLanguage":"es","@id":"https:\/\/www.garciafaura.com\/fr\/#\/schema\/person\/image\/","url":"https:\/\/secure.gravatar.com\/avatar\/03900210afc1f61bce737bcb4a79c02e2c997f171e3eca839b5a4cbe03846c90?s=96&d=blank&r=g","contentUrl":"https:\/\/secure.gravatar.com\/avatar\/03900210afc1f61bce737bcb4a79c02e2c997f171e3eca839b5a4cbe03846c90?s=96&d=blank&r=g","caption":"David Achell"}}]}},"_links":{"self":[{"href":"https:\/\/www.garciafaura.com\/es\/wp-json\/wp\/v2\/posts\/6073","targetHints":{"allow":["GET"]}}],"collection":[{"href":"https:\/\/www.garciafaura.com\/es\/wp-json\/wp\/v2\/posts"}],"about":[{"href":"https:\/\/www.garciafaura.com\/es\/wp-json\/wp\/v2\/types\/post"}],"author":[{"embeddable":true,"href":"https:\/\/www.garciafaura.com\/es\/wp-json\/wp\/v2\/users\/3"}],"replies":[{"embeddable":true,"href":"https:\/\/www.garciafaura.com\/es\/wp-json\/wp\/v2\/comments?post=6073"}],"version-history":[{"count":1,"href":"https:\/\/www.garciafaura.com\/es\/wp-json\/wp\/v2\/posts\/6073\/revisions"}],"predecessor-version":[{"id":21581,"href":"https:\/\/www.garciafaura.com\/es\/wp-json\/wp\/v2\/posts\/6073\/revisions\/21581"}],"wp:featuredmedia":[{"embeddable":true,"href":"https:\/\/www.garciafaura.com\/es\/wp-json\/wp\/v2\/media\/6053"}],"wp:attachment":[{"href":"https:\/\/www.garciafaura.com\/es\/wp-json\/wp\/v2\/media?parent=6073"}],"wp:term":[{"taxonomy":"category","embeddable":true,"href":"https:\/\/www.garciafaura.com\/es\/wp-json\/wp\/v2\/categories?post=6073"},{"taxonomy":"post_tag","embeddable":true,"href":"https:\/\/www.garciafaura.com\/es\/wp-json\/wp\/v2\/tags?post=6073"},{"taxonomy":"post_series","embeddable":true,"href":"https:\/\/www.garciafaura.com\/es\/wp-json\/wp\/v2\/post_series?post=6073"}],"curies":[{"name":"wp","href":"https:\/\/api.w.org\/{rel}","templated":true}]}}