{"id":6049,"date":"2014-03-12T00:00:00","date_gmt":"2014-03-12T00:00:00","guid":{"rendered":"https:\/\/www.garciafaura.com\/en-marcha-las-obras-del-nuevo-tanatorio-de-lhospitalet\/"},"modified":"2019-06-03T12:10:27","modified_gmt":"2019-06-03T12:10:27","slug":"en-marcha-las-obras-del-nuevo-tanatorio-de-lhospitalet","status":"publish","type":"post","link":"https:\/\/www.garciafaura.com\/es\/en-marcha-las-obras-del-nuevo-tanatorio-de-lhospitalet\/","title":{"rendered":"En marcha las obras del nuevo Tanatorio de l\u2019Hospitalet"},"content":{"rendered":"<p>&nbsp;<\/p>\n<p>El segundo tanatorio de Altima en l&#8217;Hospitalet es un proyecto de los arquitectos Ribas &amp; Ribas y destaca por las fachadas curvas con vistas a buena parte de la ciudad de l&#8217;Hospitalet y el Baix Llobregat. El edificio cuenta con cerca de 7000metros cuadrados de superficie construida, distribuidos en dos plantas subterr\u00e1neas, una planta baja, y una planta primera y una segunda en altura.<\/p>\n<p>&nbsp;<\/p>\n<p><strong>GARCIA FAURA<\/strong> realiza los trabajos de carpinter\u00eda de aluminio y vidrier\u00eda, con el conjunto de cerramientos y un peque\u00f1o muro cortina\u00a0de forma poligonal y sobre estructura existente de acero con acristalamiento mediante tapeta vertical de ala de avi\u00f3n. Adem\u00e1s, los trabajos a realizar tambi\u00e9n incluyen la estructura auxiliar de acero galvanizado con panel aislante, as\u00ed como el conjunto de lucernarios, barandillas y mamparas interiores.<\/p>\n<p>&nbsp;<\/p>\n<p>El tanatorio dispondr\u00e1 de seis salas de vela con grandes terrazas ubicadas entre las plantas primera y segunda, una sala de ceremonias con capacidad para 230 personas, zona de atenci\u00f3n al p\u00fablico y de servicios, y un aparcamiento subterr\u00e1neo de 60 plazas. Ha supuesto una inversi\u00f3n total de 8,2 M \u20ac y entrar\u00e1 en funcionamiento durante el \u00faltimo trimestre de 2014. Con esta nueva instalaci\u00f3n, Altima se consolida en Catalunya con un total de 26 tanatorios, 5 crematorios y la gesti\u00f3n de 16 cementerios.<\/p>\n","protected":false},"excerpt":{"rendered":"<p>GARCIA FAURA trabaja ya en la fabricaci\u00f3n e instalaci\u00f3n del conjunto de cerramientos del nuevo Tanatorio de l\u2019Hospitalet de Llobregat, el segundo de la ciudad. La instalaci\u00f3n se ubica en la zona de La Remunta, una superficie de unas 10 hect\u00e1reas donde, aparte del Tanatorio, tambi\u00e9n hay proyectadas 800 viviendas, m\u00e1s de la mitad de los cuales ser\u00e1n de protecci\u00f3n oficial.<\/p>\n","protected":false},"author":3,"featured_media":6033,"comment_status":"open","ping_status":"open","sticky":false,"template":"","format":"standard","meta":{"footnotes":""},"categories":[3],"tags":[],"post_series":[],"class_list":["post-6049","post","type-post","status-publish","format-standard","has-post-thumbnail","hentry","category-actualidad","entry","has-media"],"yoast_head":"<!-- This site is optimized with the Yoast SEO plugin v26.7 - https:\/\/yoast.com\/wordpress\/plugins\/seo\/ -->\n<title>En marcha las obras del nuevo Tanatorio de l\u2019Hospitalet - GARCIA FAURA<\/title>\n<meta name=\"description\" content=\"Arquitectura en Alumini, Inox, Ferro i Vidre\" \/>\n<meta name=\"robots\" content=\"index, follow, max-snippet:-1, max-image-preview:large, max-video-preview:-1\" \/>\n<link rel=\"canonical\" href=\"https:\/\/www.garciafaura.com\/es\/en-marcha-las-obras-del-nuevo-tanatorio-de-lhospitalet\/\" \/>\n<meta property=\"og:locale\" content=\"es_ES\" \/>\n<meta property=\"og:type\" content=\"article\" \/>\n<meta property=\"og:title\" content=\"En marcha las obras del nuevo Tanatorio de l\u2019Hospitalet - GARCIA FAURA\" \/>\n<meta property=\"og:description\" content=\"Arquitectura en Alumini, Inox, Ferro i Vidre\" \/>\n<meta property=\"og:url\" content=\"https:\/\/www.garciafaura.com\/es\/en-marcha-las-obras-del-nuevo-tanatorio-de-lhospitalet\/\" \/>\n<meta property=\"og:site_name\" content=\"GARCIA FAURA\" \/>\n<meta property=\"article:published_time\" content=\"2014-03-12T00:00:00+00:00\" \/>\n<meta property=\"article:modified_time\" content=\"2019-06-03T12:10:27+00:00\" \/>\n<meta property=\"og:image\" content=\"https:\/\/www.garciafaura.com\/wp-content\/uploads\/2018\/11\/tanatori_lhospitalet_01.jpg\" \/>\n\t<meta property=\"og:image:width\" content=\"1\" \/>\n\t<meta property=\"og:image:height\" content=\"1\" \/>\n\t<meta property=\"og:image:type\" content=\"image\/jpeg\" \/>\n<meta name=\"author\" content=\"David Achell\" \/>\n<meta name=\"twitter:card\" content=\"summary_large_image\" \/>\n<meta name=\"twitter:label1\" content=\"Escrito por\" \/>\n\t<meta name=\"twitter:data1\" content=\"David Achell\" \/>\n\t<meta name=\"twitter:label2\" content=\"Tiempo de lectura\" \/>\n\t<meta name=\"twitter:data2\" content=\"1 minuto\" \/>\n<script type=\"application\/ld+json\" class=\"yoast-schema-graph\">{\"@context\":\"https:\/\/schema.org\",\"@graph\":[{\"@type\":\"Article\",\"@id\":\"https:\/\/www.garciafaura.com\/es\/en-marcha-las-obras-del-nuevo-tanatorio-de-lhospitalet\/#article\",\"isPartOf\":{\"@id\":\"https:\/\/www.garciafaura.com\/es\/en-marcha-las-obras-del-nuevo-tanatorio-de-lhospitalet\/\"},\"author\":{\"name\":\"David Achell\",\"@id\":\"https:\/\/www.garciafaura.com\/fr\/#\/schema\/person\/b4b75e69b33fac3446071909bec106b0\"},\"headline\":\"En marcha las obras del nuevo Tanatorio de l\u2019Hospitalet\",\"datePublished\":\"2014-03-12T00:00:00+00:00\",\"dateModified\":\"2019-06-03T12:10:27+00:00\",\"mainEntityOfPage\":{\"@id\":\"https:\/\/www.garciafaura.com\/es\/en-marcha-las-obras-del-nuevo-tanatorio-de-lhospitalet\/\"},\"wordCount\":233,\"commentCount\":0,\"publisher\":{\"@id\":\"https:\/\/www.garciafaura.com\/fr\/#organization\"},\"image\":{\"@id\":\"https:\/\/www.garciafaura.com\/es\/en-marcha-las-obras-del-nuevo-tanatorio-de-lhospitalet\/#primaryimage\"},\"thumbnailUrl\":\"https:\/\/www.garciafaura.com\/wp-content\/uploads\/2018\/11\/tanatori_lhospitalet_01.jpg\",\"articleSection\":[\"Actualidad\"],\"inLanguage\":\"es\",\"potentialAction\":[{\"@type\":\"CommentAction\",\"name\":\"Comment\",\"target\":[\"https:\/\/www.garciafaura.com\/es\/en-marcha-las-obras-del-nuevo-tanatorio-de-lhospitalet\/#respond\"]}]},{\"@type\":\"WebPage\",\"@id\":\"https:\/\/www.garciafaura.com\/es\/en-marcha-las-obras-del-nuevo-tanatorio-de-lhospitalet\/\",\"url\":\"https:\/\/www.garciafaura.com\/es\/en-marcha-las-obras-del-nuevo-tanatorio-de-lhospitalet\/\",\"name\":\"En marcha las obras del nuevo Tanatorio de l\u2019Hospitalet - GARCIA FAURA\",\"isPartOf\":{\"@id\":\"https:\/\/www.garciafaura.com\/fr\/#website\"},\"primaryImageOfPage\":{\"@id\":\"https:\/\/www.garciafaura.com\/es\/en-marcha-las-obras-del-nuevo-tanatorio-de-lhospitalet\/#primaryimage\"},\"image\":{\"@id\":\"https:\/\/www.garciafaura.com\/es\/en-marcha-las-obras-del-nuevo-tanatorio-de-lhospitalet\/#primaryimage\"},\"thumbnailUrl\":\"https:\/\/www.garciafaura.com\/wp-content\/uploads\/2018\/11\/tanatori_lhospitalet_01.jpg\",\"datePublished\":\"2014-03-12T00:00:00+00:00\",\"dateModified\":\"2019-06-03T12:10:27+00:00\",\"description\":\"Arquitectura en Alumini, Inox, Ferro i Vidre\",\"breadcrumb\":{\"@id\":\"https:\/\/www.garciafaura.com\/es\/en-marcha-las-obras-del-nuevo-tanatorio-de-lhospitalet\/#breadcrumb\"},\"inLanguage\":\"es\",\"potentialAction\":[{\"@type\":\"ReadAction\",\"target\":[\"https:\/\/www.garciafaura.com\/es\/en-marcha-las-obras-del-nuevo-tanatorio-de-lhospitalet\/\"]}]},{\"@type\":\"ImageObject\",\"inLanguage\":\"es\",\"@id\":\"https:\/\/www.garciafaura.com\/es\/en-marcha-las-obras-del-nuevo-tanatorio-de-lhospitalet\/#primaryimage\",\"url\":\"https:\/\/www.garciafaura.com\/wp-content\/uploads\/2018\/11\/tanatori_lhospitalet_01.jpg\",\"contentUrl\":\"https:\/\/www.garciafaura.com\/wp-content\/uploads\/2018\/11\/tanatori_lhospitalet_01.jpg\"},{\"@type\":\"BreadcrumbList\",\"@id\":\"https:\/\/www.garciafaura.com\/es\/en-marcha-las-obras-del-nuevo-tanatorio-de-lhospitalet\/#breadcrumb\",\"itemListElement\":[{\"@type\":\"ListItem\",\"position\":1,\"name\":\"Inici\",\"item\":\"https:\/\/www.garciafaura.com\/es\/\"},{\"@type\":\"ListItem\",\"position\":2,\"name\":\"En marcha las obras del nuevo Tanatorio de l\u2019Hospitalet\"}]},{\"@type\":\"WebSite\",\"@id\":\"https:\/\/www.garciafaura.com\/fr\/#website\",\"url\":\"https:\/\/www.garciafaura.com\/fr\/\",\"name\":\"GARCIA FAURA\",\"description\":\"Arquitectura en Alumini, Inox, Ferro i Vidre\",\"publisher\":{\"@id\":\"https:\/\/www.garciafaura.com\/fr\/#organization\"},\"potentialAction\":[{\"@type\":\"SearchAction\",\"target\":{\"@type\":\"EntryPoint\",\"urlTemplate\":\"https:\/\/www.garciafaura.com\/fr\/?s={search_term_string}\"},\"query-input\":{\"@type\":\"PropertyValueSpecification\",\"valueRequired\":true,\"valueName\":\"search_term_string\"}}],\"inLanguage\":\"es\"},{\"@type\":\"Organization\",\"@id\":\"https:\/\/www.garciafaura.com\/fr\/#organization\",\"name\":\"GARCIA FAURA\",\"url\":\"https:\/\/www.garciafaura.com\/fr\/\",\"logo\":{\"@type\":\"ImageObject\",\"inLanguage\":\"es\",\"@id\":\"https:\/\/www.garciafaura.com\/fr\/#\/schema\/logo\/image\/\",\"url\":\"https:\/\/www.garciafaura.com\/wp-content\/uploads\/2018\/09\/Garcia-Faura.png\",\"contentUrl\":\"https:\/\/www.garciafaura.com\/wp-content\/uploads\/2018\/09\/Garcia-Faura.png\",\"width\":512,\"height\":512,\"caption\":\"GARCIA FAURA\"},\"image\":{\"@id\":\"https:\/\/www.garciafaura.com\/fr\/#\/schema\/logo\/image\/\"},\"sameAs\":[\"https:\/\/www.youtube.com\/user\/GARCIAFAURA\"]},{\"@type\":\"Person\",\"@id\":\"https:\/\/www.garciafaura.com\/fr\/#\/schema\/person\/b4b75e69b33fac3446071909bec106b0\",\"name\":\"David Achell\",\"image\":{\"@type\":\"ImageObject\",\"inLanguage\":\"es\",\"@id\":\"https:\/\/www.garciafaura.com\/fr\/#\/schema\/person\/image\/\",\"url\":\"https:\/\/secure.gravatar.com\/avatar\/03900210afc1f61bce737bcb4a79c02e2c997f171e3eca839b5a4cbe03846c90?s=96&d=blank&r=g\",\"contentUrl\":\"https:\/\/secure.gravatar.com\/avatar\/03900210afc1f61bce737bcb4a79c02e2c997f171e3eca839b5a4cbe03846c90?s=96&d=blank&r=g\",\"caption\":\"David Achell\"}}]}<\/script>\n<!-- \/ Yoast SEO plugin. -->","yoast_head_json":{"title":"En marcha las obras del nuevo Tanatorio de l\u2019Hospitalet - GARCIA FAURA","description":"Arquitectura en Alumini, Inox, Ferro i Vidre","robots":{"index":"index","follow":"follow","max-snippet":"max-snippet:-1","max-image-preview":"max-image-preview:large","max-video-preview":"max-video-preview:-1"},"canonical":"https:\/\/www.garciafaura.com\/es\/en-marcha-las-obras-del-nuevo-tanatorio-de-lhospitalet\/","og_locale":"es_ES","og_type":"article","og_title":"En marcha las obras del nuevo Tanatorio de l\u2019Hospitalet - GARCIA FAURA","og_description":"Arquitectura en Alumini, Inox, Ferro i Vidre","og_url":"https:\/\/www.garciafaura.com\/es\/en-marcha-las-obras-del-nuevo-tanatorio-de-lhospitalet\/","og_site_name":"GARCIA FAURA","article_published_time":"2014-03-12T00:00:00+00:00","article_modified_time":"2019-06-03T12:10:27+00:00","og_image":[{"url":"https:\/\/www.garciafaura.com\/wp-content\/uploads\/2018\/11\/tanatori_lhospitalet_01.jpg","width":1,"height":1,"type":"image\/jpeg"}],"author":"David Achell","twitter_card":"summary_large_image","twitter_misc":{"Escrito por":"David Achell","Tiempo de lectura":"1 minuto"},"schema":{"@context":"https:\/\/schema.org","@graph":[{"@type":"Article","@id":"https:\/\/www.garciafaura.com\/es\/en-marcha-las-obras-del-nuevo-tanatorio-de-lhospitalet\/#article","isPartOf":{"@id":"https:\/\/www.garciafaura.com\/es\/en-marcha-las-obras-del-nuevo-tanatorio-de-lhospitalet\/"},"author":{"name":"David Achell","@id":"https:\/\/www.garciafaura.com\/fr\/#\/schema\/person\/b4b75e69b33fac3446071909bec106b0"},"headline":"En marcha las obras del nuevo Tanatorio de l\u2019Hospitalet","datePublished":"2014-03-12T00:00:00+00:00","dateModified":"2019-06-03T12:10:27+00:00","mainEntityOfPage":{"@id":"https:\/\/www.garciafaura.com\/es\/en-marcha-las-obras-del-nuevo-tanatorio-de-lhospitalet\/"},"wordCount":233,"commentCount":0,"publisher":{"@id":"https:\/\/www.garciafaura.com\/fr\/#organization"},"image":{"@id":"https:\/\/www.garciafaura.com\/es\/en-marcha-las-obras-del-nuevo-tanatorio-de-lhospitalet\/#primaryimage"},"thumbnailUrl":"https:\/\/www.garciafaura.com\/wp-content\/uploads\/2018\/11\/tanatori_lhospitalet_01.jpg","articleSection":["Actualidad"],"inLanguage":"es","potentialAction":[{"@type":"CommentAction","name":"Comment","target":["https:\/\/www.garciafaura.com\/es\/en-marcha-las-obras-del-nuevo-tanatorio-de-lhospitalet\/#respond"]}]},{"@type":"WebPage","@id":"https:\/\/www.garciafaura.com\/es\/en-marcha-las-obras-del-nuevo-tanatorio-de-lhospitalet\/","url":"https:\/\/www.garciafaura.com\/es\/en-marcha-las-obras-del-nuevo-tanatorio-de-lhospitalet\/","name":"En marcha las obras del nuevo Tanatorio de l\u2019Hospitalet - GARCIA FAURA","isPartOf":{"@id":"https:\/\/www.garciafaura.com\/fr\/#website"},"primaryImageOfPage":{"@id":"https:\/\/www.garciafaura.com\/es\/en-marcha-las-obras-del-nuevo-tanatorio-de-lhospitalet\/#primaryimage"},"image":{"@id":"https:\/\/www.garciafaura.com\/es\/en-marcha-las-obras-del-nuevo-tanatorio-de-lhospitalet\/#primaryimage"},"thumbnailUrl":"https:\/\/www.garciafaura.com\/wp-content\/uploads\/2018\/11\/tanatori_lhospitalet_01.jpg","datePublished":"2014-03-12T00:00:00+00:00","dateModified":"2019-06-03T12:10:27+00:00","description":"Arquitectura en Alumini, Inox, Ferro i Vidre","breadcrumb":{"@id":"https:\/\/www.garciafaura.com\/es\/en-marcha-las-obras-del-nuevo-tanatorio-de-lhospitalet\/#breadcrumb"},"inLanguage":"es","potentialAction":[{"@type":"ReadAction","target":["https:\/\/www.garciafaura.com\/es\/en-marcha-las-obras-del-nuevo-tanatorio-de-lhospitalet\/"]}]},{"@type":"ImageObject","inLanguage":"es","@id":"https:\/\/www.garciafaura.com\/es\/en-marcha-las-obras-del-nuevo-tanatorio-de-lhospitalet\/#primaryimage","url":"https:\/\/www.garciafaura.com\/wp-content\/uploads\/2018\/11\/tanatori_lhospitalet_01.jpg","contentUrl":"https:\/\/www.garciafaura.com\/wp-content\/uploads\/2018\/11\/tanatori_lhospitalet_01.jpg"},{"@type":"BreadcrumbList","@id":"https:\/\/www.garciafaura.com\/es\/en-marcha-las-obras-del-nuevo-tanatorio-de-lhospitalet\/#breadcrumb","itemListElement":[{"@type":"ListItem","position":1,"name":"Inici","item":"https:\/\/www.garciafaura.com\/es\/"},{"@type":"ListItem","position":2,"name":"En marcha las obras del nuevo Tanatorio de l\u2019Hospitalet"}]},{"@type":"WebSite","@id":"https:\/\/www.garciafaura.com\/fr\/#website","url":"https:\/\/www.garciafaura.com\/fr\/","name":"GARCIA FAURA","description":"Arquitectura en Alumini, Inox, Ferro i Vidre","publisher":{"@id":"https:\/\/www.garciafaura.com\/fr\/#organization"},"potentialAction":[{"@type":"SearchAction","target":{"@type":"EntryPoint","urlTemplate":"https:\/\/www.garciafaura.com\/fr\/?s={search_term_string}"},"query-input":{"@type":"PropertyValueSpecification","valueRequired":true,"valueName":"search_term_string"}}],"inLanguage":"es"},{"@type":"Organization","@id":"https:\/\/www.garciafaura.com\/fr\/#organization","name":"GARCIA FAURA","url":"https:\/\/www.garciafaura.com\/fr\/","logo":{"@type":"ImageObject","inLanguage":"es","@id":"https:\/\/www.garciafaura.com\/fr\/#\/schema\/logo\/image\/","url":"https:\/\/www.garciafaura.com\/wp-content\/uploads\/2018\/09\/Garcia-Faura.png","contentUrl":"https:\/\/www.garciafaura.com\/wp-content\/uploads\/2018\/09\/Garcia-Faura.png","width":512,"height":512,"caption":"GARCIA FAURA"},"image":{"@id":"https:\/\/www.garciafaura.com\/fr\/#\/schema\/logo\/image\/"},"sameAs":["https:\/\/www.youtube.com\/user\/GARCIAFAURA"]},{"@type":"Person","@id":"https:\/\/www.garciafaura.com\/fr\/#\/schema\/person\/b4b75e69b33fac3446071909bec106b0","name":"David Achell","image":{"@type":"ImageObject","inLanguage":"es","@id":"https:\/\/www.garciafaura.com\/fr\/#\/schema\/person\/image\/","url":"https:\/\/secure.gravatar.com\/avatar\/03900210afc1f61bce737bcb4a79c02e2c997f171e3eca839b5a4cbe03846c90?s=96&d=blank&r=g","contentUrl":"https:\/\/secure.gravatar.com\/avatar\/03900210afc1f61bce737bcb4a79c02e2c997f171e3eca839b5a4cbe03846c90?s=96&d=blank&r=g","caption":"David Achell"}}]}},"_links":{"self":[{"href":"https:\/\/www.garciafaura.com\/es\/wp-json\/wp\/v2\/posts\/6049","targetHints":{"allow":["GET"]}}],"collection":[{"href":"https:\/\/www.garciafaura.com\/es\/wp-json\/wp\/v2\/posts"}],"about":[{"href":"https:\/\/www.garciafaura.com\/es\/wp-json\/wp\/v2\/types\/post"}],"author":[{"embeddable":true,"href":"https:\/\/www.garciafaura.com\/es\/wp-json\/wp\/v2\/users\/3"}],"replies":[{"embeddable":true,"href":"https:\/\/www.garciafaura.com\/es\/wp-json\/wp\/v2\/comments?post=6049"}],"version-history":[{"count":1,"href":"https:\/\/www.garciafaura.com\/es\/wp-json\/wp\/v2\/posts\/6049\/revisions"}],"predecessor-version":[{"id":21582,"href":"https:\/\/www.garciafaura.com\/es\/wp-json\/wp\/v2\/posts\/6049\/revisions\/21582"}],"wp:featuredmedia":[{"embeddable":true,"href":"https:\/\/www.garciafaura.com\/es\/wp-json\/wp\/v2\/media\/6033"}],"wp:attachment":[{"href":"https:\/\/www.garciafaura.com\/es\/wp-json\/wp\/v2\/media?parent=6049"}],"wp:term":[{"taxonomy":"category","embeddable":true,"href":"https:\/\/www.garciafaura.com\/es\/wp-json\/wp\/v2\/categories?post=6049"},{"taxonomy":"post_tag","embeddable":true,"href":"https:\/\/www.garciafaura.com\/es\/wp-json\/wp\/v2\/tags?post=6049"},{"taxonomy":"post_series","embeddable":true,"href":"https:\/\/www.garciafaura.com\/es\/wp-json\/wp\/v2\/post_series?post=6049"}],"curies":[{"name":"wp","href":"https:\/\/api.w.org\/{rel}","templated":true}]}}