{"id":5905,"date":"2013-09-04T00:00:00","date_gmt":"2013-09-04T00:00:00","guid":{"rendered":"https:\/\/www.garciafaura.com\/al-servicio-del-mercado-constructivo-de-colombia\/"},"modified":"2019-06-03T12:12:12","modified_gmt":"2019-06-03T12:12:12","slug":"al-servicio-del-mercado-constructivo-de-colombia","status":"publish","type":"post","link":"https:\/\/www.garciafaura.com\/es\/al-servicio-del-mercado-constructivo-de-colombia\/","title":{"rendered":"Al servicio del mercado constructivo de Colombia"},"content":{"rendered":"<p>&nbsp;<\/p>\n<p><strong>GARCIA FAURA, SAS.<\/strong>, se encuentra plenamente implantada y operativa en el continente sudamericano, con una doble sede en Colombia. De una parte las oficinas en pleno centro de Bogot\u00e1, y de la otra la f\u00e1brica propia ubicada en Funza, a pocos kil\u00f3metros de la capital. Se trata de una nave de 1.400 metros cuadrados completamente equipada y dando servicio a las necesidades de construcci\u00f3n y rehabilitaci\u00f3n de todo el pa\u00eds.<\/p>\n<p>&nbsp;<\/p>\n<p>De esta manera la marca <strong>GARCIA FAURA<\/strong> asienta sus ra\u00edces en Colombia, un pa\u00eds con una gran realidad actual y con una interesante perspectiva de futuro. Desde la central de Bogot\u00e1 se coordinan todos los trabajos en Colombia pero tambi\u00e9n las actuaciones en otros pa\u00edses del continente sudamericano. La apuesta permite a la compa\u00f1\u00eda ofrecer lo mejor de s\u00ed misma al servicio de la construcci\u00f3n, sumando su experiencia y trayectoria al saber hacer colombiano.<\/p>\n<p>&nbsp;<\/p>\n<p>Ventanas de aluminio de gran calidad, fachadas flotantes y trabajos de todo tipo en vidrio, aluminio y acero. <strong>GARCIA FAURA<\/strong> cuenta con un equipo humano en Colombia plenamente establecido, con ra\u00edces propias en el territorio y con la ilusi\u00f3n, el empe\u00f1o y la experiencia necesarios para contribuir al desarrollo constructivo, social y econ\u00f3mico del pa\u00eds.<\/p>\n<p>&nbsp;<\/p>\n<p>Las instalaciones de la empresa en Bogot\u00e1 se encuentran al servicio de los profesionales del sector para satisfacer todas sus necesidades constructivas en las diferentes fases del proyecto: desde el planeamiento general, desarrollo, dise\u00f1o y ejecuci\u00f3n. Sin olvidar el posterior seguimiento y la consecuci\u00f3n de las m\u00e1ximas cotas de satisfacci\u00f3n de todos nuestros clientes. No en vano la empresa cuenta con un exhaustivo protocolo de gesti\u00f3n de la calidad, con productos reconocidos por los principales sellos del mercado.<\/p>\n<p>&nbsp;<\/p>\n<p><strong>GARCIA FAURA<\/strong>, al servicio del mercado constructivo de Colombia.<\/p>\n<p>&nbsp;<\/p>\n<p>&nbsp;<\/p>\n<p>&nbsp;<\/p>\n","protected":false},"excerpt":{"rendered":"<p>GARCIA FAURA, SAS. en Colombia,\u00a0referente del sector de la carpinter\u00eda de aluminio, fachadas y cerramientos interiores y exteriores. Con oficina en Bogot\u00e1 DC y bodega propia en Funza, ofreciendo servicio para toda Colombia. Avalados por una trayectoria de 125 a\u00f1os al servicio del metal y una cartera de proyectos de reconocido prestigio internacional.<\/p>\n","protected":false},"author":3,"featured_media":5885,"comment_status":"open","ping_status":"open","sticky":false,"template":"","format":"standard","meta":{"footnotes":""},"categories":[3],"tags":[],"post_series":[],"class_list":["post-5905","post","type-post","status-publish","format-standard","has-post-thumbnail","hentry","category-actualidad","entry","has-media"],"yoast_head":"<!-- This site is optimized with the Yoast SEO plugin v26.7 - https:\/\/yoast.com\/wordpress\/plugins\/seo\/ -->\n<title>Al servicio del mercado constructivo de Colombia - GARCIA FAURA<\/title>\n<meta name=\"description\" content=\"Arquitectura en Alumini, Inox, Ferro i Vidre\" \/>\n<meta name=\"robots\" content=\"index, follow, max-snippet:-1, max-image-preview:large, max-video-preview:-1\" \/>\n<link rel=\"canonical\" href=\"https:\/\/www.garciafaura.com\/es\/al-servicio-del-mercado-constructivo-de-colombia\/\" \/>\n<meta property=\"og:locale\" content=\"es_ES\" \/>\n<meta property=\"og:type\" content=\"article\" \/>\n<meta property=\"og:title\" content=\"Al servicio del mercado constructivo de Colombia - GARCIA FAURA\" \/>\n<meta property=\"og:description\" content=\"Arquitectura en Alumini, Inox, Ferro i Vidre\" \/>\n<meta property=\"og:url\" content=\"https:\/\/www.garciafaura.com\/es\/al-servicio-del-mercado-constructivo-de-colombia\/\" \/>\n<meta property=\"og:site_name\" content=\"GARCIA FAURA\" \/>\n<meta property=\"article:published_time\" content=\"2013-09-04T00:00:00+00:00\" \/>\n<meta property=\"article:modified_time\" content=\"2019-06-03T12:12:12+00:00\" \/>\n<meta property=\"og:image\" content=\"https:\/\/www.garciafaura.com\/wp-content\/uploads\/2018\/11\/Facana-Colombia-20.jpg\" \/>\n\t<meta property=\"og:image:width\" content=\"1\" \/>\n\t<meta property=\"og:image:height\" content=\"1\" \/>\n\t<meta property=\"og:image:type\" content=\"image\/jpeg\" \/>\n<meta name=\"author\" content=\"David Achell\" \/>\n<meta name=\"twitter:card\" content=\"summary_large_image\" \/>\n<meta name=\"twitter:label1\" content=\"Escrito por\" \/>\n\t<meta name=\"twitter:data1\" content=\"David Achell\" \/>\n\t<meta name=\"twitter:label2\" content=\"Tiempo de lectura\" \/>\n\t<meta name=\"twitter:data2\" content=\"2 minutos\" \/>\n<script type=\"application\/ld+json\" class=\"yoast-schema-graph\">{\"@context\":\"https:\/\/schema.org\",\"@graph\":[{\"@type\":\"Article\",\"@id\":\"https:\/\/www.garciafaura.com\/es\/al-servicio-del-mercado-constructivo-de-colombia\/#article\",\"isPartOf\":{\"@id\":\"https:\/\/www.garciafaura.com\/es\/al-servicio-del-mercado-constructivo-de-colombia\/\"},\"author\":{\"name\":\"David Achell\",\"@id\":\"https:\/\/www.garciafaura.com\/fr\/#\/schema\/person\/b4b75e69b33fac3446071909bec106b0\"},\"headline\":\"Al servicio del mercado constructivo de Colombia\",\"datePublished\":\"2013-09-04T00:00:00+00:00\",\"dateModified\":\"2019-06-03T12:12:12+00:00\",\"mainEntityOfPage\":{\"@id\":\"https:\/\/www.garciafaura.com\/es\/al-servicio-del-mercado-constructivo-de-colombia\/\"},\"wordCount\":322,\"commentCount\":0,\"publisher\":{\"@id\":\"https:\/\/www.garciafaura.com\/fr\/#organization\"},\"image\":{\"@id\":\"https:\/\/www.garciafaura.com\/es\/al-servicio-del-mercado-constructivo-de-colombia\/#primaryimage\"},\"thumbnailUrl\":\"https:\/\/www.garciafaura.com\/wp-content\/uploads\/2018\/11\/Facana-Colombia-20.jpg\",\"articleSection\":[\"Actualidad\"],\"inLanguage\":\"es\",\"potentialAction\":[{\"@type\":\"CommentAction\",\"name\":\"Comment\",\"target\":[\"https:\/\/www.garciafaura.com\/es\/al-servicio-del-mercado-constructivo-de-colombia\/#respond\"]}]},{\"@type\":\"WebPage\",\"@id\":\"https:\/\/www.garciafaura.com\/es\/al-servicio-del-mercado-constructivo-de-colombia\/\",\"url\":\"https:\/\/www.garciafaura.com\/es\/al-servicio-del-mercado-constructivo-de-colombia\/\",\"name\":\"Al servicio del mercado constructivo de Colombia - GARCIA FAURA\",\"isPartOf\":{\"@id\":\"https:\/\/www.garciafaura.com\/fr\/#website\"},\"primaryImageOfPage\":{\"@id\":\"https:\/\/www.garciafaura.com\/es\/al-servicio-del-mercado-constructivo-de-colombia\/#primaryimage\"},\"image\":{\"@id\":\"https:\/\/www.garciafaura.com\/es\/al-servicio-del-mercado-constructivo-de-colombia\/#primaryimage\"},\"thumbnailUrl\":\"https:\/\/www.garciafaura.com\/wp-content\/uploads\/2018\/11\/Facana-Colombia-20.jpg\",\"datePublished\":\"2013-09-04T00:00:00+00:00\",\"dateModified\":\"2019-06-03T12:12:12+00:00\",\"description\":\"Arquitectura en Alumini, Inox, Ferro i Vidre\",\"breadcrumb\":{\"@id\":\"https:\/\/www.garciafaura.com\/es\/al-servicio-del-mercado-constructivo-de-colombia\/#breadcrumb\"},\"inLanguage\":\"es\",\"potentialAction\":[{\"@type\":\"ReadAction\",\"target\":[\"https:\/\/www.garciafaura.com\/es\/al-servicio-del-mercado-constructivo-de-colombia\/\"]}]},{\"@type\":\"ImageObject\",\"inLanguage\":\"es\",\"@id\":\"https:\/\/www.garciafaura.com\/es\/al-servicio-del-mercado-constructivo-de-colombia\/#primaryimage\",\"url\":\"https:\/\/www.garciafaura.com\/wp-content\/uploads\/2018\/11\/Facana-Colombia-20.jpg\",\"contentUrl\":\"https:\/\/www.garciafaura.com\/wp-content\/uploads\/2018\/11\/Facana-Colombia-20.jpg\"},{\"@type\":\"BreadcrumbList\",\"@id\":\"https:\/\/www.garciafaura.com\/es\/al-servicio-del-mercado-constructivo-de-colombia\/#breadcrumb\",\"itemListElement\":[{\"@type\":\"ListItem\",\"position\":1,\"name\":\"Inici\",\"item\":\"https:\/\/www.garciafaura.com\/es\/\"},{\"@type\":\"ListItem\",\"position\":2,\"name\":\"Al servicio del mercado constructivo de Colombia\"}]},{\"@type\":\"WebSite\",\"@id\":\"https:\/\/www.garciafaura.com\/fr\/#website\",\"url\":\"https:\/\/www.garciafaura.com\/fr\/\",\"name\":\"GARCIA FAURA\",\"description\":\"Arquitectura en Alumini, Inox, Ferro i Vidre\",\"publisher\":{\"@id\":\"https:\/\/www.garciafaura.com\/fr\/#organization\"},\"potentialAction\":[{\"@type\":\"SearchAction\",\"target\":{\"@type\":\"EntryPoint\",\"urlTemplate\":\"https:\/\/www.garciafaura.com\/fr\/?s={search_term_string}\"},\"query-input\":{\"@type\":\"PropertyValueSpecification\",\"valueRequired\":true,\"valueName\":\"search_term_string\"}}],\"inLanguage\":\"es\"},{\"@type\":\"Organization\",\"@id\":\"https:\/\/www.garciafaura.com\/fr\/#organization\",\"name\":\"GARCIA FAURA\",\"url\":\"https:\/\/www.garciafaura.com\/fr\/\",\"logo\":{\"@type\":\"ImageObject\",\"inLanguage\":\"es\",\"@id\":\"https:\/\/www.garciafaura.com\/fr\/#\/schema\/logo\/image\/\",\"url\":\"https:\/\/www.garciafaura.com\/wp-content\/uploads\/2018\/09\/Garcia-Faura.png\",\"contentUrl\":\"https:\/\/www.garciafaura.com\/wp-content\/uploads\/2018\/09\/Garcia-Faura.png\",\"width\":512,\"height\":512,\"caption\":\"GARCIA FAURA\"},\"image\":{\"@id\":\"https:\/\/www.garciafaura.com\/fr\/#\/schema\/logo\/image\/\"},\"sameAs\":[\"https:\/\/www.youtube.com\/user\/GARCIAFAURA\"]},{\"@type\":\"Person\",\"@id\":\"https:\/\/www.garciafaura.com\/fr\/#\/schema\/person\/b4b75e69b33fac3446071909bec106b0\",\"name\":\"David Achell\",\"image\":{\"@type\":\"ImageObject\",\"inLanguage\":\"es\",\"@id\":\"https:\/\/www.garciafaura.com\/fr\/#\/schema\/person\/image\/\",\"url\":\"https:\/\/secure.gravatar.com\/avatar\/03900210afc1f61bce737bcb4a79c02e2c997f171e3eca839b5a4cbe03846c90?s=96&d=blank&r=g\",\"contentUrl\":\"https:\/\/secure.gravatar.com\/avatar\/03900210afc1f61bce737bcb4a79c02e2c997f171e3eca839b5a4cbe03846c90?s=96&d=blank&r=g\",\"caption\":\"David Achell\"}}]}<\/script>\n<!-- \/ Yoast SEO plugin. -->","yoast_head_json":{"title":"Al servicio del mercado constructivo de Colombia - GARCIA FAURA","description":"Arquitectura en Alumini, Inox, Ferro i Vidre","robots":{"index":"index","follow":"follow","max-snippet":"max-snippet:-1","max-image-preview":"max-image-preview:large","max-video-preview":"max-video-preview:-1"},"canonical":"https:\/\/www.garciafaura.com\/es\/al-servicio-del-mercado-constructivo-de-colombia\/","og_locale":"es_ES","og_type":"article","og_title":"Al servicio del mercado constructivo de Colombia - GARCIA FAURA","og_description":"Arquitectura en Alumini, Inox, Ferro i Vidre","og_url":"https:\/\/www.garciafaura.com\/es\/al-servicio-del-mercado-constructivo-de-colombia\/","og_site_name":"GARCIA FAURA","article_published_time":"2013-09-04T00:00:00+00:00","article_modified_time":"2019-06-03T12:12:12+00:00","og_image":[{"url":"https:\/\/www.garciafaura.com\/wp-content\/uploads\/2018\/11\/Facana-Colombia-20.jpg","width":1,"height":1,"type":"image\/jpeg"}],"author":"David Achell","twitter_card":"summary_large_image","twitter_misc":{"Escrito por":"David Achell","Tiempo de lectura":"2 minutos"},"schema":{"@context":"https:\/\/schema.org","@graph":[{"@type":"Article","@id":"https:\/\/www.garciafaura.com\/es\/al-servicio-del-mercado-constructivo-de-colombia\/#article","isPartOf":{"@id":"https:\/\/www.garciafaura.com\/es\/al-servicio-del-mercado-constructivo-de-colombia\/"},"author":{"name":"David Achell","@id":"https:\/\/www.garciafaura.com\/fr\/#\/schema\/person\/b4b75e69b33fac3446071909bec106b0"},"headline":"Al servicio del mercado constructivo de Colombia","datePublished":"2013-09-04T00:00:00+00:00","dateModified":"2019-06-03T12:12:12+00:00","mainEntityOfPage":{"@id":"https:\/\/www.garciafaura.com\/es\/al-servicio-del-mercado-constructivo-de-colombia\/"},"wordCount":322,"commentCount":0,"publisher":{"@id":"https:\/\/www.garciafaura.com\/fr\/#organization"},"image":{"@id":"https:\/\/www.garciafaura.com\/es\/al-servicio-del-mercado-constructivo-de-colombia\/#primaryimage"},"thumbnailUrl":"https:\/\/www.garciafaura.com\/wp-content\/uploads\/2018\/11\/Facana-Colombia-20.jpg","articleSection":["Actualidad"],"inLanguage":"es","potentialAction":[{"@type":"CommentAction","name":"Comment","target":["https:\/\/www.garciafaura.com\/es\/al-servicio-del-mercado-constructivo-de-colombia\/#respond"]}]},{"@type":"WebPage","@id":"https:\/\/www.garciafaura.com\/es\/al-servicio-del-mercado-constructivo-de-colombia\/","url":"https:\/\/www.garciafaura.com\/es\/al-servicio-del-mercado-constructivo-de-colombia\/","name":"Al servicio del mercado constructivo de Colombia - GARCIA FAURA","isPartOf":{"@id":"https:\/\/www.garciafaura.com\/fr\/#website"},"primaryImageOfPage":{"@id":"https:\/\/www.garciafaura.com\/es\/al-servicio-del-mercado-constructivo-de-colombia\/#primaryimage"},"image":{"@id":"https:\/\/www.garciafaura.com\/es\/al-servicio-del-mercado-constructivo-de-colombia\/#primaryimage"},"thumbnailUrl":"https:\/\/www.garciafaura.com\/wp-content\/uploads\/2018\/11\/Facana-Colombia-20.jpg","datePublished":"2013-09-04T00:00:00+00:00","dateModified":"2019-06-03T12:12:12+00:00","description":"Arquitectura en Alumini, Inox, Ferro i Vidre","breadcrumb":{"@id":"https:\/\/www.garciafaura.com\/es\/al-servicio-del-mercado-constructivo-de-colombia\/#breadcrumb"},"inLanguage":"es","potentialAction":[{"@type":"ReadAction","target":["https:\/\/www.garciafaura.com\/es\/al-servicio-del-mercado-constructivo-de-colombia\/"]}]},{"@type":"ImageObject","inLanguage":"es","@id":"https:\/\/www.garciafaura.com\/es\/al-servicio-del-mercado-constructivo-de-colombia\/#primaryimage","url":"https:\/\/www.garciafaura.com\/wp-content\/uploads\/2018\/11\/Facana-Colombia-20.jpg","contentUrl":"https:\/\/www.garciafaura.com\/wp-content\/uploads\/2018\/11\/Facana-Colombia-20.jpg"},{"@type":"BreadcrumbList","@id":"https:\/\/www.garciafaura.com\/es\/al-servicio-del-mercado-constructivo-de-colombia\/#breadcrumb","itemListElement":[{"@type":"ListItem","position":1,"name":"Inici","item":"https:\/\/www.garciafaura.com\/es\/"},{"@type":"ListItem","position":2,"name":"Al servicio del mercado constructivo de Colombia"}]},{"@type":"WebSite","@id":"https:\/\/www.garciafaura.com\/fr\/#website","url":"https:\/\/www.garciafaura.com\/fr\/","name":"GARCIA FAURA","description":"Arquitectura en Alumini, Inox, Ferro i Vidre","publisher":{"@id":"https:\/\/www.garciafaura.com\/fr\/#organization"},"potentialAction":[{"@type":"SearchAction","target":{"@type":"EntryPoint","urlTemplate":"https:\/\/www.garciafaura.com\/fr\/?s={search_term_string}"},"query-input":{"@type":"PropertyValueSpecification","valueRequired":true,"valueName":"search_term_string"}}],"inLanguage":"es"},{"@type":"Organization","@id":"https:\/\/www.garciafaura.com\/fr\/#organization","name":"GARCIA FAURA","url":"https:\/\/www.garciafaura.com\/fr\/","logo":{"@type":"ImageObject","inLanguage":"es","@id":"https:\/\/www.garciafaura.com\/fr\/#\/schema\/logo\/image\/","url":"https:\/\/www.garciafaura.com\/wp-content\/uploads\/2018\/09\/Garcia-Faura.png","contentUrl":"https:\/\/www.garciafaura.com\/wp-content\/uploads\/2018\/09\/Garcia-Faura.png","width":512,"height":512,"caption":"GARCIA FAURA"},"image":{"@id":"https:\/\/www.garciafaura.com\/fr\/#\/schema\/logo\/image\/"},"sameAs":["https:\/\/www.youtube.com\/user\/GARCIAFAURA"]},{"@type":"Person","@id":"https:\/\/www.garciafaura.com\/fr\/#\/schema\/person\/b4b75e69b33fac3446071909bec106b0","name":"David Achell","image":{"@type":"ImageObject","inLanguage":"es","@id":"https:\/\/www.garciafaura.com\/fr\/#\/schema\/person\/image\/","url":"https:\/\/secure.gravatar.com\/avatar\/03900210afc1f61bce737bcb4a79c02e2c997f171e3eca839b5a4cbe03846c90?s=96&d=blank&r=g","contentUrl":"https:\/\/secure.gravatar.com\/avatar\/03900210afc1f61bce737bcb4a79c02e2c997f171e3eca839b5a4cbe03846c90?s=96&d=blank&r=g","caption":"David Achell"}}]}},"_links":{"self":[{"href":"https:\/\/www.garciafaura.com\/es\/wp-json\/wp\/v2\/posts\/5905","targetHints":{"allow":["GET"]}}],"collection":[{"href":"https:\/\/www.garciafaura.com\/es\/wp-json\/wp\/v2\/posts"}],"about":[{"href":"https:\/\/www.garciafaura.com\/es\/wp-json\/wp\/v2\/types\/post"}],"author":[{"embeddable":true,"href":"https:\/\/www.garciafaura.com\/es\/wp-json\/wp\/v2\/users\/3"}],"replies":[{"embeddable":true,"href":"https:\/\/www.garciafaura.com\/es\/wp-json\/wp\/v2\/comments?post=5905"}],"version-history":[{"count":1,"href":"https:\/\/www.garciafaura.com\/es\/wp-json\/wp\/v2\/posts\/5905\/revisions"}],"predecessor-version":[{"id":21589,"href":"https:\/\/www.garciafaura.com\/es\/wp-json\/wp\/v2\/posts\/5905\/revisions\/21589"}],"wp:featuredmedia":[{"embeddable":true,"href":"https:\/\/www.garciafaura.com\/es\/wp-json\/wp\/v2\/media\/5885"}],"wp:attachment":[{"href":"https:\/\/www.garciafaura.com\/es\/wp-json\/wp\/v2\/media?parent=5905"}],"wp:term":[{"taxonomy":"category","embeddable":true,"href":"https:\/\/www.garciafaura.com\/es\/wp-json\/wp\/v2\/categories?post=5905"},{"taxonomy":"post_tag","embeddable":true,"href":"https:\/\/www.garciafaura.com\/es\/wp-json\/wp\/v2\/tags?post=5905"},{"taxonomy":"post_series","embeddable":true,"href":"https:\/\/www.garciafaura.com\/es\/wp-json\/wp\/v2\/post_series?post=5905"}],"curies":[{"name":"wp","href":"https:\/\/api.w.org\/{rel}","templated":true}]}}