{"id":5805,"date":"2013-05-23T00:00:00","date_gmt":"2013-05-23T00:00:00","guid":{"rendered":"https:\/\/www.garciafaura.com\/garcia-faura-consolida-su-implantacion-en-colombia\/"},"modified":"2019-06-03T12:13:36","modified_gmt":"2019-06-03T12:13:36","slug":"garcia-faura-consolida-su-implantacion-en-colombia","status":"publish","type":"post","link":"https:\/\/www.garciafaura.com\/es\/garcia-faura-consolida-su-implantacion-en-colombia\/","title":{"rendered":"GARCIA FAURA consolida su implantaci\u00f3n en Colombia"},"content":{"rendered":"<p>&nbsp;<\/p>\n<p>Tres a\u00f1os despu\u00e9s de su llegada a Colombia, <strong>GARCIA FAURA <\/strong>cuenta ya con un reconocimiento corporativo que la sit\u00faa como empresa de referencia en el sector de la construcci\u00f3n singular, como la nueva Torre de Control del Aeropuerto Internacional El Dorado, el Centro de Gesti\u00f3n Aeroportuaria o el complejo residencial Altos de la Sierra.<\/p>\n<p>&nbsp;<\/p>\n<p>Especialmente significativos son los trabajos que se ejecutan para la ampliaci\u00f3n del aeropuerto de la capital, donde <strong>GARCIA FAURA <\/strong>hace frente a un encargo de especial complejidad t\u00e9cnica: la cobertura de la nueva torre de control a\u00e9reo. Aqu\u00ed se fabrican e instalan 3000 metros cuadrados de paneles, tragaluces y muros cortina de tipo convencional, romboides y inclinados, formados por piezas de vidrio de 600 kg dise\u00f1ados para soportar rachas de viento de hasta 380 km \/ hy atenuar los fuertes impactos ac\u00fasticos de una instalaci\u00f3n de estas caracter\u00edsticas.<\/p>\n<p>&nbsp;<\/p>\n<p>En las \u00faltimas semanas, sin embargo, la empresa ha sido adjudicataria de dos nuevos proyectos, de gran repercusi\u00f3n en las dos grandes ciudades del pa\u00eds: Bogot\u00e1 y Medell\u00edn. En la primera, <strong>GARCIA FAURA <\/strong>levantar\u00e1 el singular edificio Vitrvm, proyectado por el prestigioso arquitecto estadounidense Richard Meier. La adjudicaci\u00f3n llega despu\u00e9s de que los promotores del proyecto viajaran expresamente hasta Gav\u00e0 para conocer la matriz catalana de la empresa y pudieran visitar el centro de producci\u00f3n y oficina t\u00e9cnica del grupo. En Medell\u00edn, se ejecutar\u00e1 el nuevo Centro Empresarial OFI7, donde se combinan cierres de aluminio de altas prestaciones con muros cortina y fachadas acristaladas.<\/p>\n<p>&nbsp;<\/p>\n<p>La expansi\u00f3n internacional de<strong> GARCIA FAURA <\/strong>parte de una premisa de compromiso con sus ra\u00edces: tanto el dise\u00f1o de proyecto, como el desarrollo t\u00e9cnico y toda la producci\u00f3n se realizan desde la planta de Gav\u00e0. Mediante el transporte mar\u00edtimo regular el material llega a Colombia, donde el personal aut\u00f3ctono ejecuta la fase final de instalaci\u00f3n. A pocos kil\u00f3metros de Bogot\u00e1, la empresa cuenta con unas instalaciones destinadas a log\u00edstica, almac\u00e9n y oficinas que convierten sede de operaciones de la compa\u00f1\u00eda para todo el pa\u00eds.<\/p>\n","protected":false},"excerpt":{"rendered":"<p>Tres a\u00f1os despu\u00e9s de su llegada a Colombia, GARCIA FAURA cuenta ya con un reconocimiento corporativo que la sit\u00faa como empresa de referencia en el sector de la construcci\u00f3n singular. Actualmente ya se est\u00e1n ejecutando varios proyectos de envergadura, mientras se firman nuevos contratos para el desarrollo de relevantes proyectos en las principales capitales del pa\u00eds.<\/p>\n","protected":false},"author":3,"featured_media":5777,"comment_status":"open","ping_status":"open","sticky":false,"template":"","format":"standard","meta":{"footnotes":""},"categories":[3],"tags":[],"post_series":[],"class_list":["post-5805","post","type-post","status-publish","format-standard","has-post-thumbnail","hentry","category-actualidad","entry","has-media"],"yoast_head":"<!-- This site is optimized with the Yoast SEO plugin v26.7 - https:\/\/yoast.com\/wordpress\/plugins\/seo\/ -->\n<title>GARCIA FAURA consolida su implantaci\u00f3n en Colombia - GARCIA FAURA<\/title>\n<meta name=\"description\" content=\"Arquitectura en Alumini, Inox, Ferro i Vidre\" \/>\n<meta name=\"robots\" content=\"index, follow, max-snippet:-1, max-image-preview:large, max-video-preview:-1\" \/>\n<link rel=\"canonical\" href=\"https:\/\/www.garciafaura.com\/es\/garcia-faura-consolida-su-implantacion-en-colombia\/\" \/>\n<meta property=\"og:locale\" content=\"es_ES\" \/>\n<meta property=\"og:type\" content=\"article\" \/>\n<meta property=\"og:title\" content=\"GARCIA FAURA consolida su implantaci\u00f3n en Colombia - GARCIA FAURA\" \/>\n<meta property=\"og:description\" content=\"Arquitectura en Alumini, Inox, Ferro i Vidre\" \/>\n<meta property=\"og:url\" content=\"https:\/\/www.garciafaura.com\/es\/garcia-faura-consolida-su-implantacion-en-colombia\/\" \/>\n<meta property=\"og:site_name\" content=\"GARCIA FAURA\" \/>\n<meta property=\"article:published_time\" content=\"2013-05-23T00:00:00+00:00\" \/>\n<meta property=\"article:modified_time\" content=\"2019-06-03T12:13:36+00:00\" \/>\n<meta property=\"og:image\" content=\"https:\/\/www.garciafaura.com\/wp-content\/uploads\/2018\/11\/centre_gestio_aeroportuaria.jpg\" \/>\n\t<meta property=\"og:image:width\" content=\"1\" \/>\n\t<meta property=\"og:image:height\" content=\"1\" \/>\n\t<meta property=\"og:image:type\" content=\"image\/jpeg\" \/>\n<meta name=\"author\" content=\"David Achell\" \/>\n<meta name=\"twitter:card\" content=\"summary_large_image\" \/>\n<meta name=\"twitter:label1\" content=\"Escrito por\" \/>\n\t<meta name=\"twitter:data1\" content=\"David Achell\" \/>\n\t<meta name=\"twitter:label2\" content=\"Tiempo de lectura\" \/>\n\t<meta name=\"twitter:data2\" content=\"2 minutos\" \/>\n<script type=\"application\/ld+json\" class=\"yoast-schema-graph\">{\"@context\":\"https:\/\/schema.org\",\"@graph\":[{\"@type\":\"Article\",\"@id\":\"https:\/\/www.garciafaura.com\/es\/garcia-faura-consolida-su-implantacion-en-colombia\/#article\",\"isPartOf\":{\"@id\":\"https:\/\/www.garciafaura.com\/es\/garcia-faura-consolida-su-implantacion-en-colombia\/\"},\"author\":{\"name\":\"David Achell\",\"@id\":\"https:\/\/www.garciafaura.com\/fr\/#\/schema\/person\/b4b75e69b33fac3446071909bec106b0\"},\"headline\":\"GARCIA FAURA consolida su implantaci\u00f3n en Colombia\",\"datePublished\":\"2013-05-23T00:00:00+00:00\",\"dateModified\":\"2019-06-03T12:13:36+00:00\",\"mainEntityOfPage\":{\"@id\":\"https:\/\/www.garciafaura.com\/es\/garcia-faura-consolida-su-implantacion-en-colombia\/\"},\"wordCount\":371,\"commentCount\":0,\"publisher\":{\"@id\":\"https:\/\/www.garciafaura.com\/fr\/#organization\"},\"image\":{\"@id\":\"https:\/\/www.garciafaura.com\/es\/garcia-faura-consolida-su-implantacion-en-colombia\/#primaryimage\"},\"thumbnailUrl\":\"https:\/\/www.garciafaura.com\/wp-content\/uploads\/2018\/11\/centre_gestio_aeroportuaria.jpg\",\"articleSection\":[\"Actualidad\"],\"inLanguage\":\"es\",\"potentialAction\":[{\"@type\":\"CommentAction\",\"name\":\"Comment\",\"target\":[\"https:\/\/www.garciafaura.com\/es\/garcia-faura-consolida-su-implantacion-en-colombia\/#respond\"]}]},{\"@type\":\"WebPage\",\"@id\":\"https:\/\/www.garciafaura.com\/es\/garcia-faura-consolida-su-implantacion-en-colombia\/\",\"url\":\"https:\/\/www.garciafaura.com\/es\/garcia-faura-consolida-su-implantacion-en-colombia\/\",\"name\":\"GARCIA FAURA consolida su implantaci\u00f3n en Colombia - GARCIA FAURA\",\"isPartOf\":{\"@id\":\"https:\/\/www.garciafaura.com\/fr\/#website\"},\"primaryImageOfPage\":{\"@id\":\"https:\/\/www.garciafaura.com\/es\/garcia-faura-consolida-su-implantacion-en-colombia\/#primaryimage\"},\"image\":{\"@id\":\"https:\/\/www.garciafaura.com\/es\/garcia-faura-consolida-su-implantacion-en-colombia\/#primaryimage\"},\"thumbnailUrl\":\"https:\/\/www.garciafaura.com\/wp-content\/uploads\/2018\/11\/centre_gestio_aeroportuaria.jpg\",\"datePublished\":\"2013-05-23T00:00:00+00:00\",\"dateModified\":\"2019-06-03T12:13:36+00:00\",\"description\":\"Arquitectura en Alumini, Inox, Ferro i Vidre\",\"breadcrumb\":{\"@id\":\"https:\/\/www.garciafaura.com\/es\/garcia-faura-consolida-su-implantacion-en-colombia\/#breadcrumb\"},\"inLanguage\":\"es\",\"potentialAction\":[{\"@type\":\"ReadAction\",\"target\":[\"https:\/\/www.garciafaura.com\/es\/garcia-faura-consolida-su-implantacion-en-colombia\/\"]}]},{\"@type\":\"ImageObject\",\"inLanguage\":\"es\",\"@id\":\"https:\/\/www.garciafaura.com\/es\/garcia-faura-consolida-su-implantacion-en-colombia\/#primaryimage\",\"url\":\"https:\/\/www.garciafaura.com\/wp-content\/uploads\/2018\/11\/centre_gestio_aeroportuaria.jpg\",\"contentUrl\":\"https:\/\/www.garciafaura.com\/wp-content\/uploads\/2018\/11\/centre_gestio_aeroportuaria.jpg\"},{\"@type\":\"BreadcrumbList\",\"@id\":\"https:\/\/www.garciafaura.com\/es\/garcia-faura-consolida-su-implantacion-en-colombia\/#breadcrumb\",\"itemListElement\":[{\"@type\":\"ListItem\",\"position\":1,\"name\":\"Inici\",\"item\":\"https:\/\/www.garciafaura.com\/es\/\"},{\"@type\":\"ListItem\",\"position\":2,\"name\":\"GARCIA FAURA consolida su implantaci\u00f3n en Colombia\"}]},{\"@type\":\"WebSite\",\"@id\":\"https:\/\/www.garciafaura.com\/fr\/#website\",\"url\":\"https:\/\/www.garciafaura.com\/fr\/\",\"name\":\"GARCIA FAURA\",\"description\":\"Arquitectura en Alumini, Inox, Ferro i Vidre\",\"publisher\":{\"@id\":\"https:\/\/www.garciafaura.com\/fr\/#organization\"},\"potentialAction\":[{\"@type\":\"SearchAction\",\"target\":{\"@type\":\"EntryPoint\",\"urlTemplate\":\"https:\/\/www.garciafaura.com\/fr\/?s={search_term_string}\"},\"query-input\":{\"@type\":\"PropertyValueSpecification\",\"valueRequired\":true,\"valueName\":\"search_term_string\"}}],\"inLanguage\":\"es\"},{\"@type\":\"Organization\",\"@id\":\"https:\/\/www.garciafaura.com\/fr\/#organization\",\"name\":\"GARCIA FAURA\",\"url\":\"https:\/\/www.garciafaura.com\/fr\/\",\"logo\":{\"@type\":\"ImageObject\",\"inLanguage\":\"es\",\"@id\":\"https:\/\/www.garciafaura.com\/fr\/#\/schema\/logo\/image\/\",\"url\":\"https:\/\/www.garciafaura.com\/wp-content\/uploads\/2018\/09\/Garcia-Faura.png\",\"contentUrl\":\"https:\/\/www.garciafaura.com\/wp-content\/uploads\/2018\/09\/Garcia-Faura.png\",\"width\":512,\"height\":512,\"caption\":\"GARCIA FAURA\"},\"image\":{\"@id\":\"https:\/\/www.garciafaura.com\/fr\/#\/schema\/logo\/image\/\"},\"sameAs\":[\"https:\/\/www.youtube.com\/user\/GARCIAFAURA\"]},{\"@type\":\"Person\",\"@id\":\"https:\/\/www.garciafaura.com\/fr\/#\/schema\/person\/b4b75e69b33fac3446071909bec106b0\",\"name\":\"David Achell\",\"image\":{\"@type\":\"ImageObject\",\"inLanguage\":\"es\",\"@id\":\"https:\/\/www.garciafaura.com\/fr\/#\/schema\/person\/image\/\",\"url\":\"https:\/\/secure.gravatar.com\/avatar\/03900210afc1f61bce737bcb4a79c02e2c997f171e3eca839b5a4cbe03846c90?s=96&d=blank&r=g\",\"contentUrl\":\"https:\/\/secure.gravatar.com\/avatar\/03900210afc1f61bce737bcb4a79c02e2c997f171e3eca839b5a4cbe03846c90?s=96&d=blank&r=g\",\"caption\":\"David Achell\"}}]}<\/script>\n<!-- \/ Yoast SEO plugin. -->","yoast_head_json":{"title":"GARCIA FAURA consolida su implantaci\u00f3n en Colombia - GARCIA FAURA","description":"Arquitectura en Alumini, Inox, Ferro i Vidre","robots":{"index":"index","follow":"follow","max-snippet":"max-snippet:-1","max-image-preview":"max-image-preview:large","max-video-preview":"max-video-preview:-1"},"canonical":"https:\/\/www.garciafaura.com\/es\/garcia-faura-consolida-su-implantacion-en-colombia\/","og_locale":"es_ES","og_type":"article","og_title":"GARCIA FAURA consolida su implantaci\u00f3n en Colombia - GARCIA FAURA","og_description":"Arquitectura en Alumini, Inox, Ferro i Vidre","og_url":"https:\/\/www.garciafaura.com\/es\/garcia-faura-consolida-su-implantacion-en-colombia\/","og_site_name":"GARCIA FAURA","article_published_time":"2013-05-23T00:00:00+00:00","article_modified_time":"2019-06-03T12:13:36+00:00","og_image":[{"url":"https:\/\/www.garciafaura.com\/wp-content\/uploads\/2018\/11\/centre_gestio_aeroportuaria.jpg","width":1,"height":1,"type":"image\/jpeg"}],"author":"David Achell","twitter_card":"summary_large_image","twitter_misc":{"Escrito por":"David Achell","Tiempo de lectura":"2 minutos"},"schema":{"@context":"https:\/\/schema.org","@graph":[{"@type":"Article","@id":"https:\/\/www.garciafaura.com\/es\/garcia-faura-consolida-su-implantacion-en-colombia\/#article","isPartOf":{"@id":"https:\/\/www.garciafaura.com\/es\/garcia-faura-consolida-su-implantacion-en-colombia\/"},"author":{"name":"David Achell","@id":"https:\/\/www.garciafaura.com\/fr\/#\/schema\/person\/b4b75e69b33fac3446071909bec106b0"},"headline":"GARCIA FAURA consolida su implantaci\u00f3n en Colombia","datePublished":"2013-05-23T00:00:00+00:00","dateModified":"2019-06-03T12:13:36+00:00","mainEntityOfPage":{"@id":"https:\/\/www.garciafaura.com\/es\/garcia-faura-consolida-su-implantacion-en-colombia\/"},"wordCount":371,"commentCount":0,"publisher":{"@id":"https:\/\/www.garciafaura.com\/fr\/#organization"},"image":{"@id":"https:\/\/www.garciafaura.com\/es\/garcia-faura-consolida-su-implantacion-en-colombia\/#primaryimage"},"thumbnailUrl":"https:\/\/www.garciafaura.com\/wp-content\/uploads\/2018\/11\/centre_gestio_aeroportuaria.jpg","articleSection":["Actualidad"],"inLanguage":"es","potentialAction":[{"@type":"CommentAction","name":"Comment","target":["https:\/\/www.garciafaura.com\/es\/garcia-faura-consolida-su-implantacion-en-colombia\/#respond"]}]},{"@type":"WebPage","@id":"https:\/\/www.garciafaura.com\/es\/garcia-faura-consolida-su-implantacion-en-colombia\/","url":"https:\/\/www.garciafaura.com\/es\/garcia-faura-consolida-su-implantacion-en-colombia\/","name":"GARCIA FAURA consolida su implantaci\u00f3n en Colombia - GARCIA FAURA","isPartOf":{"@id":"https:\/\/www.garciafaura.com\/fr\/#website"},"primaryImageOfPage":{"@id":"https:\/\/www.garciafaura.com\/es\/garcia-faura-consolida-su-implantacion-en-colombia\/#primaryimage"},"image":{"@id":"https:\/\/www.garciafaura.com\/es\/garcia-faura-consolida-su-implantacion-en-colombia\/#primaryimage"},"thumbnailUrl":"https:\/\/www.garciafaura.com\/wp-content\/uploads\/2018\/11\/centre_gestio_aeroportuaria.jpg","datePublished":"2013-05-23T00:00:00+00:00","dateModified":"2019-06-03T12:13:36+00:00","description":"Arquitectura en Alumini, Inox, Ferro i Vidre","breadcrumb":{"@id":"https:\/\/www.garciafaura.com\/es\/garcia-faura-consolida-su-implantacion-en-colombia\/#breadcrumb"},"inLanguage":"es","potentialAction":[{"@type":"ReadAction","target":["https:\/\/www.garciafaura.com\/es\/garcia-faura-consolida-su-implantacion-en-colombia\/"]}]},{"@type":"ImageObject","inLanguage":"es","@id":"https:\/\/www.garciafaura.com\/es\/garcia-faura-consolida-su-implantacion-en-colombia\/#primaryimage","url":"https:\/\/www.garciafaura.com\/wp-content\/uploads\/2018\/11\/centre_gestio_aeroportuaria.jpg","contentUrl":"https:\/\/www.garciafaura.com\/wp-content\/uploads\/2018\/11\/centre_gestio_aeroportuaria.jpg"},{"@type":"BreadcrumbList","@id":"https:\/\/www.garciafaura.com\/es\/garcia-faura-consolida-su-implantacion-en-colombia\/#breadcrumb","itemListElement":[{"@type":"ListItem","position":1,"name":"Inici","item":"https:\/\/www.garciafaura.com\/es\/"},{"@type":"ListItem","position":2,"name":"GARCIA FAURA consolida su implantaci\u00f3n en Colombia"}]},{"@type":"WebSite","@id":"https:\/\/www.garciafaura.com\/fr\/#website","url":"https:\/\/www.garciafaura.com\/fr\/","name":"GARCIA FAURA","description":"Arquitectura en Alumini, Inox, Ferro i Vidre","publisher":{"@id":"https:\/\/www.garciafaura.com\/fr\/#organization"},"potentialAction":[{"@type":"SearchAction","target":{"@type":"EntryPoint","urlTemplate":"https:\/\/www.garciafaura.com\/fr\/?s={search_term_string}"},"query-input":{"@type":"PropertyValueSpecification","valueRequired":true,"valueName":"search_term_string"}}],"inLanguage":"es"},{"@type":"Organization","@id":"https:\/\/www.garciafaura.com\/fr\/#organization","name":"GARCIA FAURA","url":"https:\/\/www.garciafaura.com\/fr\/","logo":{"@type":"ImageObject","inLanguage":"es","@id":"https:\/\/www.garciafaura.com\/fr\/#\/schema\/logo\/image\/","url":"https:\/\/www.garciafaura.com\/wp-content\/uploads\/2018\/09\/Garcia-Faura.png","contentUrl":"https:\/\/www.garciafaura.com\/wp-content\/uploads\/2018\/09\/Garcia-Faura.png","width":512,"height":512,"caption":"GARCIA FAURA"},"image":{"@id":"https:\/\/www.garciafaura.com\/fr\/#\/schema\/logo\/image\/"},"sameAs":["https:\/\/www.youtube.com\/user\/GARCIAFAURA"]},{"@type":"Person","@id":"https:\/\/www.garciafaura.com\/fr\/#\/schema\/person\/b4b75e69b33fac3446071909bec106b0","name":"David Achell","image":{"@type":"ImageObject","inLanguage":"es","@id":"https:\/\/www.garciafaura.com\/fr\/#\/schema\/person\/image\/","url":"https:\/\/secure.gravatar.com\/avatar\/03900210afc1f61bce737bcb4a79c02e2c997f171e3eca839b5a4cbe03846c90?s=96&d=blank&r=g","contentUrl":"https:\/\/secure.gravatar.com\/avatar\/03900210afc1f61bce737bcb4a79c02e2c997f171e3eca839b5a4cbe03846c90?s=96&d=blank&r=g","caption":"David Achell"}}]}},"_links":{"self":[{"href":"https:\/\/www.garciafaura.com\/es\/wp-json\/wp\/v2\/posts\/5805","targetHints":{"allow":["GET"]}}],"collection":[{"href":"https:\/\/www.garciafaura.com\/es\/wp-json\/wp\/v2\/posts"}],"about":[{"href":"https:\/\/www.garciafaura.com\/es\/wp-json\/wp\/v2\/types\/post"}],"author":[{"embeddable":true,"href":"https:\/\/www.garciafaura.com\/es\/wp-json\/wp\/v2\/users\/3"}],"replies":[{"embeddable":true,"href":"https:\/\/www.garciafaura.com\/es\/wp-json\/wp\/v2\/comments?post=5805"}],"version-history":[{"count":1,"href":"https:\/\/www.garciafaura.com\/es\/wp-json\/wp\/v2\/posts\/5805\/revisions"}],"predecessor-version":[{"id":21594,"href":"https:\/\/www.garciafaura.com\/es\/wp-json\/wp\/v2\/posts\/5805\/revisions\/21594"}],"wp:featuredmedia":[{"embeddable":true,"href":"https:\/\/www.garciafaura.com\/es\/wp-json\/wp\/v2\/media\/5777"}],"wp:attachment":[{"href":"https:\/\/www.garciafaura.com\/es\/wp-json\/wp\/v2\/media?parent=5805"}],"wp:term":[{"taxonomy":"category","embeddable":true,"href":"https:\/\/www.garciafaura.com\/es\/wp-json\/wp\/v2\/categories?post=5805"},{"taxonomy":"post_tag","embeddable":true,"href":"https:\/\/www.garciafaura.com\/es\/wp-json\/wp\/v2\/tags?post=5805"},{"taxonomy":"post_series","embeddable":true,"href":"https:\/\/www.garciafaura.com\/es\/wp-json\/wp\/v2\/post_series?post=5805"}],"curies":[{"name":"wp","href":"https:\/\/api.w.org\/{rel}","templated":true}]}}