{"id":5757,"date":"2013-04-10T00:00:00","date_gmt":"2013-04-10T00:00:00","guid":{"rendered":"https:\/\/www.garciafaura.com\/garcia-faura-en-el-nuevo-proyecto-de-sb-hotels\/"},"modified":"2019-06-03T12:14:06","modified_gmt":"2019-06-03T12:14:06","slug":"garcia-faura-en-el-nuevo-proyecto-de-sb-hotels","status":"publish","type":"post","link":"https:\/\/www.garciafaura.com\/es\/garcia-faura-en-el-nuevo-proyecto-de-sb-hotels\/","title":{"rendered":"GARCIA FAURA en el nuevo proyecto de SB Hotels"},"content":{"rendered":"<p>SB Hotels abrir\u00e1 a finales de 2013 un nuevo hotel de cuatro estrellas en la Pla\u00e7a Europa de l&#8217;Hospitalet de Llobregat. El establecimiento contar\u00e1 con 245 habitaciones y se sumar\u00e1 a los seis que ya tiene el grupo en funcionamiento en otros puntos de Catalunya. El nuevo Hotel SB Plaza Europa sumar\u00e1 sus plazas a las 2500 con las que ya cuenta la ciudad de l\u2019Hospitalet, la mayor\u00eda en el llamado Distrito Econ\u00f3mico de Gran Via, frente a la Fira de Barcelona. Esto sit\u00faa la ciudad en el mapa del turismo de negocios catal\u00e1n.<\/p>\n<p><strong>GARCIA FAURA<\/strong> ha recibido el encargo de desarrollo del proyecto de arquitectura en aluminio y vidrio relativa a la partida de cierres y fachada de vidrio. Respecto esta \u00faltima, se fabrica e instala una zona de 250 metros cuadrados de muro cortina, con tapeta horizontal y vertical. El conjunto de cerramientos, m\u00e1s de 330 unidades, est\u00e1 dotado de rotura de puente t\u00e9rmico y perfiler\u00eda de aluminio de hoja oculta. Un sistema de fabricaci\u00f3n que combina unas prestaciones t\u00e9cnicas muy altas con una est\u00e9tica impecable. Presentan una l\u00ednea sobria con una peque\u00f1a moldura interior que da una apariencia esbelta creando un simb\u00f3lico juego de sombras. Las ventanas se completan con un aplacado superior de chapa de aluminio.<\/p>\n<p>La cadena SB Hotels, gestionada por la barcelonesa Gerard Corporation, de la familia Subirats Berenguer, contar\u00e1 as\u00ed con una oferta de alojamiento de m\u00e1s de 1200 habitaciones en siete establecimientos de propiedad. La \u00faltima adquisici\u00f3n fue el hotel BCN Events de Castelldefels, con participaci\u00f3n tambi\u00e9n en su d\u00eda de <strong>GARCIA FAURA <\/strong>en el proyecto constructivo. Adem\u00e1s, gestiona los hoteles SB Express Tarragona, Ciutat de Tarragona y Corona Tortosa en la demarcaci\u00f3n de Tarragona, y los establecimientos Icaria Barcelona y Diagonal Zero, en Barcelona.<\/p>\n","protected":false},"excerpt":{"rendered":"<p>\n\tLa empresa ha recibido el encargo del desarrollo de proyecto, fabricaci&oacute;n e instalaci&oacute;n de los cerramientos y muro cortina del nuevo hotel que la cadena SB promueve en el entorno de la Pla&ccedil;a Europa de l&rsquo;Hospitalet de Llobregat. El establecimiento, de cuatro estrellas y con 245 habitaciones, abrir&aacute; puertas a finales de 2013.<\/p>\n","protected":false},"author":3,"featured_media":5741,"comment_status":"open","ping_status":"open","sticky":false,"template":"","format":"standard","meta":{"footnotes":""},"categories":[3],"tags":[],"post_series":[],"class_list":["post-5757","post","type-post","status-publish","format-standard","has-post-thumbnail","hentry","category-actualidad","entry","has-media"],"yoast_head":"<!-- This site is optimized with the Yoast SEO plugin v26.7 - https:\/\/yoast.com\/wordpress\/plugins\/seo\/ -->\n<title>GARCIA FAURA en el nuevo proyecto de SB Hotels - GARCIA FAURA<\/title>\n<meta name=\"description\" content=\"Arquitectura en Alumini, Inox, Ferro i Vidre\" \/>\n<meta name=\"robots\" content=\"index, follow, max-snippet:-1, max-image-preview:large, max-video-preview:-1\" \/>\n<link rel=\"canonical\" href=\"https:\/\/www.garciafaura.com\/es\/garcia-faura-en-el-nuevo-proyecto-de-sb-hotels\/\" \/>\n<meta property=\"og:locale\" content=\"es_ES\" \/>\n<meta property=\"og:type\" content=\"article\" \/>\n<meta property=\"og:title\" content=\"GARCIA FAURA en el nuevo proyecto de SB Hotels - GARCIA FAURA\" \/>\n<meta property=\"og:description\" content=\"Arquitectura en Alumini, Inox, Ferro i Vidre\" \/>\n<meta property=\"og:url\" content=\"https:\/\/www.garciafaura.com\/es\/garcia-faura-en-el-nuevo-proyecto-de-sb-hotels\/\" \/>\n<meta property=\"og:site_name\" content=\"GARCIA FAURA\" \/>\n<meta property=\"article:published_time\" content=\"2013-04-10T00:00:00+00:00\" \/>\n<meta property=\"article:modified_time\" content=\"2019-06-03T12:14:06+00:00\" \/>\n<meta property=\"og:image\" content=\"https:\/\/www.garciafaura.com\/wp-content\/uploads\/2018\/11\/Hotel-SB-Placa-Europa-01.jpg\" \/>\n\t<meta property=\"og:image:width\" content=\"1\" \/>\n\t<meta property=\"og:image:height\" content=\"1\" \/>\n\t<meta property=\"og:image:type\" content=\"image\/jpeg\" \/>\n<meta name=\"author\" content=\"David Achell\" \/>\n<meta name=\"twitter:card\" content=\"summary_large_image\" \/>\n<meta name=\"twitter:label1\" content=\"Escrito por\" \/>\n\t<meta name=\"twitter:data1\" content=\"David Achell\" \/>\n\t<meta name=\"twitter:label2\" content=\"Tiempo de lectura\" \/>\n\t<meta name=\"twitter:data2\" content=\"2 minutos\" \/>\n<script type=\"application\/ld+json\" class=\"yoast-schema-graph\">{\"@context\":\"https:\/\/schema.org\",\"@graph\":[{\"@type\":\"Article\",\"@id\":\"https:\/\/www.garciafaura.com\/es\/garcia-faura-en-el-nuevo-proyecto-de-sb-hotels\/#article\",\"isPartOf\":{\"@id\":\"https:\/\/www.garciafaura.com\/es\/garcia-faura-en-el-nuevo-proyecto-de-sb-hotels\/\"},\"author\":{\"name\":\"David Achell\",\"@id\":\"https:\/\/www.garciafaura.com\/fr\/#\/schema\/person\/b4b75e69b33fac3446071909bec106b0\"},\"headline\":\"GARCIA FAURA en el nuevo proyecto de SB Hotels\",\"datePublished\":\"2013-04-10T00:00:00+00:00\",\"dateModified\":\"2019-06-03T12:14:06+00:00\",\"mainEntityOfPage\":{\"@id\":\"https:\/\/www.garciafaura.com\/es\/garcia-faura-en-el-nuevo-proyecto-de-sb-hotels\/\"},\"wordCount\":319,\"commentCount\":0,\"publisher\":{\"@id\":\"https:\/\/www.garciafaura.com\/fr\/#organization\"},\"image\":{\"@id\":\"https:\/\/www.garciafaura.com\/es\/garcia-faura-en-el-nuevo-proyecto-de-sb-hotels\/#primaryimage\"},\"thumbnailUrl\":\"https:\/\/www.garciafaura.com\/wp-content\/uploads\/2018\/11\/Hotel-SB-Placa-Europa-01.jpg\",\"articleSection\":[\"Actualidad\"],\"inLanguage\":\"es\",\"potentialAction\":[{\"@type\":\"CommentAction\",\"name\":\"Comment\",\"target\":[\"https:\/\/www.garciafaura.com\/es\/garcia-faura-en-el-nuevo-proyecto-de-sb-hotels\/#respond\"]}]},{\"@type\":\"WebPage\",\"@id\":\"https:\/\/www.garciafaura.com\/es\/garcia-faura-en-el-nuevo-proyecto-de-sb-hotels\/\",\"url\":\"https:\/\/www.garciafaura.com\/es\/garcia-faura-en-el-nuevo-proyecto-de-sb-hotels\/\",\"name\":\"GARCIA FAURA en el nuevo proyecto de SB Hotels - GARCIA FAURA\",\"isPartOf\":{\"@id\":\"https:\/\/www.garciafaura.com\/fr\/#website\"},\"primaryImageOfPage\":{\"@id\":\"https:\/\/www.garciafaura.com\/es\/garcia-faura-en-el-nuevo-proyecto-de-sb-hotels\/#primaryimage\"},\"image\":{\"@id\":\"https:\/\/www.garciafaura.com\/es\/garcia-faura-en-el-nuevo-proyecto-de-sb-hotels\/#primaryimage\"},\"thumbnailUrl\":\"https:\/\/www.garciafaura.com\/wp-content\/uploads\/2018\/11\/Hotel-SB-Placa-Europa-01.jpg\",\"datePublished\":\"2013-04-10T00:00:00+00:00\",\"dateModified\":\"2019-06-03T12:14:06+00:00\",\"description\":\"Arquitectura en Alumini, Inox, Ferro i Vidre\",\"breadcrumb\":{\"@id\":\"https:\/\/www.garciafaura.com\/es\/garcia-faura-en-el-nuevo-proyecto-de-sb-hotels\/#breadcrumb\"},\"inLanguage\":\"es\",\"potentialAction\":[{\"@type\":\"ReadAction\",\"target\":[\"https:\/\/www.garciafaura.com\/es\/garcia-faura-en-el-nuevo-proyecto-de-sb-hotels\/\"]}]},{\"@type\":\"ImageObject\",\"inLanguage\":\"es\",\"@id\":\"https:\/\/www.garciafaura.com\/es\/garcia-faura-en-el-nuevo-proyecto-de-sb-hotels\/#primaryimage\",\"url\":\"https:\/\/www.garciafaura.com\/wp-content\/uploads\/2018\/11\/Hotel-SB-Placa-Europa-01.jpg\",\"contentUrl\":\"https:\/\/www.garciafaura.com\/wp-content\/uploads\/2018\/11\/Hotel-SB-Placa-Europa-01.jpg\"},{\"@type\":\"BreadcrumbList\",\"@id\":\"https:\/\/www.garciafaura.com\/es\/garcia-faura-en-el-nuevo-proyecto-de-sb-hotels\/#breadcrumb\",\"itemListElement\":[{\"@type\":\"ListItem\",\"position\":1,\"name\":\"Inici\",\"item\":\"https:\/\/www.garciafaura.com\/es\/\"},{\"@type\":\"ListItem\",\"position\":2,\"name\":\"GARCIA FAURA en el nuevo proyecto de SB Hotels\"}]},{\"@type\":\"WebSite\",\"@id\":\"https:\/\/www.garciafaura.com\/fr\/#website\",\"url\":\"https:\/\/www.garciafaura.com\/fr\/\",\"name\":\"GARCIA FAURA\",\"description\":\"Arquitectura en Alumini, Inox, Ferro i Vidre\",\"publisher\":{\"@id\":\"https:\/\/www.garciafaura.com\/fr\/#organization\"},\"potentialAction\":[{\"@type\":\"SearchAction\",\"target\":{\"@type\":\"EntryPoint\",\"urlTemplate\":\"https:\/\/www.garciafaura.com\/fr\/?s={search_term_string}\"},\"query-input\":{\"@type\":\"PropertyValueSpecification\",\"valueRequired\":true,\"valueName\":\"search_term_string\"}}],\"inLanguage\":\"es\"},{\"@type\":\"Organization\",\"@id\":\"https:\/\/www.garciafaura.com\/fr\/#organization\",\"name\":\"GARCIA FAURA\",\"url\":\"https:\/\/www.garciafaura.com\/fr\/\",\"logo\":{\"@type\":\"ImageObject\",\"inLanguage\":\"es\",\"@id\":\"https:\/\/www.garciafaura.com\/fr\/#\/schema\/logo\/image\/\",\"url\":\"https:\/\/www.garciafaura.com\/wp-content\/uploads\/2018\/09\/Garcia-Faura.png\",\"contentUrl\":\"https:\/\/www.garciafaura.com\/wp-content\/uploads\/2018\/09\/Garcia-Faura.png\",\"width\":512,\"height\":512,\"caption\":\"GARCIA FAURA\"},\"image\":{\"@id\":\"https:\/\/www.garciafaura.com\/fr\/#\/schema\/logo\/image\/\"},\"sameAs\":[\"https:\/\/www.youtube.com\/user\/GARCIAFAURA\"]},{\"@type\":\"Person\",\"@id\":\"https:\/\/www.garciafaura.com\/fr\/#\/schema\/person\/b4b75e69b33fac3446071909bec106b0\",\"name\":\"David Achell\",\"image\":{\"@type\":\"ImageObject\",\"inLanguage\":\"es\",\"@id\":\"https:\/\/www.garciafaura.com\/fr\/#\/schema\/person\/image\/\",\"url\":\"https:\/\/secure.gravatar.com\/avatar\/03900210afc1f61bce737bcb4a79c02e2c997f171e3eca839b5a4cbe03846c90?s=96&d=blank&r=g\",\"contentUrl\":\"https:\/\/secure.gravatar.com\/avatar\/03900210afc1f61bce737bcb4a79c02e2c997f171e3eca839b5a4cbe03846c90?s=96&d=blank&r=g\",\"caption\":\"David Achell\"}}]}<\/script>\n<!-- \/ Yoast SEO plugin. -->","yoast_head_json":{"title":"GARCIA FAURA en el nuevo proyecto de SB Hotels - GARCIA FAURA","description":"Arquitectura en Alumini, Inox, Ferro i Vidre","robots":{"index":"index","follow":"follow","max-snippet":"max-snippet:-1","max-image-preview":"max-image-preview:large","max-video-preview":"max-video-preview:-1"},"canonical":"https:\/\/www.garciafaura.com\/es\/garcia-faura-en-el-nuevo-proyecto-de-sb-hotels\/","og_locale":"es_ES","og_type":"article","og_title":"GARCIA FAURA en el nuevo proyecto de SB Hotels - GARCIA FAURA","og_description":"Arquitectura en Alumini, Inox, Ferro i Vidre","og_url":"https:\/\/www.garciafaura.com\/es\/garcia-faura-en-el-nuevo-proyecto-de-sb-hotels\/","og_site_name":"GARCIA FAURA","article_published_time":"2013-04-10T00:00:00+00:00","article_modified_time":"2019-06-03T12:14:06+00:00","og_image":[{"url":"https:\/\/www.garciafaura.com\/wp-content\/uploads\/2018\/11\/Hotel-SB-Placa-Europa-01.jpg","width":1,"height":1,"type":"image\/jpeg"}],"author":"David Achell","twitter_card":"summary_large_image","twitter_misc":{"Escrito por":"David Achell","Tiempo de lectura":"2 minutos"},"schema":{"@context":"https:\/\/schema.org","@graph":[{"@type":"Article","@id":"https:\/\/www.garciafaura.com\/es\/garcia-faura-en-el-nuevo-proyecto-de-sb-hotels\/#article","isPartOf":{"@id":"https:\/\/www.garciafaura.com\/es\/garcia-faura-en-el-nuevo-proyecto-de-sb-hotels\/"},"author":{"name":"David Achell","@id":"https:\/\/www.garciafaura.com\/fr\/#\/schema\/person\/b4b75e69b33fac3446071909bec106b0"},"headline":"GARCIA FAURA en el nuevo proyecto de SB Hotels","datePublished":"2013-04-10T00:00:00+00:00","dateModified":"2019-06-03T12:14:06+00:00","mainEntityOfPage":{"@id":"https:\/\/www.garciafaura.com\/es\/garcia-faura-en-el-nuevo-proyecto-de-sb-hotels\/"},"wordCount":319,"commentCount":0,"publisher":{"@id":"https:\/\/www.garciafaura.com\/fr\/#organization"},"image":{"@id":"https:\/\/www.garciafaura.com\/es\/garcia-faura-en-el-nuevo-proyecto-de-sb-hotels\/#primaryimage"},"thumbnailUrl":"https:\/\/www.garciafaura.com\/wp-content\/uploads\/2018\/11\/Hotel-SB-Placa-Europa-01.jpg","articleSection":["Actualidad"],"inLanguage":"es","potentialAction":[{"@type":"CommentAction","name":"Comment","target":["https:\/\/www.garciafaura.com\/es\/garcia-faura-en-el-nuevo-proyecto-de-sb-hotels\/#respond"]}]},{"@type":"WebPage","@id":"https:\/\/www.garciafaura.com\/es\/garcia-faura-en-el-nuevo-proyecto-de-sb-hotels\/","url":"https:\/\/www.garciafaura.com\/es\/garcia-faura-en-el-nuevo-proyecto-de-sb-hotels\/","name":"GARCIA FAURA en el nuevo proyecto de SB Hotels - GARCIA FAURA","isPartOf":{"@id":"https:\/\/www.garciafaura.com\/fr\/#website"},"primaryImageOfPage":{"@id":"https:\/\/www.garciafaura.com\/es\/garcia-faura-en-el-nuevo-proyecto-de-sb-hotels\/#primaryimage"},"image":{"@id":"https:\/\/www.garciafaura.com\/es\/garcia-faura-en-el-nuevo-proyecto-de-sb-hotels\/#primaryimage"},"thumbnailUrl":"https:\/\/www.garciafaura.com\/wp-content\/uploads\/2018\/11\/Hotel-SB-Placa-Europa-01.jpg","datePublished":"2013-04-10T00:00:00+00:00","dateModified":"2019-06-03T12:14:06+00:00","description":"Arquitectura en Alumini, Inox, Ferro i Vidre","breadcrumb":{"@id":"https:\/\/www.garciafaura.com\/es\/garcia-faura-en-el-nuevo-proyecto-de-sb-hotels\/#breadcrumb"},"inLanguage":"es","potentialAction":[{"@type":"ReadAction","target":["https:\/\/www.garciafaura.com\/es\/garcia-faura-en-el-nuevo-proyecto-de-sb-hotels\/"]}]},{"@type":"ImageObject","inLanguage":"es","@id":"https:\/\/www.garciafaura.com\/es\/garcia-faura-en-el-nuevo-proyecto-de-sb-hotels\/#primaryimage","url":"https:\/\/www.garciafaura.com\/wp-content\/uploads\/2018\/11\/Hotel-SB-Placa-Europa-01.jpg","contentUrl":"https:\/\/www.garciafaura.com\/wp-content\/uploads\/2018\/11\/Hotel-SB-Placa-Europa-01.jpg"},{"@type":"BreadcrumbList","@id":"https:\/\/www.garciafaura.com\/es\/garcia-faura-en-el-nuevo-proyecto-de-sb-hotels\/#breadcrumb","itemListElement":[{"@type":"ListItem","position":1,"name":"Inici","item":"https:\/\/www.garciafaura.com\/es\/"},{"@type":"ListItem","position":2,"name":"GARCIA FAURA en el nuevo proyecto de SB Hotels"}]},{"@type":"WebSite","@id":"https:\/\/www.garciafaura.com\/fr\/#website","url":"https:\/\/www.garciafaura.com\/fr\/","name":"GARCIA FAURA","description":"Arquitectura en Alumini, Inox, Ferro i Vidre","publisher":{"@id":"https:\/\/www.garciafaura.com\/fr\/#organization"},"potentialAction":[{"@type":"SearchAction","target":{"@type":"EntryPoint","urlTemplate":"https:\/\/www.garciafaura.com\/fr\/?s={search_term_string}"},"query-input":{"@type":"PropertyValueSpecification","valueRequired":true,"valueName":"search_term_string"}}],"inLanguage":"es"},{"@type":"Organization","@id":"https:\/\/www.garciafaura.com\/fr\/#organization","name":"GARCIA FAURA","url":"https:\/\/www.garciafaura.com\/fr\/","logo":{"@type":"ImageObject","inLanguage":"es","@id":"https:\/\/www.garciafaura.com\/fr\/#\/schema\/logo\/image\/","url":"https:\/\/www.garciafaura.com\/wp-content\/uploads\/2018\/09\/Garcia-Faura.png","contentUrl":"https:\/\/www.garciafaura.com\/wp-content\/uploads\/2018\/09\/Garcia-Faura.png","width":512,"height":512,"caption":"GARCIA FAURA"},"image":{"@id":"https:\/\/www.garciafaura.com\/fr\/#\/schema\/logo\/image\/"},"sameAs":["https:\/\/www.youtube.com\/user\/GARCIAFAURA"]},{"@type":"Person","@id":"https:\/\/www.garciafaura.com\/fr\/#\/schema\/person\/b4b75e69b33fac3446071909bec106b0","name":"David Achell","image":{"@type":"ImageObject","inLanguage":"es","@id":"https:\/\/www.garciafaura.com\/fr\/#\/schema\/person\/image\/","url":"https:\/\/secure.gravatar.com\/avatar\/03900210afc1f61bce737bcb4a79c02e2c997f171e3eca839b5a4cbe03846c90?s=96&d=blank&r=g","contentUrl":"https:\/\/secure.gravatar.com\/avatar\/03900210afc1f61bce737bcb4a79c02e2c997f171e3eca839b5a4cbe03846c90?s=96&d=blank&r=g","caption":"David Achell"}}]}},"_links":{"self":[{"href":"https:\/\/www.garciafaura.com\/es\/wp-json\/wp\/v2\/posts\/5757","targetHints":{"allow":["GET"]}}],"collection":[{"href":"https:\/\/www.garciafaura.com\/es\/wp-json\/wp\/v2\/posts"}],"about":[{"href":"https:\/\/www.garciafaura.com\/es\/wp-json\/wp\/v2\/types\/post"}],"author":[{"embeddable":true,"href":"https:\/\/www.garciafaura.com\/es\/wp-json\/wp\/v2\/users\/3"}],"replies":[{"embeddable":true,"href":"https:\/\/www.garciafaura.com\/es\/wp-json\/wp\/v2\/comments?post=5757"}],"version-history":[{"count":1,"href":"https:\/\/www.garciafaura.com\/es\/wp-json\/wp\/v2\/posts\/5757\/revisions"}],"predecessor-version":[{"id":21596,"href":"https:\/\/www.garciafaura.com\/es\/wp-json\/wp\/v2\/posts\/5757\/revisions\/21596"}],"wp:featuredmedia":[{"embeddable":true,"href":"https:\/\/www.garciafaura.com\/es\/wp-json\/wp\/v2\/media\/5741"}],"wp:attachment":[{"href":"https:\/\/www.garciafaura.com\/es\/wp-json\/wp\/v2\/media?parent=5757"}],"wp:term":[{"taxonomy":"category","embeddable":true,"href":"https:\/\/www.garciafaura.com\/es\/wp-json\/wp\/v2\/categories?post=5757"},{"taxonomy":"post_tag","embeddable":true,"href":"https:\/\/www.garciafaura.com\/es\/wp-json\/wp\/v2\/tags?post=5757"},{"taxonomy":"post_series","embeddable":true,"href":"https:\/\/www.garciafaura.com\/es\/wp-json\/wp\/v2\/post_series?post=5757"}],"curies":[{"name":"wp","href":"https:\/\/api.w.org\/{rel}","templated":true}]}}