{"id":5677,"date":"2012-11-03T00:00:00","date_gmt":"2012-11-03T00:00:00","guid":{"rendered":"https:\/\/www.garciafaura.com\/garcia-faura-rehabilita-la-antigua-clinica-dexeus\/"},"modified":"2019-06-03T12:20:59","modified_gmt":"2019-06-03T12:20:59","slug":"garcia-faura-rehabilita-la-antigua-clinica-dexeus","status":"publish","type":"post","link":"https:\/\/www.garciafaura.com\/es\/garcia-faura-rehabilita-la-antigua-clinica-dexeus\/","title":{"rendered":"GARCIA FAURA rehabilita la antigua Cl\u00ednica Dexeus"},"content":{"rendered":"<p>La cl\u00ednica del paseo de la Bonanova fundada por los hermanos Santiago y Josep Maria Dexeus en 1973 y cerrada en 2007 tendr\u00e1 un nuevo uso. La promotora inmobiliaria N\u00fa\u00f1ez i Navarro la est\u00e1 transformando en una residencia sanitaria asistida. La antigua cl\u00ednica Dexeus est\u00e1 ubicada en el n\u00famero 67 del paseo de la Bonanova, mientras que el n\u00famero 69 de la misma v\u00eda est\u00e1 ocupado por consultorios m\u00e9dicos. Ambos edificios suman una superficie de 7.500 metros cuadrados. De \u00e9stos, 3.500 metros cuadrados se mantendr\u00e1n como consultorios m\u00e9dicos y el resto se destinar\u00e1 a la residencia sanitaria asistida.<\/p>\n<p><strong>GARCIA FAURA<\/strong> est\u00e1 trabajando este invierno en las \u00faltimas fases de fabricaci\u00f3n e instalaci\u00f3n del conjunto de cerramientos de la nueva residencia. En total se trata de cerca de 350 puertas y ventanas con perfiler\u00eda de aluminio con rotura de puente t\u00e9rmico de altas prestaciones t\u00e9cnicas. Los equipos propios de fabricaci\u00f3n de la empresa trabajan a pleno rendimiento para dar salida a la producci\u00f3n que requieren los equipos de instalaci\u00f3n que trabajan en obra. Adem\u00e1s de las unidades de cerramientos mencionadas, los trabajos tambi\u00e9n contemplan el montaje de 500 metros cuadrados de forrados de chapa, como revestimiento de la obra.<\/p>\n<p>La residencia promovida por N\u00fa\u00f1ez i Navarro se dirigir\u00e1 tanto a ancianos como a personas que vengan a Barcelona a operarse y requieran cuidados especializados. La gesti\u00f3n del nuevo centro ir\u00e1 a cargo de la compa\u00f1\u00eda de atenci\u00f3n a la dependencia SARquavitae. Tendr\u00e1 capacidad para 141 personas y crear\u00e1 un centenar de puestos de trabajo. Su apertura est\u00e1 prevista para el primer trimestre de 2013. La residencia tendr\u00e1 35 habitaciones dobles y 71 individuales y atender\u00e1 a persones con diferentes niveles de dependencia.<\/p>\n<p>Las instalaciones se est\u00e1n remodelando siguiendo un modelo residencial que busca ofrecer a cada residente un servicio especializado y personalizado, seg\u00fan sus propias necesidades de atenci\u00f3n. De esta manera, el edificio se estructura en cinco m\u00f3dulos de convivencia convertidos en miniresidencias, que dispondr\u00e1n de sus propios espacios comunes como comedores, salas de visitas, salones de estar y controles de enfermer\u00eda. Adem\u00e1s, dispondr\u00e1 de una amplia y ajardinada zona exterior destinada a los residentes y sus familiares.<\/p>\n","protected":false},"excerpt":{"rendered":"<p>\n\tGARCIA FAURA trabaja en la&nbsp;fabricaci&oacute;n e instalaci&oacute;n del conjunto de cerramientos de la nueva residencia. Cerca de 350 puertas y ventanas con perfiler&iacute;a de aluminio con rotura de puente t&eacute;rmico de altas prestaciones t&eacute;cnicas. Tendr&aacute; capacidad para 141 personas y crear&aacute; un centenar de puestos de trabajo. Su apertura est&aacute; prevista para el primer trimestre de 2013.<\/p>\n","protected":false},"author":3,"featured_media":5669,"comment_status":"open","ping_status":"open","sticky":false,"template":"","format":"standard","meta":{"footnotes":""},"categories":[3],"tags":[],"post_series":[],"class_list":["post-5677","post","type-post","status-publish","format-standard","has-post-thumbnail","hentry","category-actualidad","entry","has-media"],"yoast_head":"<!-- This site is optimized with the Yoast SEO plugin v26.7 - https:\/\/yoast.com\/wordpress\/plugins\/seo\/ -->\n<title>GARCIA FAURA rehabilita la antigua Cl\u00ednica Dexeus - GARCIA FAURA<\/title>\n<meta name=\"description\" content=\"Arquitectura en Alumini, Inox, Ferro i Vidre\" \/>\n<meta name=\"robots\" content=\"index, follow, max-snippet:-1, max-image-preview:large, max-video-preview:-1\" \/>\n<link rel=\"canonical\" href=\"https:\/\/www.garciafaura.com\/es\/garcia-faura-rehabilita-la-antigua-clinica-dexeus\/\" \/>\n<meta property=\"og:locale\" content=\"es_ES\" \/>\n<meta property=\"og:type\" content=\"article\" \/>\n<meta property=\"og:title\" content=\"GARCIA FAURA rehabilita la antigua Cl\u00ednica Dexeus - GARCIA FAURA\" \/>\n<meta property=\"og:description\" content=\"Arquitectura en Alumini, Inox, Ferro i Vidre\" \/>\n<meta property=\"og:url\" content=\"https:\/\/www.garciafaura.com\/es\/garcia-faura-rehabilita-la-antigua-clinica-dexeus\/\" \/>\n<meta property=\"og:site_name\" content=\"GARCIA FAURA\" \/>\n<meta property=\"article:published_time\" content=\"2012-11-03T00:00:00+00:00\" \/>\n<meta property=\"article:modified_time\" content=\"2019-06-03T12:20:59+00:00\" \/>\n<meta property=\"og:image\" content=\"https:\/\/www.garciafaura.com\/wp-content\/uploads\/2018\/11\/NyN-Dexeus.jpg\" \/>\n\t<meta property=\"og:image:width\" content=\"1\" \/>\n\t<meta property=\"og:image:height\" content=\"1\" \/>\n\t<meta property=\"og:image:type\" content=\"image\/jpeg\" \/>\n<meta name=\"author\" content=\"David Achell\" \/>\n<meta name=\"twitter:card\" content=\"summary_large_image\" \/>\n<meta name=\"twitter:label1\" content=\"Escrito por\" \/>\n\t<meta name=\"twitter:data1\" content=\"David Achell\" \/>\n\t<meta name=\"twitter:label2\" content=\"Tiempo de lectura\" \/>\n\t<meta name=\"twitter:data2\" content=\"2 minutos\" \/>\n<script type=\"application\/ld+json\" class=\"yoast-schema-graph\">{\"@context\":\"https:\/\/schema.org\",\"@graph\":[{\"@type\":\"Article\",\"@id\":\"https:\/\/www.garciafaura.com\/es\/garcia-faura-rehabilita-la-antigua-clinica-dexeus\/#article\",\"isPartOf\":{\"@id\":\"https:\/\/www.garciafaura.com\/es\/garcia-faura-rehabilita-la-antigua-clinica-dexeus\/\"},\"author\":{\"name\":\"David Achell\",\"@id\":\"https:\/\/www.garciafaura.com\/fr\/#\/schema\/person\/b4b75e69b33fac3446071909bec106b0\"},\"headline\":\"GARCIA FAURA rehabilita la antigua Cl\u00ednica Dexeus\",\"datePublished\":\"2012-11-03T00:00:00+00:00\",\"dateModified\":\"2019-06-03T12:20:59+00:00\",\"mainEntityOfPage\":{\"@id\":\"https:\/\/www.garciafaura.com\/es\/garcia-faura-rehabilita-la-antigua-clinica-dexeus\/\"},\"wordCount\":383,\"commentCount\":0,\"publisher\":{\"@id\":\"https:\/\/www.garciafaura.com\/fr\/#organization\"},\"image\":{\"@id\":\"https:\/\/www.garciafaura.com\/es\/garcia-faura-rehabilita-la-antigua-clinica-dexeus\/#primaryimage\"},\"thumbnailUrl\":\"https:\/\/www.garciafaura.com\/wp-content\/uploads\/2018\/11\/NyN-Dexeus.jpg\",\"articleSection\":[\"Actualidad\"],\"inLanguage\":\"es\",\"potentialAction\":[{\"@type\":\"CommentAction\",\"name\":\"Comment\",\"target\":[\"https:\/\/www.garciafaura.com\/es\/garcia-faura-rehabilita-la-antigua-clinica-dexeus\/#respond\"]}]},{\"@type\":\"WebPage\",\"@id\":\"https:\/\/www.garciafaura.com\/es\/garcia-faura-rehabilita-la-antigua-clinica-dexeus\/\",\"url\":\"https:\/\/www.garciafaura.com\/es\/garcia-faura-rehabilita-la-antigua-clinica-dexeus\/\",\"name\":\"GARCIA FAURA rehabilita la antigua Cl\u00ednica Dexeus - GARCIA FAURA\",\"isPartOf\":{\"@id\":\"https:\/\/www.garciafaura.com\/fr\/#website\"},\"primaryImageOfPage\":{\"@id\":\"https:\/\/www.garciafaura.com\/es\/garcia-faura-rehabilita-la-antigua-clinica-dexeus\/#primaryimage\"},\"image\":{\"@id\":\"https:\/\/www.garciafaura.com\/es\/garcia-faura-rehabilita-la-antigua-clinica-dexeus\/#primaryimage\"},\"thumbnailUrl\":\"https:\/\/www.garciafaura.com\/wp-content\/uploads\/2018\/11\/NyN-Dexeus.jpg\",\"datePublished\":\"2012-11-03T00:00:00+00:00\",\"dateModified\":\"2019-06-03T12:20:59+00:00\",\"description\":\"Arquitectura en Alumini, Inox, Ferro i Vidre\",\"breadcrumb\":{\"@id\":\"https:\/\/www.garciafaura.com\/es\/garcia-faura-rehabilita-la-antigua-clinica-dexeus\/#breadcrumb\"},\"inLanguage\":\"es\",\"potentialAction\":[{\"@type\":\"ReadAction\",\"target\":[\"https:\/\/www.garciafaura.com\/es\/garcia-faura-rehabilita-la-antigua-clinica-dexeus\/\"]}]},{\"@type\":\"ImageObject\",\"inLanguage\":\"es\",\"@id\":\"https:\/\/www.garciafaura.com\/es\/garcia-faura-rehabilita-la-antigua-clinica-dexeus\/#primaryimage\",\"url\":\"https:\/\/www.garciafaura.com\/wp-content\/uploads\/2018\/11\/NyN-Dexeus.jpg\",\"contentUrl\":\"https:\/\/www.garciafaura.com\/wp-content\/uploads\/2018\/11\/NyN-Dexeus.jpg\"},{\"@type\":\"BreadcrumbList\",\"@id\":\"https:\/\/www.garciafaura.com\/es\/garcia-faura-rehabilita-la-antigua-clinica-dexeus\/#breadcrumb\",\"itemListElement\":[{\"@type\":\"ListItem\",\"position\":1,\"name\":\"Inici\",\"item\":\"https:\/\/www.garciafaura.com\/es\/\"},{\"@type\":\"ListItem\",\"position\":2,\"name\":\"GARCIA FAURA rehabilita la antigua Cl\u00ednica Dexeus\"}]},{\"@type\":\"WebSite\",\"@id\":\"https:\/\/www.garciafaura.com\/fr\/#website\",\"url\":\"https:\/\/www.garciafaura.com\/fr\/\",\"name\":\"GARCIA FAURA\",\"description\":\"Arquitectura en Alumini, Inox, Ferro i Vidre\",\"publisher\":{\"@id\":\"https:\/\/www.garciafaura.com\/fr\/#organization\"},\"potentialAction\":[{\"@type\":\"SearchAction\",\"target\":{\"@type\":\"EntryPoint\",\"urlTemplate\":\"https:\/\/www.garciafaura.com\/fr\/?s={search_term_string}\"},\"query-input\":{\"@type\":\"PropertyValueSpecification\",\"valueRequired\":true,\"valueName\":\"search_term_string\"}}],\"inLanguage\":\"es\"},{\"@type\":\"Organization\",\"@id\":\"https:\/\/www.garciafaura.com\/fr\/#organization\",\"name\":\"GARCIA FAURA\",\"url\":\"https:\/\/www.garciafaura.com\/fr\/\",\"logo\":{\"@type\":\"ImageObject\",\"inLanguage\":\"es\",\"@id\":\"https:\/\/www.garciafaura.com\/fr\/#\/schema\/logo\/image\/\",\"url\":\"https:\/\/www.garciafaura.com\/wp-content\/uploads\/2018\/09\/Garcia-Faura.png\",\"contentUrl\":\"https:\/\/www.garciafaura.com\/wp-content\/uploads\/2018\/09\/Garcia-Faura.png\",\"width\":512,\"height\":512,\"caption\":\"GARCIA FAURA\"},\"image\":{\"@id\":\"https:\/\/www.garciafaura.com\/fr\/#\/schema\/logo\/image\/\"},\"sameAs\":[\"https:\/\/www.youtube.com\/user\/GARCIAFAURA\"]},{\"@type\":\"Person\",\"@id\":\"https:\/\/www.garciafaura.com\/fr\/#\/schema\/person\/b4b75e69b33fac3446071909bec106b0\",\"name\":\"David Achell\",\"image\":{\"@type\":\"ImageObject\",\"inLanguage\":\"es\",\"@id\":\"https:\/\/www.garciafaura.com\/fr\/#\/schema\/person\/image\/\",\"url\":\"https:\/\/secure.gravatar.com\/avatar\/03900210afc1f61bce737bcb4a79c02e2c997f171e3eca839b5a4cbe03846c90?s=96&d=blank&r=g\",\"contentUrl\":\"https:\/\/secure.gravatar.com\/avatar\/03900210afc1f61bce737bcb4a79c02e2c997f171e3eca839b5a4cbe03846c90?s=96&d=blank&r=g\",\"caption\":\"David Achell\"}}]}<\/script>\n<!-- \/ Yoast SEO plugin. -->","yoast_head_json":{"title":"GARCIA FAURA rehabilita la antigua Cl\u00ednica Dexeus - GARCIA FAURA","description":"Arquitectura en Alumini, Inox, Ferro i Vidre","robots":{"index":"index","follow":"follow","max-snippet":"max-snippet:-1","max-image-preview":"max-image-preview:large","max-video-preview":"max-video-preview:-1"},"canonical":"https:\/\/www.garciafaura.com\/es\/garcia-faura-rehabilita-la-antigua-clinica-dexeus\/","og_locale":"es_ES","og_type":"article","og_title":"GARCIA FAURA rehabilita la antigua Cl\u00ednica Dexeus - GARCIA FAURA","og_description":"Arquitectura en Alumini, Inox, Ferro i Vidre","og_url":"https:\/\/www.garciafaura.com\/es\/garcia-faura-rehabilita-la-antigua-clinica-dexeus\/","og_site_name":"GARCIA FAURA","article_published_time":"2012-11-03T00:00:00+00:00","article_modified_time":"2019-06-03T12:20:59+00:00","og_image":[{"url":"https:\/\/www.garciafaura.com\/wp-content\/uploads\/2018\/11\/NyN-Dexeus.jpg","width":1,"height":1,"type":"image\/jpeg"}],"author":"David Achell","twitter_card":"summary_large_image","twitter_misc":{"Escrito por":"David Achell","Tiempo de lectura":"2 minutos"},"schema":{"@context":"https:\/\/schema.org","@graph":[{"@type":"Article","@id":"https:\/\/www.garciafaura.com\/es\/garcia-faura-rehabilita-la-antigua-clinica-dexeus\/#article","isPartOf":{"@id":"https:\/\/www.garciafaura.com\/es\/garcia-faura-rehabilita-la-antigua-clinica-dexeus\/"},"author":{"name":"David Achell","@id":"https:\/\/www.garciafaura.com\/fr\/#\/schema\/person\/b4b75e69b33fac3446071909bec106b0"},"headline":"GARCIA FAURA rehabilita la antigua Cl\u00ednica Dexeus","datePublished":"2012-11-03T00:00:00+00:00","dateModified":"2019-06-03T12:20:59+00:00","mainEntityOfPage":{"@id":"https:\/\/www.garciafaura.com\/es\/garcia-faura-rehabilita-la-antigua-clinica-dexeus\/"},"wordCount":383,"commentCount":0,"publisher":{"@id":"https:\/\/www.garciafaura.com\/fr\/#organization"},"image":{"@id":"https:\/\/www.garciafaura.com\/es\/garcia-faura-rehabilita-la-antigua-clinica-dexeus\/#primaryimage"},"thumbnailUrl":"https:\/\/www.garciafaura.com\/wp-content\/uploads\/2018\/11\/NyN-Dexeus.jpg","articleSection":["Actualidad"],"inLanguage":"es","potentialAction":[{"@type":"CommentAction","name":"Comment","target":["https:\/\/www.garciafaura.com\/es\/garcia-faura-rehabilita-la-antigua-clinica-dexeus\/#respond"]}]},{"@type":"WebPage","@id":"https:\/\/www.garciafaura.com\/es\/garcia-faura-rehabilita-la-antigua-clinica-dexeus\/","url":"https:\/\/www.garciafaura.com\/es\/garcia-faura-rehabilita-la-antigua-clinica-dexeus\/","name":"GARCIA FAURA rehabilita la antigua Cl\u00ednica Dexeus - GARCIA FAURA","isPartOf":{"@id":"https:\/\/www.garciafaura.com\/fr\/#website"},"primaryImageOfPage":{"@id":"https:\/\/www.garciafaura.com\/es\/garcia-faura-rehabilita-la-antigua-clinica-dexeus\/#primaryimage"},"image":{"@id":"https:\/\/www.garciafaura.com\/es\/garcia-faura-rehabilita-la-antigua-clinica-dexeus\/#primaryimage"},"thumbnailUrl":"https:\/\/www.garciafaura.com\/wp-content\/uploads\/2018\/11\/NyN-Dexeus.jpg","datePublished":"2012-11-03T00:00:00+00:00","dateModified":"2019-06-03T12:20:59+00:00","description":"Arquitectura en Alumini, Inox, Ferro i Vidre","breadcrumb":{"@id":"https:\/\/www.garciafaura.com\/es\/garcia-faura-rehabilita-la-antigua-clinica-dexeus\/#breadcrumb"},"inLanguage":"es","potentialAction":[{"@type":"ReadAction","target":["https:\/\/www.garciafaura.com\/es\/garcia-faura-rehabilita-la-antigua-clinica-dexeus\/"]}]},{"@type":"ImageObject","inLanguage":"es","@id":"https:\/\/www.garciafaura.com\/es\/garcia-faura-rehabilita-la-antigua-clinica-dexeus\/#primaryimage","url":"https:\/\/www.garciafaura.com\/wp-content\/uploads\/2018\/11\/NyN-Dexeus.jpg","contentUrl":"https:\/\/www.garciafaura.com\/wp-content\/uploads\/2018\/11\/NyN-Dexeus.jpg"},{"@type":"BreadcrumbList","@id":"https:\/\/www.garciafaura.com\/es\/garcia-faura-rehabilita-la-antigua-clinica-dexeus\/#breadcrumb","itemListElement":[{"@type":"ListItem","position":1,"name":"Inici","item":"https:\/\/www.garciafaura.com\/es\/"},{"@type":"ListItem","position":2,"name":"GARCIA FAURA rehabilita la antigua Cl\u00ednica Dexeus"}]},{"@type":"WebSite","@id":"https:\/\/www.garciafaura.com\/fr\/#website","url":"https:\/\/www.garciafaura.com\/fr\/","name":"GARCIA FAURA","description":"Arquitectura en Alumini, Inox, Ferro i Vidre","publisher":{"@id":"https:\/\/www.garciafaura.com\/fr\/#organization"},"potentialAction":[{"@type":"SearchAction","target":{"@type":"EntryPoint","urlTemplate":"https:\/\/www.garciafaura.com\/fr\/?s={search_term_string}"},"query-input":{"@type":"PropertyValueSpecification","valueRequired":true,"valueName":"search_term_string"}}],"inLanguage":"es"},{"@type":"Organization","@id":"https:\/\/www.garciafaura.com\/fr\/#organization","name":"GARCIA FAURA","url":"https:\/\/www.garciafaura.com\/fr\/","logo":{"@type":"ImageObject","inLanguage":"es","@id":"https:\/\/www.garciafaura.com\/fr\/#\/schema\/logo\/image\/","url":"https:\/\/www.garciafaura.com\/wp-content\/uploads\/2018\/09\/Garcia-Faura.png","contentUrl":"https:\/\/www.garciafaura.com\/wp-content\/uploads\/2018\/09\/Garcia-Faura.png","width":512,"height":512,"caption":"GARCIA FAURA"},"image":{"@id":"https:\/\/www.garciafaura.com\/fr\/#\/schema\/logo\/image\/"},"sameAs":["https:\/\/www.youtube.com\/user\/GARCIAFAURA"]},{"@type":"Person","@id":"https:\/\/www.garciafaura.com\/fr\/#\/schema\/person\/b4b75e69b33fac3446071909bec106b0","name":"David Achell","image":{"@type":"ImageObject","inLanguage":"es","@id":"https:\/\/www.garciafaura.com\/fr\/#\/schema\/person\/image\/","url":"https:\/\/secure.gravatar.com\/avatar\/03900210afc1f61bce737bcb4a79c02e2c997f171e3eca839b5a4cbe03846c90?s=96&d=blank&r=g","contentUrl":"https:\/\/secure.gravatar.com\/avatar\/03900210afc1f61bce737bcb4a79c02e2c997f171e3eca839b5a4cbe03846c90?s=96&d=blank&r=g","caption":"David Achell"}}]}},"_links":{"self":[{"href":"https:\/\/www.garciafaura.com\/es\/wp-json\/wp\/v2\/posts\/5677","targetHints":{"allow":["GET"]}}],"collection":[{"href":"https:\/\/www.garciafaura.com\/es\/wp-json\/wp\/v2\/posts"}],"about":[{"href":"https:\/\/www.garciafaura.com\/es\/wp-json\/wp\/v2\/types\/post"}],"author":[{"embeddable":true,"href":"https:\/\/www.garciafaura.com\/es\/wp-json\/wp\/v2\/users\/3"}],"replies":[{"embeddable":true,"href":"https:\/\/www.garciafaura.com\/es\/wp-json\/wp\/v2\/comments?post=5677"}],"version-history":[{"count":1,"href":"https:\/\/www.garciafaura.com\/es\/wp-json\/wp\/v2\/posts\/5677\/revisions"}],"predecessor-version":[{"id":21609,"href":"https:\/\/www.garciafaura.com\/es\/wp-json\/wp\/v2\/posts\/5677\/revisions\/21609"}],"wp:featuredmedia":[{"embeddable":true,"href":"https:\/\/www.garciafaura.com\/es\/wp-json\/wp\/v2\/media\/5669"}],"wp:attachment":[{"href":"https:\/\/www.garciafaura.com\/es\/wp-json\/wp\/v2\/media?parent=5677"}],"wp:term":[{"taxonomy":"category","embeddable":true,"href":"https:\/\/www.garciafaura.com\/es\/wp-json\/wp\/v2\/categories?post=5677"},{"taxonomy":"post_tag","embeddable":true,"href":"https:\/\/www.garciafaura.com\/es\/wp-json\/wp\/v2\/tags?post=5677"},{"taxonomy":"post_series","embeddable":true,"href":"https:\/\/www.garciafaura.com\/es\/wp-json\/wp\/v2\/post_series?post=5677"}],"curies":[{"name":"wp","href":"https:\/\/api.w.org\/{rel}","templated":true}]}}