{"id":5665,"date":"2012-10-11T00:00:00","date_gmt":"2012-10-11T00:00:00","guid":{"rendered":"https:\/\/www.garciafaura.com\/apoyo-a-las-nuevas-iniciativas-empresariales\/"},"modified":"2019-06-03T12:21:48","modified_gmt":"2019-06-03T12:21:48","slug":"apoyo-a-las-nuevas-iniciativas-empresariales","status":"publish","type":"post","link":"https:\/\/www.garciafaura.com\/es\/apoyo-a-las-nuevas-iniciativas-empresariales\/","title":{"rendered":"Apoyo a las nuevas iniciativas empresariales"},"content":{"rendered":"<p><strong>GARCIA FAURA<\/strong> colabora en la 11\u00aa edici\u00f3n de los Premios Delta a las mejores iniciativas empresariales del sector del Delta del Llobregat. La empresa muestra as\u00ed su compromiso con la iniciativa emprendedora, la apuesta por el territorio y la generaci\u00f3n de ocupaci\u00f3n local. Los Premios Delta reconocen los mejores proyectos en el campo de la reactivaci\u00f3n empresarial y comercial del sur de Barcelona.<\/p>\n<p>El plazo para presentar candidatura a los Premios Delta se cierra el pr\u00f3ximo 5 de diciembre. Buscan reconocer los mejores proyectos empresariales de los municipios de Castelldefels, Gav\u00e0, El Prat, Sant Boi y Viladecans. Los Premios, que este a\u00f1o suman su und\u00e9cima edici\u00f3n, pretenden premiar la creaci\u00f3n y desarrollo de nuevas actividades empresariales surgidas en el \u00e1mbito local y fomentar la creaci\u00f3n y consolidaci\u00f3n de nuevas empresas as\u00ed como reconocer su papel como herramienta de dinamizaci\u00f3n socioecon\u00f3mica y de creaci\u00f3n de empleo.<\/p>\n<p>En esta und\u00e9cima edici\u00f3n, los Premios Delta se dividen en dos categor\u00edas: los Premios Delta a las Mejores Iniciativas Empresariales y los Premios Delta a las Mejores Iniciativas Comerciales. Tambi\u00e9n hay novedades en cuanto a las dotaciones. As\u00ed, los premios a las Mejores Iniciativas Empresariales pasan a tener cinco galardones. Los dos primeros recibir\u00e1n una dotaci\u00f3n econ\u00f3mica de 3.000 y 1.500 euros, respectivamente, y un paquete de servicios para la gesti\u00f3n y promoci\u00f3n empresarial valorado en 1.500 euros. El tercero, cuarto y quinto premio recibir\u00e1n el paquete de servicios. Los Premios Delta a las Mejores Iniciativas Comerciales tendr\u00e1n tres galardones. El primer premio, valorado en 2.000 euros y el paquete de servicios, y el segundo y el tercer premio, que recibir\u00e1n el paquete de servicios para la gesti\u00f3n y promoci\u00f3n empresarial. Al certamen pueden participar todas las empresas que tengan su domicilio social o la actividad econ\u00f3mica en Castelldefels, Gav\u00e0, Viladecans, Begues, Sant Climent, El Prat o Sant Boi y que hayan iniciado la actividad entre el 1 de enero de 2007 y el 31 de diciembre de 2011.<\/p>\n<p><strong>GARCIA FAURA<\/strong> se convierte, por primera vez, en empresa patrocinadora de los galardones, apoyando una iniciativa que pretende convertirse en un punto de referencia para los nuevos emprendedores, al tiempo que un mecanismo permanente de apoyo y promoci\u00f3n de la cultura emprendedora en el \u00e1mbito metropolitano de Barcelona.<\/p>\n","protected":false},"excerpt":{"rendered":"<p>\n\t<strong>GARCIA FAURA<\/strong> colabora en la 11&ordf; edici&oacute;n de los Premios Delta a las mejores iniciativas empresariales del sector del Delta del Llobregat. La empresa muestra as&iacute; su compromiso con la iniciativa emprendedora, la apuesta por el territorio y la generaci&oacute;n de ocupaci&oacute;n local. Los Premios Delta reconocen los mejores proyectos en el campo de la reactivaci&oacute;n empresarial y comercial del sur de Barcelona.<\/p>\n","protected":false},"author":3,"featured_media":5657,"comment_status":"open","ping_status":"open","sticky":false,"template":"","format":"standard","meta":{"footnotes":""},"categories":[3],"tags":[],"post_series":[],"class_list":["post-5665","post","type-post","status-publish","format-standard","has-post-thumbnail","hentry","category-actualidad","entry","has-media"],"yoast_head":"<!-- This site is optimized with the Yoast SEO plugin v26.7 - https:\/\/yoast.com\/wordpress\/plugins\/seo\/ -->\n<title>Apoyo a las nuevas iniciativas empresariales - GARCIA FAURA<\/title>\n<meta name=\"description\" content=\"Arquitectura en Alumini, Inox, Ferro i Vidre\" \/>\n<meta name=\"robots\" content=\"index, follow, max-snippet:-1, max-image-preview:large, max-video-preview:-1\" \/>\n<link rel=\"canonical\" href=\"https:\/\/www.garciafaura.com\/es\/apoyo-a-las-nuevas-iniciativas-empresariales\/\" \/>\n<meta property=\"og:locale\" content=\"es_ES\" \/>\n<meta property=\"og:type\" content=\"article\" \/>\n<meta property=\"og:title\" content=\"Apoyo a las nuevas iniciativas empresariales - GARCIA FAURA\" \/>\n<meta property=\"og:description\" content=\"Arquitectura en Alumini, Inox, Ferro i Vidre\" \/>\n<meta property=\"og:url\" content=\"https:\/\/www.garciafaura.com\/es\/apoyo-a-las-nuevas-iniciativas-empresariales\/\" \/>\n<meta property=\"og:site_name\" content=\"GARCIA FAURA\" \/>\n<meta property=\"article:published_time\" content=\"2012-10-11T00:00:00+00:00\" \/>\n<meta property=\"article:modified_time\" content=\"2019-06-03T12:21:48+00:00\" \/>\n<meta property=\"og:image\" content=\"https:\/\/www.garciafaura.com\/wp-content\/uploads\/2018\/11\/PremisDelta.jpg\" \/>\n\t<meta property=\"og:image:width\" content=\"1\" \/>\n\t<meta property=\"og:image:height\" content=\"1\" \/>\n\t<meta property=\"og:image:type\" content=\"image\/jpeg\" \/>\n<meta name=\"author\" content=\"David Achell\" \/>\n<meta name=\"twitter:card\" content=\"summary_large_image\" \/>\n<meta name=\"twitter:label1\" content=\"Escrito por\" \/>\n\t<meta name=\"twitter:data1\" content=\"David Achell\" \/>\n\t<meta name=\"twitter:label2\" content=\"Tiempo de lectura\" \/>\n\t<meta name=\"twitter:data2\" content=\"2 minutos\" \/>\n<script type=\"application\/ld+json\" class=\"yoast-schema-graph\">{\"@context\":\"https:\/\/schema.org\",\"@graph\":[{\"@type\":\"Article\",\"@id\":\"https:\/\/www.garciafaura.com\/es\/apoyo-a-las-nuevas-iniciativas-empresariales\/#article\",\"isPartOf\":{\"@id\":\"https:\/\/www.garciafaura.com\/es\/apoyo-a-las-nuevas-iniciativas-empresariales\/\"},\"author\":{\"name\":\"David Achell\",\"@id\":\"https:\/\/www.garciafaura.com\/fr\/#\/schema\/person\/b4b75e69b33fac3446071909bec106b0\"},\"headline\":\"Apoyo a las nuevas iniciativas empresariales\",\"datePublished\":\"2012-10-11T00:00:00+00:00\",\"dateModified\":\"2019-06-03T12:21:48+00:00\",\"mainEntityOfPage\":{\"@id\":\"https:\/\/www.garciafaura.com\/es\/apoyo-a-las-nuevas-iniciativas-empresariales\/\"},\"wordCount\":398,\"commentCount\":0,\"publisher\":{\"@id\":\"https:\/\/www.garciafaura.com\/fr\/#organization\"},\"image\":{\"@id\":\"https:\/\/www.garciafaura.com\/es\/apoyo-a-las-nuevas-iniciativas-empresariales\/#primaryimage\"},\"thumbnailUrl\":\"https:\/\/www.garciafaura.com\/wp-content\/uploads\/2018\/11\/PremisDelta.jpg\",\"articleSection\":[\"Actualidad\"],\"inLanguage\":\"es\",\"potentialAction\":[{\"@type\":\"CommentAction\",\"name\":\"Comment\",\"target\":[\"https:\/\/www.garciafaura.com\/es\/apoyo-a-las-nuevas-iniciativas-empresariales\/#respond\"]}]},{\"@type\":\"WebPage\",\"@id\":\"https:\/\/www.garciafaura.com\/es\/apoyo-a-las-nuevas-iniciativas-empresariales\/\",\"url\":\"https:\/\/www.garciafaura.com\/es\/apoyo-a-las-nuevas-iniciativas-empresariales\/\",\"name\":\"Apoyo a las nuevas iniciativas empresariales - GARCIA FAURA\",\"isPartOf\":{\"@id\":\"https:\/\/www.garciafaura.com\/fr\/#website\"},\"primaryImageOfPage\":{\"@id\":\"https:\/\/www.garciafaura.com\/es\/apoyo-a-las-nuevas-iniciativas-empresariales\/#primaryimage\"},\"image\":{\"@id\":\"https:\/\/www.garciafaura.com\/es\/apoyo-a-las-nuevas-iniciativas-empresariales\/#primaryimage\"},\"thumbnailUrl\":\"https:\/\/www.garciafaura.com\/wp-content\/uploads\/2018\/11\/PremisDelta.jpg\",\"datePublished\":\"2012-10-11T00:00:00+00:00\",\"dateModified\":\"2019-06-03T12:21:48+00:00\",\"description\":\"Arquitectura en Alumini, Inox, Ferro i Vidre\",\"breadcrumb\":{\"@id\":\"https:\/\/www.garciafaura.com\/es\/apoyo-a-las-nuevas-iniciativas-empresariales\/#breadcrumb\"},\"inLanguage\":\"es\",\"potentialAction\":[{\"@type\":\"ReadAction\",\"target\":[\"https:\/\/www.garciafaura.com\/es\/apoyo-a-las-nuevas-iniciativas-empresariales\/\"]}]},{\"@type\":\"ImageObject\",\"inLanguage\":\"es\",\"@id\":\"https:\/\/www.garciafaura.com\/es\/apoyo-a-las-nuevas-iniciativas-empresariales\/#primaryimage\",\"url\":\"https:\/\/www.garciafaura.com\/wp-content\/uploads\/2018\/11\/PremisDelta.jpg\",\"contentUrl\":\"https:\/\/www.garciafaura.com\/wp-content\/uploads\/2018\/11\/PremisDelta.jpg\"},{\"@type\":\"BreadcrumbList\",\"@id\":\"https:\/\/www.garciafaura.com\/es\/apoyo-a-las-nuevas-iniciativas-empresariales\/#breadcrumb\",\"itemListElement\":[{\"@type\":\"ListItem\",\"position\":1,\"name\":\"Inici\",\"item\":\"https:\/\/www.garciafaura.com\/es\/\"},{\"@type\":\"ListItem\",\"position\":2,\"name\":\"Apoyo a las nuevas iniciativas empresariales\"}]},{\"@type\":\"WebSite\",\"@id\":\"https:\/\/www.garciafaura.com\/fr\/#website\",\"url\":\"https:\/\/www.garciafaura.com\/fr\/\",\"name\":\"GARCIA FAURA\",\"description\":\"Arquitectura en Alumini, Inox, Ferro i Vidre\",\"publisher\":{\"@id\":\"https:\/\/www.garciafaura.com\/fr\/#organization\"},\"potentialAction\":[{\"@type\":\"SearchAction\",\"target\":{\"@type\":\"EntryPoint\",\"urlTemplate\":\"https:\/\/www.garciafaura.com\/fr\/?s={search_term_string}\"},\"query-input\":{\"@type\":\"PropertyValueSpecification\",\"valueRequired\":true,\"valueName\":\"search_term_string\"}}],\"inLanguage\":\"es\"},{\"@type\":\"Organization\",\"@id\":\"https:\/\/www.garciafaura.com\/fr\/#organization\",\"name\":\"GARCIA FAURA\",\"url\":\"https:\/\/www.garciafaura.com\/fr\/\",\"logo\":{\"@type\":\"ImageObject\",\"inLanguage\":\"es\",\"@id\":\"https:\/\/www.garciafaura.com\/fr\/#\/schema\/logo\/image\/\",\"url\":\"https:\/\/www.garciafaura.com\/wp-content\/uploads\/2018\/09\/Garcia-Faura.png\",\"contentUrl\":\"https:\/\/www.garciafaura.com\/wp-content\/uploads\/2018\/09\/Garcia-Faura.png\",\"width\":512,\"height\":512,\"caption\":\"GARCIA FAURA\"},\"image\":{\"@id\":\"https:\/\/www.garciafaura.com\/fr\/#\/schema\/logo\/image\/\"},\"sameAs\":[\"https:\/\/www.youtube.com\/user\/GARCIAFAURA\"]},{\"@type\":\"Person\",\"@id\":\"https:\/\/www.garciafaura.com\/fr\/#\/schema\/person\/b4b75e69b33fac3446071909bec106b0\",\"name\":\"David Achell\",\"image\":{\"@type\":\"ImageObject\",\"inLanguage\":\"es\",\"@id\":\"https:\/\/www.garciafaura.com\/fr\/#\/schema\/person\/image\/\",\"url\":\"https:\/\/secure.gravatar.com\/avatar\/03900210afc1f61bce737bcb4a79c02e2c997f171e3eca839b5a4cbe03846c90?s=96&d=blank&r=g\",\"contentUrl\":\"https:\/\/secure.gravatar.com\/avatar\/03900210afc1f61bce737bcb4a79c02e2c997f171e3eca839b5a4cbe03846c90?s=96&d=blank&r=g\",\"caption\":\"David Achell\"}}]}<\/script>\n<!-- \/ Yoast SEO plugin. -->","yoast_head_json":{"title":"Apoyo a las nuevas iniciativas empresariales - GARCIA FAURA","description":"Arquitectura en Alumini, Inox, Ferro i Vidre","robots":{"index":"index","follow":"follow","max-snippet":"max-snippet:-1","max-image-preview":"max-image-preview:large","max-video-preview":"max-video-preview:-1"},"canonical":"https:\/\/www.garciafaura.com\/es\/apoyo-a-las-nuevas-iniciativas-empresariales\/","og_locale":"es_ES","og_type":"article","og_title":"Apoyo a las nuevas iniciativas empresariales - GARCIA FAURA","og_description":"Arquitectura en Alumini, Inox, Ferro i Vidre","og_url":"https:\/\/www.garciafaura.com\/es\/apoyo-a-las-nuevas-iniciativas-empresariales\/","og_site_name":"GARCIA FAURA","article_published_time":"2012-10-11T00:00:00+00:00","article_modified_time":"2019-06-03T12:21:48+00:00","og_image":[{"url":"https:\/\/www.garciafaura.com\/wp-content\/uploads\/2018\/11\/PremisDelta.jpg","width":1,"height":1,"type":"image\/jpeg"}],"author":"David Achell","twitter_card":"summary_large_image","twitter_misc":{"Escrito por":"David Achell","Tiempo de lectura":"2 minutos"},"schema":{"@context":"https:\/\/schema.org","@graph":[{"@type":"Article","@id":"https:\/\/www.garciafaura.com\/es\/apoyo-a-las-nuevas-iniciativas-empresariales\/#article","isPartOf":{"@id":"https:\/\/www.garciafaura.com\/es\/apoyo-a-las-nuevas-iniciativas-empresariales\/"},"author":{"name":"David Achell","@id":"https:\/\/www.garciafaura.com\/fr\/#\/schema\/person\/b4b75e69b33fac3446071909bec106b0"},"headline":"Apoyo a las nuevas iniciativas empresariales","datePublished":"2012-10-11T00:00:00+00:00","dateModified":"2019-06-03T12:21:48+00:00","mainEntityOfPage":{"@id":"https:\/\/www.garciafaura.com\/es\/apoyo-a-las-nuevas-iniciativas-empresariales\/"},"wordCount":398,"commentCount":0,"publisher":{"@id":"https:\/\/www.garciafaura.com\/fr\/#organization"},"image":{"@id":"https:\/\/www.garciafaura.com\/es\/apoyo-a-las-nuevas-iniciativas-empresariales\/#primaryimage"},"thumbnailUrl":"https:\/\/www.garciafaura.com\/wp-content\/uploads\/2018\/11\/PremisDelta.jpg","articleSection":["Actualidad"],"inLanguage":"es","potentialAction":[{"@type":"CommentAction","name":"Comment","target":["https:\/\/www.garciafaura.com\/es\/apoyo-a-las-nuevas-iniciativas-empresariales\/#respond"]}]},{"@type":"WebPage","@id":"https:\/\/www.garciafaura.com\/es\/apoyo-a-las-nuevas-iniciativas-empresariales\/","url":"https:\/\/www.garciafaura.com\/es\/apoyo-a-las-nuevas-iniciativas-empresariales\/","name":"Apoyo a las nuevas iniciativas empresariales - GARCIA FAURA","isPartOf":{"@id":"https:\/\/www.garciafaura.com\/fr\/#website"},"primaryImageOfPage":{"@id":"https:\/\/www.garciafaura.com\/es\/apoyo-a-las-nuevas-iniciativas-empresariales\/#primaryimage"},"image":{"@id":"https:\/\/www.garciafaura.com\/es\/apoyo-a-las-nuevas-iniciativas-empresariales\/#primaryimage"},"thumbnailUrl":"https:\/\/www.garciafaura.com\/wp-content\/uploads\/2018\/11\/PremisDelta.jpg","datePublished":"2012-10-11T00:00:00+00:00","dateModified":"2019-06-03T12:21:48+00:00","description":"Arquitectura en Alumini, Inox, Ferro i Vidre","breadcrumb":{"@id":"https:\/\/www.garciafaura.com\/es\/apoyo-a-las-nuevas-iniciativas-empresariales\/#breadcrumb"},"inLanguage":"es","potentialAction":[{"@type":"ReadAction","target":["https:\/\/www.garciafaura.com\/es\/apoyo-a-las-nuevas-iniciativas-empresariales\/"]}]},{"@type":"ImageObject","inLanguage":"es","@id":"https:\/\/www.garciafaura.com\/es\/apoyo-a-las-nuevas-iniciativas-empresariales\/#primaryimage","url":"https:\/\/www.garciafaura.com\/wp-content\/uploads\/2018\/11\/PremisDelta.jpg","contentUrl":"https:\/\/www.garciafaura.com\/wp-content\/uploads\/2018\/11\/PremisDelta.jpg"},{"@type":"BreadcrumbList","@id":"https:\/\/www.garciafaura.com\/es\/apoyo-a-las-nuevas-iniciativas-empresariales\/#breadcrumb","itemListElement":[{"@type":"ListItem","position":1,"name":"Inici","item":"https:\/\/www.garciafaura.com\/es\/"},{"@type":"ListItem","position":2,"name":"Apoyo a las nuevas iniciativas empresariales"}]},{"@type":"WebSite","@id":"https:\/\/www.garciafaura.com\/fr\/#website","url":"https:\/\/www.garciafaura.com\/fr\/","name":"GARCIA FAURA","description":"Arquitectura en Alumini, Inox, Ferro i Vidre","publisher":{"@id":"https:\/\/www.garciafaura.com\/fr\/#organization"},"potentialAction":[{"@type":"SearchAction","target":{"@type":"EntryPoint","urlTemplate":"https:\/\/www.garciafaura.com\/fr\/?s={search_term_string}"},"query-input":{"@type":"PropertyValueSpecification","valueRequired":true,"valueName":"search_term_string"}}],"inLanguage":"es"},{"@type":"Organization","@id":"https:\/\/www.garciafaura.com\/fr\/#organization","name":"GARCIA FAURA","url":"https:\/\/www.garciafaura.com\/fr\/","logo":{"@type":"ImageObject","inLanguage":"es","@id":"https:\/\/www.garciafaura.com\/fr\/#\/schema\/logo\/image\/","url":"https:\/\/www.garciafaura.com\/wp-content\/uploads\/2018\/09\/Garcia-Faura.png","contentUrl":"https:\/\/www.garciafaura.com\/wp-content\/uploads\/2018\/09\/Garcia-Faura.png","width":512,"height":512,"caption":"GARCIA FAURA"},"image":{"@id":"https:\/\/www.garciafaura.com\/fr\/#\/schema\/logo\/image\/"},"sameAs":["https:\/\/www.youtube.com\/user\/GARCIAFAURA"]},{"@type":"Person","@id":"https:\/\/www.garciafaura.com\/fr\/#\/schema\/person\/b4b75e69b33fac3446071909bec106b0","name":"David Achell","image":{"@type":"ImageObject","inLanguage":"es","@id":"https:\/\/www.garciafaura.com\/fr\/#\/schema\/person\/image\/","url":"https:\/\/secure.gravatar.com\/avatar\/03900210afc1f61bce737bcb4a79c02e2c997f171e3eca839b5a4cbe03846c90?s=96&d=blank&r=g","contentUrl":"https:\/\/secure.gravatar.com\/avatar\/03900210afc1f61bce737bcb4a79c02e2c997f171e3eca839b5a4cbe03846c90?s=96&d=blank&r=g","caption":"David Achell"}}]}},"_links":{"self":[{"href":"https:\/\/www.garciafaura.com\/es\/wp-json\/wp\/v2\/posts\/5665","targetHints":{"allow":["GET"]}}],"collection":[{"href":"https:\/\/www.garciafaura.com\/es\/wp-json\/wp\/v2\/posts"}],"about":[{"href":"https:\/\/www.garciafaura.com\/es\/wp-json\/wp\/v2\/types\/post"}],"author":[{"embeddable":true,"href":"https:\/\/www.garciafaura.com\/es\/wp-json\/wp\/v2\/users\/3"}],"replies":[{"embeddable":true,"href":"https:\/\/www.garciafaura.com\/es\/wp-json\/wp\/v2\/comments?post=5665"}],"version-history":[{"count":1,"href":"https:\/\/www.garciafaura.com\/es\/wp-json\/wp\/v2\/posts\/5665\/revisions"}],"predecessor-version":[{"id":21610,"href":"https:\/\/www.garciafaura.com\/es\/wp-json\/wp\/v2\/posts\/5665\/revisions\/21610"}],"wp:featuredmedia":[{"embeddable":true,"href":"https:\/\/www.garciafaura.com\/es\/wp-json\/wp\/v2\/media\/5657"}],"wp:attachment":[{"href":"https:\/\/www.garciafaura.com\/es\/wp-json\/wp\/v2\/media?parent=5665"}],"wp:term":[{"taxonomy":"category","embeddable":true,"href":"https:\/\/www.garciafaura.com\/es\/wp-json\/wp\/v2\/categories?post=5665"},{"taxonomy":"post_tag","embeddable":true,"href":"https:\/\/www.garciafaura.com\/es\/wp-json\/wp\/v2\/tags?post=5665"},{"taxonomy":"post_series","embeddable":true,"href":"https:\/\/www.garciafaura.com\/es\/wp-json\/wp\/v2\/post_series?post=5665"}],"curies":[{"name":"wp","href":"https:\/\/api.w.org\/{rel}","templated":true}]}}