{"id":5641,"date":"2012-09-28T00:00:00","date_gmt":"2012-09-28T00:00:00","guid":{"rendered":"https:\/\/www.garciafaura.com\/garcia-faura-concluye-los-trabajos-en-centros-educatives\/"},"modified":"2019-06-03T12:22:22","modified_gmt":"2019-06-03T12:22:22","slug":"garcia-faura-concluye-los-trabajos-en-centros-educatives","status":"publish","type":"post","link":"https:\/\/www.garciafaura.com\/es\/garcia-faura-concluye-los-trabajos-en-centros-educatives\/","title":{"rendered":"GARCIA FAURA concluye los trabajos en centros educatives"},"content":{"rendered":"<p>El curso escolar arranca en Catalunya con tres nuevos equipamientos educativos de nueva construcci\u00f3n en los que ha trabajado <strong>GARCIA FAURA <\/strong>en los \u00faltimos meses. Se trata del nuevo edificio de la Escuela Pompeu Fabra de l\u2019Hospitalet de Llobregat, la nueva Escuela Marta Mata de Matar\u00f3 y las nuevas instalaciones de la Escuela Internacional del Camp en Salou. Las tres entrar\u00e1n en funcionamiento, en diferentes fases, durante este curso escolar 2012-2013.<\/p>\n<p>La Escuela Pompeu Fabra de l\u2019Hospitalet de Llobregat estrena un nuevo edificio de dos l\u00edneas educativas que viene a sustituir la antigua escuela. Tendr\u00e1 capacidad para 450 alumnos en los ciclos de infantil y de primaria. Se trata de un centro p\u00fablico, dependiente de la Generalitat de Catalunya, y que ha supuesto una inversi\u00f3n de m\u00e1s de 6 millones de euros. <strong>GARCIA FAURA <\/strong>es la responsable del conjunto de cerramientos interiores y exteriores del centro, construido por la empresa Bosch Pascual, y que se alza en la calle de Pi i Margall, en pleno barrio de Santa Eul\u00e0lia.<\/p>\n<p>En Matar\u00f3 tambi\u00e9n han terminado los trabajos de la primera fase de la Escuela Marta Mata, construida por COMSA-EMTE, y para la cual <strong>GARCIA FAURA <\/strong>ha fabricado e instalado unas ochenta ventanas practicables y correderas en sistema con rotura de puente t\u00e9rmico, que suman un total de 600 metros cuadrados. Adem\u00e1s, los trabajos se han completado con la instalaci\u00f3n de 900 metros cuadrados de paneles de fachada de tipo s\u00e1ndwich. El equipamiento cuenta con una superficie total construida de 4.087 m\u00b2 en plantas baja, 1 \u00aa y 2 \u00aa, mientras que las pistas polideportivas y los patios ocupar\u00e1n una superficie urbanizada de 3.546 m\u00b2. El proyecto es obra del despacho Ram\u00f3n Sanabria, arquitectos asociados. La inversi\u00f3n prevista por la Generalitat en la construcci\u00f3n y puesta en marcha de la escuela es de 5,19 millones de euros. La segunda fase de la escuela se prev\u00e9 que est\u00e9 terminada en junio de 2013.<\/p>\n<p>Finalmente tambi\u00e9n est\u00e1 todo a punto en la nueva Escuela Internacional del Camp. Ejecutada por la empresa COMSA, y bajo direcci\u00f3n del arquitecto Jordi Benedito, <strong>GARCIA FAURA <\/strong>ha fabricado e instalado m\u00e1s de 1.500 metros cuadrados de cierres practicables, que combinan perfiler\u00eda de hierro y de aluminio. Estos \u00faltimos destacan por su factor aislante, con rotura de puente t\u00e9rmico, y perfil de hoja oculta, de modo que garantiza la m\u00e1xima luminosidad en el interior de las aulas. El nuevo edificio central tiene una superficie total de 12.500 metro cuadrados, aunque en esta primera fase s\u00f3lo se desarrollan inicialmente 7.500 metros cuadrados. El centro comenzar\u00e1 el curso escolar con 300 matr\u00edculas, que van desde prescolar hasta 3 \u00ba de ESO.<\/p>\n","protected":false},"excerpt":{"rendered":"<p>\n\tEl curso escolar arranca con tres equipamientos educativos de nueva construcci&oacute;n en los que ha trabajado <strong>GARCIA FAURA <\/strong>en los &uacute;ltimos meses. Se trata del nuevo edificio de la Escuela Pompeu Fabra de l&rsquo;Hospitalet de Llobregat, la nueva Escuela Marta Mata de Matar&oacute; y las nuevas instalaciones de la Escuela Internacional del Camp en Salou. Las tres entrar&aacute;n en funcionamiento, en diferentes fases, durante este curso escolar.<\/p>\n","protected":false},"author":3,"featured_media":5621,"comment_status":"open","ping_status":"open","sticky":false,"template":"","format":"standard","meta":{"footnotes":""},"categories":[3],"tags":[],"post_series":[],"class_list":["post-5641","post","type-post","status-publish","format-standard","has-post-thumbnail","hentry","category-actualidad","entry","has-media"],"yoast_head":"<!-- This site is optimized with the Yoast SEO plugin v26.7 - https:\/\/yoast.com\/wordpress\/plugins\/seo\/ -->\n<title>GARCIA FAURA concluye los trabajos en centros educatives - GARCIA FAURA<\/title>\n<meta name=\"description\" content=\"Arquitectura en Alumini, Inox, Ferro i Vidre\" \/>\n<meta name=\"robots\" content=\"index, follow, max-snippet:-1, max-image-preview:large, max-video-preview:-1\" \/>\n<link rel=\"canonical\" href=\"https:\/\/www.garciafaura.com\/es\/garcia-faura-concluye-los-trabajos-en-centros-educatives\/\" \/>\n<meta property=\"og:locale\" content=\"es_ES\" \/>\n<meta property=\"og:type\" content=\"article\" \/>\n<meta property=\"og:title\" content=\"GARCIA FAURA concluye los trabajos en centros educatives - GARCIA FAURA\" \/>\n<meta property=\"og:description\" content=\"Arquitectura en Alumini, Inox, Ferro i Vidre\" \/>\n<meta property=\"og:url\" content=\"https:\/\/www.garciafaura.com\/es\/garcia-faura-concluye-los-trabajos-en-centros-educatives\/\" \/>\n<meta property=\"og:site_name\" content=\"GARCIA FAURA\" \/>\n<meta property=\"article:published_time\" content=\"2012-09-28T00:00:00+00:00\" \/>\n<meta property=\"article:modified_time\" content=\"2019-06-03T12:22:22+00:00\" \/>\n<meta property=\"og:image\" content=\"https:\/\/www.garciafaura.com\/wp-content\/uploads\/2018\/11\/Installadors-muntant-06.jpg\" \/>\n\t<meta property=\"og:image:width\" content=\"1\" \/>\n\t<meta property=\"og:image:height\" content=\"1\" \/>\n\t<meta property=\"og:image:type\" content=\"image\/jpeg\" \/>\n<meta name=\"author\" content=\"David Achell\" \/>\n<meta name=\"twitter:card\" content=\"summary_large_image\" \/>\n<meta name=\"twitter:label1\" content=\"Escrito por\" \/>\n\t<meta name=\"twitter:data1\" content=\"David Achell\" \/>\n\t<meta name=\"twitter:label2\" content=\"Tiempo de lectura\" \/>\n\t<meta name=\"twitter:data2\" content=\"2 minutos\" \/>\n<script type=\"application\/ld+json\" class=\"yoast-schema-graph\">{\"@context\":\"https:\/\/schema.org\",\"@graph\":[{\"@type\":\"Article\",\"@id\":\"https:\/\/www.garciafaura.com\/es\/garcia-faura-concluye-los-trabajos-en-centros-educatives\/#article\",\"isPartOf\":{\"@id\":\"https:\/\/www.garciafaura.com\/es\/garcia-faura-concluye-los-trabajos-en-centros-educatives\/\"},\"author\":{\"name\":\"David Achell\",\"@id\":\"https:\/\/www.garciafaura.com\/fr\/#\/schema\/person\/b4b75e69b33fac3446071909bec106b0\"},\"headline\":\"GARCIA FAURA concluye los trabajos en centros educatives\",\"datePublished\":\"2012-09-28T00:00:00+00:00\",\"dateModified\":\"2019-06-03T12:22:22+00:00\",\"mainEntityOfPage\":{\"@id\":\"https:\/\/www.garciafaura.com\/es\/garcia-faura-concluye-los-trabajos-en-centros-educatives\/\"},\"wordCount\":455,\"commentCount\":0,\"publisher\":{\"@id\":\"https:\/\/www.garciafaura.com\/fr\/#organization\"},\"image\":{\"@id\":\"https:\/\/www.garciafaura.com\/es\/garcia-faura-concluye-los-trabajos-en-centros-educatives\/#primaryimage\"},\"thumbnailUrl\":\"https:\/\/www.garciafaura.com\/wp-content\/uploads\/2018\/11\/Installadors-muntant-06.jpg\",\"articleSection\":[\"Actualidad\"],\"inLanguage\":\"es\",\"potentialAction\":[{\"@type\":\"CommentAction\",\"name\":\"Comment\",\"target\":[\"https:\/\/www.garciafaura.com\/es\/garcia-faura-concluye-los-trabajos-en-centros-educatives\/#respond\"]}]},{\"@type\":\"WebPage\",\"@id\":\"https:\/\/www.garciafaura.com\/es\/garcia-faura-concluye-los-trabajos-en-centros-educatives\/\",\"url\":\"https:\/\/www.garciafaura.com\/es\/garcia-faura-concluye-los-trabajos-en-centros-educatives\/\",\"name\":\"GARCIA FAURA concluye los trabajos en centros educatives - GARCIA FAURA\",\"isPartOf\":{\"@id\":\"https:\/\/www.garciafaura.com\/fr\/#website\"},\"primaryImageOfPage\":{\"@id\":\"https:\/\/www.garciafaura.com\/es\/garcia-faura-concluye-los-trabajos-en-centros-educatives\/#primaryimage\"},\"image\":{\"@id\":\"https:\/\/www.garciafaura.com\/es\/garcia-faura-concluye-los-trabajos-en-centros-educatives\/#primaryimage\"},\"thumbnailUrl\":\"https:\/\/www.garciafaura.com\/wp-content\/uploads\/2018\/11\/Installadors-muntant-06.jpg\",\"datePublished\":\"2012-09-28T00:00:00+00:00\",\"dateModified\":\"2019-06-03T12:22:22+00:00\",\"description\":\"Arquitectura en Alumini, Inox, Ferro i Vidre\",\"breadcrumb\":{\"@id\":\"https:\/\/www.garciafaura.com\/es\/garcia-faura-concluye-los-trabajos-en-centros-educatives\/#breadcrumb\"},\"inLanguage\":\"es\",\"potentialAction\":[{\"@type\":\"ReadAction\",\"target\":[\"https:\/\/www.garciafaura.com\/es\/garcia-faura-concluye-los-trabajos-en-centros-educatives\/\"]}]},{\"@type\":\"ImageObject\",\"inLanguage\":\"es\",\"@id\":\"https:\/\/www.garciafaura.com\/es\/garcia-faura-concluye-los-trabajos-en-centros-educatives\/#primaryimage\",\"url\":\"https:\/\/www.garciafaura.com\/wp-content\/uploads\/2018\/11\/Installadors-muntant-06.jpg\",\"contentUrl\":\"https:\/\/www.garciafaura.com\/wp-content\/uploads\/2018\/11\/Installadors-muntant-06.jpg\"},{\"@type\":\"BreadcrumbList\",\"@id\":\"https:\/\/www.garciafaura.com\/es\/garcia-faura-concluye-los-trabajos-en-centros-educatives\/#breadcrumb\",\"itemListElement\":[{\"@type\":\"ListItem\",\"position\":1,\"name\":\"Inici\",\"item\":\"https:\/\/www.garciafaura.com\/es\/\"},{\"@type\":\"ListItem\",\"position\":2,\"name\":\"GARCIA FAURA concluye los trabajos en centros educatives\"}]},{\"@type\":\"WebSite\",\"@id\":\"https:\/\/www.garciafaura.com\/fr\/#website\",\"url\":\"https:\/\/www.garciafaura.com\/fr\/\",\"name\":\"GARCIA FAURA\",\"description\":\"Arquitectura en Alumini, Inox, Ferro i Vidre\",\"publisher\":{\"@id\":\"https:\/\/www.garciafaura.com\/fr\/#organization\"},\"potentialAction\":[{\"@type\":\"SearchAction\",\"target\":{\"@type\":\"EntryPoint\",\"urlTemplate\":\"https:\/\/www.garciafaura.com\/fr\/?s={search_term_string}\"},\"query-input\":{\"@type\":\"PropertyValueSpecification\",\"valueRequired\":true,\"valueName\":\"search_term_string\"}}],\"inLanguage\":\"es\"},{\"@type\":\"Organization\",\"@id\":\"https:\/\/www.garciafaura.com\/fr\/#organization\",\"name\":\"GARCIA FAURA\",\"url\":\"https:\/\/www.garciafaura.com\/fr\/\",\"logo\":{\"@type\":\"ImageObject\",\"inLanguage\":\"es\",\"@id\":\"https:\/\/www.garciafaura.com\/fr\/#\/schema\/logo\/image\/\",\"url\":\"https:\/\/www.garciafaura.com\/wp-content\/uploads\/2018\/09\/Garcia-Faura.png\",\"contentUrl\":\"https:\/\/www.garciafaura.com\/wp-content\/uploads\/2018\/09\/Garcia-Faura.png\",\"width\":512,\"height\":512,\"caption\":\"GARCIA FAURA\"},\"image\":{\"@id\":\"https:\/\/www.garciafaura.com\/fr\/#\/schema\/logo\/image\/\"},\"sameAs\":[\"https:\/\/www.youtube.com\/user\/GARCIAFAURA\"]},{\"@type\":\"Person\",\"@id\":\"https:\/\/www.garciafaura.com\/fr\/#\/schema\/person\/b4b75e69b33fac3446071909bec106b0\",\"name\":\"David Achell\",\"image\":{\"@type\":\"ImageObject\",\"inLanguage\":\"es\",\"@id\":\"https:\/\/www.garciafaura.com\/fr\/#\/schema\/person\/image\/\",\"url\":\"https:\/\/secure.gravatar.com\/avatar\/03900210afc1f61bce737bcb4a79c02e2c997f171e3eca839b5a4cbe03846c90?s=96&d=blank&r=g\",\"contentUrl\":\"https:\/\/secure.gravatar.com\/avatar\/03900210afc1f61bce737bcb4a79c02e2c997f171e3eca839b5a4cbe03846c90?s=96&d=blank&r=g\",\"caption\":\"David Achell\"}}]}<\/script>\n<!-- \/ Yoast SEO plugin. -->","yoast_head_json":{"title":"GARCIA FAURA concluye los trabajos en centros educatives - GARCIA FAURA","description":"Arquitectura en Alumini, Inox, Ferro i Vidre","robots":{"index":"index","follow":"follow","max-snippet":"max-snippet:-1","max-image-preview":"max-image-preview:large","max-video-preview":"max-video-preview:-1"},"canonical":"https:\/\/www.garciafaura.com\/es\/garcia-faura-concluye-los-trabajos-en-centros-educatives\/","og_locale":"es_ES","og_type":"article","og_title":"GARCIA FAURA concluye los trabajos en centros educatives - GARCIA FAURA","og_description":"Arquitectura en Alumini, Inox, Ferro i Vidre","og_url":"https:\/\/www.garciafaura.com\/es\/garcia-faura-concluye-los-trabajos-en-centros-educatives\/","og_site_name":"GARCIA FAURA","article_published_time":"2012-09-28T00:00:00+00:00","article_modified_time":"2019-06-03T12:22:22+00:00","og_image":[{"url":"https:\/\/www.garciafaura.com\/wp-content\/uploads\/2018\/11\/Installadors-muntant-06.jpg","width":1,"height":1,"type":"image\/jpeg"}],"author":"David Achell","twitter_card":"summary_large_image","twitter_misc":{"Escrito por":"David Achell","Tiempo de lectura":"2 minutos"},"schema":{"@context":"https:\/\/schema.org","@graph":[{"@type":"Article","@id":"https:\/\/www.garciafaura.com\/es\/garcia-faura-concluye-los-trabajos-en-centros-educatives\/#article","isPartOf":{"@id":"https:\/\/www.garciafaura.com\/es\/garcia-faura-concluye-los-trabajos-en-centros-educatives\/"},"author":{"name":"David Achell","@id":"https:\/\/www.garciafaura.com\/fr\/#\/schema\/person\/b4b75e69b33fac3446071909bec106b0"},"headline":"GARCIA FAURA concluye los trabajos en centros educatives","datePublished":"2012-09-28T00:00:00+00:00","dateModified":"2019-06-03T12:22:22+00:00","mainEntityOfPage":{"@id":"https:\/\/www.garciafaura.com\/es\/garcia-faura-concluye-los-trabajos-en-centros-educatives\/"},"wordCount":455,"commentCount":0,"publisher":{"@id":"https:\/\/www.garciafaura.com\/fr\/#organization"},"image":{"@id":"https:\/\/www.garciafaura.com\/es\/garcia-faura-concluye-los-trabajos-en-centros-educatives\/#primaryimage"},"thumbnailUrl":"https:\/\/www.garciafaura.com\/wp-content\/uploads\/2018\/11\/Installadors-muntant-06.jpg","articleSection":["Actualidad"],"inLanguage":"es","potentialAction":[{"@type":"CommentAction","name":"Comment","target":["https:\/\/www.garciafaura.com\/es\/garcia-faura-concluye-los-trabajos-en-centros-educatives\/#respond"]}]},{"@type":"WebPage","@id":"https:\/\/www.garciafaura.com\/es\/garcia-faura-concluye-los-trabajos-en-centros-educatives\/","url":"https:\/\/www.garciafaura.com\/es\/garcia-faura-concluye-los-trabajos-en-centros-educatives\/","name":"GARCIA FAURA concluye los trabajos en centros educatives - GARCIA FAURA","isPartOf":{"@id":"https:\/\/www.garciafaura.com\/fr\/#website"},"primaryImageOfPage":{"@id":"https:\/\/www.garciafaura.com\/es\/garcia-faura-concluye-los-trabajos-en-centros-educatives\/#primaryimage"},"image":{"@id":"https:\/\/www.garciafaura.com\/es\/garcia-faura-concluye-los-trabajos-en-centros-educatives\/#primaryimage"},"thumbnailUrl":"https:\/\/www.garciafaura.com\/wp-content\/uploads\/2018\/11\/Installadors-muntant-06.jpg","datePublished":"2012-09-28T00:00:00+00:00","dateModified":"2019-06-03T12:22:22+00:00","description":"Arquitectura en Alumini, Inox, Ferro i Vidre","breadcrumb":{"@id":"https:\/\/www.garciafaura.com\/es\/garcia-faura-concluye-los-trabajos-en-centros-educatives\/#breadcrumb"},"inLanguage":"es","potentialAction":[{"@type":"ReadAction","target":["https:\/\/www.garciafaura.com\/es\/garcia-faura-concluye-los-trabajos-en-centros-educatives\/"]}]},{"@type":"ImageObject","inLanguage":"es","@id":"https:\/\/www.garciafaura.com\/es\/garcia-faura-concluye-los-trabajos-en-centros-educatives\/#primaryimage","url":"https:\/\/www.garciafaura.com\/wp-content\/uploads\/2018\/11\/Installadors-muntant-06.jpg","contentUrl":"https:\/\/www.garciafaura.com\/wp-content\/uploads\/2018\/11\/Installadors-muntant-06.jpg"},{"@type":"BreadcrumbList","@id":"https:\/\/www.garciafaura.com\/es\/garcia-faura-concluye-los-trabajos-en-centros-educatives\/#breadcrumb","itemListElement":[{"@type":"ListItem","position":1,"name":"Inici","item":"https:\/\/www.garciafaura.com\/es\/"},{"@type":"ListItem","position":2,"name":"GARCIA FAURA concluye los trabajos en centros educatives"}]},{"@type":"WebSite","@id":"https:\/\/www.garciafaura.com\/fr\/#website","url":"https:\/\/www.garciafaura.com\/fr\/","name":"GARCIA FAURA","description":"Arquitectura en Alumini, Inox, Ferro i Vidre","publisher":{"@id":"https:\/\/www.garciafaura.com\/fr\/#organization"},"potentialAction":[{"@type":"SearchAction","target":{"@type":"EntryPoint","urlTemplate":"https:\/\/www.garciafaura.com\/fr\/?s={search_term_string}"},"query-input":{"@type":"PropertyValueSpecification","valueRequired":true,"valueName":"search_term_string"}}],"inLanguage":"es"},{"@type":"Organization","@id":"https:\/\/www.garciafaura.com\/fr\/#organization","name":"GARCIA FAURA","url":"https:\/\/www.garciafaura.com\/fr\/","logo":{"@type":"ImageObject","inLanguage":"es","@id":"https:\/\/www.garciafaura.com\/fr\/#\/schema\/logo\/image\/","url":"https:\/\/www.garciafaura.com\/wp-content\/uploads\/2018\/09\/Garcia-Faura.png","contentUrl":"https:\/\/www.garciafaura.com\/wp-content\/uploads\/2018\/09\/Garcia-Faura.png","width":512,"height":512,"caption":"GARCIA FAURA"},"image":{"@id":"https:\/\/www.garciafaura.com\/fr\/#\/schema\/logo\/image\/"},"sameAs":["https:\/\/www.youtube.com\/user\/GARCIAFAURA"]},{"@type":"Person","@id":"https:\/\/www.garciafaura.com\/fr\/#\/schema\/person\/b4b75e69b33fac3446071909bec106b0","name":"David Achell","image":{"@type":"ImageObject","inLanguage":"es","@id":"https:\/\/www.garciafaura.com\/fr\/#\/schema\/person\/image\/","url":"https:\/\/secure.gravatar.com\/avatar\/03900210afc1f61bce737bcb4a79c02e2c997f171e3eca839b5a4cbe03846c90?s=96&d=blank&r=g","contentUrl":"https:\/\/secure.gravatar.com\/avatar\/03900210afc1f61bce737bcb4a79c02e2c997f171e3eca839b5a4cbe03846c90?s=96&d=blank&r=g","caption":"David Achell"}}]}},"_links":{"self":[{"href":"https:\/\/www.garciafaura.com\/es\/wp-json\/wp\/v2\/posts\/5641","targetHints":{"allow":["GET"]}}],"collection":[{"href":"https:\/\/www.garciafaura.com\/es\/wp-json\/wp\/v2\/posts"}],"about":[{"href":"https:\/\/www.garciafaura.com\/es\/wp-json\/wp\/v2\/types\/post"}],"author":[{"embeddable":true,"href":"https:\/\/www.garciafaura.com\/es\/wp-json\/wp\/v2\/users\/3"}],"replies":[{"embeddable":true,"href":"https:\/\/www.garciafaura.com\/es\/wp-json\/wp\/v2\/comments?post=5641"}],"version-history":[{"count":1,"href":"https:\/\/www.garciafaura.com\/es\/wp-json\/wp\/v2\/posts\/5641\/revisions"}],"predecessor-version":[{"id":21612,"href":"https:\/\/www.garciafaura.com\/es\/wp-json\/wp\/v2\/posts\/5641\/revisions\/21612"}],"wp:featuredmedia":[{"embeddable":true,"href":"https:\/\/www.garciafaura.com\/es\/wp-json\/wp\/v2\/media\/5621"}],"wp:attachment":[{"href":"https:\/\/www.garciafaura.com\/es\/wp-json\/wp\/v2\/media?parent=5641"}],"wp:term":[{"taxonomy":"category","embeddable":true,"href":"https:\/\/www.garciafaura.com\/es\/wp-json\/wp\/v2\/categories?post=5641"},{"taxonomy":"post_tag","embeddable":true,"href":"https:\/\/www.garciafaura.com\/es\/wp-json\/wp\/v2\/tags?post=5641"},{"taxonomy":"post_series","embeddable":true,"href":"https:\/\/www.garciafaura.com\/es\/wp-json\/wp\/v2\/post_series?post=5641"}],"curies":[{"name":"wp","href":"https:\/\/api.w.org\/{rel}","templated":true}]}}