{"id":5597,"date":"2012-07-29T00:00:00","date_gmt":"2012-07-29T00:00:00","guid":{"rendered":"https:\/\/www.garciafaura.com\/construccion-en-mataro-de-la-nueva-escuela-marta-mata\/"},"modified":"2019-06-03T12:22:50","modified_gmt":"2019-06-03T12:22:50","slug":"construccion-en-mataro-de-la-nueva-escuela-marta-mata","status":"publish","type":"post","link":"https:\/\/www.garciafaura.com\/es\/construccion-en-mataro-de-la-nueva-escuela-marta-mata\/","title":{"rendered":"Construcci\u00f3n en Matar\u00f3 de la nueva escuela Marta Mata"},"content":{"rendered":"<p>GARCIA FAURA ha empezado este verano los trabajos de dise\u00f1o y fabricaci\u00f3n de los cerramientos del nuevo centro educativo de Matar\u00f3, una obra largamente reivindicada por la comunidad educativa de la capital del Maresme. La empresa fabrica e instala para la concesionaria de la obra, COMSA-EMTE, un total de ochenta ventanas practicables y correderas en sistema con rotura de puente t\u00e9rmico, que suman cerca de 600 metros cuadrados. Los trabajos se completan con la instalaci\u00f3n de 900 metros cuadrados de paneles de fachada de tipo <em>sandwich<\/em>.<\/p>\n<p>Los terrenos donde se construye el nuevo equipamiento ocupan una superficie de 7.869 m\u00b2. La escuela, de dos l\u00edneas, tiene forma de L, con una altura de planta baja m\u00e1s uno en la parte m\u00e1s alta del terreno y de planta baja m\u00e1s dos en la parte baja para adaptarse al desnivel. El segmento de la elaboraci\u00f3n m\u00e1s corto corresponder\u00e1 al edificio de educaci\u00f3n infantil y se sit\u00faa en la parte m\u00e1s alta de la parcela, de manera que las aulas tengan orientaci\u00f3n sureste. El segmento m\u00e1s largo de la elaboraci\u00f3n, alineado con la calle de Arist\u00f3teles, ser\u00e1 para primaria, las dependencias para el profesorado, la cocina y otros servicios.<\/p>\n<p>Los patios de juegos se sit\u00faan a dos cotas diferentes. El patio de primaria y la pista deportiva ocupan la parte m\u00e1s baja del solar, en contacto con la futura situaci\u00f3n de la calle de S\u00f3crates, mientras que el patio de infantil se sit\u00faa en la cota superior, en la parte alta de la parcela . El cuerpo del gimnasio es perpendicular al edificio principal de la escuela, se sit\u00faa en la cota del patio inferior y act\u00faa como transici\u00f3n entre los dos patios.<\/p>\n<p>El equipamiento tendr\u00e1 una superficie total construida de 4.087 m\u00b2 en plantas baja, 1 \u00aa y 2 \u00aa, mientras que las pistas polideportivas y los patios ocupar\u00e1n una superficie urbanizada de 3.546 m\u00b2. El proyecto es obra del despacho Ram\u00f3n Sanabria, arquitectos asociados. La inversi\u00f3n prevista por la Generalitat de Catalunya en la construcci\u00f3n y puesta en marcha de la escuela es de 5,19 millones de euros. La escuela se levantar\u00e1 en dos fases: primero est\u00e1 previsto construir el edificio destinado a los alumnos de infantil (P3-P5) para que estos puedan trasladarse antes de Navidad de 2012. El resto de la escuela se prev\u00e9 que est\u00e9 terminada en junio de 2013.<\/p>\n","protected":false},"excerpt":{"rendered":"<p>\n\tEste verano GARCIA FAURA trabaja fuerte para fabricar e instalar los cerramientos de la nueva escuela Marta Mata de Matar&oacute;. Se trata de un equipamiento largamente reivindicado por la comunidad educativa de la ciudad y que finalmente ha iniciado sus obras de construcci&oacute;n. El edificio debe entrar en funcionamiento en dos fases: una primera antes de Navidad y el resto para el inicio del pr&oacute;ximo curso escolar.<\/p>\n","protected":false},"author":3,"featured_media":5589,"comment_status":"open","ping_status":"open","sticky":false,"template":"","format":"standard","meta":{"footnotes":""},"categories":[3],"tags":[],"post_series":[],"class_list":["post-5597","post","type-post","status-publish","format-standard","has-post-thumbnail","hentry","category-actualidad","entry","has-media"],"yoast_head":"<!-- This site is optimized with the Yoast SEO plugin v26.7 - https:\/\/yoast.com\/wordpress\/plugins\/seo\/ -->\n<title>Construcci\u00f3n en Matar\u00f3 de la nueva escuela Marta Mata - GARCIA FAURA<\/title>\n<meta name=\"description\" content=\"Arquitectura en Alumini, Inox, Ferro i Vidre\" \/>\n<meta name=\"robots\" content=\"index, follow, max-snippet:-1, max-image-preview:large, max-video-preview:-1\" \/>\n<link rel=\"canonical\" href=\"https:\/\/www.garciafaura.com\/es\/construccion-en-mataro-de-la-nueva-escuela-marta-mata\/\" \/>\n<meta property=\"og:locale\" content=\"es_ES\" \/>\n<meta property=\"og:type\" content=\"article\" \/>\n<meta property=\"og:title\" content=\"Construcci\u00f3n en Matar\u00f3 de la nueva escuela Marta Mata - GARCIA FAURA\" \/>\n<meta property=\"og:description\" content=\"Arquitectura en Alumini, Inox, Ferro i Vidre\" \/>\n<meta property=\"og:url\" content=\"https:\/\/www.garciafaura.com\/es\/construccion-en-mataro-de-la-nueva-escuela-marta-mata\/\" \/>\n<meta property=\"og:site_name\" content=\"GARCIA FAURA\" \/>\n<meta property=\"article:published_time\" content=\"2012-07-29T00:00:00+00:00\" \/>\n<meta property=\"article:modified_time\" content=\"2019-06-03T12:22:50+00:00\" \/>\n<meta property=\"og:image\" content=\"https:\/\/www.garciafaura.com\/wp-content\/uploads\/2018\/11\/Escola-Marta-Mata-01.jpg\" \/>\n\t<meta property=\"og:image:width\" content=\"1\" \/>\n\t<meta property=\"og:image:height\" content=\"1\" \/>\n\t<meta property=\"og:image:type\" content=\"image\/jpeg\" \/>\n<meta name=\"author\" content=\"David Achell\" \/>\n<meta name=\"twitter:card\" content=\"summary_large_image\" \/>\n<meta name=\"twitter:label1\" content=\"Escrito por\" \/>\n\t<meta name=\"twitter:data1\" content=\"David Achell\" \/>\n\t<meta name=\"twitter:label2\" content=\"Tiempo de lectura\" \/>\n\t<meta name=\"twitter:data2\" content=\"2 minutos\" \/>\n<script type=\"application\/ld+json\" class=\"yoast-schema-graph\">{\"@context\":\"https:\/\/schema.org\",\"@graph\":[{\"@type\":\"Article\",\"@id\":\"https:\/\/www.garciafaura.com\/es\/construccion-en-mataro-de-la-nueva-escuela-marta-mata\/#article\",\"isPartOf\":{\"@id\":\"https:\/\/www.garciafaura.com\/es\/construccion-en-mataro-de-la-nueva-escuela-marta-mata\/\"},\"author\":{\"name\":\"David Achell\",\"@id\":\"https:\/\/www.garciafaura.com\/fr\/#\/schema\/person\/b4b75e69b33fac3446071909bec106b0\"},\"headline\":\"Construcci\u00f3n en Matar\u00f3 de la nueva escuela Marta Mata\",\"datePublished\":\"2012-07-29T00:00:00+00:00\",\"dateModified\":\"2019-06-03T12:22:50+00:00\",\"mainEntityOfPage\":{\"@id\":\"https:\/\/www.garciafaura.com\/es\/construccion-en-mataro-de-la-nueva-escuela-marta-mata\/\"},\"wordCount\":418,\"commentCount\":0,\"publisher\":{\"@id\":\"https:\/\/www.garciafaura.com\/fr\/#organization\"},\"image\":{\"@id\":\"https:\/\/www.garciafaura.com\/es\/construccion-en-mataro-de-la-nueva-escuela-marta-mata\/#primaryimage\"},\"thumbnailUrl\":\"https:\/\/www.garciafaura.com\/wp-content\/uploads\/2018\/11\/Escola-Marta-Mata-01.jpg\",\"articleSection\":[\"Actualidad\"],\"inLanguage\":\"es\",\"potentialAction\":[{\"@type\":\"CommentAction\",\"name\":\"Comment\",\"target\":[\"https:\/\/www.garciafaura.com\/es\/construccion-en-mataro-de-la-nueva-escuela-marta-mata\/#respond\"]}]},{\"@type\":\"WebPage\",\"@id\":\"https:\/\/www.garciafaura.com\/es\/construccion-en-mataro-de-la-nueva-escuela-marta-mata\/\",\"url\":\"https:\/\/www.garciafaura.com\/es\/construccion-en-mataro-de-la-nueva-escuela-marta-mata\/\",\"name\":\"Construcci\u00f3n en Matar\u00f3 de la nueva escuela Marta Mata - GARCIA FAURA\",\"isPartOf\":{\"@id\":\"https:\/\/www.garciafaura.com\/fr\/#website\"},\"primaryImageOfPage\":{\"@id\":\"https:\/\/www.garciafaura.com\/es\/construccion-en-mataro-de-la-nueva-escuela-marta-mata\/#primaryimage\"},\"image\":{\"@id\":\"https:\/\/www.garciafaura.com\/es\/construccion-en-mataro-de-la-nueva-escuela-marta-mata\/#primaryimage\"},\"thumbnailUrl\":\"https:\/\/www.garciafaura.com\/wp-content\/uploads\/2018\/11\/Escola-Marta-Mata-01.jpg\",\"datePublished\":\"2012-07-29T00:00:00+00:00\",\"dateModified\":\"2019-06-03T12:22:50+00:00\",\"description\":\"Arquitectura en Alumini, Inox, Ferro i Vidre\",\"breadcrumb\":{\"@id\":\"https:\/\/www.garciafaura.com\/es\/construccion-en-mataro-de-la-nueva-escuela-marta-mata\/#breadcrumb\"},\"inLanguage\":\"es\",\"potentialAction\":[{\"@type\":\"ReadAction\",\"target\":[\"https:\/\/www.garciafaura.com\/es\/construccion-en-mataro-de-la-nueva-escuela-marta-mata\/\"]}]},{\"@type\":\"ImageObject\",\"inLanguage\":\"es\",\"@id\":\"https:\/\/www.garciafaura.com\/es\/construccion-en-mataro-de-la-nueva-escuela-marta-mata\/#primaryimage\",\"url\":\"https:\/\/www.garciafaura.com\/wp-content\/uploads\/2018\/11\/Escola-Marta-Mata-01.jpg\",\"contentUrl\":\"https:\/\/www.garciafaura.com\/wp-content\/uploads\/2018\/11\/Escola-Marta-Mata-01.jpg\"},{\"@type\":\"BreadcrumbList\",\"@id\":\"https:\/\/www.garciafaura.com\/es\/construccion-en-mataro-de-la-nueva-escuela-marta-mata\/#breadcrumb\",\"itemListElement\":[{\"@type\":\"ListItem\",\"position\":1,\"name\":\"Inici\",\"item\":\"https:\/\/www.garciafaura.com\/es\/\"},{\"@type\":\"ListItem\",\"position\":2,\"name\":\"Construcci\u00f3n en Matar\u00f3 de la nueva escuela Marta Mata\"}]},{\"@type\":\"WebSite\",\"@id\":\"https:\/\/www.garciafaura.com\/fr\/#website\",\"url\":\"https:\/\/www.garciafaura.com\/fr\/\",\"name\":\"GARCIA FAURA\",\"description\":\"Arquitectura en Alumini, Inox, Ferro i Vidre\",\"publisher\":{\"@id\":\"https:\/\/www.garciafaura.com\/fr\/#organization\"},\"potentialAction\":[{\"@type\":\"SearchAction\",\"target\":{\"@type\":\"EntryPoint\",\"urlTemplate\":\"https:\/\/www.garciafaura.com\/fr\/?s={search_term_string}\"},\"query-input\":{\"@type\":\"PropertyValueSpecification\",\"valueRequired\":true,\"valueName\":\"search_term_string\"}}],\"inLanguage\":\"es\"},{\"@type\":\"Organization\",\"@id\":\"https:\/\/www.garciafaura.com\/fr\/#organization\",\"name\":\"GARCIA FAURA\",\"url\":\"https:\/\/www.garciafaura.com\/fr\/\",\"logo\":{\"@type\":\"ImageObject\",\"inLanguage\":\"es\",\"@id\":\"https:\/\/www.garciafaura.com\/fr\/#\/schema\/logo\/image\/\",\"url\":\"https:\/\/www.garciafaura.com\/wp-content\/uploads\/2018\/09\/Garcia-Faura.png\",\"contentUrl\":\"https:\/\/www.garciafaura.com\/wp-content\/uploads\/2018\/09\/Garcia-Faura.png\",\"width\":512,\"height\":512,\"caption\":\"GARCIA FAURA\"},\"image\":{\"@id\":\"https:\/\/www.garciafaura.com\/fr\/#\/schema\/logo\/image\/\"},\"sameAs\":[\"https:\/\/www.youtube.com\/user\/GARCIAFAURA\"]},{\"@type\":\"Person\",\"@id\":\"https:\/\/www.garciafaura.com\/fr\/#\/schema\/person\/b4b75e69b33fac3446071909bec106b0\",\"name\":\"David Achell\",\"image\":{\"@type\":\"ImageObject\",\"inLanguage\":\"es\",\"@id\":\"https:\/\/www.garciafaura.com\/fr\/#\/schema\/person\/image\/\",\"url\":\"https:\/\/secure.gravatar.com\/avatar\/03900210afc1f61bce737bcb4a79c02e2c997f171e3eca839b5a4cbe03846c90?s=96&d=blank&r=g\",\"contentUrl\":\"https:\/\/secure.gravatar.com\/avatar\/03900210afc1f61bce737bcb4a79c02e2c997f171e3eca839b5a4cbe03846c90?s=96&d=blank&r=g\",\"caption\":\"David Achell\"}}]}<\/script>\n<!-- \/ Yoast SEO plugin. -->","yoast_head_json":{"title":"Construcci\u00f3n en Matar\u00f3 de la nueva escuela Marta Mata - GARCIA FAURA","description":"Arquitectura en Alumini, Inox, Ferro i Vidre","robots":{"index":"index","follow":"follow","max-snippet":"max-snippet:-1","max-image-preview":"max-image-preview:large","max-video-preview":"max-video-preview:-1"},"canonical":"https:\/\/www.garciafaura.com\/es\/construccion-en-mataro-de-la-nueva-escuela-marta-mata\/","og_locale":"es_ES","og_type":"article","og_title":"Construcci\u00f3n en Matar\u00f3 de la nueva escuela Marta Mata - GARCIA FAURA","og_description":"Arquitectura en Alumini, Inox, Ferro i Vidre","og_url":"https:\/\/www.garciafaura.com\/es\/construccion-en-mataro-de-la-nueva-escuela-marta-mata\/","og_site_name":"GARCIA FAURA","article_published_time":"2012-07-29T00:00:00+00:00","article_modified_time":"2019-06-03T12:22:50+00:00","og_image":[{"url":"https:\/\/www.garciafaura.com\/wp-content\/uploads\/2018\/11\/Escola-Marta-Mata-01.jpg","width":1,"height":1,"type":"image\/jpeg"}],"author":"David Achell","twitter_card":"summary_large_image","twitter_misc":{"Escrito por":"David Achell","Tiempo de lectura":"2 minutos"},"schema":{"@context":"https:\/\/schema.org","@graph":[{"@type":"Article","@id":"https:\/\/www.garciafaura.com\/es\/construccion-en-mataro-de-la-nueva-escuela-marta-mata\/#article","isPartOf":{"@id":"https:\/\/www.garciafaura.com\/es\/construccion-en-mataro-de-la-nueva-escuela-marta-mata\/"},"author":{"name":"David Achell","@id":"https:\/\/www.garciafaura.com\/fr\/#\/schema\/person\/b4b75e69b33fac3446071909bec106b0"},"headline":"Construcci\u00f3n en Matar\u00f3 de la nueva escuela Marta Mata","datePublished":"2012-07-29T00:00:00+00:00","dateModified":"2019-06-03T12:22:50+00:00","mainEntityOfPage":{"@id":"https:\/\/www.garciafaura.com\/es\/construccion-en-mataro-de-la-nueva-escuela-marta-mata\/"},"wordCount":418,"commentCount":0,"publisher":{"@id":"https:\/\/www.garciafaura.com\/fr\/#organization"},"image":{"@id":"https:\/\/www.garciafaura.com\/es\/construccion-en-mataro-de-la-nueva-escuela-marta-mata\/#primaryimage"},"thumbnailUrl":"https:\/\/www.garciafaura.com\/wp-content\/uploads\/2018\/11\/Escola-Marta-Mata-01.jpg","articleSection":["Actualidad"],"inLanguage":"es","potentialAction":[{"@type":"CommentAction","name":"Comment","target":["https:\/\/www.garciafaura.com\/es\/construccion-en-mataro-de-la-nueva-escuela-marta-mata\/#respond"]}]},{"@type":"WebPage","@id":"https:\/\/www.garciafaura.com\/es\/construccion-en-mataro-de-la-nueva-escuela-marta-mata\/","url":"https:\/\/www.garciafaura.com\/es\/construccion-en-mataro-de-la-nueva-escuela-marta-mata\/","name":"Construcci\u00f3n en Matar\u00f3 de la nueva escuela Marta Mata - GARCIA FAURA","isPartOf":{"@id":"https:\/\/www.garciafaura.com\/fr\/#website"},"primaryImageOfPage":{"@id":"https:\/\/www.garciafaura.com\/es\/construccion-en-mataro-de-la-nueva-escuela-marta-mata\/#primaryimage"},"image":{"@id":"https:\/\/www.garciafaura.com\/es\/construccion-en-mataro-de-la-nueva-escuela-marta-mata\/#primaryimage"},"thumbnailUrl":"https:\/\/www.garciafaura.com\/wp-content\/uploads\/2018\/11\/Escola-Marta-Mata-01.jpg","datePublished":"2012-07-29T00:00:00+00:00","dateModified":"2019-06-03T12:22:50+00:00","description":"Arquitectura en Alumini, Inox, Ferro i Vidre","breadcrumb":{"@id":"https:\/\/www.garciafaura.com\/es\/construccion-en-mataro-de-la-nueva-escuela-marta-mata\/#breadcrumb"},"inLanguage":"es","potentialAction":[{"@type":"ReadAction","target":["https:\/\/www.garciafaura.com\/es\/construccion-en-mataro-de-la-nueva-escuela-marta-mata\/"]}]},{"@type":"ImageObject","inLanguage":"es","@id":"https:\/\/www.garciafaura.com\/es\/construccion-en-mataro-de-la-nueva-escuela-marta-mata\/#primaryimage","url":"https:\/\/www.garciafaura.com\/wp-content\/uploads\/2018\/11\/Escola-Marta-Mata-01.jpg","contentUrl":"https:\/\/www.garciafaura.com\/wp-content\/uploads\/2018\/11\/Escola-Marta-Mata-01.jpg"},{"@type":"BreadcrumbList","@id":"https:\/\/www.garciafaura.com\/es\/construccion-en-mataro-de-la-nueva-escuela-marta-mata\/#breadcrumb","itemListElement":[{"@type":"ListItem","position":1,"name":"Inici","item":"https:\/\/www.garciafaura.com\/es\/"},{"@type":"ListItem","position":2,"name":"Construcci\u00f3n en Matar\u00f3 de la nueva escuela Marta Mata"}]},{"@type":"WebSite","@id":"https:\/\/www.garciafaura.com\/fr\/#website","url":"https:\/\/www.garciafaura.com\/fr\/","name":"GARCIA FAURA","description":"Arquitectura en Alumini, Inox, Ferro i Vidre","publisher":{"@id":"https:\/\/www.garciafaura.com\/fr\/#organization"},"potentialAction":[{"@type":"SearchAction","target":{"@type":"EntryPoint","urlTemplate":"https:\/\/www.garciafaura.com\/fr\/?s={search_term_string}"},"query-input":{"@type":"PropertyValueSpecification","valueRequired":true,"valueName":"search_term_string"}}],"inLanguage":"es"},{"@type":"Organization","@id":"https:\/\/www.garciafaura.com\/fr\/#organization","name":"GARCIA FAURA","url":"https:\/\/www.garciafaura.com\/fr\/","logo":{"@type":"ImageObject","inLanguage":"es","@id":"https:\/\/www.garciafaura.com\/fr\/#\/schema\/logo\/image\/","url":"https:\/\/www.garciafaura.com\/wp-content\/uploads\/2018\/09\/Garcia-Faura.png","contentUrl":"https:\/\/www.garciafaura.com\/wp-content\/uploads\/2018\/09\/Garcia-Faura.png","width":512,"height":512,"caption":"GARCIA FAURA"},"image":{"@id":"https:\/\/www.garciafaura.com\/fr\/#\/schema\/logo\/image\/"},"sameAs":["https:\/\/www.youtube.com\/user\/GARCIAFAURA"]},{"@type":"Person","@id":"https:\/\/www.garciafaura.com\/fr\/#\/schema\/person\/b4b75e69b33fac3446071909bec106b0","name":"David Achell","image":{"@type":"ImageObject","inLanguage":"es","@id":"https:\/\/www.garciafaura.com\/fr\/#\/schema\/person\/image\/","url":"https:\/\/secure.gravatar.com\/avatar\/03900210afc1f61bce737bcb4a79c02e2c997f171e3eca839b5a4cbe03846c90?s=96&d=blank&r=g","contentUrl":"https:\/\/secure.gravatar.com\/avatar\/03900210afc1f61bce737bcb4a79c02e2c997f171e3eca839b5a4cbe03846c90?s=96&d=blank&r=g","caption":"David Achell"}}]}},"_links":{"self":[{"href":"https:\/\/www.garciafaura.com\/es\/wp-json\/wp\/v2\/posts\/5597","targetHints":{"allow":["GET"]}}],"collection":[{"href":"https:\/\/www.garciafaura.com\/es\/wp-json\/wp\/v2\/posts"}],"about":[{"href":"https:\/\/www.garciafaura.com\/es\/wp-json\/wp\/v2\/types\/post"}],"author":[{"embeddable":true,"href":"https:\/\/www.garciafaura.com\/es\/wp-json\/wp\/v2\/users\/3"}],"replies":[{"embeddable":true,"href":"https:\/\/www.garciafaura.com\/es\/wp-json\/wp\/v2\/comments?post=5597"}],"version-history":[{"count":1,"href":"https:\/\/www.garciafaura.com\/es\/wp-json\/wp\/v2\/posts\/5597\/revisions"}],"predecessor-version":[{"id":21614,"href":"https:\/\/www.garciafaura.com\/es\/wp-json\/wp\/v2\/posts\/5597\/revisions\/21614"}],"wp:featuredmedia":[{"embeddable":true,"href":"https:\/\/www.garciafaura.com\/es\/wp-json\/wp\/v2\/media\/5589"}],"wp:attachment":[{"href":"https:\/\/www.garciafaura.com\/es\/wp-json\/wp\/v2\/media?parent=5597"}],"wp:term":[{"taxonomy":"category","embeddable":true,"href":"https:\/\/www.garciafaura.com\/es\/wp-json\/wp\/v2\/categories?post=5597"},{"taxonomy":"post_tag","embeddable":true,"href":"https:\/\/www.garciafaura.com\/es\/wp-json\/wp\/v2\/tags?post=5597"},{"taxonomy":"post_series","embeddable":true,"href":"https:\/\/www.garciafaura.com\/es\/wp-json\/wp\/v2\/post_series?post=5597"}],"curies":[{"name":"wp","href":"https:\/\/api.w.org\/{rel}","templated":true}]}}