{"id":5569,"date":"2012-06-21T00:00:00","date_gmt":"2012-06-21T00:00:00","guid":{"rendered":"https:\/\/www.garciafaura.com\/inaugurado-el-nuevo-tanatorio-de-vilafranca-del-penedes\/"},"modified":"2019-06-03T12:23:23","modified_gmt":"2019-06-03T12:23:23","slug":"inaugurado-el-nuevo-tanatorio-de-vilafranca-del-penedes","status":"publish","type":"post","link":"https:\/\/www.garciafaura.com\/es\/inaugurado-el-nuevo-tanatorio-de-vilafranca-del-penedes\/","title":{"rendered":"Inaugurado el nuevo Tanatorio de Vilafranca del Pened\u00e8s"},"content":{"rendered":"<p>El nuevo Tanatorio de Vilafranca del Pened\u00e8s se ubica al lado del cementerio municipal y sustituye al tanatorio que durante 25 a\u00f1os ha prestado servicio en el n\u00facleo urbano. Se trata de un equipamiento moderno y funcional de 3.574 metros cuadrados que une en un mismo edificio tanto las oficinas de atenci\u00f3n a las familias como las dependencias propias de un tanatorio, lo que facilitar\u00e1 la gesti\u00f3n del proceso funerario a la ciudadan\u00eda.<\/p>\n<p><strong>GARCIA FAURA<\/strong> firma el conjunto de cerramientos del equipamiento, con una especial referencia para los trabajos en acero elaborados por los equipos del Taller de Hierro de la empresa. Este material da consistencia al edificio y, conjuntamente con los trabajos en vidrier\u00eda, permite conformar un equipamiento c\u00f3modo, est\u00e9ticamente atractivo y altamente acogedor. Unos aspectos fundamentales, teniendo en cuenta las funciones propias que ejerce el edificio.<\/p>\n<p>Adem\u00e1s, <strong>GARCIA FAURA <\/strong>tambi\u00e9n se ha encargado de la fabricaci\u00f3n e instalaci\u00f3n de los diferentes elementos de servicios del equipamiento, la parte no visible del nuevo tanatorio, pero fundamental para su correcto funcionamiento.<\/p>\n<p>El tanatorio cuenta con tres \u00e1reas funcionales. La primera con zona de recepci\u00f3n, informaci\u00f3n, y venta. La segunda \u00e1rea est\u00e1 destinada a las seis salas de velatorio, que cuentan con patio con luz natural, y la tercera parte de la planta del nuevo equipamiento, acoge el oratorio multiconfesional con capacidad para a 180 personas sentadas, donde se podr\u00e1n celebrar tanto funerales cristianos como de otras religiones o laicos.<\/p>\n","protected":false},"excerpt":{"rendered":"<p>\n\tYa est&aacute; en funcionamiento una de las &uacute;ltimas obras en que ha trabajado GARCIA FAURA. La primera semana de junio se inauguraba el nuevo Tanatorio de Vilafranca del Pened&egrave;s. Un edificio de 3.500 metros cuadrados que destaca por su dise&ntilde;o y su funcionalidad. La instalaci&oacute;n es plenamente accesible y parte de la voluntad de aprovechamiento de la luz natural.<\/p>\n","protected":false},"author":3,"featured_media":5553,"comment_status":"open","ping_status":"open","sticky":false,"template":"","format":"standard","meta":{"footnotes":""},"categories":[3],"tags":[],"post_series":[],"class_list":["post-5569","post","type-post","status-publish","format-standard","has-post-thumbnail","hentry","category-actualidad","entry","has-media"],"yoast_head":"<!-- This site is optimized with the Yoast SEO plugin v26.7 - https:\/\/yoast.com\/wordpress\/plugins\/seo\/ -->\n<title>Inaugurado el nuevo Tanatorio de Vilafranca del Pened\u00e8s - GARCIA FAURA<\/title>\n<meta name=\"description\" content=\"Arquitectura en Alumini, Inox, Ferro i Vidre\" \/>\n<meta name=\"robots\" content=\"index, follow, max-snippet:-1, max-image-preview:large, max-video-preview:-1\" \/>\n<link rel=\"canonical\" href=\"https:\/\/www.garciafaura.com\/es\/inaugurado-el-nuevo-tanatorio-de-vilafranca-del-penedes\/\" \/>\n<meta property=\"og:locale\" content=\"es_ES\" \/>\n<meta property=\"og:type\" content=\"article\" \/>\n<meta property=\"og:title\" content=\"Inaugurado el nuevo Tanatorio de Vilafranca del Pened\u00e8s - GARCIA FAURA\" \/>\n<meta property=\"og:description\" content=\"Arquitectura en Alumini, Inox, Ferro i Vidre\" \/>\n<meta property=\"og:url\" content=\"https:\/\/www.garciafaura.com\/es\/inaugurado-el-nuevo-tanatorio-de-vilafranca-del-penedes\/\" \/>\n<meta property=\"og:site_name\" content=\"GARCIA FAURA\" \/>\n<meta property=\"article:published_time\" content=\"2012-06-21T00:00:00+00:00\" \/>\n<meta property=\"article:modified_time\" content=\"2019-06-03T12:23:23+00:00\" \/>\n<meta property=\"og:image\" content=\"https:\/\/www.garciafaura.com\/wp-content\/uploads\/2018\/11\/101-01.jpg\" \/>\n\t<meta property=\"og:image:width\" content=\"1\" \/>\n\t<meta property=\"og:image:height\" content=\"1\" \/>\n\t<meta property=\"og:image:type\" content=\"image\/jpeg\" \/>\n<meta name=\"author\" content=\"David Achell\" \/>\n<meta name=\"twitter:card\" content=\"summary_large_image\" \/>\n<meta name=\"twitter:label1\" content=\"Escrito por\" \/>\n\t<meta name=\"twitter:data1\" content=\"David Achell\" \/>\n\t<meta name=\"twitter:label2\" content=\"Tiempo de lectura\" \/>\n\t<meta name=\"twitter:data2\" content=\"1 minuto\" \/>\n<script type=\"application\/ld+json\" class=\"yoast-schema-graph\">{\"@context\":\"https:\/\/schema.org\",\"@graph\":[{\"@type\":\"Article\",\"@id\":\"https:\/\/www.garciafaura.com\/es\/inaugurado-el-nuevo-tanatorio-de-vilafranca-del-penedes\/#article\",\"isPartOf\":{\"@id\":\"https:\/\/www.garciafaura.com\/es\/inaugurado-el-nuevo-tanatorio-de-vilafranca-del-penedes\/\"},\"author\":{\"name\":\"David Achell\",\"@id\":\"https:\/\/www.garciafaura.com\/fr\/#\/schema\/person\/b4b75e69b33fac3446071909bec106b0\"},\"headline\":\"Inaugurado el nuevo Tanatorio de Vilafranca del Pened\u00e8s\",\"datePublished\":\"2012-06-21T00:00:00+00:00\",\"dateModified\":\"2019-06-03T12:23:23+00:00\",\"mainEntityOfPage\":{\"@id\":\"https:\/\/www.garciafaura.com\/es\/inaugurado-el-nuevo-tanatorio-de-vilafranca-del-penedes\/\"},\"wordCount\":261,\"commentCount\":0,\"publisher\":{\"@id\":\"https:\/\/www.garciafaura.com\/fr\/#organization\"},\"image\":{\"@id\":\"https:\/\/www.garciafaura.com\/es\/inaugurado-el-nuevo-tanatorio-de-vilafranca-del-penedes\/#primaryimage\"},\"thumbnailUrl\":\"https:\/\/www.garciafaura.com\/wp-content\/uploads\/2018\/11\/101-01.jpg\",\"articleSection\":[\"Actualidad\"],\"inLanguage\":\"es\",\"potentialAction\":[{\"@type\":\"CommentAction\",\"name\":\"Comment\",\"target\":[\"https:\/\/www.garciafaura.com\/es\/inaugurado-el-nuevo-tanatorio-de-vilafranca-del-penedes\/#respond\"]}]},{\"@type\":\"WebPage\",\"@id\":\"https:\/\/www.garciafaura.com\/es\/inaugurado-el-nuevo-tanatorio-de-vilafranca-del-penedes\/\",\"url\":\"https:\/\/www.garciafaura.com\/es\/inaugurado-el-nuevo-tanatorio-de-vilafranca-del-penedes\/\",\"name\":\"Inaugurado el nuevo Tanatorio de Vilafranca del Pened\u00e8s - GARCIA FAURA\",\"isPartOf\":{\"@id\":\"https:\/\/www.garciafaura.com\/fr\/#website\"},\"primaryImageOfPage\":{\"@id\":\"https:\/\/www.garciafaura.com\/es\/inaugurado-el-nuevo-tanatorio-de-vilafranca-del-penedes\/#primaryimage\"},\"image\":{\"@id\":\"https:\/\/www.garciafaura.com\/es\/inaugurado-el-nuevo-tanatorio-de-vilafranca-del-penedes\/#primaryimage\"},\"thumbnailUrl\":\"https:\/\/www.garciafaura.com\/wp-content\/uploads\/2018\/11\/101-01.jpg\",\"datePublished\":\"2012-06-21T00:00:00+00:00\",\"dateModified\":\"2019-06-03T12:23:23+00:00\",\"description\":\"Arquitectura en Alumini, Inox, Ferro i Vidre\",\"breadcrumb\":{\"@id\":\"https:\/\/www.garciafaura.com\/es\/inaugurado-el-nuevo-tanatorio-de-vilafranca-del-penedes\/#breadcrumb\"},\"inLanguage\":\"es\",\"potentialAction\":[{\"@type\":\"ReadAction\",\"target\":[\"https:\/\/www.garciafaura.com\/es\/inaugurado-el-nuevo-tanatorio-de-vilafranca-del-penedes\/\"]}]},{\"@type\":\"ImageObject\",\"inLanguage\":\"es\",\"@id\":\"https:\/\/www.garciafaura.com\/es\/inaugurado-el-nuevo-tanatorio-de-vilafranca-del-penedes\/#primaryimage\",\"url\":\"https:\/\/www.garciafaura.com\/wp-content\/uploads\/2018\/11\/101-01.jpg\",\"contentUrl\":\"https:\/\/www.garciafaura.com\/wp-content\/uploads\/2018\/11\/101-01.jpg\"},{\"@type\":\"BreadcrumbList\",\"@id\":\"https:\/\/www.garciafaura.com\/es\/inaugurado-el-nuevo-tanatorio-de-vilafranca-del-penedes\/#breadcrumb\",\"itemListElement\":[{\"@type\":\"ListItem\",\"position\":1,\"name\":\"Inici\",\"item\":\"https:\/\/www.garciafaura.com\/es\/\"},{\"@type\":\"ListItem\",\"position\":2,\"name\":\"Inaugurado el nuevo Tanatorio de Vilafranca del Pened\u00e8s\"}]},{\"@type\":\"WebSite\",\"@id\":\"https:\/\/www.garciafaura.com\/fr\/#website\",\"url\":\"https:\/\/www.garciafaura.com\/fr\/\",\"name\":\"GARCIA FAURA\",\"description\":\"Arquitectura en Alumini, Inox, Ferro i Vidre\",\"publisher\":{\"@id\":\"https:\/\/www.garciafaura.com\/fr\/#organization\"},\"potentialAction\":[{\"@type\":\"SearchAction\",\"target\":{\"@type\":\"EntryPoint\",\"urlTemplate\":\"https:\/\/www.garciafaura.com\/fr\/?s={search_term_string}\"},\"query-input\":{\"@type\":\"PropertyValueSpecification\",\"valueRequired\":true,\"valueName\":\"search_term_string\"}}],\"inLanguage\":\"es\"},{\"@type\":\"Organization\",\"@id\":\"https:\/\/www.garciafaura.com\/fr\/#organization\",\"name\":\"GARCIA FAURA\",\"url\":\"https:\/\/www.garciafaura.com\/fr\/\",\"logo\":{\"@type\":\"ImageObject\",\"inLanguage\":\"es\",\"@id\":\"https:\/\/www.garciafaura.com\/fr\/#\/schema\/logo\/image\/\",\"url\":\"https:\/\/www.garciafaura.com\/wp-content\/uploads\/2018\/09\/Garcia-Faura.png\",\"contentUrl\":\"https:\/\/www.garciafaura.com\/wp-content\/uploads\/2018\/09\/Garcia-Faura.png\",\"width\":512,\"height\":512,\"caption\":\"GARCIA FAURA\"},\"image\":{\"@id\":\"https:\/\/www.garciafaura.com\/fr\/#\/schema\/logo\/image\/\"},\"sameAs\":[\"https:\/\/www.youtube.com\/user\/GARCIAFAURA\"]},{\"@type\":\"Person\",\"@id\":\"https:\/\/www.garciafaura.com\/fr\/#\/schema\/person\/b4b75e69b33fac3446071909bec106b0\",\"name\":\"David Achell\",\"image\":{\"@type\":\"ImageObject\",\"inLanguage\":\"es\",\"@id\":\"https:\/\/www.garciafaura.com\/fr\/#\/schema\/person\/image\/\",\"url\":\"https:\/\/secure.gravatar.com\/avatar\/03900210afc1f61bce737bcb4a79c02e2c997f171e3eca839b5a4cbe03846c90?s=96&d=blank&r=g\",\"contentUrl\":\"https:\/\/secure.gravatar.com\/avatar\/03900210afc1f61bce737bcb4a79c02e2c997f171e3eca839b5a4cbe03846c90?s=96&d=blank&r=g\",\"caption\":\"David Achell\"}}]}<\/script>\n<!-- \/ Yoast SEO plugin. -->","yoast_head_json":{"title":"Inaugurado el nuevo Tanatorio de Vilafranca del Pened\u00e8s - GARCIA FAURA","description":"Arquitectura en Alumini, Inox, Ferro i Vidre","robots":{"index":"index","follow":"follow","max-snippet":"max-snippet:-1","max-image-preview":"max-image-preview:large","max-video-preview":"max-video-preview:-1"},"canonical":"https:\/\/www.garciafaura.com\/es\/inaugurado-el-nuevo-tanatorio-de-vilafranca-del-penedes\/","og_locale":"es_ES","og_type":"article","og_title":"Inaugurado el nuevo Tanatorio de Vilafranca del Pened\u00e8s - GARCIA FAURA","og_description":"Arquitectura en Alumini, Inox, Ferro i Vidre","og_url":"https:\/\/www.garciafaura.com\/es\/inaugurado-el-nuevo-tanatorio-de-vilafranca-del-penedes\/","og_site_name":"GARCIA FAURA","article_published_time":"2012-06-21T00:00:00+00:00","article_modified_time":"2019-06-03T12:23:23+00:00","og_image":[{"url":"https:\/\/www.garciafaura.com\/wp-content\/uploads\/2018\/11\/101-01.jpg","width":1,"height":1,"type":"image\/jpeg"}],"author":"David Achell","twitter_card":"summary_large_image","twitter_misc":{"Escrito por":"David Achell","Tiempo de lectura":"1 minuto"},"schema":{"@context":"https:\/\/schema.org","@graph":[{"@type":"Article","@id":"https:\/\/www.garciafaura.com\/es\/inaugurado-el-nuevo-tanatorio-de-vilafranca-del-penedes\/#article","isPartOf":{"@id":"https:\/\/www.garciafaura.com\/es\/inaugurado-el-nuevo-tanatorio-de-vilafranca-del-penedes\/"},"author":{"name":"David Achell","@id":"https:\/\/www.garciafaura.com\/fr\/#\/schema\/person\/b4b75e69b33fac3446071909bec106b0"},"headline":"Inaugurado el nuevo Tanatorio de Vilafranca del Pened\u00e8s","datePublished":"2012-06-21T00:00:00+00:00","dateModified":"2019-06-03T12:23:23+00:00","mainEntityOfPage":{"@id":"https:\/\/www.garciafaura.com\/es\/inaugurado-el-nuevo-tanatorio-de-vilafranca-del-penedes\/"},"wordCount":261,"commentCount":0,"publisher":{"@id":"https:\/\/www.garciafaura.com\/fr\/#organization"},"image":{"@id":"https:\/\/www.garciafaura.com\/es\/inaugurado-el-nuevo-tanatorio-de-vilafranca-del-penedes\/#primaryimage"},"thumbnailUrl":"https:\/\/www.garciafaura.com\/wp-content\/uploads\/2018\/11\/101-01.jpg","articleSection":["Actualidad"],"inLanguage":"es","potentialAction":[{"@type":"CommentAction","name":"Comment","target":["https:\/\/www.garciafaura.com\/es\/inaugurado-el-nuevo-tanatorio-de-vilafranca-del-penedes\/#respond"]}]},{"@type":"WebPage","@id":"https:\/\/www.garciafaura.com\/es\/inaugurado-el-nuevo-tanatorio-de-vilafranca-del-penedes\/","url":"https:\/\/www.garciafaura.com\/es\/inaugurado-el-nuevo-tanatorio-de-vilafranca-del-penedes\/","name":"Inaugurado el nuevo Tanatorio de Vilafranca del Pened\u00e8s - GARCIA FAURA","isPartOf":{"@id":"https:\/\/www.garciafaura.com\/fr\/#website"},"primaryImageOfPage":{"@id":"https:\/\/www.garciafaura.com\/es\/inaugurado-el-nuevo-tanatorio-de-vilafranca-del-penedes\/#primaryimage"},"image":{"@id":"https:\/\/www.garciafaura.com\/es\/inaugurado-el-nuevo-tanatorio-de-vilafranca-del-penedes\/#primaryimage"},"thumbnailUrl":"https:\/\/www.garciafaura.com\/wp-content\/uploads\/2018\/11\/101-01.jpg","datePublished":"2012-06-21T00:00:00+00:00","dateModified":"2019-06-03T12:23:23+00:00","description":"Arquitectura en Alumini, Inox, Ferro i Vidre","breadcrumb":{"@id":"https:\/\/www.garciafaura.com\/es\/inaugurado-el-nuevo-tanatorio-de-vilafranca-del-penedes\/#breadcrumb"},"inLanguage":"es","potentialAction":[{"@type":"ReadAction","target":["https:\/\/www.garciafaura.com\/es\/inaugurado-el-nuevo-tanatorio-de-vilafranca-del-penedes\/"]}]},{"@type":"ImageObject","inLanguage":"es","@id":"https:\/\/www.garciafaura.com\/es\/inaugurado-el-nuevo-tanatorio-de-vilafranca-del-penedes\/#primaryimage","url":"https:\/\/www.garciafaura.com\/wp-content\/uploads\/2018\/11\/101-01.jpg","contentUrl":"https:\/\/www.garciafaura.com\/wp-content\/uploads\/2018\/11\/101-01.jpg"},{"@type":"BreadcrumbList","@id":"https:\/\/www.garciafaura.com\/es\/inaugurado-el-nuevo-tanatorio-de-vilafranca-del-penedes\/#breadcrumb","itemListElement":[{"@type":"ListItem","position":1,"name":"Inici","item":"https:\/\/www.garciafaura.com\/es\/"},{"@type":"ListItem","position":2,"name":"Inaugurado el nuevo Tanatorio de Vilafranca del Pened\u00e8s"}]},{"@type":"WebSite","@id":"https:\/\/www.garciafaura.com\/fr\/#website","url":"https:\/\/www.garciafaura.com\/fr\/","name":"GARCIA FAURA","description":"Arquitectura en Alumini, Inox, Ferro i Vidre","publisher":{"@id":"https:\/\/www.garciafaura.com\/fr\/#organization"},"potentialAction":[{"@type":"SearchAction","target":{"@type":"EntryPoint","urlTemplate":"https:\/\/www.garciafaura.com\/fr\/?s={search_term_string}"},"query-input":{"@type":"PropertyValueSpecification","valueRequired":true,"valueName":"search_term_string"}}],"inLanguage":"es"},{"@type":"Organization","@id":"https:\/\/www.garciafaura.com\/fr\/#organization","name":"GARCIA FAURA","url":"https:\/\/www.garciafaura.com\/fr\/","logo":{"@type":"ImageObject","inLanguage":"es","@id":"https:\/\/www.garciafaura.com\/fr\/#\/schema\/logo\/image\/","url":"https:\/\/www.garciafaura.com\/wp-content\/uploads\/2018\/09\/Garcia-Faura.png","contentUrl":"https:\/\/www.garciafaura.com\/wp-content\/uploads\/2018\/09\/Garcia-Faura.png","width":512,"height":512,"caption":"GARCIA FAURA"},"image":{"@id":"https:\/\/www.garciafaura.com\/fr\/#\/schema\/logo\/image\/"},"sameAs":["https:\/\/www.youtube.com\/user\/GARCIAFAURA"]},{"@type":"Person","@id":"https:\/\/www.garciafaura.com\/fr\/#\/schema\/person\/b4b75e69b33fac3446071909bec106b0","name":"David Achell","image":{"@type":"ImageObject","inLanguage":"es","@id":"https:\/\/www.garciafaura.com\/fr\/#\/schema\/person\/image\/","url":"https:\/\/secure.gravatar.com\/avatar\/03900210afc1f61bce737bcb4a79c02e2c997f171e3eca839b5a4cbe03846c90?s=96&d=blank&r=g","contentUrl":"https:\/\/secure.gravatar.com\/avatar\/03900210afc1f61bce737bcb4a79c02e2c997f171e3eca839b5a4cbe03846c90?s=96&d=blank&r=g","caption":"David Achell"}}]}},"_links":{"self":[{"href":"https:\/\/www.garciafaura.com\/es\/wp-json\/wp\/v2\/posts\/5569","targetHints":{"allow":["GET"]}}],"collection":[{"href":"https:\/\/www.garciafaura.com\/es\/wp-json\/wp\/v2\/posts"}],"about":[{"href":"https:\/\/www.garciafaura.com\/es\/wp-json\/wp\/v2\/types\/post"}],"author":[{"embeddable":true,"href":"https:\/\/www.garciafaura.com\/es\/wp-json\/wp\/v2\/users\/3"}],"replies":[{"embeddable":true,"href":"https:\/\/www.garciafaura.com\/es\/wp-json\/wp\/v2\/comments?post=5569"}],"version-history":[{"count":1,"href":"https:\/\/www.garciafaura.com\/es\/wp-json\/wp\/v2\/posts\/5569\/revisions"}],"predecessor-version":[{"id":21616,"href":"https:\/\/www.garciafaura.com\/es\/wp-json\/wp\/v2\/posts\/5569\/revisions\/21616"}],"wp:featuredmedia":[{"embeddable":true,"href":"https:\/\/www.garciafaura.com\/es\/wp-json\/wp\/v2\/media\/5553"}],"wp:attachment":[{"href":"https:\/\/www.garciafaura.com\/es\/wp-json\/wp\/v2\/media?parent=5569"}],"wp:term":[{"taxonomy":"category","embeddable":true,"href":"https:\/\/www.garciafaura.com\/es\/wp-json\/wp\/v2\/categories?post=5569"},{"taxonomy":"post_tag","embeddable":true,"href":"https:\/\/www.garciafaura.com\/es\/wp-json\/wp\/v2\/tags?post=5569"},{"taxonomy":"post_series","embeddable":true,"href":"https:\/\/www.garciafaura.com\/es\/wp-json\/wp\/v2\/post_series?post=5569"}],"curies":[{"name":"wp","href":"https:\/\/api.w.org\/{rel}","templated":true}]}}