{"id":5529,"date":"2012-04-20T00:00:00","date_gmt":"2012-04-20T00:00:00","guid":{"rendered":"https:\/\/www.garciafaura.com\/fabricamos-los-cerramientos-del-nuevo-centro-tecnologico-manresa\/"},"modified":"2019-06-03T12:23:53","modified_gmt":"2019-06-03T12:23:53","slug":"fabricamos-los-cerramientos-del-nuevo-centro-tecnologico-manresa","status":"publish","type":"post","link":"https:\/\/www.garciafaura.com\/es\/fabricamos-los-cerramientos-del-nuevo-centro-tecnologico-manresa\/","title":{"rendered":"Fabricamos los cerramientos del nuevo Centro Tecnol\u00f3gico Manresa"},"content":{"rendered":"<p>Este mes de mayo comienzan los trabajos de fabricaci\u00f3n de los cerramientos del nuevo CTM, obra que ejecuta la UTE formada por la Constructora Calaf, Teyco y el Grupo Soler. El encargo contempla la fabricaci\u00f3n y posterior instalaci\u00f3n de 150 ventanas en Sistema Cor70 Hoja oculta, adem\u00e1s de 2.000 metros cuadrados de muro cortina, 1.400 metros cuadrados de revestimiento de fachada, 1.500 metros cuadrados de piel exterior y 250 metros cuadrados de pasarela, entre otras actuaciones.<\/p>\n<p>La Fundaci\u00f3n CTM tiene como objetivo contribuir eficazmente a la mejora de la competitividad y al progreso tecnol\u00f3gico de la empresa mediante la prestaci\u00f3n de servicios especializados y la ejecuci\u00f3n de proyectos de Investigaci\u00f3n, Desarrollo e Innovaci\u00f3n. El nuevo edificio formar\u00e1 parte del llamado Parque Tecnol\u00f3gico del Bages y nace con el objetivo de mejorar la proyecci\u00f3n e impulso de la instituci\u00f3n, potenciando a\u00fan m\u00e1s su papel de motor de la econom\u00eda de la Catalunya central. El nuevo edificio centralizar\u00e1 los servicios de calidad de la Fundaci\u00f3n y est\u00e1 llamado a convertirse en un importante referente en investigaci\u00f3n y desarrollo tecnol\u00f3gico del pa\u00eds.<\/p>\n<p>Est\u00e1 previsto que el conjunto del proceso de instalaci\u00f3n en obra de los cerramientos se ejecute entre los meses de mayo y diciembre de este a\u00f1o. La obra del nuevo edificio del Centro Tecnol\u00f3gico de Manresa tiene un presupuesto global de m\u00e1s de 10 millones de euros y entrar\u00e1 en funcionamiento durante el primer trimestre de 2013.<\/p>\n","protected":false},"excerpt":{"rendered":"<p>\n\tLa empresa se encarga de la fabricaci&oacute;n e instalaci&oacute;n de los cerramientos exteriores, muro cortina, revestimiento de fachada y piel exterior. El nuevo edificio debe entrar en funcionamiento el primer trimestre de 2013. El CTM es uno de los principales referentes en investigaci&oacute;n y desarrollo tecnol&oacute;gico del pa&iacute;s.<\/p>\n","protected":false},"author":3,"featured_media":5517,"comment_status":"open","ping_status":"open","sticky":false,"template":"","format":"standard","meta":{"footnotes":""},"categories":[3],"tags":[],"post_series":[],"class_list":["post-5529","post","type-post","status-publish","format-standard","has-post-thumbnail","hentry","category-actualidad","entry","has-media"],"yoast_head":"<!-- This site is optimized with the Yoast SEO plugin v26.7 - https:\/\/yoast.com\/wordpress\/plugins\/seo\/ -->\n<title>Fabricamos los cerramientos del nuevo Centro Tecnol\u00f3gico Manresa - GARCIA FAURA<\/title>\n<meta name=\"description\" content=\"Arquitectura en Alumini, Inox, Ferro i Vidre\" \/>\n<meta name=\"robots\" content=\"index, follow, max-snippet:-1, max-image-preview:large, max-video-preview:-1\" \/>\n<link rel=\"canonical\" href=\"https:\/\/www.garciafaura.com\/es\/fabricamos-los-cerramientos-del-nuevo-centro-tecnologico-manresa\/\" \/>\n<meta property=\"og:locale\" content=\"es_ES\" \/>\n<meta property=\"og:type\" content=\"article\" \/>\n<meta property=\"og:title\" content=\"Fabricamos los cerramientos del nuevo Centro Tecnol\u00f3gico Manresa - GARCIA FAURA\" \/>\n<meta property=\"og:description\" content=\"Arquitectura en Alumini, Inox, Ferro i Vidre\" \/>\n<meta property=\"og:url\" content=\"https:\/\/www.garciafaura.com\/es\/fabricamos-los-cerramientos-del-nuevo-centro-tecnologico-manresa\/\" \/>\n<meta property=\"og:site_name\" content=\"GARCIA FAURA\" \/>\n<meta property=\"article:published_time\" content=\"2012-04-20T00:00:00+00:00\" \/>\n<meta property=\"article:modified_time\" content=\"2019-06-03T12:23:53+00:00\" \/>\n<meta property=\"og:image\" content=\"https:\/\/www.garciafaura.com\/wp-content\/uploads\/2018\/11\/nou_edifici.jpg\" \/>\n\t<meta property=\"og:image:width\" content=\"1\" \/>\n\t<meta property=\"og:image:height\" content=\"1\" \/>\n\t<meta property=\"og:image:type\" content=\"image\/jpeg\" \/>\n<meta name=\"author\" content=\"David Achell\" \/>\n<meta name=\"twitter:card\" content=\"summary_large_image\" \/>\n<meta name=\"twitter:label1\" content=\"Escrito por\" \/>\n\t<meta name=\"twitter:data1\" content=\"David Achell\" \/>\n\t<meta name=\"twitter:label2\" content=\"Tiempo de lectura\" \/>\n\t<meta name=\"twitter:data2\" content=\"1 minuto\" \/>\n<script type=\"application\/ld+json\" class=\"yoast-schema-graph\">{\"@context\":\"https:\/\/schema.org\",\"@graph\":[{\"@type\":\"Article\",\"@id\":\"https:\/\/www.garciafaura.com\/es\/fabricamos-los-cerramientos-del-nuevo-centro-tecnologico-manresa\/#article\",\"isPartOf\":{\"@id\":\"https:\/\/www.garciafaura.com\/es\/fabricamos-los-cerramientos-del-nuevo-centro-tecnologico-manresa\/\"},\"author\":{\"name\":\"David Achell\",\"@id\":\"https:\/\/www.garciafaura.com\/fr\/#\/schema\/person\/b4b75e69b33fac3446071909bec106b0\"},\"headline\":\"Fabricamos los cerramientos del nuevo Centro Tecnol\u00f3gico Manresa\",\"datePublished\":\"2012-04-20T00:00:00+00:00\",\"dateModified\":\"2019-06-03T12:23:53+00:00\",\"mainEntityOfPage\":{\"@id\":\"https:\/\/www.garciafaura.com\/es\/fabricamos-los-cerramientos-del-nuevo-centro-tecnologico-manresa\/\"},\"wordCount\":262,\"commentCount\":0,\"publisher\":{\"@id\":\"https:\/\/www.garciafaura.com\/fr\/#organization\"},\"image\":{\"@id\":\"https:\/\/www.garciafaura.com\/es\/fabricamos-los-cerramientos-del-nuevo-centro-tecnologico-manresa\/#primaryimage\"},\"thumbnailUrl\":\"https:\/\/www.garciafaura.com\/wp-content\/uploads\/2018\/11\/nou_edifici.jpg\",\"articleSection\":[\"Actualidad\"],\"inLanguage\":\"es\",\"potentialAction\":[{\"@type\":\"CommentAction\",\"name\":\"Comment\",\"target\":[\"https:\/\/www.garciafaura.com\/es\/fabricamos-los-cerramientos-del-nuevo-centro-tecnologico-manresa\/#respond\"]}]},{\"@type\":\"WebPage\",\"@id\":\"https:\/\/www.garciafaura.com\/es\/fabricamos-los-cerramientos-del-nuevo-centro-tecnologico-manresa\/\",\"url\":\"https:\/\/www.garciafaura.com\/es\/fabricamos-los-cerramientos-del-nuevo-centro-tecnologico-manresa\/\",\"name\":\"Fabricamos los cerramientos del nuevo Centro Tecnol\u00f3gico Manresa - GARCIA FAURA\",\"isPartOf\":{\"@id\":\"https:\/\/www.garciafaura.com\/fr\/#website\"},\"primaryImageOfPage\":{\"@id\":\"https:\/\/www.garciafaura.com\/es\/fabricamos-los-cerramientos-del-nuevo-centro-tecnologico-manresa\/#primaryimage\"},\"image\":{\"@id\":\"https:\/\/www.garciafaura.com\/es\/fabricamos-los-cerramientos-del-nuevo-centro-tecnologico-manresa\/#primaryimage\"},\"thumbnailUrl\":\"https:\/\/www.garciafaura.com\/wp-content\/uploads\/2018\/11\/nou_edifici.jpg\",\"datePublished\":\"2012-04-20T00:00:00+00:00\",\"dateModified\":\"2019-06-03T12:23:53+00:00\",\"description\":\"Arquitectura en Alumini, Inox, Ferro i Vidre\",\"breadcrumb\":{\"@id\":\"https:\/\/www.garciafaura.com\/es\/fabricamos-los-cerramientos-del-nuevo-centro-tecnologico-manresa\/#breadcrumb\"},\"inLanguage\":\"es\",\"potentialAction\":[{\"@type\":\"ReadAction\",\"target\":[\"https:\/\/www.garciafaura.com\/es\/fabricamos-los-cerramientos-del-nuevo-centro-tecnologico-manresa\/\"]}]},{\"@type\":\"ImageObject\",\"inLanguage\":\"es\",\"@id\":\"https:\/\/www.garciafaura.com\/es\/fabricamos-los-cerramientos-del-nuevo-centro-tecnologico-manresa\/#primaryimage\",\"url\":\"https:\/\/www.garciafaura.com\/wp-content\/uploads\/2018\/11\/nou_edifici.jpg\",\"contentUrl\":\"https:\/\/www.garciafaura.com\/wp-content\/uploads\/2018\/11\/nou_edifici.jpg\"},{\"@type\":\"BreadcrumbList\",\"@id\":\"https:\/\/www.garciafaura.com\/es\/fabricamos-los-cerramientos-del-nuevo-centro-tecnologico-manresa\/#breadcrumb\",\"itemListElement\":[{\"@type\":\"ListItem\",\"position\":1,\"name\":\"Inici\",\"item\":\"https:\/\/www.garciafaura.com\/es\/\"},{\"@type\":\"ListItem\",\"position\":2,\"name\":\"Fabricamos los cerramientos del nuevo Centro Tecnol\u00f3gico Manresa\"}]},{\"@type\":\"WebSite\",\"@id\":\"https:\/\/www.garciafaura.com\/fr\/#website\",\"url\":\"https:\/\/www.garciafaura.com\/fr\/\",\"name\":\"GARCIA FAURA\",\"description\":\"Arquitectura en Alumini, Inox, Ferro i Vidre\",\"publisher\":{\"@id\":\"https:\/\/www.garciafaura.com\/fr\/#organization\"},\"potentialAction\":[{\"@type\":\"SearchAction\",\"target\":{\"@type\":\"EntryPoint\",\"urlTemplate\":\"https:\/\/www.garciafaura.com\/fr\/?s={search_term_string}\"},\"query-input\":{\"@type\":\"PropertyValueSpecification\",\"valueRequired\":true,\"valueName\":\"search_term_string\"}}],\"inLanguage\":\"es\"},{\"@type\":\"Organization\",\"@id\":\"https:\/\/www.garciafaura.com\/fr\/#organization\",\"name\":\"GARCIA FAURA\",\"url\":\"https:\/\/www.garciafaura.com\/fr\/\",\"logo\":{\"@type\":\"ImageObject\",\"inLanguage\":\"es\",\"@id\":\"https:\/\/www.garciafaura.com\/fr\/#\/schema\/logo\/image\/\",\"url\":\"https:\/\/www.garciafaura.com\/wp-content\/uploads\/2018\/09\/Garcia-Faura.png\",\"contentUrl\":\"https:\/\/www.garciafaura.com\/wp-content\/uploads\/2018\/09\/Garcia-Faura.png\",\"width\":512,\"height\":512,\"caption\":\"GARCIA FAURA\"},\"image\":{\"@id\":\"https:\/\/www.garciafaura.com\/fr\/#\/schema\/logo\/image\/\"},\"sameAs\":[\"https:\/\/www.youtube.com\/user\/GARCIAFAURA\"]},{\"@type\":\"Person\",\"@id\":\"https:\/\/www.garciafaura.com\/fr\/#\/schema\/person\/b4b75e69b33fac3446071909bec106b0\",\"name\":\"David Achell\",\"image\":{\"@type\":\"ImageObject\",\"inLanguage\":\"es\",\"@id\":\"https:\/\/www.garciafaura.com\/fr\/#\/schema\/person\/image\/\",\"url\":\"https:\/\/secure.gravatar.com\/avatar\/03900210afc1f61bce737bcb4a79c02e2c997f171e3eca839b5a4cbe03846c90?s=96&d=blank&r=g\",\"contentUrl\":\"https:\/\/secure.gravatar.com\/avatar\/03900210afc1f61bce737bcb4a79c02e2c997f171e3eca839b5a4cbe03846c90?s=96&d=blank&r=g\",\"caption\":\"David Achell\"}}]}<\/script>\n<!-- \/ Yoast SEO plugin. -->","yoast_head_json":{"title":"Fabricamos los cerramientos del nuevo Centro Tecnol\u00f3gico Manresa - GARCIA FAURA","description":"Arquitectura en Alumini, Inox, Ferro i Vidre","robots":{"index":"index","follow":"follow","max-snippet":"max-snippet:-1","max-image-preview":"max-image-preview:large","max-video-preview":"max-video-preview:-1"},"canonical":"https:\/\/www.garciafaura.com\/es\/fabricamos-los-cerramientos-del-nuevo-centro-tecnologico-manresa\/","og_locale":"es_ES","og_type":"article","og_title":"Fabricamos los cerramientos del nuevo Centro Tecnol\u00f3gico Manresa - GARCIA FAURA","og_description":"Arquitectura en Alumini, Inox, Ferro i Vidre","og_url":"https:\/\/www.garciafaura.com\/es\/fabricamos-los-cerramientos-del-nuevo-centro-tecnologico-manresa\/","og_site_name":"GARCIA FAURA","article_published_time":"2012-04-20T00:00:00+00:00","article_modified_time":"2019-06-03T12:23:53+00:00","og_image":[{"url":"https:\/\/www.garciafaura.com\/wp-content\/uploads\/2018\/11\/nou_edifici.jpg","width":1,"height":1,"type":"image\/jpeg"}],"author":"David Achell","twitter_card":"summary_large_image","twitter_misc":{"Escrito por":"David Achell","Tiempo de lectura":"1 minuto"},"schema":{"@context":"https:\/\/schema.org","@graph":[{"@type":"Article","@id":"https:\/\/www.garciafaura.com\/es\/fabricamos-los-cerramientos-del-nuevo-centro-tecnologico-manresa\/#article","isPartOf":{"@id":"https:\/\/www.garciafaura.com\/es\/fabricamos-los-cerramientos-del-nuevo-centro-tecnologico-manresa\/"},"author":{"name":"David Achell","@id":"https:\/\/www.garciafaura.com\/fr\/#\/schema\/person\/b4b75e69b33fac3446071909bec106b0"},"headline":"Fabricamos los cerramientos del nuevo Centro Tecnol\u00f3gico Manresa","datePublished":"2012-04-20T00:00:00+00:00","dateModified":"2019-06-03T12:23:53+00:00","mainEntityOfPage":{"@id":"https:\/\/www.garciafaura.com\/es\/fabricamos-los-cerramientos-del-nuevo-centro-tecnologico-manresa\/"},"wordCount":262,"commentCount":0,"publisher":{"@id":"https:\/\/www.garciafaura.com\/fr\/#organization"},"image":{"@id":"https:\/\/www.garciafaura.com\/es\/fabricamos-los-cerramientos-del-nuevo-centro-tecnologico-manresa\/#primaryimage"},"thumbnailUrl":"https:\/\/www.garciafaura.com\/wp-content\/uploads\/2018\/11\/nou_edifici.jpg","articleSection":["Actualidad"],"inLanguage":"es","potentialAction":[{"@type":"CommentAction","name":"Comment","target":["https:\/\/www.garciafaura.com\/es\/fabricamos-los-cerramientos-del-nuevo-centro-tecnologico-manresa\/#respond"]}]},{"@type":"WebPage","@id":"https:\/\/www.garciafaura.com\/es\/fabricamos-los-cerramientos-del-nuevo-centro-tecnologico-manresa\/","url":"https:\/\/www.garciafaura.com\/es\/fabricamos-los-cerramientos-del-nuevo-centro-tecnologico-manresa\/","name":"Fabricamos los cerramientos del nuevo Centro Tecnol\u00f3gico Manresa - GARCIA FAURA","isPartOf":{"@id":"https:\/\/www.garciafaura.com\/fr\/#website"},"primaryImageOfPage":{"@id":"https:\/\/www.garciafaura.com\/es\/fabricamos-los-cerramientos-del-nuevo-centro-tecnologico-manresa\/#primaryimage"},"image":{"@id":"https:\/\/www.garciafaura.com\/es\/fabricamos-los-cerramientos-del-nuevo-centro-tecnologico-manresa\/#primaryimage"},"thumbnailUrl":"https:\/\/www.garciafaura.com\/wp-content\/uploads\/2018\/11\/nou_edifici.jpg","datePublished":"2012-04-20T00:00:00+00:00","dateModified":"2019-06-03T12:23:53+00:00","description":"Arquitectura en Alumini, Inox, Ferro i Vidre","breadcrumb":{"@id":"https:\/\/www.garciafaura.com\/es\/fabricamos-los-cerramientos-del-nuevo-centro-tecnologico-manresa\/#breadcrumb"},"inLanguage":"es","potentialAction":[{"@type":"ReadAction","target":["https:\/\/www.garciafaura.com\/es\/fabricamos-los-cerramientos-del-nuevo-centro-tecnologico-manresa\/"]}]},{"@type":"ImageObject","inLanguage":"es","@id":"https:\/\/www.garciafaura.com\/es\/fabricamos-los-cerramientos-del-nuevo-centro-tecnologico-manresa\/#primaryimage","url":"https:\/\/www.garciafaura.com\/wp-content\/uploads\/2018\/11\/nou_edifici.jpg","contentUrl":"https:\/\/www.garciafaura.com\/wp-content\/uploads\/2018\/11\/nou_edifici.jpg"},{"@type":"BreadcrumbList","@id":"https:\/\/www.garciafaura.com\/es\/fabricamos-los-cerramientos-del-nuevo-centro-tecnologico-manresa\/#breadcrumb","itemListElement":[{"@type":"ListItem","position":1,"name":"Inici","item":"https:\/\/www.garciafaura.com\/es\/"},{"@type":"ListItem","position":2,"name":"Fabricamos los cerramientos del nuevo Centro Tecnol\u00f3gico Manresa"}]},{"@type":"WebSite","@id":"https:\/\/www.garciafaura.com\/fr\/#website","url":"https:\/\/www.garciafaura.com\/fr\/","name":"GARCIA FAURA","description":"Arquitectura en Alumini, Inox, Ferro i Vidre","publisher":{"@id":"https:\/\/www.garciafaura.com\/fr\/#organization"},"potentialAction":[{"@type":"SearchAction","target":{"@type":"EntryPoint","urlTemplate":"https:\/\/www.garciafaura.com\/fr\/?s={search_term_string}"},"query-input":{"@type":"PropertyValueSpecification","valueRequired":true,"valueName":"search_term_string"}}],"inLanguage":"es"},{"@type":"Organization","@id":"https:\/\/www.garciafaura.com\/fr\/#organization","name":"GARCIA FAURA","url":"https:\/\/www.garciafaura.com\/fr\/","logo":{"@type":"ImageObject","inLanguage":"es","@id":"https:\/\/www.garciafaura.com\/fr\/#\/schema\/logo\/image\/","url":"https:\/\/www.garciafaura.com\/wp-content\/uploads\/2018\/09\/Garcia-Faura.png","contentUrl":"https:\/\/www.garciafaura.com\/wp-content\/uploads\/2018\/09\/Garcia-Faura.png","width":512,"height":512,"caption":"GARCIA FAURA"},"image":{"@id":"https:\/\/www.garciafaura.com\/fr\/#\/schema\/logo\/image\/"},"sameAs":["https:\/\/www.youtube.com\/user\/GARCIAFAURA"]},{"@type":"Person","@id":"https:\/\/www.garciafaura.com\/fr\/#\/schema\/person\/b4b75e69b33fac3446071909bec106b0","name":"David Achell","image":{"@type":"ImageObject","inLanguage":"es","@id":"https:\/\/www.garciafaura.com\/fr\/#\/schema\/person\/image\/","url":"https:\/\/secure.gravatar.com\/avatar\/03900210afc1f61bce737bcb4a79c02e2c997f171e3eca839b5a4cbe03846c90?s=96&d=blank&r=g","contentUrl":"https:\/\/secure.gravatar.com\/avatar\/03900210afc1f61bce737bcb4a79c02e2c997f171e3eca839b5a4cbe03846c90?s=96&d=blank&r=g","caption":"David Achell"}}]}},"_links":{"self":[{"href":"https:\/\/www.garciafaura.com\/es\/wp-json\/wp\/v2\/posts\/5529","targetHints":{"allow":["GET"]}}],"collection":[{"href":"https:\/\/www.garciafaura.com\/es\/wp-json\/wp\/v2\/posts"}],"about":[{"href":"https:\/\/www.garciafaura.com\/es\/wp-json\/wp\/v2\/types\/post"}],"author":[{"embeddable":true,"href":"https:\/\/www.garciafaura.com\/es\/wp-json\/wp\/v2\/users\/3"}],"replies":[{"embeddable":true,"href":"https:\/\/www.garciafaura.com\/es\/wp-json\/wp\/v2\/comments?post=5529"}],"version-history":[{"count":1,"href":"https:\/\/www.garciafaura.com\/es\/wp-json\/wp\/v2\/posts\/5529\/revisions"}],"predecessor-version":[{"id":21618,"href":"https:\/\/www.garciafaura.com\/es\/wp-json\/wp\/v2\/posts\/5529\/revisions\/21618"}],"wp:featuredmedia":[{"embeddable":true,"href":"https:\/\/www.garciafaura.com\/es\/wp-json\/wp\/v2\/media\/5517"}],"wp:attachment":[{"href":"https:\/\/www.garciafaura.com\/es\/wp-json\/wp\/v2\/media?parent=5529"}],"wp:term":[{"taxonomy":"category","embeddable":true,"href":"https:\/\/www.garciafaura.com\/es\/wp-json\/wp\/v2\/categories?post=5529"},{"taxonomy":"post_tag","embeddable":true,"href":"https:\/\/www.garciafaura.com\/es\/wp-json\/wp\/v2\/tags?post=5529"},{"taxonomy":"post_series","embeddable":true,"href":"https:\/\/www.garciafaura.com\/es\/wp-json\/wp\/v2\/post_series?post=5529"}],"curies":[{"name":"wp","href":"https:\/\/api.w.org\/{rel}","templated":true}]}}