{"id":5501,"date":"2012-02-15T00:00:00","date_gmt":"2012-02-15T00:00:00","guid":{"rendered":"https:\/\/www.garciafaura.com\/abierto-el-plazo-del-plan-renovat-de-ventanas\/"},"modified":"2019-06-03T12:24:27","modified_gmt":"2019-06-03T12:24:27","slug":"abierto-el-plazo-del-plan-renovat-de-ventanas","status":"publish","type":"post","link":"https:\/\/www.garciafaura.com\/es\/abierto-el-plazo-del-plan-renovat-de-ventanas\/","title":{"rendered":"Abierto el plazo del Plan Renova&#8217;t de ventanas"},"content":{"rendered":"<p>La Generalitat de Catalunya, a trav\u00e9s del Institut Catal\u00e0 de l&#8217;Energ\u00eda (ICAEN), ha abierto una nueva convocatoria del Plan Renova&#8217;t 2012. Se trata de una l\u00ednea de ayudas para particulares, comunidades de vecinos y empresas para la compra e instalaci\u00f3n de aperturas y protecciones solares t\u00e9rmicamente eficientes. De esta manera se persigue mejorar la eficiencia energ\u00e9tica y reducir el consumo de energ\u00eda en los hogares y empresas catalanas mediante la renovaci\u00f3n de las aberturas (ventanas, puertas, vidrieras o claraboyas) y la mejora de la protecci\u00f3n solar de las mismas, mediante persianas, celos\u00edas, lamas o toldos.<\/p>\n<p>Este plan quiere evitar que la calefacci\u00f3n y el aire acondicionado se pierdan por culpa del aislamiento incorrecto de las ventanas de las casas. Y es que un buen cerramiento puede evitar que se escape hasta una cuarta parte del calor o del fr\u00edo de una vivienda. Adem\u00e1s, si se colocan toldos en verano, el ahorro energ\u00e9tico aumenta a\u00fan m\u00e1s. A trav\u00e9s de este plan, las familias podr\u00e1n beneficiarse de ayudas de hasta 4.000 euros. Las subvenciones previstas son de 130 euros por metro cuadrado de ventana o puerta eficiente, y de 40 por metro de toldo.<\/p>\n<p>Estas subvenciones se pueden tramitar a trav\u00e9s de empresas colaboradoras, como es el caso de GARCIA FAURA, empresa pionera en la fabricaci\u00f3n de carpinter\u00eda de aluminio y manufactura del vidrio. De esta manera, GARCIA FAURA ofrece el asesoramiento t\u00e9cnico y comercial necesario a los solicitantes de la subvenci\u00f3n para cumplimentar todos los requisitos para optar a la l\u00ednea de ayudas. Tambi\u00e9n elabora el presupuesto requerido por el particular o la empresa y ejecuta los trabajos de fabricaci\u00f3n y renovaci\u00f3n de las aberturas.<\/p>\n<p>GARCIA FAURA valora muy positivamente esta iniciativa, ya que se convierte en una muy buena oportunidad para implantar la apuesta consolidada por la eficiencia energ\u00e9tica y, al mismo tiempo, se convierte en un importante impulso a nuestro sector empresarial, tan tocado por la actual situaci\u00f3n econ\u00f3mica.<br \/>\nTodas aquellas personas interesadas en aprovechar esta l\u00ednea de ayudas s\u00f3lo deben dirigirse al Departamento de Calidad y Medio Ambiente de GARCIA FAURA, situado en las oficinas centrales de la planta, en la Calle Raurell, 37 de Gav\u00e0, en el tel\u00e9fono 93 662 14 41 o a trav\u00e9s de la direcci\u00f3n de correo electr\u00f3nico <a href=\"mailto:renovat@garciafaura.com\">renovat@garciafaura.com<\/a><\/p>\n","protected":false},"excerpt":{"rendered":"<p>El Institut Catal\u00e0 d&#8217;Energia abre una nueva convocatoria de subvencions para la renovaci\u00f3n de ventanas y puertas que mejoren la eficiencia energ\u00e9tica de domicilios, comunidades de vecinos y comercios. GARCIA FAURA figura, un a\u00f1o m\u00e1s, como empresa colaboradora de esta campa\u00f1a, dirigida especialmente a clientes particulares que quieran renovar sus cerramientos. Las ayudas llegan hasta los 130 \u20ac por metro cuadrado instalado.<\/p>\n","protected":false},"author":3,"featured_media":5493,"comment_status":"open","ping_status":"open","sticky":false,"template":"","format":"standard","meta":{"footnotes":""},"categories":[3],"tags":[],"post_series":[],"class_list":["post-5501","post","type-post","status-publish","format-standard","has-post-thumbnail","hentry","category-actualidad","entry","has-media"],"yoast_head":"<!-- This site is optimized with the Yoast SEO plugin v26.7 - https:\/\/yoast.com\/wordpress\/plugins\/seo\/ -->\n<title>Abierto el plazo del Plan Renova&#039;t de ventanas - GARCIA FAURA<\/title>\n<meta name=\"description\" content=\"Arquitectura en Alumini, Inox, Ferro i Vidre\" \/>\n<meta name=\"robots\" content=\"index, follow, max-snippet:-1, max-image-preview:large, max-video-preview:-1\" \/>\n<link rel=\"canonical\" href=\"https:\/\/www.garciafaura.com\/es\/abierto-el-plazo-del-plan-renovat-de-ventanas\/\" \/>\n<meta property=\"og:locale\" content=\"es_ES\" \/>\n<meta property=\"og:type\" content=\"article\" \/>\n<meta property=\"og:title\" content=\"Abierto el plazo del Plan Renova&#039;t de ventanas - GARCIA FAURA\" \/>\n<meta property=\"og:description\" content=\"Arquitectura en Alumini, Inox, Ferro i Vidre\" \/>\n<meta property=\"og:url\" content=\"https:\/\/www.garciafaura.com\/es\/abierto-el-plazo-del-plan-renovat-de-ventanas\/\" \/>\n<meta property=\"og:site_name\" content=\"GARCIA FAURA\" \/>\n<meta property=\"article:published_time\" content=\"2012-02-15T00:00:00+00:00\" \/>\n<meta property=\"article:modified_time\" content=\"2019-06-03T12:24:27+00:00\" \/>\n<meta property=\"og:image\" content=\"https:\/\/www.garciafaura.com\/wp-content\/uploads\/2018\/11\/central.jpg\" \/>\n\t<meta property=\"og:image:width\" content=\"1\" \/>\n\t<meta property=\"og:image:height\" content=\"1\" \/>\n\t<meta property=\"og:image:type\" content=\"image\/jpeg\" \/>\n<meta name=\"author\" content=\"David Achell\" \/>\n<meta name=\"twitter:card\" content=\"summary_large_image\" \/>\n<meta name=\"twitter:label1\" content=\"Escrito por\" \/>\n\t<meta name=\"twitter:data1\" content=\"David Achell\" \/>\n\t<meta name=\"twitter:label2\" content=\"Tiempo de lectura\" \/>\n\t<meta name=\"twitter:data2\" content=\"2 minutos\" \/>\n<script type=\"application\/ld+json\" class=\"yoast-schema-graph\">{\"@context\":\"https:\/\/schema.org\",\"@graph\":[{\"@type\":\"Article\",\"@id\":\"https:\/\/www.garciafaura.com\/es\/abierto-el-plazo-del-plan-renovat-de-ventanas\/#article\",\"isPartOf\":{\"@id\":\"https:\/\/www.garciafaura.com\/es\/abierto-el-plazo-del-plan-renovat-de-ventanas\/\"},\"author\":{\"name\":\"David Achell\",\"@id\":\"https:\/\/www.garciafaura.com\/fr\/#\/schema\/person\/b4b75e69b33fac3446071909bec106b0\"},\"headline\":\"Abierto el plazo del Plan Renova&#8217;t de ventanas\",\"datePublished\":\"2012-02-15T00:00:00+00:00\",\"dateModified\":\"2019-06-03T12:24:27+00:00\",\"mainEntityOfPage\":{\"@id\":\"https:\/\/www.garciafaura.com\/es\/abierto-el-plazo-del-plan-renovat-de-ventanas\/\"},\"wordCount\":415,\"commentCount\":0,\"publisher\":{\"@id\":\"https:\/\/www.garciafaura.com\/fr\/#organization\"},\"image\":{\"@id\":\"https:\/\/www.garciafaura.com\/es\/abierto-el-plazo-del-plan-renovat-de-ventanas\/#primaryimage\"},\"thumbnailUrl\":\"https:\/\/www.garciafaura.com\/wp-content\/uploads\/2018\/11\/central.jpg\",\"articleSection\":[\"Actualidad\"],\"inLanguage\":\"es\",\"potentialAction\":[{\"@type\":\"CommentAction\",\"name\":\"Comment\",\"target\":[\"https:\/\/www.garciafaura.com\/es\/abierto-el-plazo-del-plan-renovat-de-ventanas\/#respond\"]}]},{\"@type\":\"WebPage\",\"@id\":\"https:\/\/www.garciafaura.com\/es\/abierto-el-plazo-del-plan-renovat-de-ventanas\/\",\"url\":\"https:\/\/www.garciafaura.com\/es\/abierto-el-plazo-del-plan-renovat-de-ventanas\/\",\"name\":\"Abierto el plazo del Plan Renova't de ventanas - GARCIA FAURA\",\"isPartOf\":{\"@id\":\"https:\/\/www.garciafaura.com\/fr\/#website\"},\"primaryImageOfPage\":{\"@id\":\"https:\/\/www.garciafaura.com\/es\/abierto-el-plazo-del-plan-renovat-de-ventanas\/#primaryimage\"},\"image\":{\"@id\":\"https:\/\/www.garciafaura.com\/es\/abierto-el-plazo-del-plan-renovat-de-ventanas\/#primaryimage\"},\"thumbnailUrl\":\"https:\/\/www.garciafaura.com\/wp-content\/uploads\/2018\/11\/central.jpg\",\"datePublished\":\"2012-02-15T00:00:00+00:00\",\"dateModified\":\"2019-06-03T12:24:27+00:00\",\"description\":\"Arquitectura en Alumini, Inox, Ferro i Vidre\",\"breadcrumb\":{\"@id\":\"https:\/\/www.garciafaura.com\/es\/abierto-el-plazo-del-plan-renovat-de-ventanas\/#breadcrumb\"},\"inLanguage\":\"es\",\"potentialAction\":[{\"@type\":\"ReadAction\",\"target\":[\"https:\/\/www.garciafaura.com\/es\/abierto-el-plazo-del-plan-renovat-de-ventanas\/\"]}]},{\"@type\":\"ImageObject\",\"inLanguage\":\"es\",\"@id\":\"https:\/\/www.garciafaura.com\/es\/abierto-el-plazo-del-plan-renovat-de-ventanas\/#primaryimage\",\"url\":\"https:\/\/www.garciafaura.com\/wp-content\/uploads\/2018\/11\/central.jpg\",\"contentUrl\":\"https:\/\/www.garciafaura.com\/wp-content\/uploads\/2018\/11\/central.jpg\"},{\"@type\":\"BreadcrumbList\",\"@id\":\"https:\/\/www.garciafaura.com\/es\/abierto-el-plazo-del-plan-renovat-de-ventanas\/#breadcrumb\",\"itemListElement\":[{\"@type\":\"ListItem\",\"position\":1,\"name\":\"Inici\",\"item\":\"https:\/\/www.garciafaura.com\/es\/\"},{\"@type\":\"ListItem\",\"position\":2,\"name\":\"Abierto el plazo del Plan Renova&#8217;t de ventanas\"}]},{\"@type\":\"WebSite\",\"@id\":\"https:\/\/www.garciafaura.com\/fr\/#website\",\"url\":\"https:\/\/www.garciafaura.com\/fr\/\",\"name\":\"GARCIA FAURA\",\"description\":\"Arquitectura en Alumini, Inox, Ferro i Vidre\",\"publisher\":{\"@id\":\"https:\/\/www.garciafaura.com\/fr\/#organization\"},\"potentialAction\":[{\"@type\":\"SearchAction\",\"target\":{\"@type\":\"EntryPoint\",\"urlTemplate\":\"https:\/\/www.garciafaura.com\/fr\/?s={search_term_string}\"},\"query-input\":{\"@type\":\"PropertyValueSpecification\",\"valueRequired\":true,\"valueName\":\"search_term_string\"}}],\"inLanguage\":\"es\"},{\"@type\":\"Organization\",\"@id\":\"https:\/\/www.garciafaura.com\/fr\/#organization\",\"name\":\"GARCIA FAURA\",\"url\":\"https:\/\/www.garciafaura.com\/fr\/\",\"logo\":{\"@type\":\"ImageObject\",\"inLanguage\":\"es\",\"@id\":\"https:\/\/www.garciafaura.com\/fr\/#\/schema\/logo\/image\/\",\"url\":\"https:\/\/www.garciafaura.com\/wp-content\/uploads\/2018\/09\/Garcia-Faura.png\",\"contentUrl\":\"https:\/\/www.garciafaura.com\/wp-content\/uploads\/2018\/09\/Garcia-Faura.png\",\"width\":512,\"height\":512,\"caption\":\"GARCIA FAURA\"},\"image\":{\"@id\":\"https:\/\/www.garciafaura.com\/fr\/#\/schema\/logo\/image\/\"},\"sameAs\":[\"https:\/\/www.youtube.com\/user\/GARCIAFAURA\"]},{\"@type\":\"Person\",\"@id\":\"https:\/\/www.garciafaura.com\/fr\/#\/schema\/person\/b4b75e69b33fac3446071909bec106b0\",\"name\":\"David Achell\",\"image\":{\"@type\":\"ImageObject\",\"inLanguage\":\"es\",\"@id\":\"https:\/\/www.garciafaura.com\/fr\/#\/schema\/person\/image\/\",\"url\":\"https:\/\/secure.gravatar.com\/avatar\/03900210afc1f61bce737bcb4a79c02e2c997f171e3eca839b5a4cbe03846c90?s=96&d=blank&r=g\",\"contentUrl\":\"https:\/\/secure.gravatar.com\/avatar\/03900210afc1f61bce737bcb4a79c02e2c997f171e3eca839b5a4cbe03846c90?s=96&d=blank&r=g\",\"caption\":\"David Achell\"}}]}<\/script>\n<!-- \/ Yoast SEO plugin. -->","yoast_head_json":{"title":"Abierto el plazo del Plan Renova't de ventanas - GARCIA FAURA","description":"Arquitectura en Alumini, Inox, Ferro i Vidre","robots":{"index":"index","follow":"follow","max-snippet":"max-snippet:-1","max-image-preview":"max-image-preview:large","max-video-preview":"max-video-preview:-1"},"canonical":"https:\/\/www.garciafaura.com\/es\/abierto-el-plazo-del-plan-renovat-de-ventanas\/","og_locale":"es_ES","og_type":"article","og_title":"Abierto el plazo del Plan Renova't de ventanas - GARCIA FAURA","og_description":"Arquitectura en Alumini, Inox, Ferro i Vidre","og_url":"https:\/\/www.garciafaura.com\/es\/abierto-el-plazo-del-plan-renovat-de-ventanas\/","og_site_name":"GARCIA FAURA","article_published_time":"2012-02-15T00:00:00+00:00","article_modified_time":"2019-06-03T12:24:27+00:00","og_image":[{"url":"https:\/\/www.garciafaura.com\/wp-content\/uploads\/2018\/11\/central.jpg","width":1,"height":1,"type":"image\/jpeg"}],"author":"David Achell","twitter_card":"summary_large_image","twitter_misc":{"Escrito por":"David Achell","Tiempo de lectura":"2 minutos"},"schema":{"@context":"https:\/\/schema.org","@graph":[{"@type":"Article","@id":"https:\/\/www.garciafaura.com\/es\/abierto-el-plazo-del-plan-renovat-de-ventanas\/#article","isPartOf":{"@id":"https:\/\/www.garciafaura.com\/es\/abierto-el-plazo-del-plan-renovat-de-ventanas\/"},"author":{"name":"David Achell","@id":"https:\/\/www.garciafaura.com\/fr\/#\/schema\/person\/b4b75e69b33fac3446071909bec106b0"},"headline":"Abierto el plazo del Plan Renova&#8217;t de ventanas","datePublished":"2012-02-15T00:00:00+00:00","dateModified":"2019-06-03T12:24:27+00:00","mainEntityOfPage":{"@id":"https:\/\/www.garciafaura.com\/es\/abierto-el-plazo-del-plan-renovat-de-ventanas\/"},"wordCount":415,"commentCount":0,"publisher":{"@id":"https:\/\/www.garciafaura.com\/fr\/#organization"},"image":{"@id":"https:\/\/www.garciafaura.com\/es\/abierto-el-plazo-del-plan-renovat-de-ventanas\/#primaryimage"},"thumbnailUrl":"https:\/\/www.garciafaura.com\/wp-content\/uploads\/2018\/11\/central.jpg","articleSection":["Actualidad"],"inLanguage":"es","potentialAction":[{"@type":"CommentAction","name":"Comment","target":["https:\/\/www.garciafaura.com\/es\/abierto-el-plazo-del-plan-renovat-de-ventanas\/#respond"]}]},{"@type":"WebPage","@id":"https:\/\/www.garciafaura.com\/es\/abierto-el-plazo-del-plan-renovat-de-ventanas\/","url":"https:\/\/www.garciafaura.com\/es\/abierto-el-plazo-del-plan-renovat-de-ventanas\/","name":"Abierto el plazo del Plan Renova't de ventanas - GARCIA FAURA","isPartOf":{"@id":"https:\/\/www.garciafaura.com\/fr\/#website"},"primaryImageOfPage":{"@id":"https:\/\/www.garciafaura.com\/es\/abierto-el-plazo-del-plan-renovat-de-ventanas\/#primaryimage"},"image":{"@id":"https:\/\/www.garciafaura.com\/es\/abierto-el-plazo-del-plan-renovat-de-ventanas\/#primaryimage"},"thumbnailUrl":"https:\/\/www.garciafaura.com\/wp-content\/uploads\/2018\/11\/central.jpg","datePublished":"2012-02-15T00:00:00+00:00","dateModified":"2019-06-03T12:24:27+00:00","description":"Arquitectura en Alumini, Inox, Ferro i Vidre","breadcrumb":{"@id":"https:\/\/www.garciafaura.com\/es\/abierto-el-plazo-del-plan-renovat-de-ventanas\/#breadcrumb"},"inLanguage":"es","potentialAction":[{"@type":"ReadAction","target":["https:\/\/www.garciafaura.com\/es\/abierto-el-plazo-del-plan-renovat-de-ventanas\/"]}]},{"@type":"ImageObject","inLanguage":"es","@id":"https:\/\/www.garciafaura.com\/es\/abierto-el-plazo-del-plan-renovat-de-ventanas\/#primaryimage","url":"https:\/\/www.garciafaura.com\/wp-content\/uploads\/2018\/11\/central.jpg","contentUrl":"https:\/\/www.garciafaura.com\/wp-content\/uploads\/2018\/11\/central.jpg"},{"@type":"BreadcrumbList","@id":"https:\/\/www.garciafaura.com\/es\/abierto-el-plazo-del-plan-renovat-de-ventanas\/#breadcrumb","itemListElement":[{"@type":"ListItem","position":1,"name":"Inici","item":"https:\/\/www.garciafaura.com\/es\/"},{"@type":"ListItem","position":2,"name":"Abierto el plazo del Plan Renova&#8217;t de ventanas"}]},{"@type":"WebSite","@id":"https:\/\/www.garciafaura.com\/fr\/#website","url":"https:\/\/www.garciafaura.com\/fr\/","name":"GARCIA FAURA","description":"Arquitectura en Alumini, Inox, Ferro i Vidre","publisher":{"@id":"https:\/\/www.garciafaura.com\/fr\/#organization"},"potentialAction":[{"@type":"SearchAction","target":{"@type":"EntryPoint","urlTemplate":"https:\/\/www.garciafaura.com\/fr\/?s={search_term_string}"},"query-input":{"@type":"PropertyValueSpecification","valueRequired":true,"valueName":"search_term_string"}}],"inLanguage":"es"},{"@type":"Organization","@id":"https:\/\/www.garciafaura.com\/fr\/#organization","name":"GARCIA FAURA","url":"https:\/\/www.garciafaura.com\/fr\/","logo":{"@type":"ImageObject","inLanguage":"es","@id":"https:\/\/www.garciafaura.com\/fr\/#\/schema\/logo\/image\/","url":"https:\/\/www.garciafaura.com\/wp-content\/uploads\/2018\/09\/Garcia-Faura.png","contentUrl":"https:\/\/www.garciafaura.com\/wp-content\/uploads\/2018\/09\/Garcia-Faura.png","width":512,"height":512,"caption":"GARCIA FAURA"},"image":{"@id":"https:\/\/www.garciafaura.com\/fr\/#\/schema\/logo\/image\/"},"sameAs":["https:\/\/www.youtube.com\/user\/GARCIAFAURA"]},{"@type":"Person","@id":"https:\/\/www.garciafaura.com\/fr\/#\/schema\/person\/b4b75e69b33fac3446071909bec106b0","name":"David Achell","image":{"@type":"ImageObject","inLanguage":"es","@id":"https:\/\/www.garciafaura.com\/fr\/#\/schema\/person\/image\/","url":"https:\/\/secure.gravatar.com\/avatar\/03900210afc1f61bce737bcb4a79c02e2c997f171e3eca839b5a4cbe03846c90?s=96&d=blank&r=g","contentUrl":"https:\/\/secure.gravatar.com\/avatar\/03900210afc1f61bce737bcb4a79c02e2c997f171e3eca839b5a4cbe03846c90?s=96&d=blank&r=g","caption":"David Achell"}}]}},"_links":{"self":[{"href":"https:\/\/www.garciafaura.com\/es\/wp-json\/wp\/v2\/posts\/5501","targetHints":{"allow":["GET"]}}],"collection":[{"href":"https:\/\/www.garciafaura.com\/es\/wp-json\/wp\/v2\/posts"}],"about":[{"href":"https:\/\/www.garciafaura.com\/es\/wp-json\/wp\/v2\/types\/post"}],"author":[{"embeddable":true,"href":"https:\/\/www.garciafaura.com\/es\/wp-json\/wp\/v2\/users\/3"}],"replies":[{"embeddable":true,"href":"https:\/\/www.garciafaura.com\/es\/wp-json\/wp\/v2\/comments?post=5501"}],"version-history":[{"count":1,"href":"https:\/\/www.garciafaura.com\/es\/wp-json\/wp\/v2\/posts\/5501\/revisions"}],"predecessor-version":[{"id":21620,"href":"https:\/\/www.garciafaura.com\/es\/wp-json\/wp\/v2\/posts\/5501\/revisions\/21620"}],"wp:featuredmedia":[{"embeddable":true,"href":"https:\/\/www.garciafaura.com\/es\/wp-json\/wp\/v2\/media\/5493"}],"wp:attachment":[{"href":"https:\/\/www.garciafaura.com\/es\/wp-json\/wp\/v2\/media?parent=5501"}],"wp:term":[{"taxonomy":"category","embeddable":true,"href":"https:\/\/www.garciafaura.com\/es\/wp-json\/wp\/v2\/categories?post=5501"},{"taxonomy":"post_tag","embeddable":true,"href":"https:\/\/www.garciafaura.com\/es\/wp-json\/wp\/v2\/tags?post=5501"},{"taxonomy":"post_series","embeddable":true,"href":"https:\/\/www.garciafaura.com\/es\/wp-json\/wp\/v2\/post_series?post=5501"}],"curies":[{"name":"wp","href":"https:\/\/api.w.org\/{rel}","templated":true}]}}