{"id":5489,"date":"2012-01-31T00:00:00","date_gmt":"2012-01-31T00:00:00","guid":{"rendered":"https:\/\/www.garciafaura.com\/nuevo-edificio-de-la-fub-manresa\/"},"modified":"2019-06-03T12:24:44","modified_gmt":"2019-06-03T12:24:44","slug":"nuevo-edificio-de-la-fub-manresa","status":"publish","type":"post","link":"https:\/\/www.garciafaura.com\/es\/nuevo-edificio-de-la-fub-manresa\/","title":{"rendered":"Nuevo edificio de la FUB Manresa"},"content":{"rendered":"<p>Este febrero se inician los trabajos de fabricaci\u00f3n y posterior instalaci\u00f3n de los cerramientos que completar\u00e1n el nuevo edificio que la Fundaci\u00f3n Universitaria del Bages est\u00e1 promoviendo en Manresa. 3.500 metros cuadrados anexos a las instalaciones actuales de la fundaci\u00f3n que dar\u00e1n respuesta al crecimiento de la actividad docente que se lleva a cabo.<\/p>\n<p>El proyecto es obra del equipo de arquitectos de Manuel Par\u00e9s-Manci\u00f1eiras, con forma rectangular, y planta baja m\u00e1s dos pisos, y con un s\u00f3tano destinado a aparcamiento. La apariencia general de las nuevas instalaciones guardar\u00e1 relaci\u00f3n con las ya existentes, pero disfrutar\u00e1 de una identidad propia que marcar\u00e1 distinci\u00f3n en las fachadas de poniente y norte, formadas por piezas de gres de color negro.<\/p>\n<p>GARCIA FAURA fabrica para este nuevo edificio el conjunto de cerramientos interiores y exteriores, que suman 600 metros cuadrados del total de la obra. Se trata, principalmente, de ventanas formadas por perfiler\u00eda con rotura de puente t\u00e9rmico que presenta unos excelentes resultados en materia de permeabilidad al aire, estanqueidad y resistencia al viento. Los vidrios con c\u00e1mara completan las prestaciones y la plena funcionalidad operativa de los cerramientos.<\/p>\n<p>El nuevo edificio de la Fundaci\u00f3n Universitaria Bages concentrar\u00e1 las actividades pr\u00e1cticas de los estudios que se imparten, as\u00ed como tambi\u00e9n las que se derivan de los cursos de la Escuela de Formaci\u00f3n Continua. La ampliaci\u00f3n de las instalaciones tambi\u00e9n acoger\u00e1 la nueva Cl\u00ednica Universitaria y un espacio preparado para la simulaci\u00f3n cl\u00ednica.<\/p>\n<p>El edificio, ejecutado por la empresa Constructora d&#8217;Ar\u00f3, debe estar listo antes del pr\u00f3ximo verano, para que el pr\u00f3ximo curso escolar ya pueda iniciarse en las nuevas dependencias. Este no es el \u00fanico equipamiento formativo en el que trabaja actualmente GARCIA FAURA. En estos momentos contin\u00faan ejecut\u00e1ndose los trabajos de construcci\u00f3n en la nueva sede del Instituto Qu\u00edmico de Sarri\u00e0 (IQS), en Barcelona, \u200b\u200bdel nuevo CEIP Pompeu Fabra en L&#8217;Hospitalet de Llobregat y del nuevo Instituto La Media, en Lleida.<\/p>\n","protected":false},"excerpt":{"rendered":"<p>\n\tEste febrero dan comienzo los trabajos de fabricaci&oacute;n y posterior instalaci&oacute;n de los cerramientos que completar&aacute;n el nuevo edificio que la Fundaci&oacute;n Universitaria del Bages est&aacute; promoviendo en Manresa. 3.500 metros cuadrados anexos a las instalaciones actuales de la fundaci&oacute;n que dar&aacute;n respuesta al crecimiento de la actividad docente que se lleva a cabo.<\/p>\n","protected":false},"author":3,"featured_media":5477,"comment_status":"open","ping_status":"open","sticky":false,"template":"","format":"standard","meta":{"footnotes":""},"categories":[3],"tags":[],"post_series":[],"class_list":["post-5489","post","type-post","status-publish","format-standard","has-post-thumbnail","hentry","category-actualidad","entry","has-media"],"yoast_head":"<!-- This site is optimized with the Yoast SEO plugin v26.7 - https:\/\/yoast.com\/wordpress\/plugins\/seo\/ -->\n<title>Nuevo edificio de la FUB Manresa - GARCIA FAURA<\/title>\n<meta name=\"description\" content=\"Arquitectura en Alumini, Inox, Ferro i Vidre\" \/>\n<meta name=\"robots\" content=\"index, follow, max-snippet:-1, max-image-preview:large, max-video-preview:-1\" \/>\n<link rel=\"canonical\" href=\"https:\/\/www.garciafaura.com\/es\/nuevo-edificio-de-la-fub-manresa\/\" \/>\n<meta property=\"og:locale\" content=\"es_ES\" \/>\n<meta property=\"og:type\" content=\"article\" \/>\n<meta property=\"og:title\" content=\"Nuevo edificio de la FUB Manresa - GARCIA FAURA\" \/>\n<meta property=\"og:description\" content=\"Arquitectura en Alumini, Inox, Ferro i Vidre\" \/>\n<meta property=\"og:url\" content=\"https:\/\/www.garciafaura.com\/es\/nuevo-edificio-de-la-fub-manresa\/\" \/>\n<meta property=\"og:site_name\" content=\"GARCIA FAURA\" \/>\n<meta property=\"article:published_time\" content=\"2012-01-31T00:00:00+00:00\" \/>\n<meta property=\"article:modified_time\" content=\"2019-06-03T12:24:44+00:00\" \/>\n<meta property=\"og:image\" content=\"https:\/\/www.garciafaura.com\/wp-content\/uploads\/2018\/11\/FUB-Manresa-Render-1.jpg\" \/>\n\t<meta property=\"og:image:width\" content=\"1\" \/>\n\t<meta property=\"og:image:height\" content=\"1\" \/>\n\t<meta property=\"og:image:type\" content=\"image\/jpeg\" \/>\n<meta name=\"author\" content=\"David Achell\" \/>\n<meta name=\"twitter:card\" content=\"summary_large_image\" \/>\n<meta name=\"twitter:label1\" content=\"Escrito por\" \/>\n\t<meta name=\"twitter:data1\" content=\"David Achell\" \/>\n\t<meta name=\"twitter:label2\" content=\"Tiempo de lectura\" \/>\n\t<meta name=\"twitter:data2\" content=\"2 minutos\" \/>\n<script type=\"application\/ld+json\" class=\"yoast-schema-graph\">{\"@context\":\"https:\/\/schema.org\",\"@graph\":[{\"@type\":\"Article\",\"@id\":\"https:\/\/www.garciafaura.com\/es\/nuevo-edificio-de-la-fub-manresa\/#article\",\"isPartOf\":{\"@id\":\"https:\/\/www.garciafaura.com\/es\/nuevo-edificio-de-la-fub-manresa\/\"},\"author\":{\"name\":\"David Achell\",\"@id\":\"https:\/\/www.garciafaura.com\/fr\/#\/schema\/person\/b4b75e69b33fac3446071909bec106b0\"},\"headline\":\"Nuevo edificio de la FUB Manresa\",\"datePublished\":\"2012-01-31T00:00:00+00:00\",\"dateModified\":\"2019-06-03T12:24:44+00:00\",\"mainEntityOfPage\":{\"@id\":\"https:\/\/www.garciafaura.com\/es\/nuevo-edificio-de-la-fub-manresa\/\"},\"wordCount\":355,\"commentCount\":0,\"publisher\":{\"@id\":\"https:\/\/www.garciafaura.com\/fr\/#organization\"},\"image\":{\"@id\":\"https:\/\/www.garciafaura.com\/es\/nuevo-edificio-de-la-fub-manresa\/#primaryimage\"},\"thumbnailUrl\":\"https:\/\/www.garciafaura.com\/wp-content\/uploads\/2018\/11\/FUB-Manresa-Render-1.jpg\",\"articleSection\":[\"Actualidad\"],\"inLanguage\":\"es\",\"potentialAction\":[{\"@type\":\"CommentAction\",\"name\":\"Comment\",\"target\":[\"https:\/\/www.garciafaura.com\/es\/nuevo-edificio-de-la-fub-manresa\/#respond\"]}]},{\"@type\":\"WebPage\",\"@id\":\"https:\/\/www.garciafaura.com\/es\/nuevo-edificio-de-la-fub-manresa\/\",\"url\":\"https:\/\/www.garciafaura.com\/es\/nuevo-edificio-de-la-fub-manresa\/\",\"name\":\"Nuevo edificio de la FUB Manresa - GARCIA FAURA\",\"isPartOf\":{\"@id\":\"https:\/\/www.garciafaura.com\/fr\/#website\"},\"primaryImageOfPage\":{\"@id\":\"https:\/\/www.garciafaura.com\/es\/nuevo-edificio-de-la-fub-manresa\/#primaryimage\"},\"image\":{\"@id\":\"https:\/\/www.garciafaura.com\/es\/nuevo-edificio-de-la-fub-manresa\/#primaryimage\"},\"thumbnailUrl\":\"https:\/\/www.garciafaura.com\/wp-content\/uploads\/2018\/11\/FUB-Manresa-Render-1.jpg\",\"datePublished\":\"2012-01-31T00:00:00+00:00\",\"dateModified\":\"2019-06-03T12:24:44+00:00\",\"description\":\"Arquitectura en Alumini, Inox, Ferro i Vidre\",\"breadcrumb\":{\"@id\":\"https:\/\/www.garciafaura.com\/es\/nuevo-edificio-de-la-fub-manresa\/#breadcrumb\"},\"inLanguage\":\"es\",\"potentialAction\":[{\"@type\":\"ReadAction\",\"target\":[\"https:\/\/www.garciafaura.com\/es\/nuevo-edificio-de-la-fub-manresa\/\"]}]},{\"@type\":\"ImageObject\",\"inLanguage\":\"es\",\"@id\":\"https:\/\/www.garciafaura.com\/es\/nuevo-edificio-de-la-fub-manresa\/#primaryimage\",\"url\":\"https:\/\/www.garciafaura.com\/wp-content\/uploads\/2018\/11\/FUB-Manresa-Render-1.jpg\",\"contentUrl\":\"https:\/\/www.garciafaura.com\/wp-content\/uploads\/2018\/11\/FUB-Manresa-Render-1.jpg\"},{\"@type\":\"BreadcrumbList\",\"@id\":\"https:\/\/www.garciafaura.com\/es\/nuevo-edificio-de-la-fub-manresa\/#breadcrumb\",\"itemListElement\":[{\"@type\":\"ListItem\",\"position\":1,\"name\":\"Inici\",\"item\":\"https:\/\/www.garciafaura.com\/es\/\"},{\"@type\":\"ListItem\",\"position\":2,\"name\":\"Nuevo edificio de la FUB Manresa\"}]},{\"@type\":\"WebSite\",\"@id\":\"https:\/\/www.garciafaura.com\/fr\/#website\",\"url\":\"https:\/\/www.garciafaura.com\/fr\/\",\"name\":\"GARCIA FAURA\",\"description\":\"Arquitectura en Alumini, Inox, Ferro i Vidre\",\"publisher\":{\"@id\":\"https:\/\/www.garciafaura.com\/fr\/#organization\"},\"potentialAction\":[{\"@type\":\"SearchAction\",\"target\":{\"@type\":\"EntryPoint\",\"urlTemplate\":\"https:\/\/www.garciafaura.com\/fr\/?s={search_term_string}\"},\"query-input\":{\"@type\":\"PropertyValueSpecification\",\"valueRequired\":true,\"valueName\":\"search_term_string\"}}],\"inLanguage\":\"es\"},{\"@type\":\"Organization\",\"@id\":\"https:\/\/www.garciafaura.com\/fr\/#organization\",\"name\":\"GARCIA FAURA\",\"url\":\"https:\/\/www.garciafaura.com\/fr\/\",\"logo\":{\"@type\":\"ImageObject\",\"inLanguage\":\"es\",\"@id\":\"https:\/\/www.garciafaura.com\/fr\/#\/schema\/logo\/image\/\",\"url\":\"https:\/\/www.garciafaura.com\/wp-content\/uploads\/2018\/09\/Garcia-Faura.png\",\"contentUrl\":\"https:\/\/www.garciafaura.com\/wp-content\/uploads\/2018\/09\/Garcia-Faura.png\",\"width\":512,\"height\":512,\"caption\":\"GARCIA FAURA\"},\"image\":{\"@id\":\"https:\/\/www.garciafaura.com\/fr\/#\/schema\/logo\/image\/\"},\"sameAs\":[\"https:\/\/www.youtube.com\/user\/GARCIAFAURA\"]},{\"@type\":\"Person\",\"@id\":\"https:\/\/www.garciafaura.com\/fr\/#\/schema\/person\/b4b75e69b33fac3446071909bec106b0\",\"name\":\"David Achell\",\"image\":{\"@type\":\"ImageObject\",\"inLanguage\":\"es\",\"@id\":\"https:\/\/www.garciafaura.com\/fr\/#\/schema\/person\/image\/\",\"url\":\"https:\/\/secure.gravatar.com\/avatar\/03900210afc1f61bce737bcb4a79c02e2c997f171e3eca839b5a4cbe03846c90?s=96&d=blank&r=g\",\"contentUrl\":\"https:\/\/secure.gravatar.com\/avatar\/03900210afc1f61bce737bcb4a79c02e2c997f171e3eca839b5a4cbe03846c90?s=96&d=blank&r=g\",\"caption\":\"David Achell\"}}]}<\/script>\n<!-- \/ Yoast SEO plugin. -->","yoast_head_json":{"title":"Nuevo edificio de la FUB Manresa - GARCIA FAURA","description":"Arquitectura en Alumini, Inox, Ferro i Vidre","robots":{"index":"index","follow":"follow","max-snippet":"max-snippet:-1","max-image-preview":"max-image-preview:large","max-video-preview":"max-video-preview:-1"},"canonical":"https:\/\/www.garciafaura.com\/es\/nuevo-edificio-de-la-fub-manresa\/","og_locale":"es_ES","og_type":"article","og_title":"Nuevo edificio de la FUB Manresa - GARCIA FAURA","og_description":"Arquitectura en Alumini, Inox, Ferro i Vidre","og_url":"https:\/\/www.garciafaura.com\/es\/nuevo-edificio-de-la-fub-manresa\/","og_site_name":"GARCIA FAURA","article_published_time":"2012-01-31T00:00:00+00:00","article_modified_time":"2019-06-03T12:24:44+00:00","og_image":[{"url":"https:\/\/www.garciafaura.com\/wp-content\/uploads\/2018\/11\/FUB-Manresa-Render-1.jpg","width":1,"height":1,"type":"image\/jpeg"}],"author":"David Achell","twitter_card":"summary_large_image","twitter_misc":{"Escrito por":"David Achell","Tiempo de lectura":"2 minutos"},"schema":{"@context":"https:\/\/schema.org","@graph":[{"@type":"Article","@id":"https:\/\/www.garciafaura.com\/es\/nuevo-edificio-de-la-fub-manresa\/#article","isPartOf":{"@id":"https:\/\/www.garciafaura.com\/es\/nuevo-edificio-de-la-fub-manresa\/"},"author":{"name":"David Achell","@id":"https:\/\/www.garciafaura.com\/fr\/#\/schema\/person\/b4b75e69b33fac3446071909bec106b0"},"headline":"Nuevo edificio de la FUB Manresa","datePublished":"2012-01-31T00:00:00+00:00","dateModified":"2019-06-03T12:24:44+00:00","mainEntityOfPage":{"@id":"https:\/\/www.garciafaura.com\/es\/nuevo-edificio-de-la-fub-manresa\/"},"wordCount":355,"commentCount":0,"publisher":{"@id":"https:\/\/www.garciafaura.com\/fr\/#organization"},"image":{"@id":"https:\/\/www.garciafaura.com\/es\/nuevo-edificio-de-la-fub-manresa\/#primaryimage"},"thumbnailUrl":"https:\/\/www.garciafaura.com\/wp-content\/uploads\/2018\/11\/FUB-Manresa-Render-1.jpg","articleSection":["Actualidad"],"inLanguage":"es","potentialAction":[{"@type":"CommentAction","name":"Comment","target":["https:\/\/www.garciafaura.com\/es\/nuevo-edificio-de-la-fub-manresa\/#respond"]}]},{"@type":"WebPage","@id":"https:\/\/www.garciafaura.com\/es\/nuevo-edificio-de-la-fub-manresa\/","url":"https:\/\/www.garciafaura.com\/es\/nuevo-edificio-de-la-fub-manresa\/","name":"Nuevo edificio de la FUB Manresa - GARCIA FAURA","isPartOf":{"@id":"https:\/\/www.garciafaura.com\/fr\/#website"},"primaryImageOfPage":{"@id":"https:\/\/www.garciafaura.com\/es\/nuevo-edificio-de-la-fub-manresa\/#primaryimage"},"image":{"@id":"https:\/\/www.garciafaura.com\/es\/nuevo-edificio-de-la-fub-manresa\/#primaryimage"},"thumbnailUrl":"https:\/\/www.garciafaura.com\/wp-content\/uploads\/2018\/11\/FUB-Manresa-Render-1.jpg","datePublished":"2012-01-31T00:00:00+00:00","dateModified":"2019-06-03T12:24:44+00:00","description":"Arquitectura en Alumini, Inox, Ferro i Vidre","breadcrumb":{"@id":"https:\/\/www.garciafaura.com\/es\/nuevo-edificio-de-la-fub-manresa\/#breadcrumb"},"inLanguage":"es","potentialAction":[{"@type":"ReadAction","target":["https:\/\/www.garciafaura.com\/es\/nuevo-edificio-de-la-fub-manresa\/"]}]},{"@type":"ImageObject","inLanguage":"es","@id":"https:\/\/www.garciafaura.com\/es\/nuevo-edificio-de-la-fub-manresa\/#primaryimage","url":"https:\/\/www.garciafaura.com\/wp-content\/uploads\/2018\/11\/FUB-Manresa-Render-1.jpg","contentUrl":"https:\/\/www.garciafaura.com\/wp-content\/uploads\/2018\/11\/FUB-Manresa-Render-1.jpg"},{"@type":"BreadcrumbList","@id":"https:\/\/www.garciafaura.com\/es\/nuevo-edificio-de-la-fub-manresa\/#breadcrumb","itemListElement":[{"@type":"ListItem","position":1,"name":"Inici","item":"https:\/\/www.garciafaura.com\/es\/"},{"@type":"ListItem","position":2,"name":"Nuevo edificio de la FUB Manresa"}]},{"@type":"WebSite","@id":"https:\/\/www.garciafaura.com\/fr\/#website","url":"https:\/\/www.garciafaura.com\/fr\/","name":"GARCIA FAURA","description":"Arquitectura en Alumini, Inox, Ferro i Vidre","publisher":{"@id":"https:\/\/www.garciafaura.com\/fr\/#organization"},"potentialAction":[{"@type":"SearchAction","target":{"@type":"EntryPoint","urlTemplate":"https:\/\/www.garciafaura.com\/fr\/?s={search_term_string}"},"query-input":{"@type":"PropertyValueSpecification","valueRequired":true,"valueName":"search_term_string"}}],"inLanguage":"es"},{"@type":"Organization","@id":"https:\/\/www.garciafaura.com\/fr\/#organization","name":"GARCIA FAURA","url":"https:\/\/www.garciafaura.com\/fr\/","logo":{"@type":"ImageObject","inLanguage":"es","@id":"https:\/\/www.garciafaura.com\/fr\/#\/schema\/logo\/image\/","url":"https:\/\/www.garciafaura.com\/wp-content\/uploads\/2018\/09\/Garcia-Faura.png","contentUrl":"https:\/\/www.garciafaura.com\/wp-content\/uploads\/2018\/09\/Garcia-Faura.png","width":512,"height":512,"caption":"GARCIA FAURA"},"image":{"@id":"https:\/\/www.garciafaura.com\/fr\/#\/schema\/logo\/image\/"},"sameAs":["https:\/\/www.youtube.com\/user\/GARCIAFAURA"]},{"@type":"Person","@id":"https:\/\/www.garciafaura.com\/fr\/#\/schema\/person\/b4b75e69b33fac3446071909bec106b0","name":"David Achell","image":{"@type":"ImageObject","inLanguage":"es","@id":"https:\/\/www.garciafaura.com\/fr\/#\/schema\/person\/image\/","url":"https:\/\/secure.gravatar.com\/avatar\/03900210afc1f61bce737bcb4a79c02e2c997f171e3eca839b5a4cbe03846c90?s=96&d=blank&r=g","contentUrl":"https:\/\/secure.gravatar.com\/avatar\/03900210afc1f61bce737bcb4a79c02e2c997f171e3eca839b5a4cbe03846c90?s=96&d=blank&r=g","caption":"David Achell"}}]}},"_links":{"self":[{"href":"https:\/\/www.garciafaura.com\/es\/wp-json\/wp\/v2\/posts\/5489","targetHints":{"allow":["GET"]}}],"collection":[{"href":"https:\/\/www.garciafaura.com\/es\/wp-json\/wp\/v2\/posts"}],"about":[{"href":"https:\/\/www.garciafaura.com\/es\/wp-json\/wp\/v2\/types\/post"}],"author":[{"embeddable":true,"href":"https:\/\/www.garciafaura.com\/es\/wp-json\/wp\/v2\/users\/3"}],"replies":[{"embeddable":true,"href":"https:\/\/www.garciafaura.com\/es\/wp-json\/wp\/v2\/comments?post=5489"}],"version-history":[{"count":1,"href":"https:\/\/www.garciafaura.com\/es\/wp-json\/wp\/v2\/posts\/5489\/revisions"}],"predecessor-version":[{"id":21621,"href":"https:\/\/www.garciafaura.com\/es\/wp-json\/wp\/v2\/posts\/5489\/revisions\/21621"}],"wp:featuredmedia":[{"embeddable":true,"href":"https:\/\/www.garciafaura.com\/es\/wp-json\/wp\/v2\/media\/5477"}],"wp:attachment":[{"href":"https:\/\/www.garciafaura.com\/es\/wp-json\/wp\/v2\/media?parent=5489"}],"wp:term":[{"taxonomy":"category","embeddable":true,"href":"https:\/\/www.garciafaura.com\/es\/wp-json\/wp\/v2\/categories?post=5489"},{"taxonomy":"post_tag","embeddable":true,"href":"https:\/\/www.garciafaura.com\/es\/wp-json\/wp\/v2\/tags?post=5489"},{"taxonomy":"post_series","embeddable":true,"href":"https:\/\/www.garciafaura.com\/es\/wp-json\/wp\/v2\/post_series?post=5489"}],"curies":[{"name":"wp","href":"https:\/\/api.w.org\/{rel}","templated":true}]}}