{"id":5461,"date":"2011-12-15T00:00:00","date_gmt":"2011-12-15T00:00:00","guid":{"rendered":"https:\/\/www.garciafaura.com\/en-marcha-la-audiencia-provincial-de-zaragoza\/"},"modified":"2019-06-03T12:25:25","modified_gmt":"2019-06-03T12:25:25","slug":"en-marcha-la-audiencia-provincial-de-zaragoza","status":"publish","type":"post","link":"https:\/\/www.garciafaura.com\/es\/en-marcha-la-audiencia-provincial-de-zaragoza\/","title":{"rendered":"En marcha la Audiencia Provincial de Zaragoza"},"content":{"rendered":"<p>GARCIA FAURA se encarga de la fabricaci\u00f3n e instalaci\u00f3n de los cerramientos del nuevo edificio judicial. Se trata de 6.000 metros cuadrados situados en pleno centro de la capital aragonesa, construidos por la empresa Dragados. GARCIA FAURA firma los cerramientos y la fachada de muro cortina del nuevo edificio, que suman 1.155 metros cuadrados del conjunto total.<\/p>\n<p>GARCIA FAURA trabaja ya en la fase de montaje en las obras de construcci\u00f3n de la nueva Audiencia Provincial de Zaragoza. Se trata de la ampliaci\u00f3n de las antiguas dependencias del palacio de los Condes de Morata, que ganar\u00e1 6.000 metros cuadrados \u00fatiles repartidos en dos plantas subterr\u00e1neas, planta baja y 4 pisos de altura. El nuevo edificio conectar\u00e1 con el antiguo mediante una pasarela, y acoger\u00e1 las seis Secciones de la Audiencia Provincial: tres Civiles y tres Penales.<\/p>\n<p>El proyecto, desarrollado por el estudio de arquitectos ACXT-IDOM, busca la m\u00e1xima integraci\u00f3n del inmueble en su entorno, favoreciendo y potenciando las entradas de luz. Es en este punto que juegan un papel fundamental los cerramientos fabricados por GARCIA FAURA desde Gav\u00e0, e instalados por un equipo propio establecido en Zaragoza.<\/p>\n<p>En cuanto a la vista exterior del edificio, la nueva Audiencia Provincial estar\u00e1 formada por una fachada ventilada con c\u00e1mara de aire interior, lo que garantiza un perfecto aislamiento con el consiguiente ahorro energ\u00e9tico. El acabado es aplacado a piedra y de tonos arenosos.<\/p>\n<p>Se trabaja con los sistemas MX SSG y FXI de TECHNAL en un total de 1.155 metros cuadrados de muro cortina y cerramientos en la fachada exterior del nuevo edificio, que debe finalizarse en el primer semestre de 2012. La inversi\u00f3n prevista para el conjunto de la obra es de cerca de 10 millones de euros.<\/p>\n","protected":false},"excerpt":{"rendered":"<p>\n\tGARCIA FAURA se encarga de la fabricaci&oacute;n e instalaci&oacute;n de los cerramientos del nuevo edificio judicial. Se trata de 6.000 metros cuadrados situados en pleno centro de la capital aragonesa, construidos por la empresa Dragados. GARCIA FAURA firma los cerramientos y la fachada de muro cortina del nuevo edificio, que suman 1.155 metros cuadrados del conjunto total.<\/p>\n","protected":false},"author":3,"featured_media":5453,"comment_status":"open","ping_status":"open","sticky":false,"template":"","format":"standard","meta":{"footnotes":""},"categories":[3],"tags":[],"post_series":[],"class_list":["post-5461","post","type-post","status-publish","format-standard","has-post-thumbnail","hentry","category-actualidad","entry","has-media"],"yoast_head":"<!-- This site is optimized with the Yoast SEO plugin v26.7 - https:\/\/yoast.com\/wordpress\/plugins\/seo\/ -->\n<title>En marcha la Audiencia Provincial de Zaragoza - GARCIA FAURA<\/title>\n<meta name=\"description\" content=\"Arquitectura en Alumini, Inox, Ferro i Vidre\" \/>\n<meta name=\"robots\" content=\"index, follow, max-snippet:-1, max-image-preview:large, max-video-preview:-1\" \/>\n<link rel=\"canonical\" href=\"https:\/\/www.garciafaura.com\/es\/en-marcha-la-audiencia-provincial-de-zaragoza\/\" \/>\n<meta property=\"og:locale\" content=\"es_ES\" \/>\n<meta property=\"og:type\" content=\"article\" \/>\n<meta property=\"og:title\" content=\"En marcha la Audiencia Provincial de Zaragoza - GARCIA FAURA\" \/>\n<meta property=\"og:description\" content=\"Arquitectura en Alumini, Inox, Ferro i Vidre\" \/>\n<meta property=\"og:url\" content=\"https:\/\/www.garciafaura.com\/es\/en-marcha-la-audiencia-provincial-de-zaragoza\/\" \/>\n<meta property=\"og:site_name\" content=\"GARCIA FAURA\" \/>\n<meta property=\"article:published_time\" content=\"2011-12-15T00:00:00+00:00\" \/>\n<meta property=\"article:modified_time\" content=\"2019-06-03T12:25:25+00:00\" \/>\n<meta property=\"og:image\" content=\"https:\/\/www.garciafaura.com\/wp-content\/uploads\/2018\/11\/Audincia-Provincial-Saragossa.jpg\" \/>\n\t<meta property=\"og:image:width\" content=\"1\" \/>\n\t<meta property=\"og:image:height\" content=\"1\" \/>\n\t<meta property=\"og:image:type\" content=\"image\/jpeg\" \/>\n<meta name=\"author\" content=\"David Achell\" \/>\n<meta name=\"twitter:card\" content=\"summary_large_image\" \/>\n<meta name=\"twitter:label1\" content=\"Escrito por\" \/>\n\t<meta name=\"twitter:data1\" content=\"David Achell\" \/>\n\t<meta name=\"twitter:label2\" content=\"Tiempo de lectura\" \/>\n\t<meta name=\"twitter:data2\" content=\"1 minuto\" \/>\n<script type=\"application\/ld+json\" class=\"yoast-schema-graph\">{\"@context\":\"https:\/\/schema.org\",\"@graph\":[{\"@type\":\"Article\",\"@id\":\"https:\/\/www.garciafaura.com\/es\/en-marcha-la-audiencia-provincial-de-zaragoza\/#article\",\"isPartOf\":{\"@id\":\"https:\/\/www.garciafaura.com\/es\/en-marcha-la-audiencia-provincial-de-zaragoza\/\"},\"author\":{\"name\":\"David Achell\",\"@id\":\"https:\/\/www.garciafaura.com\/fr\/#\/schema\/person\/b4b75e69b33fac3446071909bec106b0\"},\"headline\":\"En marcha la Audiencia Provincial de Zaragoza\",\"datePublished\":\"2011-12-15T00:00:00+00:00\",\"dateModified\":\"2019-06-03T12:25:25+00:00\",\"mainEntityOfPage\":{\"@id\":\"https:\/\/www.garciafaura.com\/es\/en-marcha-la-audiencia-provincial-de-zaragoza\/\"},\"wordCount\":297,\"commentCount\":0,\"publisher\":{\"@id\":\"https:\/\/www.garciafaura.com\/fr\/#organization\"},\"image\":{\"@id\":\"https:\/\/www.garciafaura.com\/es\/en-marcha-la-audiencia-provincial-de-zaragoza\/#primaryimage\"},\"thumbnailUrl\":\"https:\/\/www.garciafaura.com\/wp-content\/uploads\/2018\/11\/Audincia-Provincial-Saragossa.jpg\",\"articleSection\":[\"Actualidad\"],\"inLanguage\":\"es\",\"potentialAction\":[{\"@type\":\"CommentAction\",\"name\":\"Comment\",\"target\":[\"https:\/\/www.garciafaura.com\/es\/en-marcha-la-audiencia-provincial-de-zaragoza\/#respond\"]}]},{\"@type\":\"WebPage\",\"@id\":\"https:\/\/www.garciafaura.com\/es\/en-marcha-la-audiencia-provincial-de-zaragoza\/\",\"url\":\"https:\/\/www.garciafaura.com\/es\/en-marcha-la-audiencia-provincial-de-zaragoza\/\",\"name\":\"En marcha la Audiencia Provincial de Zaragoza - GARCIA FAURA\",\"isPartOf\":{\"@id\":\"https:\/\/www.garciafaura.com\/fr\/#website\"},\"primaryImageOfPage\":{\"@id\":\"https:\/\/www.garciafaura.com\/es\/en-marcha-la-audiencia-provincial-de-zaragoza\/#primaryimage\"},\"image\":{\"@id\":\"https:\/\/www.garciafaura.com\/es\/en-marcha-la-audiencia-provincial-de-zaragoza\/#primaryimage\"},\"thumbnailUrl\":\"https:\/\/www.garciafaura.com\/wp-content\/uploads\/2018\/11\/Audincia-Provincial-Saragossa.jpg\",\"datePublished\":\"2011-12-15T00:00:00+00:00\",\"dateModified\":\"2019-06-03T12:25:25+00:00\",\"description\":\"Arquitectura en Alumini, Inox, Ferro i Vidre\",\"breadcrumb\":{\"@id\":\"https:\/\/www.garciafaura.com\/es\/en-marcha-la-audiencia-provincial-de-zaragoza\/#breadcrumb\"},\"inLanguage\":\"es\",\"potentialAction\":[{\"@type\":\"ReadAction\",\"target\":[\"https:\/\/www.garciafaura.com\/es\/en-marcha-la-audiencia-provincial-de-zaragoza\/\"]}]},{\"@type\":\"ImageObject\",\"inLanguage\":\"es\",\"@id\":\"https:\/\/www.garciafaura.com\/es\/en-marcha-la-audiencia-provincial-de-zaragoza\/#primaryimage\",\"url\":\"https:\/\/www.garciafaura.com\/wp-content\/uploads\/2018\/11\/Audincia-Provincial-Saragossa.jpg\",\"contentUrl\":\"https:\/\/www.garciafaura.com\/wp-content\/uploads\/2018\/11\/Audincia-Provincial-Saragossa.jpg\"},{\"@type\":\"BreadcrumbList\",\"@id\":\"https:\/\/www.garciafaura.com\/es\/en-marcha-la-audiencia-provincial-de-zaragoza\/#breadcrumb\",\"itemListElement\":[{\"@type\":\"ListItem\",\"position\":1,\"name\":\"Inici\",\"item\":\"https:\/\/www.garciafaura.com\/es\/\"},{\"@type\":\"ListItem\",\"position\":2,\"name\":\"En marcha la Audiencia Provincial de Zaragoza\"}]},{\"@type\":\"WebSite\",\"@id\":\"https:\/\/www.garciafaura.com\/fr\/#website\",\"url\":\"https:\/\/www.garciafaura.com\/fr\/\",\"name\":\"GARCIA FAURA\",\"description\":\"Arquitectura en Alumini, Inox, Ferro i Vidre\",\"publisher\":{\"@id\":\"https:\/\/www.garciafaura.com\/fr\/#organization\"},\"potentialAction\":[{\"@type\":\"SearchAction\",\"target\":{\"@type\":\"EntryPoint\",\"urlTemplate\":\"https:\/\/www.garciafaura.com\/fr\/?s={search_term_string}\"},\"query-input\":{\"@type\":\"PropertyValueSpecification\",\"valueRequired\":true,\"valueName\":\"search_term_string\"}}],\"inLanguage\":\"es\"},{\"@type\":\"Organization\",\"@id\":\"https:\/\/www.garciafaura.com\/fr\/#organization\",\"name\":\"GARCIA FAURA\",\"url\":\"https:\/\/www.garciafaura.com\/fr\/\",\"logo\":{\"@type\":\"ImageObject\",\"inLanguage\":\"es\",\"@id\":\"https:\/\/www.garciafaura.com\/fr\/#\/schema\/logo\/image\/\",\"url\":\"https:\/\/www.garciafaura.com\/wp-content\/uploads\/2018\/09\/Garcia-Faura.png\",\"contentUrl\":\"https:\/\/www.garciafaura.com\/wp-content\/uploads\/2018\/09\/Garcia-Faura.png\",\"width\":512,\"height\":512,\"caption\":\"GARCIA FAURA\"},\"image\":{\"@id\":\"https:\/\/www.garciafaura.com\/fr\/#\/schema\/logo\/image\/\"},\"sameAs\":[\"https:\/\/www.youtube.com\/user\/GARCIAFAURA\"]},{\"@type\":\"Person\",\"@id\":\"https:\/\/www.garciafaura.com\/fr\/#\/schema\/person\/b4b75e69b33fac3446071909bec106b0\",\"name\":\"David Achell\",\"image\":{\"@type\":\"ImageObject\",\"inLanguage\":\"es\",\"@id\":\"https:\/\/www.garciafaura.com\/fr\/#\/schema\/person\/image\/\",\"url\":\"https:\/\/secure.gravatar.com\/avatar\/03900210afc1f61bce737bcb4a79c02e2c997f171e3eca839b5a4cbe03846c90?s=96&d=blank&r=g\",\"contentUrl\":\"https:\/\/secure.gravatar.com\/avatar\/03900210afc1f61bce737bcb4a79c02e2c997f171e3eca839b5a4cbe03846c90?s=96&d=blank&r=g\",\"caption\":\"David Achell\"}}]}<\/script>\n<!-- \/ Yoast SEO plugin. -->","yoast_head_json":{"title":"En marcha la Audiencia Provincial de Zaragoza - GARCIA FAURA","description":"Arquitectura en Alumini, Inox, Ferro i Vidre","robots":{"index":"index","follow":"follow","max-snippet":"max-snippet:-1","max-image-preview":"max-image-preview:large","max-video-preview":"max-video-preview:-1"},"canonical":"https:\/\/www.garciafaura.com\/es\/en-marcha-la-audiencia-provincial-de-zaragoza\/","og_locale":"es_ES","og_type":"article","og_title":"En marcha la Audiencia Provincial de Zaragoza - GARCIA FAURA","og_description":"Arquitectura en Alumini, Inox, Ferro i Vidre","og_url":"https:\/\/www.garciafaura.com\/es\/en-marcha-la-audiencia-provincial-de-zaragoza\/","og_site_name":"GARCIA FAURA","article_published_time":"2011-12-15T00:00:00+00:00","article_modified_time":"2019-06-03T12:25:25+00:00","og_image":[{"url":"https:\/\/www.garciafaura.com\/wp-content\/uploads\/2018\/11\/Audincia-Provincial-Saragossa.jpg","width":1,"height":1,"type":"image\/jpeg"}],"author":"David Achell","twitter_card":"summary_large_image","twitter_misc":{"Escrito por":"David Achell","Tiempo de lectura":"1 minuto"},"schema":{"@context":"https:\/\/schema.org","@graph":[{"@type":"Article","@id":"https:\/\/www.garciafaura.com\/es\/en-marcha-la-audiencia-provincial-de-zaragoza\/#article","isPartOf":{"@id":"https:\/\/www.garciafaura.com\/es\/en-marcha-la-audiencia-provincial-de-zaragoza\/"},"author":{"name":"David Achell","@id":"https:\/\/www.garciafaura.com\/fr\/#\/schema\/person\/b4b75e69b33fac3446071909bec106b0"},"headline":"En marcha la Audiencia Provincial de Zaragoza","datePublished":"2011-12-15T00:00:00+00:00","dateModified":"2019-06-03T12:25:25+00:00","mainEntityOfPage":{"@id":"https:\/\/www.garciafaura.com\/es\/en-marcha-la-audiencia-provincial-de-zaragoza\/"},"wordCount":297,"commentCount":0,"publisher":{"@id":"https:\/\/www.garciafaura.com\/fr\/#organization"},"image":{"@id":"https:\/\/www.garciafaura.com\/es\/en-marcha-la-audiencia-provincial-de-zaragoza\/#primaryimage"},"thumbnailUrl":"https:\/\/www.garciafaura.com\/wp-content\/uploads\/2018\/11\/Audincia-Provincial-Saragossa.jpg","articleSection":["Actualidad"],"inLanguage":"es","potentialAction":[{"@type":"CommentAction","name":"Comment","target":["https:\/\/www.garciafaura.com\/es\/en-marcha-la-audiencia-provincial-de-zaragoza\/#respond"]}]},{"@type":"WebPage","@id":"https:\/\/www.garciafaura.com\/es\/en-marcha-la-audiencia-provincial-de-zaragoza\/","url":"https:\/\/www.garciafaura.com\/es\/en-marcha-la-audiencia-provincial-de-zaragoza\/","name":"En marcha la Audiencia Provincial de Zaragoza - GARCIA FAURA","isPartOf":{"@id":"https:\/\/www.garciafaura.com\/fr\/#website"},"primaryImageOfPage":{"@id":"https:\/\/www.garciafaura.com\/es\/en-marcha-la-audiencia-provincial-de-zaragoza\/#primaryimage"},"image":{"@id":"https:\/\/www.garciafaura.com\/es\/en-marcha-la-audiencia-provincial-de-zaragoza\/#primaryimage"},"thumbnailUrl":"https:\/\/www.garciafaura.com\/wp-content\/uploads\/2018\/11\/Audincia-Provincial-Saragossa.jpg","datePublished":"2011-12-15T00:00:00+00:00","dateModified":"2019-06-03T12:25:25+00:00","description":"Arquitectura en Alumini, Inox, Ferro i Vidre","breadcrumb":{"@id":"https:\/\/www.garciafaura.com\/es\/en-marcha-la-audiencia-provincial-de-zaragoza\/#breadcrumb"},"inLanguage":"es","potentialAction":[{"@type":"ReadAction","target":["https:\/\/www.garciafaura.com\/es\/en-marcha-la-audiencia-provincial-de-zaragoza\/"]}]},{"@type":"ImageObject","inLanguage":"es","@id":"https:\/\/www.garciafaura.com\/es\/en-marcha-la-audiencia-provincial-de-zaragoza\/#primaryimage","url":"https:\/\/www.garciafaura.com\/wp-content\/uploads\/2018\/11\/Audincia-Provincial-Saragossa.jpg","contentUrl":"https:\/\/www.garciafaura.com\/wp-content\/uploads\/2018\/11\/Audincia-Provincial-Saragossa.jpg"},{"@type":"BreadcrumbList","@id":"https:\/\/www.garciafaura.com\/es\/en-marcha-la-audiencia-provincial-de-zaragoza\/#breadcrumb","itemListElement":[{"@type":"ListItem","position":1,"name":"Inici","item":"https:\/\/www.garciafaura.com\/es\/"},{"@type":"ListItem","position":2,"name":"En marcha la Audiencia Provincial de Zaragoza"}]},{"@type":"WebSite","@id":"https:\/\/www.garciafaura.com\/fr\/#website","url":"https:\/\/www.garciafaura.com\/fr\/","name":"GARCIA FAURA","description":"Arquitectura en Alumini, Inox, Ferro i Vidre","publisher":{"@id":"https:\/\/www.garciafaura.com\/fr\/#organization"},"potentialAction":[{"@type":"SearchAction","target":{"@type":"EntryPoint","urlTemplate":"https:\/\/www.garciafaura.com\/fr\/?s={search_term_string}"},"query-input":{"@type":"PropertyValueSpecification","valueRequired":true,"valueName":"search_term_string"}}],"inLanguage":"es"},{"@type":"Organization","@id":"https:\/\/www.garciafaura.com\/fr\/#organization","name":"GARCIA FAURA","url":"https:\/\/www.garciafaura.com\/fr\/","logo":{"@type":"ImageObject","inLanguage":"es","@id":"https:\/\/www.garciafaura.com\/fr\/#\/schema\/logo\/image\/","url":"https:\/\/www.garciafaura.com\/wp-content\/uploads\/2018\/09\/Garcia-Faura.png","contentUrl":"https:\/\/www.garciafaura.com\/wp-content\/uploads\/2018\/09\/Garcia-Faura.png","width":512,"height":512,"caption":"GARCIA FAURA"},"image":{"@id":"https:\/\/www.garciafaura.com\/fr\/#\/schema\/logo\/image\/"},"sameAs":["https:\/\/www.youtube.com\/user\/GARCIAFAURA"]},{"@type":"Person","@id":"https:\/\/www.garciafaura.com\/fr\/#\/schema\/person\/b4b75e69b33fac3446071909bec106b0","name":"David Achell","image":{"@type":"ImageObject","inLanguage":"es","@id":"https:\/\/www.garciafaura.com\/fr\/#\/schema\/person\/image\/","url":"https:\/\/secure.gravatar.com\/avatar\/03900210afc1f61bce737bcb4a79c02e2c997f171e3eca839b5a4cbe03846c90?s=96&d=blank&r=g","contentUrl":"https:\/\/secure.gravatar.com\/avatar\/03900210afc1f61bce737bcb4a79c02e2c997f171e3eca839b5a4cbe03846c90?s=96&d=blank&r=g","caption":"David Achell"}}]}},"_links":{"self":[{"href":"https:\/\/www.garciafaura.com\/es\/wp-json\/wp\/v2\/posts\/5461","targetHints":{"allow":["GET"]}}],"collection":[{"href":"https:\/\/www.garciafaura.com\/es\/wp-json\/wp\/v2\/posts"}],"about":[{"href":"https:\/\/www.garciafaura.com\/es\/wp-json\/wp\/v2\/types\/post"}],"author":[{"embeddable":true,"href":"https:\/\/www.garciafaura.com\/es\/wp-json\/wp\/v2\/users\/3"}],"replies":[{"embeddable":true,"href":"https:\/\/www.garciafaura.com\/es\/wp-json\/wp\/v2\/comments?post=5461"}],"version-history":[{"count":1,"href":"https:\/\/www.garciafaura.com\/es\/wp-json\/wp\/v2\/posts\/5461\/revisions"}],"predecessor-version":[{"id":21623,"href":"https:\/\/www.garciafaura.com\/es\/wp-json\/wp\/v2\/posts\/5461\/revisions\/21623"}],"wp:featuredmedia":[{"embeddable":true,"href":"https:\/\/www.garciafaura.com\/es\/wp-json\/wp\/v2\/media\/5453"}],"wp:attachment":[{"href":"https:\/\/www.garciafaura.com\/es\/wp-json\/wp\/v2\/media?parent=5461"}],"wp:term":[{"taxonomy":"category","embeddable":true,"href":"https:\/\/www.garciafaura.com\/es\/wp-json\/wp\/v2\/categories?post=5461"},{"taxonomy":"post_tag","embeddable":true,"href":"https:\/\/www.garciafaura.com\/es\/wp-json\/wp\/v2\/tags?post=5461"},{"taxonomy":"post_series","embeddable":true,"href":"https:\/\/www.garciafaura.com\/es\/wp-json\/wp\/v2\/post_series?post=5461"}],"curies":[{"name":"wp","href":"https:\/\/api.w.org\/{rel}","templated":true}]}}