{"id":5437,"date":"2011-10-31T00:00:00","date_gmt":"2011-10-31T00:00:00","guid":{"rendered":"https:\/\/www.garciafaura.com\/construccion-del-nuevo-instituto-quimico-de-sarria\/"},"modified":"2019-06-03T12:26:01","modified_gmt":"2019-06-03T12:26:01","slug":"construccion-del-nuevo-instituto-quimico-de-sarria","status":"publish","type":"post","link":"https:\/\/www.garciafaura.com\/es\/construccion-del-nuevo-instituto-quimico-de-sarria\/","title":{"rendered":"Construcci\u00f3n del nuevo Instituto Qu\u00edmico de Sarri\u00e0"},"content":{"rendered":"<p>La constructora FCC es la encargada de levantar el nuevo edificio del Instituto Qu\u00edmico de Sarri\u00e0 (IQS) en la avenida Via Augusta de Barcelona, en unos terrenos de casi 5.000 metros cuadrados. Se trata de un edificio de arquitectura sostenible que acojer\u00e1 los estudios de la Facultad de Economia y los Executive Programs. Una vez inaugurado el nuevo edificio, los espacios que actualmente ocupa la Facultad de Econom\u00eda, pasar\u00e1n a ser usados por la Escuela T\u00e9cnica Superior IQS que ampliar\u00e1 sus talleres y laboratorios.<\/p>\n<p>Las nuevas instalaciones contar\u00e1n con una quincena de aulas con una capacidad media de 60 plazas, despachos para profesores, deganado y servicios administrativos, las dependencias para el IQS Business Alumni y Relaciones Internacionales, zona de aulas de los Programas para Ejecutivos, entre otros. El nuevo edificio contar\u00e1 con 170 plazas de aparcamiento. La obra total tiene un coste de 10,8 millones de euros y su financiaci\u00f3n se realiza, en parte, a trav\u00e9s de un novedoso programa de mecenazgo que permite incluso apadrinar aulas.<\/p>\n<p>GARCIA FAURA empieza este oto\u00f1o los trabajos de fabricaci\u00f3n y posterior instalaci\u00f3n del conjunto de cerramientos interiores y exteriores que vestir\u00e1n el nuevo edificio. Se trata de un total de 185 unidades entre ventanas, puertas y cerramientos fijos, que representan m\u00e9s de 1.180 metros quadrados del conjunto de la obra. La perfiler\u00eda que se usar\u00e1 es de Technal, con diferentes sistemas en funci\u00f3n de las caracter\u00edsticas del cerramiento, las condiciones del espacio en que se se deben instalar y el uso posterior que se les dar\u00e1. En este sentido se combinan las series N&#8217;Epure, Lumeal, GTI, FXI, FX y PG. A parte de estos cerramientos, GARCIA FAURA tambi\u00e9n realizar\u00e1 para el IQS diferentes trabajos de forrado de chapas, panel <em>composite<\/em> y panel <em>sandwich<\/em>.<\/p>\n<p>El nuevo edificio del IQS, miembro fundador de la Universidad Ramon Llull, servir\u00e1 para impulsar nuevos proyectos de formaci\u00f3n para directivos y ejecutivos, en la l\u00ednea de ampliar la calidad y la excelencia formativa del centro. El Instituto Qu\u00edmico de Sarri\u00e0 lleva m\u00e1s de cien a\u00f1os alimentando miles de empresas de todo el mundo de ingenieros con elevadas competencias y ampliando los valores de la \u00e9tica en la empresa.<\/p>\n","protected":false},"excerpt":{"rendered":"<p>\n\tGARCIA FAURA empieza este oto&ntilde;o los trabajos de fabricaci&oacute;n y posterior instalaci&oacute;n del conjunto de cerramientos interiores y exteriores que vestir&aacute;n el nuevo edificio del IQS. Se trata de un total de 1.180 metros quadrados de las nuevas instalaciones del centro en Barcelona, que debe estar operativo a mediados de 2012.<\/p>\n","protected":false},"author":3,"featured_media":5421,"comment_status":"open","ping_status":"open","sticky":false,"template":"","format":"standard","meta":{"footnotes":""},"categories":[3],"tags":[],"post_series":[],"class_list":["post-5437","post","type-post","status-publish","format-standard","has-post-thumbnail","hentry","category-actualidad","entry","has-media"],"yoast_head":"<!-- This site is optimized with the Yoast SEO plugin v26.7 - https:\/\/yoast.com\/wordpress\/plugins\/seo\/ -->\n<title>Construcci\u00f3n del nuevo Instituto Qu\u00edmico de Sarri\u00e0 - GARCIA FAURA<\/title>\n<meta name=\"description\" content=\"Arquitectura en Alumini, Inox, Ferro i Vidre\" \/>\n<meta name=\"robots\" content=\"index, follow, max-snippet:-1, max-image-preview:large, max-video-preview:-1\" \/>\n<link rel=\"canonical\" href=\"https:\/\/www.garciafaura.com\/es\/construccion-del-nuevo-instituto-quimico-de-sarria\/\" \/>\n<meta property=\"og:locale\" content=\"es_ES\" \/>\n<meta property=\"og:type\" content=\"article\" \/>\n<meta property=\"og:title\" content=\"Construcci\u00f3n del nuevo Instituto Qu\u00edmico de Sarri\u00e0 - GARCIA FAURA\" \/>\n<meta property=\"og:description\" content=\"Arquitectura en Alumini, Inox, Ferro i Vidre\" \/>\n<meta property=\"og:url\" content=\"https:\/\/www.garciafaura.com\/es\/construccion-del-nuevo-instituto-quimico-de-sarria\/\" \/>\n<meta property=\"og:site_name\" content=\"GARCIA FAURA\" \/>\n<meta property=\"article:published_time\" content=\"2011-10-31T00:00:00+00:00\" \/>\n<meta property=\"article:modified_time\" content=\"2019-06-03T12:26:01+00:00\" \/>\n<meta property=\"og:image\" content=\"https:\/\/www.garciafaura.com\/wp-content\/uploads\/2018\/11\/5.jpg\" \/>\n\t<meta property=\"og:image:width\" content=\"1\" \/>\n\t<meta property=\"og:image:height\" content=\"1\" \/>\n\t<meta property=\"og:image:type\" content=\"image\/jpeg\" \/>\n<meta name=\"author\" content=\"David Achell\" \/>\n<meta name=\"twitter:card\" content=\"summary_large_image\" \/>\n<meta name=\"twitter:label1\" content=\"Escrito por\" \/>\n\t<meta name=\"twitter:data1\" content=\"David Achell\" \/>\n\t<meta name=\"twitter:label2\" content=\"Tiempo de lectura\" \/>\n\t<meta name=\"twitter:data2\" content=\"2 minutos\" \/>\n<script type=\"application\/ld+json\" class=\"yoast-schema-graph\">{\"@context\":\"https:\/\/schema.org\",\"@graph\":[{\"@type\":\"Article\",\"@id\":\"https:\/\/www.garciafaura.com\/es\/construccion-del-nuevo-instituto-quimico-de-sarria\/#article\",\"isPartOf\":{\"@id\":\"https:\/\/www.garciafaura.com\/es\/construccion-del-nuevo-instituto-quimico-de-sarria\/\"},\"author\":{\"name\":\"David Achell\",\"@id\":\"https:\/\/www.garciafaura.com\/fr\/#\/schema\/person\/b4b75e69b33fac3446071909bec106b0\"},\"headline\":\"Construcci\u00f3n del nuevo Instituto Qu\u00edmico de Sarri\u00e0\",\"datePublished\":\"2011-10-31T00:00:00+00:00\",\"dateModified\":\"2019-06-03T12:26:01+00:00\",\"mainEntityOfPage\":{\"@id\":\"https:\/\/www.garciafaura.com\/es\/construccion-del-nuevo-instituto-quimico-de-sarria\/\"},\"wordCount\":384,\"commentCount\":0,\"publisher\":{\"@id\":\"https:\/\/www.garciafaura.com\/fr\/#organization\"},\"image\":{\"@id\":\"https:\/\/www.garciafaura.com\/es\/construccion-del-nuevo-instituto-quimico-de-sarria\/#primaryimage\"},\"thumbnailUrl\":\"https:\/\/www.garciafaura.com\/wp-content\/uploads\/2018\/11\/5.jpg\",\"articleSection\":[\"Actualidad\"],\"inLanguage\":\"es\",\"potentialAction\":[{\"@type\":\"CommentAction\",\"name\":\"Comment\",\"target\":[\"https:\/\/www.garciafaura.com\/es\/construccion-del-nuevo-instituto-quimico-de-sarria\/#respond\"]}]},{\"@type\":\"WebPage\",\"@id\":\"https:\/\/www.garciafaura.com\/es\/construccion-del-nuevo-instituto-quimico-de-sarria\/\",\"url\":\"https:\/\/www.garciafaura.com\/es\/construccion-del-nuevo-instituto-quimico-de-sarria\/\",\"name\":\"Construcci\u00f3n del nuevo Instituto Qu\u00edmico de Sarri\u00e0 - GARCIA FAURA\",\"isPartOf\":{\"@id\":\"https:\/\/www.garciafaura.com\/fr\/#website\"},\"primaryImageOfPage\":{\"@id\":\"https:\/\/www.garciafaura.com\/es\/construccion-del-nuevo-instituto-quimico-de-sarria\/#primaryimage\"},\"image\":{\"@id\":\"https:\/\/www.garciafaura.com\/es\/construccion-del-nuevo-instituto-quimico-de-sarria\/#primaryimage\"},\"thumbnailUrl\":\"https:\/\/www.garciafaura.com\/wp-content\/uploads\/2018\/11\/5.jpg\",\"datePublished\":\"2011-10-31T00:00:00+00:00\",\"dateModified\":\"2019-06-03T12:26:01+00:00\",\"description\":\"Arquitectura en Alumini, Inox, Ferro i Vidre\",\"breadcrumb\":{\"@id\":\"https:\/\/www.garciafaura.com\/es\/construccion-del-nuevo-instituto-quimico-de-sarria\/#breadcrumb\"},\"inLanguage\":\"es\",\"potentialAction\":[{\"@type\":\"ReadAction\",\"target\":[\"https:\/\/www.garciafaura.com\/es\/construccion-del-nuevo-instituto-quimico-de-sarria\/\"]}]},{\"@type\":\"ImageObject\",\"inLanguage\":\"es\",\"@id\":\"https:\/\/www.garciafaura.com\/es\/construccion-del-nuevo-instituto-quimico-de-sarria\/#primaryimage\",\"url\":\"https:\/\/www.garciafaura.com\/wp-content\/uploads\/2018\/11\/5.jpg\",\"contentUrl\":\"https:\/\/www.garciafaura.com\/wp-content\/uploads\/2018\/11\/5.jpg\"},{\"@type\":\"BreadcrumbList\",\"@id\":\"https:\/\/www.garciafaura.com\/es\/construccion-del-nuevo-instituto-quimico-de-sarria\/#breadcrumb\",\"itemListElement\":[{\"@type\":\"ListItem\",\"position\":1,\"name\":\"Inici\",\"item\":\"https:\/\/www.garciafaura.com\/es\/\"},{\"@type\":\"ListItem\",\"position\":2,\"name\":\"Construcci\u00f3n del nuevo Instituto Qu\u00edmico de Sarri\u00e0\"}]},{\"@type\":\"WebSite\",\"@id\":\"https:\/\/www.garciafaura.com\/fr\/#website\",\"url\":\"https:\/\/www.garciafaura.com\/fr\/\",\"name\":\"GARCIA FAURA\",\"description\":\"Arquitectura en Alumini, Inox, Ferro i Vidre\",\"publisher\":{\"@id\":\"https:\/\/www.garciafaura.com\/fr\/#organization\"},\"potentialAction\":[{\"@type\":\"SearchAction\",\"target\":{\"@type\":\"EntryPoint\",\"urlTemplate\":\"https:\/\/www.garciafaura.com\/fr\/?s={search_term_string}\"},\"query-input\":{\"@type\":\"PropertyValueSpecification\",\"valueRequired\":true,\"valueName\":\"search_term_string\"}}],\"inLanguage\":\"es\"},{\"@type\":\"Organization\",\"@id\":\"https:\/\/www.garciafaura.com\/fr\/#organization\",\"name\":\"GARCIA FAURA\",\"url\":\"https:\/\/www.garciafaura.com\/fr\/\",\"logo\":{\"@type\":\"ImageObject\",\"inLanguage\":\"es\",\"@id\":\"https:\/\/www.garciafaura.com\/fr\/#\/schema\/logo\/image\/\",\"url\":\"https:\/\/www.garciafaura.com\/wp-content\/uploads\/2018\/09\/Garcia-Faura.png\",\"contentUrl\":\"https:\/\/www.garciafaura.com\/wp-content\/uploads\/2018\/09\/Garcia-Faura.png\",\"width\":512,\"height\":512,\"caption\":\"GARCIA FAURA\"},\"image\":{\"@id\":\"https:\/\/www.garciafaura.com\/fr\/#\/schema\/logo\/image\/\"},\"sameAs\":[\"https:\/\/www.youtube.com\/user\/GARCIAFAURA\"]},{\"@type\":\"Person\",\"@id\":\"https:\/\/www.garciafaura.com\/fr\/#\/schema\/person\/b4b75e69b33fac3446071909bec106b0\",\"name\":\"David Achell\",\"image\":{\"@type\":\"ImageObject\",\"inLanguage\":\"es\",\"@id\":\"https:\/\/www.garciafaura.com\/fr\/#\/schema\/person\/image\/\",\"url\":\"https:\/\/secure.gravatar.com\/avatar\/03900210afc1f61bce737bcb4a79c02e2c997f171e3eca839b5a4cbe03846c90?s=96&d=blank&r=g\",\"contentUrl\":\"https:\/\/secure.gravatar.com\/avatar\/03900210afc1f61bce737bcb4a79c02e2c997f171e3eca839b5a4cbe03846c90?s=96&d=blank&r=g\",\"caption\":\"David Achell\"}}]}<\/script>\n<!-- \/ Yoast SEO plugin. -->","yoast_head_json":{"title":"Construcci\u00f3n del nuevo Instituto Qu\u00edmico de Sarri\u00e0 - GARCIA FAURA","description":"Arquitectura en Alumini, Inox, Ferro i Vidre","robots":{"index":"index","follow":"follow","max-snippet":"max-snippet:-1","max-image-preview":"max-image-preview:large","max-video-preview":"max-video-preview:-1"},"canonical":"https:\/\/www.garciafaura.com\/es\/construccion-del-nuevo-instituto-quimico-de-sarria\/","og_locale":"es_ES","og_type":"article","og_title":"Construcci\u00f3n del nuevo Instituto Qu\u00edmico de Sarri\u00e0 - GARCIA FAURA","og_description":"Arquitectura en Alumini, Inox, Ferro i Vidre","og_url":"https:\/\/www.garciafaura.com\/es\/construccion-del-nuevo-instituto-quimico-de-sarria\/","og_site_name":"GARCIA FAURA","article_published_time":"2011-10-31T00:00:00+00:00","article_modified_time":"2019-06-03T12:26:01+00:00","og_image":[{"url":"https:\/\/www.garciafaura.com\/wp-content\/uploads\/2018\/11\/5.jpg","width":1,"height":1,"type":"image\/jpeg"}],"author":"David Achell","twitter_card":"summary_large_image","twitter_misc":{"Escrito por":"David Achell","Tiempo de lectura":"2 minutos"},"schema":{"@context":"https:\/\/schema.org","@graph":[{"@type":"Article","@id":"https:\/\/www.garciafaura.com\/es\/construccion-del-nuevo-instituto-quimico-de-sarria\/#article","isPartOf":{"@id":"https:\/\/www.garciafaura.com\/es\/construccion-del-nuevo-instituto-quimico-de-sarria\/"},"author":{"name":"David Achell","@id":"https:\/\/www.garciafaura.com\/fr\/#\/schema\/person\/b4b75e69b33fac3446071909bec106b0"},"headline":"Construcci\u00f3n del nuevo Instituto Qu\u00edmico de Sarri\u00e0","datePublished":"2011-10-31T00:00:00+00:00","dateModified":"2019-06-03T12:26:01+00:00","mainEntityOfPage":{"@id":"https:\/\/www.garciafaura.com\/es\/construccion-del-nuevo-instituto-quimico-de-sarria\/"},"wordCount":384,"commentCount":0,"publisher":{"@id":"https:\/\/www.garciafaura.com\/fr\/#organization"},"image":{"@id":"https:\/\/www.garciafaura.com\/es\/construccion-del-nuevo-instituto-quimico-de-sarria\/#primaryimage"},"thumbnailUrl":"https:\/\/www.garciafaura.com\/wp-content\/uploads\/2018\/11\/5.jpg","articleSection":["Actualidad"],"inLanguage":"es","potentialAction":[{"@type":"CommentAction","name":"Comment","target":["https:\/\/www.garciafaura.com\/es\/construccion-del-nuevo-instituto-quimico-de-sarria\/#respond"]}]},{"@type":"WebPage","@id":"https:\/\/www.garciafaura.com\/es\/construccion-del-nuevo-instituto-quimico-de-sarria\/","url":"https:\/\/www.garciafaura.com\/es\/construccion-del-nuevo-instituto-quimico-de-sarria\/","name":"Construcci\u00f3n del nuevo Instituto Qu\u00edmico de Sarri\u00e0 - GARCIA FAURA","isPartOf":{"@id":"https:\/\/www.garciafaura.com\/fr\/#website"},"primaryImageOfPage":{"@id":"https:\/\/www.garciafaura.com\/es\/construccion-del-nuevo-instituto-quimico-de-sarria\/#primaryimage"},"image":{"@id":"https:\/\/www.garciafaura.com\/es\/construccion-del-nuevo-instituto-quimico-de-sarria\/#primaryimage"},"thumbnailUrl":"https:\/\/www.garciafaura.com\/wp-content\/uploads\/2018\/11\/5.jpg","datePublished":"2011-10-31T00:00:00+00:00","dateModified":"2019-06-03T12:26:01+00:00","description":"Arquitectura en Alumini, Inox, Ferro i Vidre","breadcrumb":{"@id":"https:\/\/www.garciafaura.com\/es\/construccion-del-nuevo-instituto-quimico-de-sarria\/#breadcrumb"},"inLanguage":"es","potentialAction":[{"@type":"ReadAction","target":["https:\/\/www.garciafaura.com\/es\/construccion-del-nuevo-instituto-quimico-de-sarria\/"]}]},{"@type":"ImageObject","inLanguage":"es","@id":"https:\/\/www.garciafaura.com\/es\/construccion-del-nuevo-instituto-quimico-de-sarria\/#primaryimage","url":"https:\/\/www.garciafaura.com\/wp-content\/uploads\/2018\/11\/5.jpg","contentUrl":"https:\/\/www.garciafaura.com\/wp-content\/uploads\/2018\/11\/5.jpg"},{"@type":"BreadcrumbList","@id":"https:\/\/www.garciafaura.com\/es\/construccion-del-nuevo-instituto-quimico-de-sarria\/#breadcrumb","itemListElement":[{"@type":"ListItem","position":1,"name":"Inici","item":"https:\/\/www.garciafaura.com\/es\/"},{"@type":"ListItem","position":2,"name":"Construcci\u00f3n del nuevo Instituto Qu\u00edmico de Sarri\u00e0"}]},{"@type":"WebSite","@id":"https:\/\/www.garciafaura.com\/fr\/#website","url":"https:\/\/www.garciafaura.com\/fr\/","name":"GARCIA FAURA","description":"Arquitectura en Alumini, Inox, Ferro i Vidre","publisher":{"@id":"https:\/\/www.garciafaura.com\/fr\/#organization"},"potentialAction":[{"@type":"SearchAction","target":{"@type":"EntryPoint","urlTemplate":"https:\/\/www.garciafaura.com\/fr\/?s={search_term_string}"},"query-input":{"@type":"PropertyValueSpecification","valueRequired":true,"valueName":"search_term_string"}}],"inLanguage":"es"},{"@type":"Organization","@id":"https:\/\/www.garciafaura.com\/fr\/#organization","name":"GARCIA FAURA","url":"https:\/\/www.garciafaura.com\/fr\/","logo":{"@type":"ImageObject","inLanguage":"es","@id":"https:\/\/www.garciafaura.com\/fr\/#\/schema\/logo\/image\/","url":"https:\/\/www.garciafaura.com\/wp-content\/uploads\/2018\/09\/Garcia-Faura.png","contentUrl":"https:\/\/www.garciafaura.com\/wp-content\/uploads\/2018\/09\/Garcia-Faura.png","width":512,"height":512,"caption":"GARCIA FAURA"},"image":{"@id":"https:\/\/www.garciafaura.com\/fr\/#\/schema\/logo\/image\/"},"sameAs":["https:\/\/www.youtube.com\/user\/GARCIAFAURA"]},{"@type":"Person","@id":"https:\/\/www.garciafaura.com\/fr\/#\/schema\/person\/b4b75e69b33fac3446071909bec106b0","name":"David Achell","image":{"@type":"ImageObject","inLanguage":"es","@id":"https:\/\/www.garciafaura.com\/fr\/#\/schema\/person\/image\/","url":"https:\/\/secure.gravatar.com\/avatar\/03900210afc1f61bce737bcb4a79c02e2c997f171e3eca839b5a4cbe03846c90?s=96&d=blank&r=g","contentUrl":"https:\/\/secure.gravatar.com\/avatar\/03900210afc1f61bce737bcb4a79c02e2c997f171e3eca839b5a4cbe03846c90?s=96&d=blank&r=g","caption":"David Achell"}}]}},"_links":{"self":[{"href":"https:\/\/www.garciafaura.com\/es\/wp-json\/wp\/v2\/posts\/5437","targetHints":{"allow":["GET"]}}],"collection":[{"href":"https:\/\/www.garciafaura.com\/es\/wp-json\/wp\/v2\/posts"}],"about":[{"href":"https:\/\/www.garciafaura.com\/es\/wp-json\/wp\/v2\/types\/post"}],"author":[{"embeddable":true,"href":"https:\/\/www.garciafaura.com\/es\/wp-json\/wp\/v2\/users\/3"}],"replies":[{"embeddable":true,"href":"https:\/\/www.garciafaura.com\/es\/wp-json\/wp\/v2\/comments?post=5437"}],"version-history":[{"count":1,"href":"https:\/\/www.garciafaura.com\/es\/wp-json\/wp\/v2\/posts\/5437\/revisions"}],"predecessor-version":[{"id":21624,"href":"https:\/\/www.garciafaura.com\/es\/wp-json\/wp\/v2\/posts\/5437\/revisions\/21624"}],"wp:featuredmedia":[{"embeddable":true,"href":"https:\/\/www.garciafaura.com\/es\/wp-json\/wp\/v2\/media\/5421"}],"wp:attachment":[{"href":"https:\/\/www.garciafaura.com\/es\/wp-json\/wp\/v2\/media?parent=5437"}],"wp:term":[{"taxonomy":"category","embeddable":true,"href":"https:\/\/www.garciafaura.com\/es\/wp-json\/wp\/v2\/categories?post=5437"},{"taxonomy":"post_tag","embeddable":true,"href":"https:\/\/www.garciafaura.com\/es\/wp-json\/wp\/v2\/tags?post=5437"},{"taxonomy":"post_series","embeddable":true,"href":"https:\/\/www.garciafaura.com\/es\/wp-json\/wp\/v2\/post_series?post=5437"}],"curies":[{"name":"wp","href":"https:\/\/api.w.org\/{rel}","templated":true}]}}