{"id":5401,"date":"2011-09-21T00:00:00","date_gmt":"2011-09-21T00:00:00","guid":{"rendered":"https:\/\/www.garciafaura.com\/el-hotel-porta-fira-mejor-rascacielos-del-mundo\/"},"modified":"2019-06-03T12:26:34","modified_gmt":"2019-06-03T12:26:34","slug":"el-hotel-porta-fira-mejor-rascacielos-del-mundo","status":"publish","type":"post","link":"https:\/\/www.garciafaura.com\/es\/el-hotel-porta-fira-mejor-rascacielos-del-mundo\/","title":{"rendered":"El Hotel Porta Fira, mejor rascacielos del mundo"},"content":{"rendered":"<p>El Hotel Porta Fira de Barcelona se lleva el prestigioso premio de arquitectura Emporis Skyscraper Award 2010. Un jurado integrado por expertos de todo el mundo concede anualmente el galard\u00f3n al mejor edificio con una altura m\u00ednima de 100 metros acabado el a\u00f1o anterior. La de este a\u00f1o es la und\u00e9cima edici\u00f3n de la entrega del reconocido premio.<\/p>\n<p>El proyecto ganador se ha impuesto a las m\u00e1s de 300 obras seleccionadas. Las singulares formas del Hotel Porta Fira han sido claves para la decisi\u00f3n del jurado del Emporis Award y lo sit\u00faan incluso por delante del rascacielos m\u00e1s alto del mundo, el Burj Khalifa de Dubai, que se lleva el segundo premio. Los expertos han valorado la exquisitez est\u00e9tica y la integraci\u00f3n urban\u00edstica del edificio barcelon\u00e9s por encima del af\u00e1n babil\u00f3nico para construir el edificio m\u00e1s alto del mundo.<\/p>\n<p>GARCIA FAURA particip\u00f3 de los trabajos de construcci\u00f3n de este emblem\u00e1tico edificio que da color a la entrada sur de Barcelona, obra del arquitecto Toyo Ito y el estudio barcelon\u00e9s b720, encabezado por Ferm\u00edn V\u00e1zquez. La empresa firma los acabados de la carpinter\u00eda interior y acristalamientos de las habitaciones, as\u00ed como los trabajos en claraboyas y accesos.<\/p>\n<p>Entre los finalistas del emporio Skyscraper Award encontramos otro proyecto barcelon\u00e9s con participaci\u00f3n de GARCIA FAURA: la Torre Diagonal Zero Zero. El edificio, situado en un extremo de la concurrida Avenida Diagonal de la capital catalana, es obra del taller de arquitectura EMBA de Enric Massip-Bosch y acoge la nueva sede corporativa de Telef\u00f3nica en Catalu\u00f1a. En ella, GARCIA FAURA firma el forrado y los acabados en chapa de los m\u00e1s de 2500 pilares interiores que conforman la estructura del edificio.<\/p>\n<p><a href=\"https:\/\/www.garciafaura.com\/wp-content\/uploads\/2018\/11\/Emporis_Award_2010_Press_Release_Spanish.pdf\">Emporis_Award_2010_Press_Release_Spanish<\/a><\/p>\n","protected":false},"excerpt":{"rendered":"<p>\n\tEl edificio&nbsp;de Toyo Ito ha obtenido la primera posici&oacute;n del ranking del Emporis Awards. La torre ha sido considerada por el jurado como el rascacielos m&aacute;s imponente y novedoso de 2010. GARCIA FAURA particip&oacute; de su construcci&oacute;n, con los cerramientos interiores de las habitaciones del hotel, as&iacute; como en claraboyas y accesos. Entre los 10 finalistas del premio tambi&eacute;n est&aacute; la Torre Diagonal 00, con revestimientos interiores de GARCIA FAURA.<\/p>\n","protected":false},"author":3,"featured_media":5389,"comment_status":"open","ping_status":"open","sticky":false,"template":"","format":"standard","meta":{"footnotes":""},"categories":[3],"tags":[],"post_series":[],"class_list":["post-5401","post","type-post","status-publish","format-standard","has-post-thumbnail","hentry","category-actualidad","entry","has-media"],"yoast_head":"<!-- This site is optimized with the Yoast SEO plugin v26.7 - https:\/\/yoast.com\/wordpress\/plugins\/seo\/ -->\n<title>El Hotel Porta Fira, mejor rascacielos del mundo - GARCIA FAURA<\/title>\n<meta name=\"description\" content=\"Arquitectura en Alumini, Inox, Ferro i Vidre\" \/>\n<meta name=\"robots\" content=\"index, follow, max-snippet:-1, max-image-preview:large, max-video-preview:-1\" \/>\n<link rel=\"canonical\" href=\"https:\/\/www.garciafaura.com\/es\/el-hotel-porta-fira-mejor-rascacielos-del-mundo\/\" \/>\n<meta property=\"og:locale\" content=\"es_ES\" \/>\n<meta property=\"og:type\" content=\"article\" \/>\n<meta property=\"og:title\" content=\"El Hotel Porta Fira, mejor rascacielos del mundo - GARCIA FAURA\" \/>\n<meta property=\"og:description\" content=\"Arquitectura en Alumini, Inox, Ferro i Vidre\" \/>\n<meta property=\"og:url\" content=\"https:\/\/www.garciafaura.com\/es\/el-hotel-porta-fira-mejor-rascacielos-del-mundo\/\" \/>\n<meta property=\"og:site_name\" content=\"GARCIA FAURA\" \/>\n<meta property=\"article:published_time\" content=\"2011-09-21T00:00:00+00:00\" \/>\n<meta property=\"article:modified_time\" content=\"2019-06-03T12:26:34+00:00\" \/>\n<meta property=\"og:image\" content=\"https:\/\/www.garciafaura.com\/wp-content\/uploads\/2018\/11\/032-02.jpg\" \/>\n\t<meta property=\"og:image:width\" content=\"1\" \/>\n\t<meta property=\"og:image:height\" content=\"1\" \/>\n\t<meta property=\"og:image:type\" content=\"image\/jpeg\" \/>\n<meta name=\"author\" content=\"David Achell\" \/>\n<meta name=\"twitter:card\" content=\"summary_large_image\" \/>\n<meta name=\"twitter:label1\" content=\"Escrito por\" \/>\n\t<meta name=\"twitter:data1\" content=\"David Achell\" \/>\n\t<meta name=\"twitter:label2\" content=\"Tiempo de lectura\" \/>\n\t<meta name=\"twitter:data2\" content=\"2 minutos\" \/>\n<script type=\"application\/ld+json\" class=\"yoast-schema-graph\">{\"@context\":\"https:\/\/schema.org\",\"@graph\":[{\"@type\":\"Article\",\"@id\":\"https:\/\/www.garciafaura.com\/es\/el-hotel-porta-fira-mejor-rascacielos-del-mundo\/#article\",\"isPartOf\":{\"@id\":\"https:\/\/www.garciafaura.com\/es\/el-hotel-porta-fira-mejor-rascacielos-del-mundo\/\"},\"author\":{\"name\":\"David Achell\",\"@id\":\"https:\/\/www.garciafaura.com\/fr\/#\/schema\/person\/b4b75e69b33fac3446071909bec106b0\"},\"headline\":\"El Hotel Porta Fira, mejor rascacielos del mundo\",\"datePublished\":\"2011-09-21T00:00:00+00:00\",\"dateModified\":\"2019-06-03T12:26:34+00:00\",\"mainEntityOfPage\":{\"@id\":\"https:\/\/www.garciafaura.com\/es\/el-hotel-porta-fira-mejor-rascacielos-del-mundo\/\"},\"wordCount\":314,\"commentCount\":0,\"publisher\":{\"@id\":\"https:\/\/www.garciafaura.com\/fr\/#organization\"},\"image\":{\"@id\":\"https:\/\/www.garciafaura.com\/es\/el-hotel-porta-fira-mejor-rascacielos-del-mundo\/#primaryimage\"},\"thumbnailUrl\":\"https:\/\/www.garciafaura.com\/wp-content\/uploads\/2018\/11\/032-02.jpg\",\"articleSection\":[\"Actualidad\"],\"inLanguage\":\"es\",\"potentialAction\":[{\"@type\":\"CommentAction\",\"name\":\"Comment\",\"target\":[\"https:\/\/www.garciafaura.com\/es\/el-hotel-porta-fira-mejor-rascacielos-del-mundo\/#respond\"]}]},{\"@type\":\"WebPage\",\"@id\":\"https:\/\/www.garciafaura.com\/es\/el-hotel-porta-fira-mejor-rascacielos-del-mundo\/\",\"url\":\"https:\/\/www.garciafaura.com\/es\/el-hotel-porta-fira-mejor-rascacielos-del-mundo\/\",\"name\":\"El Hotel Porta Fira, mejor rascacielos del mundo - GARCIA FAURA\",\"isPartOf\":{\"@id\":\"https:\/\/www.garciafaura.com\/fr\/#website\"},\"primaryImageOfPage\":{\"@id\":\"https:\/\/www.garciafaura.com\/es\/el-hotel-porta-fira-mejor-rascacielos-del-mundo\/#primaryimage\"},\"image\":{\"@id\":\"https:\/\/www.garciafaura.com\/es\/el-hotel-porta-fira-mejor-rascacielos-del-mundo\/#primaryimage\"},\"thumbnailUrl\":\"https:\/\/www.garciafaura.com\/wp-content\/uploads\/2018\/11\/032-02.jpg\",\"datePublished\":\"2011-09-21T00:00:00+00:00\",\"dateModified\":\"2019-06-03T12:26:34+00:00\",\"description\":\"Arquitectura en Alumini, Inox, Ferro i Vidre\",\"breadcrumb\":{\"@id\":\"https:\/\/www.garciafaura.com\/es\/el-hotel-porta-fira-mejor-rascacielos-del-mundo\/#breadcrumb\"},\"inLanguage\":\"es\",\"potentialAction\":[{\"@type\":\"ReadAction\",\"target\":[\"https:\/\/www.garciafaura.com\/es\/el-hotel-porta-fira-mejor-rascacielos-del-mundo\/\"]}]},{\"@type\":\"ImageObject\",\"inLanguage\":\"es\",\"@id\":\"https:\/\/www.garciafaura.com\/es\/el-hotel-porta-fira-mejor-rascacielos-del-mundo\/#primaryimage\",\"url\":\"https:\/\/www.garciafaura.com\/wp-content\/uploads\/2018\/11\/032-02.jpg\",\"contentUrl\":\"https:\/\/www.garciafaura.com\/wp-content\/uploads\/2018\/11\/032-02.jpg\"},{\"@type\":\"BreadcrumbList\",\"@id\":\"https:\/\/www.garciafaura.com\/es\/el-hotel-porta-fira-mejor-rascacielos-del-mundo\/#breadcrumb\",\"itemListElement\":[{\"@type\":\"ListItem\",\"position\":1,\"name\":\"Inici\",\"item\":\"https:\/\/www.garciafaura.com\/es\/\"},{\"@type\":\"ListItem\",\"position\":2,\"name\":\"El Hotel Porta Fira, mejor rascacielos del mundo\"}]},{\"@type\":\"WebSite\",\"@id\":\"https:\/\/www.garciafaura.com\/fr\/#website\",\"url\":\"https:\/\/www.garciafaura.com\/fr\/\",\"name\":\"GARCIA FAURA\",\"description\":\"Arquitectura en Alumini, Inox, Ferro i Vidre\",\"publisher\":{\"@id\":\"https:\/\/www.garciafaura.com\/fr\/#organization\"},\"potentialAction\":[{\"@type\":\"SearchAction\",\"target\":{\"@type\":\"EntryPoint\",\"urlTemplate\":\"https:\/\/www.garciafaura.com\/fr\/?s={search_term_string}\"},\"query-input\":{\"@type\":\"PropertyValueSpecification\",\"valueRequired\":true,\"valueName\":\"search_term_string\"}}],\"inLanguage\":\"es\"},{\"@type\":\"Organization\",\"@id\":\"https:\/\/www.garciafaura.com\/fr\/#organization\",\"name\":\"GARCIA FAURA\",\"url\":\"https:\/\/www.garciafaura.com\/fr\/\",\"logo\":{\"@type\":\"ImageObject\",\"inLanguage\":\"es\",\"@id\":\"https:\/\/www.garciafaura.com\/fr\/#\/schema\/logo\/image\/\",\"url\":\"https:\/\/www.garciafaura.com\/wp-content\/uploads\/2018\/09\/Garcia-Faura.png\",\"contentUrl\":\"https:\/\/www.garciafaura.com\/wp-content\/uploads\/2018\/09\/Garcia-Faura.png\",\"width\":512,\"height\":512,\"caption\":\"GARCIA FAURA\"},\"image\":{\"@id\":\"https:\/\/www.garciafaura.com\/fr\/#\/schema\/logo\/image\/\"},\"sameAs\":[\"https:\/\/www.youtube.com\/user\/GARCIAFAURA\"]},{\"@type\":\"Person\",\"@id\":\"https:\/\/www.garciafaura.com\/fr\/#\/schema\/person\/b4b75e69b33fac3446071909bec106b0\",\"name\":\"David Achell\",\"image\":{\"@type\":\"ImageObject\",\"inLanguage\":\"es\",\"@id\":\"https:\/\/www.garciafaura.com\/fr\/#\/schema\/person\/image\/\",\"url\":\"https:\/\/secure.gravatar.com\/avatar\/03900210afc1f61bce737bcb4a79c02e2c997f171e3eca839b5a4cbe03846c90?s=96&d=blank&r=g\",\"contentUrl\":\"https:\/\/secure.gravatar.com\/avatar\/03900210afc1f61bce737bcb4a79c02e2c997f171e3eca839b5a4cbe03846c90?s=96&d=blank&r=g\",\"caption\":\"David Achell\"}}]}<\/script>\n<!-- \/ Yoast SEO plugin. -->","yoast_head_json":{"title":"El Hotel Porta Fira, mejor rascacielos del mundo - GARCIA FAURA","description":"Arquitectura en Alumini, Inox, Ferro i Vidre","robots":{"index":"index","follow":"follow","max-snippet":"max-snippet:-1","max-image-preview":"max-image-preview:large","max-video-preview":"max-video-preview:-1"},"canonical":"https:\/\/www.garciafaura.com\/es\/el-hotel-porta-fira-mejor-rascacielos-del-mundo\/","og_locale":"es_ES","og_type":"article","og_title":"El Hotel Porta Fira, mejor rascacielos del mundo - GARCIA FAURA","og_description":"Arquitectura en Alumini, Inox, Ferro i Vidre","og_url":"https:\/\/www.garciafaura.com\/es\/el-hotel-porta-fira-mejor-rascacielos-del-mundo\/","og_site_name":"GARCIA FAURA","article_published_time":"2011-09-21T00:00:00+00:00","article_modified_time":"2019-06-03T12:26:34+00:00","og_image":[{"url":"https:\/\/www.garciafaura.com\/wp-content\/uploads\/2018\/11\/032-02.jpg","width":1,"height":1,"type":"image\/jpeg"}],"author":"David Achell","twitter_card":"summary_large_image","twitter_misc":{"Escrito por":"David Achell","Tiempo de lectura":"2 minutos"},"schema":{"@context":"https:\/\/schema.org","@graph":[{"@type":"Article","@id":"https:\/\/www.garciafaura.com\/es\/el-hotel-porta-fira-mejor-rascacielos-del-mundo\/#article","isPartOf":{"@id":"https:\/\/www.garciafaura.com\/es\/el-hotel-porta-fira-mejor-rascacielos-del-mundo\/"},"author":{"name":"David Achell","@id":"https:\/\/www.garciafaura.com\/fr\/#\/schema\/person\/b4b75e69b33fac3446071909bec106b0"},"headline":"El Hotel Porta Fira, mejor rascacielos del mundo","datePublished":"2011-09-21T00:00:00+00:00","dateModified":"2019-06-03T12:26:34+00:00","mainEntityOfPage":{"@id":"https:\/\/www.garciafaura.com\/es\/el-hotel-porta-fira-mejor-rascacielos-del-mundo\/"},"wordCount":314,"commentCount":0,"publisher":{"@id":"https:\/\/www.garciafaura.com\/fr\/#organization"},"image":{"@id":"https:\/\/www.garciafaura.com\/es\/el-hotel-porta-fira-mejor-rascacielos-del-mundo\/#primaryimage"},"thumbnailUrl":"https:\/\/www.garciafaura.com\/wp-content\/uploads\/2018\/11\/032-02.jpg","articleSection":["Actualidad"],"inLanguage":"es","potentialAction":[{"@type":"CommentAction","name":"Comment","target":["https:\/\/www.garciafaura.com\/es\/el-hotel-porta-fira-mejor-rascacielos-del-mundo\/#respond"]}]},{"@type":"WebPage","@id":"https:\/\/www.garciafaura.com\/es\/el-hotel-porta-fira-mejor-rascacielos-del-mundo\/","url":"https:\/\/www.garciafaura.com\/es\/el-hotel-porta-fira-mejor-rascacielos-del-mundo\/","name":"El Hotel Porta Fira, mejor rascacielos del mundo - GARCIA FAURA","isPartOf":{"@id":"https:\/\/www.garciafaura.com\/fr\/#website"},"primaryImageOfPage":{"@id":"https:\/\/www.garciafaura.com\/es\/el-hotel-porta-fira-mejor-rascacielos-del-mundo\/#primaryimage"},"image":{"@id":"https:\/\/www.garciafaura.com\/es\/el-hotel-porta-fira-mejor-rascacielos-del-mundo\/#primaryimage"},"thumbnailUrl":"https:\/\/www.garciafaura.com\/wp-content\/uploads\/2018\/11\/032-02.jpg","datePublished":"2011-09-21T00:00:00+00:00","dateModified":"2019-06-03T12:26:34+00:00","description":"Arquitectura en Alumini, Inox, Ferro i Vidre","breadcrumb":{"@id":"https:\/\/www.garciafaura.com\/es\/el-hotel-porta-fira-mejor-rascacielos-del-mundo\/#breadcrumb"},"inLanguage":"es","potentialAction":[{"@type":"ReadAction","target":["https:\/\/www.garciafaura.com\/es\/el-hotel-porta-fira-mejor-rascacielos-del-mundo\/"]}]},{"@type":"ImageObject","inLanguage":"es","@id":"https:\/\/www.garciafaura.com\/es\/el-hotel-porta-fira-mejor-rascacielos-del-mundo\/#primaryimage","url":"https:\/\/www.garciafaura.com\/wp-content\/uploads\/2018\/11\/032-02.jpg","contentUrl":"https:\/\/www.garciafaura.com\/wp-content\/uploads\/2018\/11\/032-02.jpg"},{"@type":"BreadcrumbList","@id":"https:\/\/www.garciafaura.com\/es\/el-hotel-porta-fira-mejor-rascacielos-del-mundo\/#breadcrumb","itemListElement":[{"@type":"ListItem","position":1,"name":"Inici","item":"https:\/\/www.garciafaura.com\/es\/"},{"@type":"ListItem","position":2,"name":"El Hotel Porta Fira, mejor rascacielos del mundo"}]},{"@type":"WebSite","@id":"https:\/\/www.garciafaura.com\/fr\/#website","url":"https:\/\/www.garciafaura.com\/fr\/","name":"GARCIA FAURA","description":"Arquitectura en Alumini, Inox, Ferro i Vidre","publisher":{"@id":"https:\/\/www.garciafaura.com\/fr\/#organization"},"potentialAction":[{"@type":"SearchAction","target":{"@type":"EntryPoint","urlTemplate":"https:\/\/www.garciafaura.com\/fr\/?s={search_term_string}"},"query-input":{"@type":"PropertyValueSpecification","valueRequired":true,"valueName":"search_term_string"}}],"inLanguage":"es"},{"@type":"Organization","@id":"https:\/\/www.garciafaura.com\/fr\/#organization","name":"GARCIA FAURA","url":"https:\/\/www.garciafaura.com\/fr\/","logo":{"@type":"ImageObject","inLanguage":"es","@id":"https:\/\/www.garciafaura.com\/fr\/#\/schema\/logo\/image\/","url":"https:\/\/www.garciafaura.com\/wp-content\/uploads\/2018\/09\/Garcia-Faura.png","contentUrl":"https:\/\/www.garciafaura.com\/wp-content\/uploads\/2018\/09\/Garcia-Faura.png","width":512,"height":512,"caption":"GARCIA FAURA"},"image":{"@id":"https:\/\/www.garciafaura.com\/fr\/#\/schema\/logo\/image\/"},"sameAs":["https:\/\/www.youtube.com\/user\/GARCIAFAURA"]},{"@type":"Person","@id":"https:\/\/www.garciafaura.com\/fr\/#\/schema\/person\/b4b75e69b33fac3446071909bec106b0","name":"David Achell","image":{"@type":"ImageObject","inLanguage":"es","@id":"https:\/\/www.garciafaura.com\/fr\/#\/schema\/person\/image\/","url":"https:\/\/secure.gravatar.com\/avatar\/03900210afc1f61bce737bcb4a79c02e2c997f171e3eca839b5a4cbe03846c90?s=96&d=blank&r=g","contentUrl":"https:\/\/secure.gravatar.com\/avatar\/03900210afc1f61bce737bcb4a79c02e2c997f171e3eca839b5a4cbe03846c90?s=96&d=blank&r=g","caption":"David Achell"}}]}},"_links":{"self":[{"href":"https:\/\/www.garciafaura.com\/es\/wp-json\/wp\/v2\/posts\/5401","targetHints":{"allow":["GET"]}}],"collection":[{"href":"https:\/\/www.garciafaura.com\/es\/wp-json\/wp\/v2\/posts"}],"about":[{"href":"https:\/\/www.garciafaura.com\/es\/wp-json\/wp\/v2\/types\/post"}],"author":[{"embeddable":true,"href":"https:\/\/www.garciafaura.com\/es\/wp-json\/wp\/v2\/users\/3"}],"replies":[{"embeddable":true,"href":"https:\/\/www.garciafaura.com\/es\/wp-json\/wp\/v2\/comments?post=5401"}],"version-history":[{"count":1,"href":"https:\/\/www.garciafaura.com\/es\/wp-json\/wp\/v2\/posts\/5401\/revisions"}],"predecessor-version":[{"id":7329,"href":"https:\/\/www.garciafaura.com\/es\/wp-json\/wp\/v2\/posts\/5401\/revisions\/7329"}],"wp:featuredmedia":[{"embeddable":true,"href":"https:\/\/www.garciafaura.com\/es\/wp-json\/wp\/v2\/media\/5389"}],"wp:attachment":[{"href":"https:\/\/www.garciafaura.com\/es\/wp-json\/wp\/v2\/media?parent=5401"}],"wp:term":[{"taxonomy":"category","embeddable":true,"href":"https:\/\/www.garciafaura.com\/es\/wp-json\/wp\/v2\/categories?post=5401"},{"taxonomy":"post_tag","embeddable":true,"href":"https:\/\/www.garciafaura.com\/es\/wp-json\/wp\/v2\/tags?post=5401"},{"taxonomy":"post_series","embeddable":true,"href":"https:\/\/www.garciafaura.com\/es\/wp-json\/wp\/v2\/post_series?post=5401"}],"curies":[{"name":"wp","href":"https:\/\/api.w.org\/{rel}","templated":true}]}}