{"id":5385,"date":"2011-09-14T00:00:00","date_gmt":"2011-09-14T00:00:00","guid":{"rendered":"https:\/\/www.garciafaura.com\/ultimos-trabajos-en-la-carcel-de-pamplona\/"},"modified":"2019-06-03T12:26:50","modified_gmt":"2019-06-03T12:26:50","slug":"ultimos-trabajos-en-la-carcel-de-pamplona","status":"publish","type":"post","link":"https:\/\/www.garciafaura.com\/es\/ultimos-trabajos-en-la-carcel-de-pamplona\/","title":{"rendered":"\u00daltimos trabajos en la C\u00e1rcel de Pamplona"},"content":{"rendered":"<p>A finales de este verano acabar\u00e1n las obras de construcci\u00f3n del nuevo Centro Penitenciario de Pamplona, que ocupa unos 33.000 metros cuadrados y tendr\u00e1 capacidad para 500 reclusos. La empresa GARCIA FAURA lleva meses trabajando en esta obra, que estas semanas encara su recta final.<\/p>\n<p>El nuevo equipamiento consta de 8 m\u00f3dulos centrales de reclusi\u00f3n, as\u00ed como otros espacios destinados a zonas de formaci\u00f3n, deporte, servicios y comunicaciones. GARCIA FAURA se ha encargado de fabricar todas las mamparas, puertas y ventanas de hierro y acero del recinto, dise\u00f1adas especialmente para el uso y actividad que requieren, ya que se ubican en un espacio de reclusi\u00f3n y deben cumplir, por lo tanto, con importantes medidas de seguridad. En total se han fabricado m\u00e1s de 6.200 metros cuadrados de cerramientos que, uno a uno, se han ido instalando en la obra gracias a un equipo de quince oficiales de montaje desplazados a Pamplona durante los meses que han durado los trabajos. Los cerramientos instalados son de tres tipos: di\u00e1fanos con chapa, con rejas exteriores y divisorios de perfil T. Para ellos se han utilizado perfiler\u00edas Perfrisa y Jansen.<\/p>\n<p>Al margen de los cerramientos, la empresa catalana tambi\u00e9n recibi\u00f3 el encargo de fabricar y montar el revestimiento de fachada de parte de la obra. Se trata de una fachada compuesta de perfiler\u00eda y malla Deploy\u00e9 lisa y perforada, que ocupa una superficie de 1.600 metros cuadrados. La nueva c\u00e1rcel de Pamplona debe entrar en funcionamiento el pr\u00f3ximo a\u00f1o.<\/p>\n","protected":false},"excerpt":{"rendered":"<p>\n\tA finales de este verano acabar&aacute;n las obras de construcci&oacute;n del nuevo Centro Penitenciario de Pamplona, que ocupa unos 33.000 metros cuadrados y tendr&aacute; capacidad para 500 reclusos. GARCIA FAURA lleva meses trabajando en esta obra, que estas semanas encara su recta final. La empresa se ha encargado de fabricar todas las mamparas, puertas y ventanas de hierro y acero del recinto, dise&ntilde;adas especialmente para el uso y actividad de alta seguridad que requieren.<\/p>\n","protected":false},"author":3,"featured_media":5369,"comment_status":"open","ping_status":"open","sticky":false,"template":"","format":"standard","meta":{"footnotes":""},"categories":[3],"tags":[],"post_series":[],"class_list":["post-5385","post","type-post","status-publish","format-standard","has-post-thumbnail","hentry","category-actualidad","entry","has-media"],"yoast_head":"<!-- This site is optimized with the Yoast SEO plugin v26.7 - https:\/\/yoast.com\/wordpress\/plugins\/seo\/ -->\n<title>\u00daltimos trabajos en la C\u00e1rcel de Pamplona - GARCIA FAURA<\/title>\n<meta name=\"description\" content=\"Arquitectura en Alumini, Inox, Ferro i Vidre\" \/>\n<meta name=\"robots\" content=\"index, follow, max-snippet:-1, max-image-preview:large, max-video-preview:-1\" \/>\n<link rel=\"canonical\" href=\"https:\/\/www.garciafaura.com\/es\/ultimos-trabajos-en-la-carcel-de-pamplona\/\" \/>\n<meta property=\"og:locale\" content=\"es_ES\" \/>\n<meta property=\"og:type\" content=\"article\" \/>\n<meta property=\"og:title\" content=\"\u00daltimos trabajos en la C\u00e1rcel de Pamplona - GARCIA FAURA\" \/>\n<meta property=\"og:description\" content=\"Arquitectura en Alumini, Inox, Ferro i Vidre\" \/>\n<meta property=\"og:url\" content=\"https:\/\/www.garciafaura.com\/es\/ultimos-trabajos-en-la-carcel-de-pamplona\/\" \/>\n<meta property=\"og:site_name\" content=\"GARCIA FAURA\" \/>\n<meta property=\"article:published_time\" content=\"2011-09-14T00:00:00+00:00\" \/>\n<meta property=\"article:modified_time\" content=\"2019-06-03T12:26:50+00:00\" \/>\n<meta property=\"og:image\" content=\"https:\/\/www.garciafaura.com\/wp-content\/uploads\/2018\/11\/Installaci-Pres-Pamplona-11.jpg\" \/>\n\t<meta property=\"og:image:width\" content=\"1\" \/>\n\t<meta property=\"og:image:height\" content=\"1\" \/>\n\t<meta property=\"og:image:type\" content=\"image\/jpeg\" \/>\n<meta name=\"author\" content=\"David Achell\" \/>\n<meta name=\"twitter:card\" content=\"summary_large_image\" \/>\n<meta name=\"twitter:label1\" content=\"Escrito por\" \/>\n\t<meta name=\"twitter:data1\" content=\"David Achell\" \/>\n\t<meta name=\"twitter:label2\" content=\"Tiempo de lectura\" \/>\n\t<meta name=\"twitter:data2\" content=\"1 minuto\" \/>\n<script type=\"application\/ld+json\" class=\"yoast-schema-graph\">{\"@context\":\"https:\/\/schema.org\",\"@graph\":[{\"@type\":\"Article\",\"@id\":\"https:\/\/www.garciafaura.com\/es\/ultimos-trabajos-en-la-carcel-de-pamplona\/#article\",\"isPartOf\":{\"@id\":\"https:\/\/www.garciafaura.com\/es\/ultimos-trabajos-en-la-carcel-de-pamplona\/\"},\"author\":{\"name\":\"David Achell\",\"@id\":\"https:\/\/www.garciafaura.com\/fr\/#\/schema\/person\/b4b75e69b33fac3446071909bec106b0\"},\"headline\":\"\u00daltimos trabajos en la C\u00e1rcel de Pamplona\",\"datePublished\":\"2011-09-14T00:00:00+00:00\",\"dateModified\":\"2019-06-03T12:26:50+00:00\",\"mainEntityOfPage\":{\"@id\":\"https:\/\/www.garciafaura.com\/es\/ultimos-trabajos-en-la-carcel-de-pamplona\/\"},\"wordCount\":263,\"commentCount\":0,\"publisher\":{\"@id\":\"https:\/\/www.garciafaura.com\/fr\/#organization\"},\"image\":{\"@id\":\"https:\/\/www.garciafaura.com\/es\/ultimos-trabajos-en-la-carcel-de-pamplona\/#primaryimage\"},\"thumbnailUrl\":\"https:\/\/www.garciafaura.com\/wp-content\/uploads\/2018\/11\/Installaci-Pres-Pamplona-11.jpg\",\"articleSection\":[\"Actualidad\"],\"inLanguage\":\"es\",\"potentialAction\":[{\"@type\":\"CommentAction\",\"name\":\"Comment\",\"target\":[\"https:\/\/www.garciafaura.com\/es\/ultimos-trabajos-en-la-carcel-de-pamplona\/#respond\"]}]},{\"@type\":\"WebPage\",\"@id\":\"https:\/\/www.garciafaura.com\/es\/ultimos-trabajos-en-la-carcel-de-pamplona\/\",\"url\":\"https:\/\/www.garciafaura.com\/es\/ultimos-trabajos-en-la-carcel-de-pamplona\/\",\"name\":\"\u00daltimos trabajos en la C\u00e1rcel de Pamplona - GARCIA FAURA\",\"isPartOf\":{\"@id\":\"https:\/\/www.garciafaura.com\/fr\/#website\"},\"primaryImageOfPage\":{\"@id\":\"https:\/\/www.garciafaura.com\/es\/ultimos-trabajos-en-la-carcel-de-pamplona\/#primaryimage\"},\"image\":{\"@id\":\"https:\/\/www.garciafaura.com\/es\/ultimos-trabajos-en-la-carcel-de-pamplona\/#primaryimage\"},\"thumbnailUrl\":\"https:\/\/www.garciafaura.com\/wp-content\/uploads\/2018\/11\/Installaci-Pres-Pamplona-11.jpg\",\"datePublished\":\"2011-09-14T00:00:00+00:00\",\"dateModified\":\"2019-06-03T12:26:50+00:00\",\"description\":\"Arquitectura en Alumini, Inox, Ferro i Vidre\",\"breadcrumb\":{\"@id\":\"https:\/\/www.garciafaura.com\/es\/ultimos-trabajos-en-la-carcel-de-pamplona\/#breadcrumb\"},\"inLanguage\":\"es\",\"potentialAction\":[{\"@type\":\"ReadAction\",\"target\":[\"https:\/\/www.garciafaura.com\/es\/ultimos-trabajos-en-la-carcel-de-pamplona\/\"]}]},{\"@type\":\"ImageObject\",\"inLanguage\":\"es\",\"@id\":\"https:\/\/www.garciafaura.com\/es\/ultimos-trabajos-en-la-carcel-de-pamplona\/#primaryimage\",\"url\":\"https:\/\/www.garciafaura.com\/wp-content\/uploads\/2018\/11\/Installaci-Pres-Pamplona-11.jpg\",\"contentUrl\":\"https:\/\/www.garciafaura.com\/wp-content\/uploads\/2018\/11\/Installaci-Pres-Pamplona-11.jpg\"},{\"@type\":\"BreadcrumbList\",\"@id\":\"https:\/\/www.garciafaura.com\/es\/ultimos-trabajos-en-la-carcel-de-pamplona\/#breadcrumb\",\"itemListElement\":[{\"@type\":\"ListItem\",\"position\":1,\"name\":\"Inici\",\"item\":\"https:\/\/www.garciafaura.com\/es\/\"},{\"@type\":\"ListItem\",\"position\":2,\"name\":\"\u00daltimos trabajos en la C\u00e1rcel de Pamplona\"}]},{\"@type\":\"WebSite\",\"@id\":\"https:\/\/www.garciafaura.com\/fr\/#website\",\"url\":\"https:\/\/www.garciafaura.com\/fr\/\",\"name\":\"GARCIA FAURA\",\"description\":\"Arquitectura en Alumini, Inox, Ferro i Vidre\",\"publisher\":{\"@id\":\"https:\/\/www.garciafaura.com\/fr\/#organization\"},\"potentialAction\":[{\"@type\":\"SearchAction\",\"target\":{\"@type\":\"EntryPoint\",\"urlTemplate\":\"https:\/\/www.garciafaura.com\/fr\/?s={search_term_string}\"},\"query-input\":{\"@type\":\"PropertyValueSpecification\",\"valueRequired\":true,\"valueName\":\"search_term_string\"}}],\"inLanguage\":\"es\"},{\"@type\":\"Organization\",\"@id\":\"https:\/\/www.garciafaura.com\/fr\/#organization\",\"name\":\"GARCIA FAURA\",\"url\":\"https:\/\/www.garciafaura.com\/fr\/\",\"logo\":{\"@type\":\"ImageObject\",\"inLanguage\":\"es\",\"@id\":\"https:\/\/www.garciafaura.com\/fr\/#\/schema\/logo\/image\/\",\"url\":\"https:\/\/www.garciafaura.com\/wp-content\/uploads\/2018\/09\/Garcia-Faura.png\",\"contentUrl\":\"https:\/\/www.garciafaura.com\/wp-content\/uploads\/2018\/09\/Garcia-Faura.png\",\"width\":512,\"height\":512,\"caption\":\"GARCIA FAURA\"},\"image\":{\"@id\":\"https:\/\/www.garciafaura.com\/fr\/#\/schema\/logo\/image\/\"},\"sameAs\":[\"https:\/\/www.youtube.com\/user\/GARCIAFAURA\"]},{\"@type\":\"Person\",\"@id\":\"https:\/\/www.garciafaura.com\/fr\/#\/schema\/person\/b4b75e69b33fac3446071909bec106b0\",\"name\":\"David Achell\",\"image\":{\"@type\":\"ImageObject\",\"inLanguage\":\"es\",\"@id\":\"https:\/\/www.garciafaura.com\/fr\/#\/schema\/person\/image\/\",\"url\":\"https:\/\/secure.gravatar.com\/avatar\/03900210afc1f61bce737bcb4a79c02e2c997f171e3eca839b5a4cbe03846c90?s=96&d=blank&r=g\",\"contentUrl\":\"https:\/\/secure.gravatar.com\/avatar\/03900210afc1f61bce737bcb4a79c02e2c997f171e3eca839b5a4cbe03846c90?s=96&d=blank&r=g\",\"caption\":\"David Achell\"}}]}<\/script>\n<!-- \/ Yoast SEO plugin. -->","yoast_head_json":{"title":"\u00daltimos trabajos en la C\u00e1rcel de Pamplona - GARCIA FAURA","description":"Arquitectura en Alumini, Inox, Ferro i Vidre","robots":{"index":"index","follow":"follow","max-snippet":"max-snippet:-1","max-image-preview":"max-image-preview:large","max-video-preview":"max-video-preview:-1"},"canonical":"https:\/\/www.garciafaura.com\/es\/ultimos-trabajos-en-la-carcel-de-pamplona\/","og_locale":"es_ES","og_type":"article","og_title":"\u00daltimos trabajos en la C\u00e1rcel de Pamplona - GARCIA FAURA","og_description":"Arquitectura en Alumini, Inox, Ferro i Vidre","og_url":"https:\/\/www.garciafaura.com\/es\/ultimos-trabajos-en-la-carcel-de-pamplona\/","og_site_name":"GARCIA FAURA","article_published_time":"2011-09-14T00:00:00+00:00","article_modified_time":"2019-06-03T12:26:50+00:00","og_image":[{"url":"https:\/\/www.garciafaura.com\/wp-content\/uploads\/2018\/11\/Installaci-Pres-Pamplona-11.jpg","width":1,"height":1,"type":"image\/jpeg"}],"author":"David Achell","twitter_card":"summary_large_image","twitter_misc":{"Escrito por":"David Achell","Tiempo de lectura":"1 minuto"},"schema":{"@context":"https:\/\/schema.org","@graph":[{"@type":"Article","@id":"https:\/\/www.garciafaura.com\/es\/ultimos-trabajos-en-la-carcel-de-pamplona\/#article","isPartOf":{"@id":"https:\/\/www.garciafaura.com\/es\/ultimos-trabajos-en-la-carcel-de-pamplona\/"},"author":{"name":"David Achell","@id":"https:\/\/www.garciafaura.com\/fr\/#\/schema\/person\/b4b75e69b33fac3446071909bec106b0"},"headline":"\u00daltimos trabajos en la C\u00e1rcel de Pamplona","datePublished":"2011-09-14T00:00:00+00:00","dateModified":"2019-06-03T12:26:50+00:00","mainEntityOfPage":{"@id":"https:\/\/www.garciafaura.com\/es\/ultimos-trabajos-en-la-carcel-de-pamplona\/"},"wordCount":263,"commentCount":0,"publisher":{"@id":"https:\/\/www.garciafaura.com\/fr\/#organization"},"image":{"@id":"https:\/\/www.garciafaura.com\/es\/ultimos-trabajos-en-la-carcel-de-pamplona\/#primaryimage"},"thumbnailUrl":"https:\/\/www.garciafaura.com\/wp-content\/uploads\/2018\/11\/Installaci-Pres-Pamplona-11.jpg","articleSection":["Actualidad"],"inLanguage":"es","potentialAction":[{"@type":"CommentAction","name":"Comment","target":["https:\/\/www.garciafaura.com\/es\/ultimos-trabajos-en-la-carcel-de-pamplona\/#respond"]}]},{"@type":"WebPage","@id":"https:\/\/www.garciafaura.com\/es\/ultimos-trabajos-en-la-carcel-de-pamplona\/","url":"https:\/\/www.garciafaura.com\/es\/ultimos-trabajos-en-la-carcel-de-pamplona\/","name":"\u00daltimos trabajos en la C\u00e1rcel de Pamplona - GARCIA FAURA","isPartOf":{"@id":"https:\/\/www.garciafaura.com\/fr\/#website"},"primaryImageOfPage":{"@id":"https:\/\/www.garciafaura.com\/es\/ultimos-trabajos-en-la-carcel-de-pamplona\/#primaryimage"},"image":{"@id":"https:\/\/www.garciafaura.com\/es\/ultimos-trabajos-en-la-carcel-de-pamplona\/#primaryimage"},"thumbnailUrl":"https:\/\/www.garciafaura.com\/wp-content\/uploads\/2018\/11\/Installaci-Pres-Pamplona-11.jpg","datePublished":"2011-09-14T00:00:00+00:00","dateModified":"2019-06-03T12:26:50+00:00","description":"Arquitectura en Alumini, Inox, Ferro i Vidre","breadcrumb":{"@id":"https:\/\/www.garciafaura.com\/es\/ultimos-trabajos-en-la-carcel-de-pamplona\/#breadcrumb"},"inLanguage":"es","potentialAction":[{"@type":"ReadAction","target":["https:\/\/www.garciafaura.com\/es\/ultimos-trabajos-en-la-carcel-de-pamplona\/"]}]},{"@type":"ImageObject","inLanguage":"es","@id":"https:\/\/www.garciafaura.com\/es\/ultimos-trabajos-en-la-carcel-de-pamplona\/#primaryimage","url":"https:\/\/www.garciafaura.com\/wp-content\/uploads\/2018\/11\/Installaci-Pres-Pamplona-11.jpg","contentUrl":"https:\/\/www.garciafaura.com\/wp-content\/uploads\/2018\/11\/Installaci-Pres-Pamplona-11.jpg"},{"@type":"BreadcrumbList","@id":"https:\/\/www.garciafaura.com\/es\/ultimos-trabajos-en-la-carcel-de-pamplona\/#breadcrumb","itemListElement":[{"@type":"ListItem","position":1,"name":"Inici","item":"https:\/\/www.garciafaura.com\/es\/"},{"@type":"ListItem","position":2,"name":"\u00daltimos trabajos en la C\u00e1rcel de Pamplona"}]},{"@type":"WebSite","@id":"https:\/\/www.garciafaura.com\/fr\/#website","url":"https:\/\/www.garciafaura.com\/fr\/","name":"GARCIA FAURA","description":"Arquitectura en Alumini, Inox, Ferro i Vidre","publisher":{"@id":"https:\/\/www.garciafaura.com\/fr\/#organization"},"potentialAction":[{"@type":"SearchAction","target":{"@type":"EntryPoint","urlTemplate":"https:\/\/www.garciafaura.com\/fr\/?s={search_term_string}"},"query-input":{"@type":"PropertyValueSpecification","valueRequired":true,"valueName":"search_term_string"}}],"inLanguage":"es"},{"@type":"Organization","@id":"https:\/\/www.garciafaura.com\/fr\/#organization","name":"GARCIA FAURA","url":"https:\/\/www.garciafaura.com\/fr\/","logo":{"@type":"ImageObject","inLanguage":"es","@id":"https:\/\/www.garciafaura.com\/fr\/#\/schema\/logo\/image\/","url":"https:\/\/www.garciafaura.com\/wp-content\/uploads\/2018\/09\/Garcia-Faura.png","contentUrl":"https:\/\/www.garciafaura.com\/wp-content\/uploads\/2018\/09\/Garcia-Faura.png","width":512,"height":512,"caption":"GARCIA FAURA"},"image":{"@id":"https:\/\/www.garciafaura.com\/fr\/#\/schema\/logo\/image\/"},"sameAs":["https:\/\/www.youtube.com\/user\/GARCIAFAURA"]},{"@type":"Person","@id":"https:\/\/www.garciafaura.com\/fr\/#\/schema\/person\/b4b75e69b33fac3446071909bec106b0","name":"David Achell","image":{"@type":"ImageObject","inLanguage":"es","@id":"https:\/\/www.garciafaura.com\/fr\/#\/schema\/person\/image\/","url":"https:\/\/secure.gravatar.com\/avatar\/03900210afc1f61bce737bcb4a79c02e2c997f171e3eca839b5a4cbe03846c90?s=96&d=blank&r=g","contentUrl":"https:\/\/secure.gravatar.com\/avatar\/03900210afc1f61bce737bcb4a79c02e2c997f171e3eca839b5a4cbe03846c90?s=96&d=blank&r=g","caption":"David Achell"}}]}},"_links":{"self":[{"href":"https:\/\/www.garciafaura.com\/es\/wp-json\/wp\/v2\/posts\/5385","targetHints":{"allow":["GET"]}}],"collection":[{"href":"https:\/\/www.garciafaura.com\/es\/wp-json\/wp\/v2\/posts"}],"about":[{"href":"https:\/\/www.garciafaura.com\/es\/wp-json\/wp\/v2\/types\/post"}],"author":[{"embeddable":true,"href":"https:\/\/www.garciafaura.com\/es\/wp-json\/wp\/v2\/users\/3"}],"replies":[{"embeddable":true,"href":"https:\/\/www.garciafaura.com\/es\/wp-json\/wp\/v2\/comments?post=5385"}],"version-history":[{"count":1,"href":"https:\/\/www.garciafaura.com\/es\/wp-json\/wp\/v2\/posts\/5385\/revisions"}],"predecessor-version":[{"id":21625,"href":"https:\/\/www.garciafaura.com\/es\/wp-json\/wp\/v2\/posts\/5385\/revisions\/21625"}],"wp:featuredmedia":[{"embeddable":true,"href":"https:\/\/www.garciafaura.com\/es\/wp-json\/wp\/v2\/media\/5369"}],"wp:attachment":[{"href":"https:\/\/www.garciafaura.com\/es\/wp-json\/wp\/v2\/media?parent=5385"}],"wp:term":[{"taxonomy":"category","embeddable":true,"href":"https:\/\/www.garciafaura.com\/es\/wp-json\/wp\/v2\/categories?post=5385"},{"taxonomy":"post_tag","embeddable":true,"href":"https:\/\/www.garciafaura.com\/es\/wp-json\/wp\/v2\/tags?post=5385"},{"taxonomy":"post_series","embeddable":true,"href":"https:\/\/www.garciafaura.com\/es\/wp-json\/wp\/v2\/post_series?post=5385"}],"curies":[{"name":"wp","href":"https:\/\/api.w.org\/{rel}","templated":true}]}}