{"id":5317,"date":"2011-03-24T00:00:00","date_gmt":"2011-03-24T00:00:00","guid":{"rendered":"https:\/\/www.garciafaura.com\/inaugurada-la-estacion-de-tren-de-gava\/"},"modified":"2019-06-03T12:17:16","modified_gmt":"2019-06-03T12:17:16","slug":"inaugurada-la-estacion-de-tren-de-gava","status":"publish","type":"post","link":"https:\/\/www.garciafaura.com\/es\/inaugurada-la-estacion-de-tren-de-gava\/","title":{"rendered":"Inaugurada la estaci\u00f3n de tren de Gav\u00e0"},"content":{"rendered":"<p>Las actuaciones, que han representado una inversi\u00f3n de m\u00e1s de 5 millones de euros, han incluido la remodelaci\u00f3n integral del antiguo edificio de viajeros y los andenes, as\u00ed como la construcci\u00f3n de dos pasos inferiores. GARCIA FAURA ha sido la empresa encargada de fabricar e instalar todas las ventanas y vidrieras as\u00ed como del seguimiento t\u00e9cnico de la obra en el conjunto de cierres, a trav\u00e9s de su oficina t\u00e9cnica.<\/p>\n<p>El 22 de marzo se inauguraba la nueva estaci\u00f3n de tren de Gav\u00e1, remodelada por el Ministerio de Fomento, a trav\u00e9s de ADIF, en colaboraci\u00f3n con el Ayuntamiento de Gav\u00e0. GARCIA FAURA ha fabricado e instalado el conjunto de ventanas de todo el edificio central de viajeros, construido a finales del siglo XIX y que se ha reformado de manera integral. Se ha actuado en planta baja y primer piso, con la renovaci\u00f3n de todos los cerramientos interiores y exteriores. La perfiler\u00eda de aluminio utilizada es la serie Cor60 de Cortizo. Un sistema con rotura de puente t\u00e9rmico que ofrece unas muy buenas prestaciones de aislamiento t\u00e9rmico y ac\u00fastico, fundamentales en un espacio de gran tr\u00e1nsito de personas y tan expuesto a los niveles ac\u00fasticos provocados del paso de los trenes.<\/p>\n<p>Las actuaciones tambi\u00e9n han incluido un conjunto de trabajos para modernizar las instalaciones destinadas a los clientes y adaptarlas a las actuales necesidades de la explotaci\u00f3n ferroviaria. De esta forma, se ha ampliado la superficie del edificio de viajeros hasta los 295 m2, en los que se distribuyen los servicios de taquillas y atenci\u00f3n al usuario, m\u00e1quinas autoventa, servicios adaptados a personas con discapacidad y controles de acceso.<\/p>\n<p>De forma paralela, se ha construido un nuevo cierre integral mediante la colocaci\u00f3n de vallas perimetrales en todo el recinto de la estaci\u00f3n para incrementar los niveles de seguridad de las instalaciones ferroviarias. Aparte del conjunto de puertas y ventanas, GARCIA FAURA ha instalado tambi\u00e9n la pasarela de conexi\u00f3n entre el antiguo edificio hist\u00f3rico y este nuevo espacio de servicios, as\u00ed como las vitrinas de atenci\u00f3n al p\u00fablico y venta de billetes.<\/p>\n<p>Las actuaciones en el conjunto de la estaci\u00f3n han permitido eliminar barreras arquitect\u00f3nicas, incrementar los niveles de seguridad y aumentar los est\u00e1ndares de calidad y confort para los m\u00e1s de 11 .000 usuarios diarios de esta estaci\u00f3n de la l\u00ednea R2 sur. Entre las actuaciones m\u00e1s destacadas, figura la construcci\u00f3n de dos pasos inferiores entre andenes, situados a ambos lados del edificio de viajeros y que permitan garantizar la universalidad en los accesos y la movilidad en las instalaciones, y canalizar el flujo de viajeros.<\/p>\n","protected":false},"excerpt":{"rendered":"<p>\n\tLas actuaciones, que han representado una inversi&oacute;n de m&aacute;s de 5 millones de euros, han incluido la remodelaci&oacute;n integral del antiguo edificio de viajeros y los andenes, as&iacute; como la construcci&oacute;n de dos pasos inferiores. GARCIA FAURA ha sido la empresa encargada de fabricar e instalar todas las ventanas y vidrieras as&iacute; como del seguimiento t&eacute;cnico de la obra en el conjunto de cierres, a trav&eacute;s de su oficina t&eacute;cnica.<\/p>\n","protected":false},"author":3,"featured_media":5309,"comment_status":"open","ping_status":"open","sticky":false,"template":"","format":"standard","meta":{"footnotes":""},"categories":[3],"tags":[],"post_series":[],"class_list":["post-5317","post","type-post","status-publish","format-standard","has-post-thumbnail","hentry","category-actualidad","entry","has-media"],"yoast_head":"<!-- This site is optimized with the Yoast SEO plugin v26.7 - https:\/\/yoast.com\/wordpress\/plugins\/seo\/ -->\n<title>Inaugurada la estaci\u00f3n de tren de Gav\u00e0 - GARCIA FAURA<\/title>\n<meta name=\"description\" content=\"Arquitectura en Alumini, Inox, Ferro i Vidre\" \/>\n<meta name=\"robots\" content=\"index, follow, max-snippet:-1, max-image-preview:large, max-video-preview:-1\" \/>\n<link rel=\"canonical\" href=\"https:\/\/www.garciafaura.com\/es\/inaugurada-la-estacion-de-tren-de-gava\/\" \/>\n<meta property=\"og:locale\" content=\"es_ES\" \/>\n<meta property=\"og:type\" content=\"article\" \/>\n<meta property=\"og:title\" content=\"Inaugurada la estaci\u00f3n de tren de Gav\u00e0 - GARCIA FAURA\" \/>\n<meta property=\"og:description\" content=\"Arquitectura en Alumini, Inox, Ferro i Vidre\" \/>\n<meta property=\"og:url\" content=\"https:\/\/www.garciafaura.com\/es\/inaugurada-la-estacion-de-tren-de-gava\/\" \/>\n<meta property=\"og:site_name\" content=\"GARCIA FAURA\" \/>\n<meta property=\"article:published_time\" content=\"2011-03-24T00:00:00+00:00\" \/>\n<meta property=\"article:modified_time\" content=\"2019-06-03T12:17:16+00:00\" \/>\n<meta property=\"og:image\" content=\"https:\/\/www.garciafaura.com\/wp-content\/uploads\/2018\/11\/10201.jpg\" \/>\n\t<meta property=\"og:image:width\" content=\"1\" \/>\n\t<meta property=\"og:image:height\" content=\"1\" \/>\n\t<meta property=\"og:image:type\" content=\"image\/jpeg\" \/>\n<meta name=\"author\" content=\"David Achell\" \/>\n<meta name=\"twitter:card\" content=\"summary_large_image\" \/>\n<meta name=\"twitter:label1\" content=\"Escrito por\" \/>\n\t<meta name=\"twitter:data1\" content=\"David Achell\" \/>\n\t<meta name=\"twitter:label2\" content=\"Tiempo de lectura\" \/>\n\t<meta name=\"twitter:data2\" content=\"2 minutos\" \/>\n<script type=\"application\/ld+json\" class=\"yoast-schema-graph\">{\"@context\":\"https:\/\/schema.org\",\"@graph\":[{\"@type\":\"Article\",\"@id\":\"https:\/\/www.garciafaura.com\/es\/inaugurada-la-estacion-de-tren-de-gava\/#article\",\"isPartOf\":{\"@id\":\"https:\/\/www.garciafaura.com\/es\/inaugurada-la-estacion-de-tren-de-gava\/\"},\"author\":{\"name\":\"David Achell\",\"@id\":\"https:\/\/www.garciafaura.com\/fr\/#\/schema\/person\/b4b75e69b33fac3446071909bec106b0\"},\"headline\":\"Inaugurada la estaci\u00f3n de tren de Gav\u00e0\",\"datePublished\":\"2011-03-24T00:00:00+00:00\",\"dateModified\":\"2019-06-03T12:17:16+00:00\",\"mainEntityOfPage\":{\"@id\":\"https:\/\/www.garciafaura.com\/es\/inaugurada-la-estacion-de-tren-de-gava\/\"},\"wordCount\":465,\"commentCount\":0,\"publisher\":{\"@id\":\"https:\/\/www.garciafaura.com\/fr\/#organization\"},\"image\":{\"@id\":\"https:\/\/www.garciafaura.com\/es\/inaugurada-la-estacion-de-tren-de-gava\/#primaryimage\"},\"thumbnailUrl\":\"https:\/\/www.garciafaura.com\/wp-content\/uploads\/2018\/11\/10201.jpg\",\"articleSection\":[\"Actualidad\"],\"inLanguage\":\"es\",\"potentialAction\":[{\"@type\":\"CommentAction\",\"name\":\"Comment\",\"target\":[\"https:\/\/www.garciafaura.com\/es\/inaugurada-la-estacion-de-tren-de-gava\/#respond\"]}]},{\"@type\":\"WebPage\",\"@id\":\"https:\/\/www.garciafaura.com\/es\/inaugurada-la-estacion-de-tren-de-gava\/\",\"url\":\"https:\/\/www.garciafaura.com\/es\/inaugurada-la-estacion-de-tren-de-gava\/\",\"name\":\"Inaugurada la estaci\u00f3n de tren de Gav\u00e0 - GARCIA FAURA\",\"isPartOf\":{\"@id\":\"https:\/\/www.garciafaura.com\/fr\/#website\"},\"primaryImageOfPage\":{\"@id\":\"https:\/\/www.garciafaura.com\/es\/inaugurada-la-estacion-de-tren-de-gava\/#primaryimage\"},\"image\":{\"@id\":\"https:\/\/www.garciafaura.com\/es\/inaugurada-la-estacion-de-tren-de-gava\/#primaryimage\"},\"thumbnailUrl\":\"https:\/\/www.garciafaura.com\/wp-content\/uploads\/2018\/11\/10201.jpg\",\"datePublished\":\"2011-03-24T00:00:00+00:00\",\"dateModified\":\"2019-06-03T12:17:16+00:00\",\"description\":\"Arquitectura en Alumini, Inox, Ferro i Vidre\",\"breadcrumb\":{\"@id\":\"https:\/\/www.garciafaura.com\/es\/inaugurada-la-estacion-de-tren-de-gava\/#breadcrumb\"},\"inLanguage\":\"es\",\"potentialAction\":[{\"@type\":\"ReadAction\",\"target\":[\"https:\/\/www.garciafaura.com\/es\/inaugurada-la-estacion-de-tren-de-gava\/\"]}]},{\"@type\":\"ImageObject\",\"inLanguage\":\"es\",\"@id\":\"https:\/\/www.garciafaura.com\/es\/inaugurada-la-estacion-de-tren-de-gava\/#primaryimage\",\"url\":\"https:\/\/www.garciafaura.com\/wp-content\/uploads\/2018\/11\/10201.jpg\",\"contentUrl\":\"https:\/\/www.garciafaura.com\/wp-content\/uploads\/2018\/11\/10201.jpg\"},{\"@type\":\"BreadcrumbList\",\"@id\":\"https:\/\/www.garciafaura.com\/es\/inaugurada-la-estacion-de-tren-de-gava\/#breadcrumb\",\"itemListElement\":[{\"@type\":\"ListItem\",\"position\":1,\"name\":\"Inici\",\"item\":\"https:\/\/www.garciafaura.com\/es\/\"},{\"@type\":\"ListItem\",\"position\":2,\"name\":\"Inaugurada la estaci\u00f3n de tren de Gav\u00e0\"}]},{\"@type\":\"WebSite\",\"@id\":\"https:\/\/www.garciafaura.com\/fr\/#website\",\"url\":\"https:\/\/www.garciafaura.com\/fr\/\",\"name\":\"GARCIA FAURA\",\"description\":\"Arquitectura en Alumini, Inox, Ferro i Vidre\",\"publisher\":{\"@id\":\"https:\/\/www.garciafaura.com\/fr\/#organization\"},\"potentialAction\":[{\"@type\":\"SearchAction\",\"target\":{\"@type\":\"EntryPoint\",\"urlTemplate\":\"https:\/\/www.garciafaura.com\/fr\/?s={search_term_string}\"},\"query-input\":{\"@type\":\"PropertyValueSpecification\",\"valueRequired\":true,\"valueName\":\"search_term_string\"}}],\"inLanguage\":\"es\"},{\"@type\":\"Organization\",\"@id\":\"https:\/\/www.garciafaura.com\/fr\/#organization\",\"name\":\"GARCIA FAURA\",\"url\":\"https:\/\/www.garciafaura.com\/fr\/\",\"logo\":{\"@type\":\"ImageObject\",\"inLanguage\":\"es\",\"@id\":\"https:\/\/www.garciafaura.com\/fr\/#\/schema\/logo\/image\/\",\"url\":\"https:\/\/www.garciafaura.com\/wp-content\/uploads\/2018\/09\/Garcia-Faura.png\",\"contentUrl\":\"https:\/\/www.garciafaura.com\/wp-content\/uploads\/2018\/09\/Garcia-Faura.png\",\"width\":512,\"height\":512,\"caption\":\"GARCIA FAURA\"},\"image\":{\"@id\":\"https:\/\/www.garciafaura.com\/fr\/#\/schema\/logo\/image\/\"},\"sameAs\":[\"https:\/\/www.youtube.com\/user\/GARCIAFAURA\"]},{\"@type\":\"Person\",\"@id\":\"https:\/\/www.garciafaura.com\/fr\/#\/schema\/person\/b4b75e69b33fac3446071909bec106b0\",\"name\":\"David Achell\",\"image\":{\"@type\":\"ImageObject\",\"inLanguage\":\"es\",\"@id\":\"https:\/\/www.garciafaura.com\/fr\/#\/schema\/person\/image\/\",\"url\":\"https:\/\/secure.gravatar.com\/avatar\/03900210afc1f61bce737bcb4a79c02e2c997f171e3eca839b5a4cbe03846c90?s=96&d=blank&r=g\",\"contentUrl\":\"https:\/\/secure.gravatar.com\/avatar\/03900210afc1f61bce737bcb4a79c02e2c997f171e3eca839b5a4cbe03846c90?s=96&d=blank&r=g\",\"caption\":\"David Achell\"}}]}<\/script>\n<!-- \/ Yoast SEO plugin. -->","yoast_head_json":{"title":"Inaugurada la estaci\u00f3n de tren de Gav\u00e0 - GARCIA FAURA","description":"Arquitectura en Alumini, Inox, Ferro i Vidre","robots":{"index":"index","follow":"follow","max-snippet":"max-snippet:-1","max-image-preview":"max-image-preview:large","max-video-preview":"max-video-preview:-1"},"canonical":"https:\/\/www.garciafaura.com\/es\/inaugurada-la-estacion-de-tren-de-gava\/","og_locale":"es_ES","og_type":"article","og_title":"Inaugurada la estaci\u00f3n de tren de Gav\u00e0 - GARCIA FAURA","og_description":"Arquitectura en Alumini, Inox, Ferro i Vidre","og_url":"https:\/\/www.garciafaura.com\/es\/inaugurada-la-estacion-de-tren-de-gava\/","og_site_name":"GARCIA FAURA","article_published_time":"2011-03-24T00:00:00+00:00","article_modified_time":"2019-06-03T12:17:16+00:00","og_image":[{"url":"https:\/\/www.garciafaura.com\/wp-content\/uploads\/2018\/11\/10201.jpg","width":1,"height":1,"type":"image\/jpeg"}],"author":"David Achell","twitter_card":"summary_large_image","twitter_misc":{"Escrito por":"David Achell","Tiempo de lectura":"2 minutos"},"schema":{"@context":"https:\/\/schema.org","@graph":[{"@type":"Article","@id":"https:\/\/www.garciafaura.com\/es\/inaugurada-la-estacion-de-tren-de-gava\/#article","isPartOf":{"@id":"https:\/\/www.garciafaura.com\/es\/inaugurada-la-estacion-de-tren-de-gava\/"},"author":{"name":"David Achell","@id":"https:\/\/www.garciafaura.com\/fr\/#\/schema\/person\/b4b75e69b33fac3446071909bec106b0"},"headline":"Inaugurada la estaci\u00f3n de tren de Gav\u00e0","datePublished":"2011-03-24T00:00:00+00:00","dateModified":"2019-06-03T12:17:16+00:00","mainEntityOfPage":{"@id":"https:\/\/www.garciafaura.com\/es\/inaugurada-la-estacion-de-tren-de-gava\/"},"wordCount":465,"commentCount":0,"publisher":{"@id":"https:\/\/www.garciafaura.com\/fr\/#organization"},"image":{"@id":"https:\/\/www.garciafaura.com\/es\/inaugurada-la-estacion-de-tren-de-gava\/#primaryimage"},"thumbnailUrl":"https:\/\/www.garciafaura.com\/wp-content\/uploads\/2018\/11\/10201.jpg","articleSection":["Actualidad"],"inLanguage":"es","potentialAction":[{"@type":"CommentAction","name":"Comment","target":["https:\/\/www.garciafaura.com\/es\/inaugurada-la-estacion-de-tren-de-gava\/#respond"]}]},{"@type":"WebPage","@id":"https:\/\/www.garciafaura.com\/es\/inaugurada-la-estacion-de-tren-de-gava\/","url":"https:\/\/www.garciafaura.com\/es\/inaugurada-la-estacion-de-tren-de-gava\/","name":"Inaugurada la estaci\u00f3n de tren de Gav\u00e0 - GARCIA FAURA","isPartOf":{"@id":"https:\/\/www.garciafaura.com\/fr\/#website"},"primaryImageOfPage":{"@id":"https:\/\/www.garciafaura.com\/es\/inaugurada-la-estacion-de-tren-de-gava\/#primaryimage"},"image":{"@id":"https:\/\/www.garciafaura.com\/es\/inaugurada-la-estacion-de-tren-de-gava\/#primaryimage"},"thumbnailUrl":"https:\/\/www.garciafaura.com\/wp-content\/uploads\/2018\/11\/10201.jpg","datePublished":"2011-03-24T00:00:00+00:00","dateModified":"2019-06-03T12:17:16+00:00","description":"Arquitectura en Alumini, Inox, Ferro i Vidre","breadcrumb":{"@id":"https:\/\/www.garciafaura.com\/es\/inaugurada-la-estacion-de-tren-de-gava\/#breadcrumb"},"inLanguage":"es","potentialAction":[{"@type":"ReadAction","target":["https:\/\/www.garciafaura.com\/es\/inaugurada-la-estacion-de-tren-de-gava\/"]}]},{"@type":"ImageObject","inLanguage":"es","@id":"https:\/\/www.garciafaura.com\/es\/inaugurada-la-estacion-de-tren-de-gava\/#primaryimage","url":"https:\/\/www.garciafaura.com\/wp-content\/uploads\/2018\/11\/10201.jpg","contentUrl":"https:\/\/www.garciafaura.com\/wp-content\/uploads\/2018\/11\/10201.jpg"},{"@type":"BreadcrumbList","@id":"https:\/\/www.garciafaura.com\/es\/inaugurada-la-estacion-de-tren-de-gava\/#breadcrumb","itemListElement":[{"@type":"ListItem","position":1,"name":"Inici","item":"https:\/\/www.garciafaura.com\/es\/"},{"@type":"ListItem","position":2,"name":"Inaugurada la estaci\u00f3n de tren de Gav\u00e0"}]},{"@type":"WebSite","@id":"https:\/\/www.garciafaura.com\/fr\/#website","url":"https:\/\/www.garciafaura.com\/fr\/","name":"GARCIA FAURA","description":"Arquitectura en Alumini, Inox, Ferro i Vidre","publisher":{"@id":"https:\/\/www.garciafaura.com\/fr\/#organization"},"potentialAction":[{"@type":"SearchAction","target":{"@type":"EntryPoint","urlTemplate":"https:\/\/www.garciafaura.com\/fr\/?s={search_term_string}"},"query-input":{"@type":"PropertyValueSpecification","valueRequired":true,"valueName":"search_term_string"}}],"inLanguage":"es"},{"@type":"Organization","@id":"https:\/\/www.garciafaura.com\/fr\/#organization","name":"GARCIA FAURA","url":"https:\/\/www.garciafaura.com\/fr\/","logo":{"@type":"ImageObject","inLanguage":"es","@id":"https:\/\/www.garciafaura.com\/fr\/#\/schema\/logo\/image\/","url":"https:\/\/www.garciafaura.com\/wp-content\/uploads\/2018\/09\/Garcia-Faura.png","contentUrl":"https:\/\/www.garciafaura.com\/wp-content\/uploads\/2018\/09\/Garcia-Faura.png","width":512,"height":512,"caption":"GARCIA FAURA"},"image":{"@id":"https:\/\/www.garciafaura.com\/fr\/#\/schema\/logo\/image\/"},"sameAs":["https:\/\/www.youtube.com\/user\/GARCIAFAURA"]},{"@type":"Person","@id":"https:\/\/www.garciafaura.com\/fr\/#\/schema\/person\/b4b75e69b33fac3446071909bec106b0","name":"David Achell","image":{"@type":"ImageObject","inLanguage":"es","@id":"https:\/\/www.garciafaura.com\/fr\/#\/schema\/person\/image\/","url":"https:\/\/secure.gravatar.com\/avatar\/03900210afc1f61bce737bcb4a79c02e2c997f171e3eca839b5a4cbe03846c90?s=96&d=blank&r=g","contentUrl":"https:\/\/secure.gravatar.com\/avatar\/03900210afc1f61bce737bcb4a79c02e2c997f171e3eca839b5a4cbe03846c90?s=96&d=blank&r=g","caption":"David Achell"}}]}},"_links":{"self":[{"href":"https:\/\/www.garciafaura.com\/es\/wp-json\/wp\/v2\/posts\/5317","targetHints":{"allow":["GET"]}}],"collection":[{"href":"https:\/\/www.garciafaura.com\/es\/wp-json\/wp\/v2\/posts"}],"about":[{"href":"https:\/\/www.garciafaura.com\/es\/wp-json\/wp\/v2\/types\/post"}],"author":[{"embeddable":true,"href":"https:\/\/www.garciafaura.com\/es\/wp-json\/wp\/v2\/users\/3"}],"replies":[{"embeddable":true,"href":"https:\/\/www.garciafaura.com\/es\/wp-json\/wp\/v2\/comments?post=5317"}],"version-history":[{"count":1,"href":"https:\/\/www.garciafaura.com\/es\/wp-json\/wp\/v2\/posts\/5317\/revisions"}],"predecessor-version":[{"id":21602,"href":"https:\/\/www.garciafaura.com\/es\/wp-json\/wp\/v2\/posts\/5317\/revisions\/21602"}],"wp:featuredmedia":[{"embeddable":true,"href":"https:\/\/www.garciafaura.com\/es\/wp-json\/wp\/v2\/media\/5309"}],"wp:attachment":[{"href":"https:\/\/www.garciafaura.com\/es\/wp-json\/wp\/v2\/media?parent=5317"}],"wp:term":[{"taxonomy":"category","embeddable":true,"href":"https:\/\/www.garciafaura.com\/es\/wp-json\/wp\/v2\/categories?post=5317"},{"taxonomy":"post_tag","embeddable":true,"href":"https:\/\/www.garciafaura.com\/es\/wp-json\/wp\/v2\/tags?post=5317"},{"taxonomy":"post_series","embeddable":true,"href":"https:\/\/www.garciafaura.com\/es\/wp-json\/wp\/v2\/post_series?post=5317"}],"curies":[{"name":"wp","href":"https:\/\/api.w.org\/{rel}","templated":true}]}}