{"id":5305,"date":"2011-02-10T00:00:00","date_gmt":"2011-02-10T00:00:00","guid":{"rendered":"https:\/\/www.garciafaura.com\/recta-final-para-la-nueva-biblioteca-de-sant-joan-despi\/"},"modified":"2019-06-03T12:17:30","modified_gmt":"2019-06-03T12:17:30","slug":"recta-final-para-la-nueva-biblioteca-de-sant-joan-despi","status":"publish","type":"post","link":"https:\/\/www.garciafaura.com\/es\/recta-final-para-la-nueva-biblioteca-de-sant-joan-despi\/","title":{"rendered":"Recta final para la nueva Biblioteca de Sant Joan Desp\u00ed"},"content":{"rendered":"<p>Los trabajos de construcci\u00f3n del nuevo equipamiento cultural de la comarca del Baix Llobregat llegan a su tramo final de obras. GARCIA FAURA ha fabricado e instalado los cerramientos interiores y exteriores de los 4.300 metros cuadrados que ocupa la nueva Biblioteca municipal, as\u00ed como el grupo de muros cortina. El conjunto de cerramientos realizados se han hecho con perfiler\u00eda de acero Jansen con rotura de puente t\u00e9rmico.<\/p>\n<p>La nueva Biblioteca municipal, la segunda de Sant Joan Desp\u00ed, cuenta tambi\u00e9n con una sala de artes esc\u00e9nicas de 400 butacas y varias salas polivalentes, adem\u00e1s de un aparcamiento para 350 veh\u00edculos. El conjunto cuenta con 14.000 metros cuadrados: 4.300 corresponden al edificio y 9.700\u00a0a las dos plantas de aparcamiento subterr\u00e1neo. Se encuentra en pleno Barrio del Centro y ha contado con un presupuesto inicial de 12 millones de euros.<\/p>\n<p>La perfiler\u00eda de acero utilizada pertenece a la serie Janisol de Jansen. Los cerramientos se completan con doble acristalamiento Saint Gobain, de grandes prestaciones t\u00e9rmicas. La empresa encargada de las obras ha sido FCC Construcci\u00f3n, SA.<\/p>\n","protected":false},"excerpt":{"rendered":"<p>\n\tLos trabajos de construcci&oacute;n del nuevo equipamiento cultural de la comarca del Baix Llobregat llegan a su tramo final de obras. GARCIA FAURA ha fabricado e instalado los cerramientos interiores y exteriores de los 4.300 metros cuadrados que ocupa la nueva Biblioteca municipal, as&iacute; como el grupo de muros cortina. El conjunto de cerramientos realizados se han hecho con perfiler&iacute;a de acero Jansen con rotura de puente t&eacute;rmico.<\/p>\n","protected":false},"author":3,"featured_media":5297,"comment_status":"open","ping_status":"open","sticky":false,"template":"","format":"standard","meta":{"footnotes":""},"categories":[3],"tags":[],"post_series":[],"class_list":["post-5305","post","type-post","status-publish","format-standard","has-post-thumbnail","hentry","category-actualidad","entry","has-media"],"yoast_head":"<!-- This site is optimized with the Yoast SEO plugin v26.7 - https:\/\/yoast.com\/wordpress\/plugins\/seo\/ -->\n<title>Recta final para la nueva Biblioteca de Sant Joan Desp\u00ed - GARCIA FAURA<\/title>\n<meta name=\"description\" content=\"Arquitectura en Alumini, Inox, Ferro i Vidre\" \/>\n<meta name=\"robots\" content=\"index, follow, max-snippet:-1, max-image-preview:large, max-video-preview:-1\" \/>\n<link rel=\"canonical\" href=\"https:\/\/www.garciafaura.com\/es\/recta-final-para-la-nueva-biblioteca-de-sant-joan-despi\/\" \/>\n<meta property=\"og:locale\" content=\"es_ES\" \/>\n<meta property=\"og:type\" content=\"article\" \/>\n<meta property=\"og:title\" content=\"Recta final para la nueva Biblioteca de Sant Joan Desp\u00ed - GARCIA FAURA\" \/>\n<meta property=\"og:description\" content=\"Arquitectura en Alumini, Inox, Ferro i Vidre\" \/>\n<meta property=\"og:url\" content=\"https:\/\/www.garciafaura.com\/es\/recta-final-para-la-nueva-biblioteca-de-sant-joan-despi\/\" \/>\n<meta property=\"og:site_name\" content=\"GARCIA FAURA\" \/>\n<meta property=\"article:published_time\" content=\"2011-02-10T00:00:00+00:00\" \/>\n<meta property=\"article:modified_time\" content=\"2019-06-03T12:17:30+00:00\" \/>\n<meta property=\"og:image\" content=\"https:\/\/www.garciafaura.com\/wp-content\/uploads\/2018\/11\/Recreaci-Biblioteca-Sant-Joan-Desp.jpg\" \/>\n\t<meta property=\"og:image:width\" content=\"1\" \/>\n\t<meta property=\"og:image:height\" content=\"1\" \/>\n\t<meta property=\"og:image:type\" content=\"image\/jpeg\" \/>\n<meta name=\"author\" content=\"David Achell\" \/>\n<meta name=\"twitter:card\" content=\"summary_large_image\" \/>\n<meta name=\"twitter:label1\" content=\"Escrito por\" \/>\n\t<meta name=\"twitter:data1\" content=\"David Achell\" \/>\n\t<meta name=\"twitter:label2\" content=\"Tiempo de lectura\" \/>\n\t<meta name=\"twitter:data2\" content=\"1 minuto\" \/>\n<script type=\"application\/ld+json\" class=\"yoast-schema-graph\">{\"@context\":\"https:\/\/schema.org\",\"@graph\":[{\"@type\":\"Article\",\"@id\":\"https:\/\/www.garciafaura.com\/es\/recta-final-para-la-nueva-biblioteca-de-sant-joan-despi\/#article\",\"isPartOf\":{\"@id\":\"https:\/\/www.garciafaura.com\/es\/recta-final-para-la-nueva-biblioteca-de-sant-joan-despi\/\"},\"author\":{\"name\":\"David Achell\",\"@id\":\"https:\/\/www.garciafaura.com\/fr\/#\/schema\/person\/b4b75e69b33fac3446071909bec106b0\"},\"headline\":\"Recta final para la nueva Biblioteca de Sant Joan Desp\u00ed\",\"datePublished\":\"2011-02-10T00:00:00+00:00\",\"dateModified\":\"2019-06-03T12:17:30+00:00\",\"mainEntityOfPage\":{\"@id\":\"https:\/\/www.garciafaura.com\/es\/recta-final-para-la-nueva-biblioteca-de-sant-joan-despi\/\"},\"wordCount\":189,\"commentCount\":0,\"publisher\":{\"@id\":\"https:\/\/www.garciafaura.com\/fr\/#organization\"},\"image\":{\"@id\":\"https:\/\/www.garciafaura.com\/es\/recta-final-para-la-nueva-biblioteca-de-sant-joan-despi\/#primaryimage\"},\"thumbnailUrl\":\"https:\/\/www.garciafaura.com\/wp-content\/uploads\/2018\/11\/Recreaci-Biblioteca-Sant-Joan-Desp.jpg\",\"articleSection\":[\"Actualidad\"],\"inLanguage\":\"es\",\"potentialAction\":[{\"@type\":\"CommentAction\",\"name\":\"Comment\",\"target\":[\"https:\/\/www.garciafaura.com\/es\/recta-final-para-la-nueva-biblioteca-de-sant-joan-despi\/#respond\"]}]},{\"@type\":\"WebPage\",\"@id\":\"https:\/\/www.garciafaura.com\/es\/recta-final-para-la-nueva-biblioteca-de-sant-joan-despi\/\",\"url\":\"https:\/\/www.garciafaura.com\/es\/recta-final-para-la-nueva-biblioteca-de-sant-joan-despi\/\",\"name\":\"Recta final para la nueva Biblioteca de Sant Joan Desp\u00ed - GARCIA FAURA\",\"isPartOf\":{\"@id\":\"https:\/\/www.garciafaura.com\/fr\/#website\"},\"primaryImageOfPage\":{\"@id\":\"https:\/\/www.garciafaura.com\/es\/recta-final-para-la-nueva-biblioteca-de-sant-joan-despi\/#primaryimage\"},\"image\":{\"@id\":\"https:\/\/www.garciafaura.com\/es\/recta-final-para-la-nueva-biblioteca-de-sant-joan-despi\/#primaryimage\"},\"thumbnailUrl\":\"https:\/\/www.garciafaura.com\/wp-content\/uploads\/2018\/11\/Recreaci-Biblioteca-Sant-Joan-Desp.jpg\",\"datePublished\":\"2011-02-10T00:00:00+00:00\",\"dateModified\":\"2019-06-03T12:17:30+00:00\",\"description\":\"Arquitectura en Alumini, Inox, Ferro i Vidre\",\"breadcrumb\":{\"@id\":\"https:\/\/www.garciafaura.com\/es\/recta-final-para-la-nueva-biblioteca-de-sant-joan-despi\/#breadcrumb\"},\"inLanguage\":\"es\",\"potentialAction\":[{\"@type\":\"ReadAction\",\"target\":[\"https:\/\/www.garciafaura.com\/es\/recta-final-para-la-nueva-biblioteca-de-sant-joan-despi\/\"]}]},{\"@type\":\"ImageObject\",\"inLanguage\":\"es\",\"@id\":\"https:\/\/www.garciafaura.com\/es\/recta-final-para-la-nueva-biblioteca-de-sant-joan-despi\/#primaryimage\",\"url\":\"https:\/\/www.garciafaura.com\/wp-content\/uploads\/2018\/11\/Recreaci-Biblioteca-Sant-Joan-Desp.jpg\",\"contentUrl\":\"https:\/\/www.garciafaura.com\/wp-content\/uploads\/2018\/11\/Recreaci-Biblioteca-Sant-Joan-Desp.jpg\"},{\"@type\":\"BreadcrumbList\",\"@id\":\"https:\/\/www.garciafaura.com\/es\/recta-final-para-la-nueva-biblioteca-de-sant-joan-despi\/#breadcrumb\",\"itemListElement\":[{\"@type\":\"ListItem\",\"position\":1,\"name\":\"Inici\",\"item\":\"https:\/\/www.garciafaura.com\/es\/\"},{\"@type\":\"ListItem\",\"position\":2,\"name\":\"Recta final para la nueva Biblioteca de Sant Joan Desp\u00ed\"}]},{\"@type\":\"WebSite\",\"@id\":\"https:\/\/www.garciafaura.com\/fr\/#website\",\"url\":\"https:\/\/www.garciafaura.com\/fr\/\",\"name\":\"GARCIA FAURA\",\"description\":\"Arquitectura en Alumini, Inox, Ferro i Vidre\",\"publisher\":{\"@id\":\"https:\/\/www.garciafaura.com\/fr\/#organization\"},\"potentialAction\":[{\"@type\":\"SearchAction\",\"target\":{\"@type\":\"EntryPoint\",\"urlTemplate\":\"https:\/\/www.garciafaura.com\/fr\/?s={search_term_string}\"},\"query-input\":{\"@type\":\"PropertyValueSpecification\",\"valueRequired\":true,\"valueName\":\"search_term_string\"}}],\"inLanguage\":\"es\"},{\"@type\":\"Organization\",\"@id\":\"https:\/\/www.garciafaura.com\/fr\/#organization\",\"name\":\"GARCIA FAURA\",\"url\":\"https:\/\/www.garciafaura.com\/fr\/\",\"logo\":{\"@type\":\"ImageObject\",\"inLanguage\":\"es\",\"@id\":\"https:\/\/www.garciafaura.com\/fr\/#\/schema\/logo\/image\/\",\"url\":\"https:\/\/www.garciafaura.com\/wp-content\/uploads\/2018\/09\/Garcia-Faura.png\",\"contentUrl\":\"https:\/\/www.garciafaura.com\/wp-content\/uploads\/2018\/09\/Garcia-Faura.png\",\"width\":512,\"height\":512,\"caption\":\"GARCIA FAURA\"},\"image\":{\"@id\":\"https:\/\/www.garciafaura.com\/fr\/#\/schema\/logo\/image\/\"},\"sameAs\":[\"https:\/\/www.youtube.com\/user\/GARCIAFAURA\"]},{\"@type\":\"Person\",\"@id\":\"https:\/\/www.garciafaura.com\/fr\/#\/schema\/person\/b4b75e69b33fac3446071909bec106b0\",\"name\":\"David Achell\",\"image\":{\"@type\":\"ImageObject\",\"inLanguage\":\"es\",\"@id\":\"https:\/\/www.garciafaura.com\/fr\/#\/schema\/person\/image\/\",\"url\":\"https:\/\/secure.gravatar.com\/avatar\/03900210afc1f61bce737bcb4a79c02e2c997f171e3eca839b5a4cbe03846c90?s=96&d=blank&r=g\",\"contentUrl\":\"https:\/\/secure.gravatar.com\/avatar\/03900210afc1f61bce737bcb4a79c02e2c997f171e3eca839b5a4cbe03846c90?s=96&d=blank&r=g\",\"caption\":\"David Achell\"}}]}<\/script>\n<!-- \/ Yoast SEO plugin. -->","yoast_head_json":{"title":"Recta final para la nueva Biblioteca de Sant Joan Desp\u00ed - GARCIA FAURA","description":"Arquitectura en Alumini, Inox, Ferro i Vidre","robots":{"index":"index","follow":"follow","max-snippet":"max-snippet:-1","max-image-preview":"max-image-preview:large","max-video-preview":"max-video-preview:-1"},"canonical":"https:\/\/www.garciafaura.com\/es\/recta-final-para-la-nueva-biblioteca-de-sant-joan-despi\/","og_locale":"es_ES","og_type":"article","og_title":"Recta final para la nueva Biblioteca de Sant Joan Desp\u00ed - GARCIA FAURA","og_description":"Arquitectura en Alumini, Inox, Ferro i Vidre","og_url":"https:\/\/www.garciafaura.com\/es\/recta-final-para-la-nueva-biblioteca-de-sant-joan-despi\/","og_site_name":"GARCIA FAURA","article_published_time":"2011-02-10T00:00:00+00:00","article_modified_time":"2019-06-03T12:17:30+00:00","og_image":[{"url":"https:\/\/www.garciafaura.com\/wp-content\/uploads\/2018\/11\/Recreaci-Biblioteca-Sant-Joan-Desp.jpg","width":1,"height":1,"type":"image\/jpeg"}],"author":"David Achell","twitter_card":"summary_large_image","twitter_misc":{"Escrito por":"David Achell","Tiempo de lectura":"1 minuto"},"schema":{"@context":"https:\/\/schema.org","@graph":[{"@type":"Article","@id":"https:\/\/www.garciafaura.com\/es\/recta-final-para-la-nueva-biblioteca-de-sant-joan-despi\/#article","isPartOf":{"@id":"https:\/\/www.garciafaura.com\/es\/recta-final-para-la-nueva-biblioteca-de-sant-joan-despi\/"},"author":{"name":"David Achell","@id":"https:\/\/www.garciafaura.com\/fr\/#\/schema\/person\/b4b75e69b33fac3446071909bec106b0"},"headline":"Recta final para la nueva Biblioteca de Sant Joan Desp\u00ed","datePublished":"2011-02-10T00:00:00+00:00","dateModified":"2019-06-03T12:17:30+00:00","mainEntityOfPage":{"@id":"https:\/\/www.garciafaura.com\/es\/recta-final-para-la-nueva-biblioteca-de-sant-joan-despi\/"},"wordCount":189,"commentCount":0,"publisher":{"@id":"https:\/\/www.garciafaura.com\/fr\/#organization"},"image":{"@id":"https:\/\/www.garciafaura.com\/es\/recta-final-para-la-nueva-biblioteca-de-sant-joan-despi\/#primaryimage"},"thumbnailUrl":"https:\/\/www.garciafaura.com\/wp-content\/uploads\/2018\/11\/Recreaci-Biblioteca-Sant-Joan-Desp.jpg","articleSection":["Actualidad"],"inLanguage":"es","potentialAction":[{"@type":"CommentAction","name":"Comment","target":["https:\/\/www.garciafaura.com\/es\/recta-final-para-la-nueva-biblioteca-de-sant-joan-despi\/#respond"]}]},{"@type":"WebPage","@id":"https:\/\/www.garciafaura.com\/es\/recta-final-para-la-nueva-biblioteca-de-sant-joan-despi\/","url":"https:\/\/www.garciafaura.com\/es\/recta-final-para-la-nueva-biblioteca-de-sant-joan-despi\/","name":"Recta final para la nueva Biblioteca de Sant Joan Desp\u00ed - GARCIA FAURA","isPartOf":{"@id":"https:\/\/www.garciafaura.com\/fr\/#website"},"primaryImageOfPage":{"@id":"https:\/\/www.garciafaura.com\/es\/recta-final-para-la-nueva-biblioteca-de-sant-joan-despi\/#primaryimage"},"image":{"@id":"https:\/\/www.garciafaura.com\/es\/recta-final-para-la-nueva-biblioteca-de-sant-joan-despi\/#primaryimage"},"thumbnailUrl":"https:\/\/www.garciafaura.com\/wp-content\/uploads\/2018\/11\/Recreaci-Biblioteca-Sant-Joan-Desp.jpg","datePublished":"2011-02-10T00:00:00+00:00","dateModified":"2019-06-03T12:17:30+00:00","description":"Arquitectura en Alumini, Inox, Ferro i Vidre","breadcrumb":{"@id":"https:\/\/www.garciafaura.com\/es\/recta-final-para-la-nueva-biblioteca-de-sant-joan-despi\/#breadcrumb"},"inLanguage":"es","potentialAction":[{"@type":"ReadAction","target":["https:\/\/www.garciafaura.com\/es\/recta-final-para-la-nueva-biblioteca-de-sant-joan-despi\/"]}]},{"@type":"ImageObject","inLanguage":"es","@id":"https:\/\/www.garciafaura.com\/es\/recta-final-para-la-nueva-biblioteca-de-sant-joan-despi\/#primaryimage","url":"https:\/\/www.garciafaura.com\/wp-content\/uploads\/2018\/11\/Recreaci-Biblioteca-Sant-Joan-Desp.jpg","contentUrl":"https:\/\/www.garciafaura.com\/wp-content\/uploads\/2018\/11\/Recreaci-Biblioteca-Sant-Joan-Desp.jpg"},{"@type":"BreadcrumbList","@id":"https:\/\/www.garciafaura.com\/es\/recta-final-para-la-nueva-biblioteca-de-sant-joan-despi\/#breadcrumb","itemListElement":[{"@type":"ListItem","position":1,"name":"Inici","item":"https:\/\/www.garciafaura.com\/es\/"},{"@type":"ListItem","position":2,"name":"Recta final para la nueva Biblioteca de Sant Joan Desp\u00ed"}]},{"@type":"WebSite","@id":"https:\/\/www.garciafaura.com\/fr\/#website","url":"https:\/\/www.garciafaura.com\/fr\/","name":"GARCIA FAURA","description":"Arquitectura en Alumini, Inox, Ferro i Vidre","publisher":{"@id":"https:\/\/www.garciafaura.com\/fr\/#organization"},"potentialAction":[{"@type":"SearchAction","target":{"@type":"EntryPoint","urlTemplate":"https:\/\/www.garciafaura.com\/fr\/?s={search_term_string}"},"query-input":{"@type":"PropertyValueSpecification","valueRequired":true,"valueName":"search_term_string"}}],"inLanguage":"es"},{"@type":"Organization","@id":"https:\/\/www.garciafaura.com\/fr\/#organization","name":"GARCIA FAURA","url":"https:\/\/www.garciafaura.com\/fr\/","logo":{"@type":"ImageObject","inLanguage":"es","@id":"https:\/\/www.garciafaura.com\/fr\/#\/schema\/logo\/image\/","url":"https:\/\/www.garciafaura.com\/wp-content\/uploads\/2018\/09\/Garcia-Faura.png","contentUrl":"https:\/\/www.garciafaura.com\/wp-content\/uploads\/2018\/09\/Garcia-Faura.png","width":512,"height":512,"caption":"GARCIA FAURA"},"image":{"@id":"https:\/\/www.garciafaura.com\/fr\/#\/schema\/logo\/image\/"},"sameAs":["https:\/\/www.youtube.com\/user\/GARCIAFAURA"]},{"@type":"Person","@id":"https:\/\/www.garciafaura.com\/fr\/#\/schema\/person\/b4b75e69b33fac3446071909bec106b0","name":"David Achell","image":{"@type":"ImageObject","inLanguage":"es","@id":"https:\/\/www.garciafaura.com\/fr\/#\/schema\/person\/image\/","url":"https:\/\/secure.gravatar.com\/avatar\/03900210afc1f61bce737bcb4a79c02e2c997f171e3eca839b5a4cbe03846c90?s=96&d=blank&r=g","contentUrl":"https:\/\/secure.gravatar.com\/avatar\/03900210afc1f61bce737bcb4a79c02e2c997f171e3eca839b5a4cbe03846c90?s=96&d=blank&r=g","caption":"David Achell"}}]}},"_links":{"self":[{"href":"https:\/\/www.garciafaura.com\/es\/wp-json\/wp\/v2\/posts\/5305","targetHints":{"allow":["GET"]}}],"collection":[{"href":"https:\/\/www.garciafaura.com\/es\/wp-json\/wp\/v2\/posts"}],"about":[{"href":"https:\/\/www.garciafaura.com\/es\/wp-json\/wp\/v2\/types\/post"}],"author":[{"embeddable":true,"href":"https:\/\/www.garciafaura.com\/es\/wp-json\/wp\/v2\/users\/3"}],"replies":[{"embeddable":true,"href":"https:\/\/www.garciafaura.com\/es\/wp-json\/wp\/v2\/comments?post=5305"}],"version-history":[{"count":1,"href":"https:\/\/www.garciafaura.com\/es\/wp-json\/wp\/v2\/posts\/5305\/revisions"}],"predecessor-version":[{"id":21603,"href":"https:\/\/www.garciafaura.com\/es\/wp-json\/wp\/v2\/posts\/5305\/revisions\/21603"}],"wp:featuredmedia":[{"embeddable":true,"href":"https:\/\/www.garciafaura.com\/es\/wp-json\/wp\/v2\/media\/5297"}],"wp:attachment":[{"href":"https:\/\/www.garciafaura.com\/es\/wp-json\/wp\/v2\/media?parent=5305"}],"wp:term":[{"taxonomy":"category","embeddable":true,"href":"https:\/\/www.garciafaura.com\/es\/wp-json\/wp\/v2\/categories?post=5305"},{"taxonomy":"post_tag","embeddable":true,"href":"https:\/\/www.garciafaura.com\/es\/wp-json\/wp\/v2\/tags?post=5305"},{"taxonomy":"post_series","embeddable":true,"href":"https:\/\/www.garciafaura.com\/es\/wp-json\/wp\/v2\/post_series?post=5305"}],"curies":[{"name":"wp","href":"https:\/\/api.w.org\/{rel}","templated":true}]}}