{"id":41722,"date":"2026-01-22T10:23:04","date_gmt":"2026-01-22T08:23:04","guid":{"rendered":"https:\/\/www.garciafaura.com\/garcia-faura-fabrica-i-installa-les-facanes-del-nou-hospital-joan-xxiii-de-tarragona\/"},"modified":"2026-01-22T10:28:35","modified_gmt":"2026-01-22T08:28:35","slug":"garcia-faura-fabrica-i-installa-les-facanes-del-nou-hospital-joan-xxiii-de-tarragona","status":"publish","type":"post","link":"https:\/\/www.garciafaura.com\/es\/garcia-faura-fabrica-i-installa-les-facanes-del-nou-hospital-joan-xxiii-de-tarragona\/","title":{"rendered":"GARCIA FAURA fabrica e instala las fachadas del nuevo Hospital Joan XXIII de Tarragona"},"content":{"rendered":"<h3 style=\"text-align: justify;\"><span style=\"font-family: 'Open Sans';\">El Hospital Universitario Joan XXIII, en Tarragona, ha iniciado un proyecto de remodelaci\u00f3n e integraci\u00f3n de los diferentes edificios que conforman el equipamiento sanitario de referencia en el Camp de Tarragona, construido a finales de la d\u00e9cada de 1960.<\/span><\/h3>\n<p style=\"text-align: justify;\"><span style=\"font-family: 'Open Sans';\">El proyecto prev\u00e9 la construcci\u00f3n de un nuevo edificio central, de 40.000 metros cuadrados, que acoger\u00e1 los servicios que ahora se distribuyen en tres inmuebles diferentes; tambi\u00e9n se levantar\u00e1n un edificio administrativo y otro docente.<\/span><\/p>\n<p style=\"text-align: justify;\"><span style=\"font-family: 'Open Sans';\">Para este proyecto, <strong>GARCIA FAURA<\/strong> fabricar\u00e1 e instalar\u00e1 m\u00e1s de 1.500 metros cuadrados de <strong>carpinter\u00eda de paneles de fachada<\/strong>, y de 550 <strong>carpinter\u00eda exterior de aluminio de altas prestaciones t\u00e9cnicas<\/strong>, adem\u00e1s de 600 <strong>ventanas de lamas<\/strong>.<\/span><\/p>\n<p style=\"text-align: justify;\"><span style=\"font-family: 'Open Sans';\">La empresa tambi\u00e9n fabricar\u00e1 e instalar\u00e1 alrededor de 10.500 metros cuadrados de <strong>chapas de aluminio lisas, grecadas y perforadas<\/strong>, unos 1.500 metros cuadrados de <strong>muro cortina<\/strong> y las <strong>persianas graduables, celos\u00edas y pasarelas de las fachadas<\/strong>.<\/span><\/p>\n<p style=\"text-align: justify;\"><span style=\"font-family: 'Open Sans';\">La compa\u00f1\u00eda catalana ha puesto a disposici\u00f3n del proyecto un amplio abanico de profesionales, desde ingenieros y arquitectos, hasta oficiales de primera, destinados a labores de fabricaci\u00f3n e instalaci\u00f3n, as\u00ed como un equipo de seguimiento y control de calidad.<\/span><\/p>\n<h4 style=\"text-align: justify;\"><span style=\"font-family: 'Open Sans';\">Integrado en el entorno con el m\u00ednimo impacto ambiental<\/span><\/h4>\n<p style=\"text-align: justify;\"><span style=\"font-family: 'Open Sans';\">Al finalizar las obras, el nuevo <strong>Hospital Joan XXIII<\/strong> dispondr\u00e1 de una superficie de 78.000 metros cuadrados, se integrar\u00e1 en el entorno urbano y tendr\u00e1 un dise\u00f1o funcional que permitir\u00e1 la m\u00e1xima capacidad de resoluci\u00f3n y funcionamiento.<\/span><\/p>\n<p style=\"text-align: justify;\"><span style=\"font-family: 'Open Sans';\">Adem\u00e1s, se trabaja para reducir, lo m\u00e1ximo posible, el impacto ambiental y garantizar la sostenibilidad y la eficiencia energ\u00e9tica de las infraestructuras.<\/span><\/p>\n","protected":false},"excerpt":{"rendered":"<p>El Hospital Universitario Joan XXIII, en Tarragona, ha iniciado un proyecto de remodelaci\u00f3n e integraci\u00f3n de los diferentes edificios que conforman el equipamiento sanitario de referencia en el Camp de Tarragona, construido a finales de la d\u00e9cada de 1960. El&hellip;<\/p>\n","protected":false},"author":3,"featured_media":41539,"comment_status":"closed","ping_status":"open","sticky":false,"template":"","format":"gallery","meta":{"footnotes":""},"categories":[3],"tags":[],"post_series":[],"class_list":["post-41722","post","type-post","status-publish","format-gallery","has-post-thumbnail","hentry","category-actualidad","post_format-post-format-gallery","entry","has-media"],"yoast_head":"<!-- This site is optimized with the Yoast SEO plugin v26.7 - https:\/\/yoast.com\/wordpress\/plugins\/seo\/ -->\n<title>GARCIA FAURA fabrica e instala las fachadas del nuevo Hospital Joan XXIII de Tarragona - GARCIA FAURA<\/title>\n<meta name=\"description\" content=\"Arquitectura en Alumini, Inox, Ferro i Vidre\" \/>\n<meta name=\"robots\" content=\"index, follow, max-snippet:-1, max-image-preview:large, max-video-preview:-1\" \/>\n<link rel=\"canonical\" href=\"https:\/\/www.garciafaura.com\/es\/garcia-faura-fabrica-i-installa-les-facanes-del-nou-hospital-joan-xxiii-de-tarragona\/\" \/>\n<meta property=\"og:locale\" content=\"es_ES\" \/>\n<meta property=\"og:type\" content=\"article\" \/>\n<meta property=\"og:title\" content=\"GARCIA FAURA fabrica e instala las fachadas del nuevo Hospital Joan XXIII de Tarragona - GARCIA FAURA\" \/>\n<meta property=\"og:description\" content=\"Arquitectura en Alumini, Inox, Ferro i Vidre\" \/>\n<meta property=\"og:url\" content=\"https:\/\/www.garciafaura.com\/es\/garcia-faura-fabrica-i-installa-les-facanes-del-nou-hospital-joan-xxiii-de-tarragona\/\" \/>\n<meta property=\"og:site_name\" content=\"GARCIA FAURA\" \/>\n<meta property=\"article:published_time\" content=\"2026-01-22T08:23:04+00:00\" \/>\n<meta property=\"article:modified_time\" content=\"2026-01-22T08:28:35+00:00\" \/>\n<meta property=\"og:image\" content=\"https:\/\/www.garciafaura.com\/wp-content\/uploads\/2026\/01\/Garcia-Faura-Hospital-Joan-XXIII-Tarragona-3.jpg\" \/>\n\t<meta property=\"og:image:width\" content=\"1200\" \/>\n\t<meta property=\"og:image:height\" content=\"628\" \/>\n\t<meta property=\"og:image:type\" content=\"image\/jpeg\" \/>\n<meta name=\"author\" content=\"David Achell\" \/>\n<meta name=\"twitter:card\" content=\"summary_large_image\" \/>\n<meta name=\"twitter:label1\" content=\"Escrito por\" \/>\n\t<meta name=\"twitter:data1\" content=\"David Achell\" \/>\n\t<meta name=\"twitter:label2\" content=\"Tiempo de lectura\" \/>\n\t<meta name=\"twitter:data2\" content=\"2 minutos\" \/>\n<script type=\"application\/ld+json\" class=\"yoast-schema-graph\">{\"@context\":\"https:\/\/schema.org\",\"@graph\":[{\"@type\":\"Article\",\"@id\":\"https:\/\/www.garciafaura.com\/es\/garcia-faura-fabrica-i-installa-les-facanes-del-nou-hospital-joan-xxiii-de-tarragona\/#article\",\"isPartOf\":{\"@id\":\"https:\/\/www.garciafaura.com\/es\/garcia-faura-fabrica-i-installa-les-facanes-del-nou-hospital-joan-xxiii-de-tarragona\/\"},\"author\":{\"name\":\"David Achell\",\"@id\":\"https:\/\/www.garciafaura.com\/fr\/#\/schema\/person\/b4b75e69b33fac3446071909bec106b0\"},\"headline\":\"GARCIA FAURA fabrica e instala las fachadas del nuevo Hospital Joan XXIII de Tarragona\",\"datePublished\":\"2026-01-22T08:23:04+00:00\",\"dateModified\":\"2026-01-22T08:28:35+00:00\",\"mainEntityOfPage\":{\"@id\":\"https:\/\/www.garciafaura.com\/es\/garcia-faura-fabrica-i-installa-les-facanes-del-nou-hospital-joan-xxiii-de-tarragona\/\"},\"wordCount\":283,\"publisher\":{\"@id\":\"https:\/\/www.garciafaura.com\/fr\/#organization\"},\"image\":{\"@id\":\"https:\/\/www.garciafaura.com\/es\/garcia-faura-fabrica-i-installa-les-facanes-del-nou-hospital-joan-xxiii-de-tarragona\/#primaryimage\"},\"thumbnailUrl\":\"https:\/\/www.garciafaura.com\/wp-content\/uploads\/2026\/01\/Garcia-Faura-Hospital-Joan-XXIII-Tarragona-3.jpg\",\"articleSection\":[\"Actualidad\"],\"inLanguage\":\"es\"},{\"@type\":\"WebPage\",\"@id\":\"https:\/\/www.garciafaura.com\/es\/garcia-faura-fabrica-i-installa-les-facanes-del-nou-hospital-joan-xxiii-de-tarragona\/\",\"url\":\"https:\/\/www.garciafaura.com\/es\/garcia-faura-fabrica-i-installa-les-facanes-del-nou-hospital-joan-xxiii-de-tarragona\/\",\"name\":\"GARCIA FAURA fabrica e instala las fachadas del nuevo Hospital Joan XXIII de Tarragona - GARCIA FAURA\",\"isPartOf\":{\"@id\":\"https:\/\/www.garciafaura.com\/fr\/#website\"},\"primaryImageOfPage\":{\"@id\":\"https:\/\/www.garciafaura.com\/es\/garcia-faura-fabrica-i-installa-les-facanes-del-nou-hospital-joan-xxiii-de-tarragona\/#primaryimage\"},\"image\":{\"@id\":\"https:\/\/www.garciafaura.com\/es\/garcia-faura-fabrica-i-installa-les-facanes-del-nou-hospital-joan-xxiii-de-tarragona\/#primaryimage\"},\"thumbnailUrl\":\"https:\/\/www.garciafaura.com\/wp-content\/uploads\/2026\/01\/Garcia-Faura-Hospital-Joan-XXIII-Tarragona-3.jpg\",\"datePublished\":\"2026-01-22T08:23:04+00:00\",\"dateModified\":\"2026-01-22T08:28:35+00:00\",\"description\":\"Arquitectura en Alumini, Inox, Ferro i Vidre\",\"breadcrumb\":{\"@id\":\"https:\/\/www.garciafaura.com\/es\/garcia-faura-fabrica-i-installa-les-facanes-del-nou-hospital-joan-xxiii-de-tarragona\/#breadcrumb\"},\"inLanguage\":\"es\",\"potentialAction\":[{\"@type\":\"ReadAction\",\"target\":[\"https:\/\/www.garciafaura.com\/es\/garcia-faura-fabrica-i-installa-les-facanes-del-nou-hospital-joan-xxiii-de-tarragona\/\"]}]},{\"@type\":\"ImageObject\",\"inLanguage\":\"es\",\"@id\":\"https:\/\/www.garciafaura.com\/es\/garcia-faura-fabrica-i-installa-les-facanes-del-nou-hospital-joan-xxiii-de-tarragona\/#primaryimage\",\"url\":\"https:\/\/www.garciafaura.com\/wp-content\/uploads\/2026\/01\/Garcia-Faura-Hospital-Joan-XXIII-Tarragona-3.jpg\",\"contentUrl\":\"https:\/\/www.garciafaura.com\/wp-content\/uploads\/2026\/01\/Garcia-Faura-Hospital-Joan-XXIII-Tarragona-3.jpg\",\"width\":1200,\"height\":628},{\"@type\":\"BreadcrumbList\",\"@id\":\"https:\/\/www.garciafaura.com\/es\/garcia-faura-fabrica-i-installa-les-facanes-del-nou-hospital-joan-xxiii-de-tarragona\/#breadcrumb\",\"itemListElement\":[{\"@type\":\"ListItem\",\"position\":1,\"name\":\"Inici\",\"item\":\"https:\/\/www.garciafaura.com\/es\/\"},{\"@type\":\"ListItem\",\"position\":2,\"name\":\"GARCIA FAURA fabrica e instala las fachadas del nuevo Hospital Joan XXIII de Tarragona\"}]},{\"@type\":\"WebSite\",\"@id\":\"https:\/\/www.garciafaura.com\/fr\/#website\",\"url\":\"https:\/\/www.garciafaura.com\/fr\/\",\"name\":\"GARCIA FAURA\",\"description\":\"Arquitectura en Alumini, Inox, Ferro i Vidre\",\"publisher\":{\"@id\":\"https:\/\/www.garciafaura.com\/fr\/#organization\"},\"potentialAction\":[{\"@type\":\"SearchAction\",\"target\":{\"@type\":\"EntryPoint\",\"urlTemplate\":\"https:\/\/www.garciafaura.com\/fr\/?s={search_term_string}\"},\"query-input\":{\"@type\":\"PropertyValueSpecification\",\"valueRequired\":true,\"valueName\":\"search_term_string\"}}],\"inLanguage\":\"es\"},{\"@type\":\"Organization\",\"@id\":\"https:\/\/www.garciafaura.com\/fr\/#organization\",\"name\":\"GARCIA FAURA\",\"url\":\"https:\/\/www.garciafaura.com\/fr\/\",\"logo\":{\"@type\":\"ImageObject\",\"inLanguage\":\"es\",\"@id\":\"https:\/\/www.garciafaura.com\/fr\/#\/schema\/logo\/image\/\",\"url\":\"https:\/\/www.garciafaura.com\/wp-content\/uploads\/2018\/09\/Garcia-Faura.png\",\"contentUrl\":\"https:\/\/www.garciafaura.com\/wp-content\/uploads\/2018\/09\/Garcia-Faura.png\",\"width\":512,\"height\":512,\"caption\":\"GARCIA FAURA\"},\"image\":{\"@id\":\"https:\/\/www.garciafaura.com\/fr\/#\/schema\/logo\/image\/\"},\"sameAs\":[\"https:\/\/www.youtube.com\/user\/GARCIAFAURA\"]},{\"@type\":\"Person\",\"@id\":\"https:\/\/www.garciafaura.com\/fr\/#\/schema\/person\/b4b75e69b33fac3446071909bec106b0\",\"name\":\"David Achell\",\"image\":{\"@type\":\"ImageObject\",\"inLanguage\":\"es\",\"@id\":\"https:\/\/www.garciafaura.com\/fr\/#\/schema\/person\/image\/\",\"url\":\"https:\/\/secure.gravatar.com\/avatar\/03900210afc1f61bce737bcb4a79c02e2c997f171e3eca839b5a4cbe03846c90?s=96&d=blank&r=g\",\"contentUrl\":\"https:\/\/secure.gravatar.com\/avatar\/03900210afc1f61bce737bcb4a79c02e2c997f171e3eca839b5a4cbe03846c90?s=96&d=blank&r=g\",\"caption\":\"David Achell\"}}]}<\/script>\n<!-- \/ Yoast SEO plugin. -->","yoast_head_json":{"title":"GARCIA FAURA fabrica e instala las fachadas del nuevo Hospital Joan XXIII de Tarragona - GARCIA FAURA","description":"Arquitectura en Alumini, Inox, Ferro i Vidre","robots":{"index":"index","follow":"follow","max-snippet":"max-snippet:-1","max-image-preview":"max-image-preview:large","max-video-preview":"max-video-preview:-1"},"canonical":"https:\/\/www.garciafaura.com\/es\/garcia-faura-fabrica-i-installa-les-facanes-del-nou-hospital-joan-xxiii-de-tarragona\/","og_locale":"es_ES","og_type":"article","og_title":"GARCIA FAURA fabrica e instala las fachadas del nuevo Hospital Joan XXIII de Tarragona - GARCIA FAURA","og_description":"Arquitectura en Alumini, Inox, Ferro i Vidre","og_url":"https:\/\/www.garciafaura.com\/es\/garcia-faura-fabrica-i-installa-les-facanes-del-nou-hospital-joan-xxiii-de-tarragona\/","og_site_name":"GARCIA FAURA","article_published_time":"2026-01-22T08:23:04+00:00","article_modified_time":"2026-01-22T08:28:35+00:00","og_image":[{"width":1200,"height":628,"url":"https:\/\/www.garciafaura.com\/wp-content\/uploads\/2026\/01\/Garcia-Faura-Hospital-Joan-XXIII-Tarragona-3.jpg","type":"image\/jpeg"}],"author":"David Achell","twitter_card":"summary_large_image","twitter_misc":{"Escrito por":"David Achell","Tiempo de lectura":"2 minutos"},"schema":{"@context":"https:\/\/schema.org","@graph":[{"@type":"Article","@id":"https:\/\/www.garciafaura.com\/es\/garcia-faura-fabrica-i-installa-les-facanes-del-nou-hospital-joan-xxiii-de-tarragona\/#article","isPartOf":{"@id":"https:\/\/www.garciafaura.com\/es\/garcia-faura-fabrica-i-installa-les-facanes-del-nou-hospital-joan-xxiii-de-tarragona\/"},"author":{"name":"David Achell","@id":"https:\/\/www.garciafaura.com\/fr\/#\/schema\/person\/b4b75e69b33fac3446071909bec106b0"},"headline":"GARCIA FAURA fabrica e instala las fachadas del nuevo Hospital Joan XXIII de Tarragona","datePublished":"2026-01-22T08:23:04+00:00","dateModified":"2026-01-22T08:28:35+00:00","mainEntityOfPage":{"@id":"https:\/\/www.garciafaura.com\/es\/garcia-faura-fabrica-i-installa-les-facanes-del-nou-hospital-joan-xxiii-de-tarragona\/"},"wordCount":283,"publisher":{"@id":"https:\/\/www.garciafaura.com\/fr\/#organization"},"image":{"@id":"https:\/\/www.garciafaura.com\/es\/garcia-faura-fabrica-i-installa-les-facanes-del-nou-hospital-joan-xxiii-de-tarragona\/#primaryimage"},"thumbnailUrl":"https:\/\/www.garciafaura.com\/wp-content\/uploads\/2026\/01\/Garcia-Faura-Hospital-Joan-XXIII-Tarragona-3.jpg","articleSection":["Actualidad"],"inLanguage":"es"},{"@type":"WebPage","@id":"https:\/\/www.garciafaura.com\/es\/garcia-faura-fabrica-i-installa-les-facanes-del-nou-hospital-joan-xxiii-de-tarragona\/","url":"https:\/\/www.garciafaura.com\/es\/garcia-faura-fabrica-i-installa-les-facanes-del-nou-hospital-joan-xxiii-de-tarragona\/","name":"GARCIA FAURA fabrica e instala las fachadas del nuevo Hospital Joan XXIII de Tarragona - GARCIA FAURA","isPartOf":{"@id":"https:\/\/www.garciafaura.com\/fr\/#website"},"primaryImageOfPage":{"@id":"https:\/\/www.garciafaura.com\/es\/garcia-faura-fabrica-i-installa-les-facanes-del-nou-hospital-joan-xxiii-de-tarragona\/#primaryimage"},"image":{"@id":"https:\/\/www.garciafaura.com\/es\/garcia-faura-fabrica-i-installa-les-facanes-del-nou-hospital-joan-xxiii-de-tarragona\/#primaryimage"},"thumbnailUrl":"https:\/\/www.garciafaura.com\/wp-content\/uploads\/2026\/01\/Garcia-Faura-Hospital-Joan-XXIII-Tarragona-3.jpg","datePublished":"2026-01-22T08:23:04+00:00","dateModified":"2026-01-22T08:28:35+00:00","description":"Arquitectura en Alumini, Inox, Ferro i Vidre","breadcrumb":{"@id":"https:\/\/www.garciafaura.com\/es\/garcia-faura-fabrica-i-installa-les-facanes-del-nou-hospital-joan-xxiii-de-tarragona\/#breadcrumb"},"inLanguage":"es","potentialAction":[{"@type":"ReadAction","target":["https:\/\/www.garciafaura.com\/es\/garcia-faura-fabrica-i-installa-les-facanes-del-nou-hospital-joan-xxiii-de-tarragona\/"]}]},{"@type":"ImageObject","inLanguage":"es","@id":"https:\/\/www.garciafaura.com\/es\/garcia-faura-fabrica-i-installa-les-facanes-del-nou-hospital-joan-xxiii-de-tarragona\/#primaryimage","url":"https:\/\/www.garciafaura.com\/wp-content\/uploads\/2026\/01\/Garcia-Faura-Hospital-Joan-XXIII-Tarragona-3.jpg","contentUrl":"https:\/\/www.garciafaura.com\/wp-content\/uploads\/2026\/01\/Garcia-Faura-Hospital-Joan-XXIII-Tarragona-3.jpg","width":1200,"height":628},{"@type":"BreadcrumbList","@id":"https:\/\/www.garciafaura.com\/es\/garcia-faura-fabrica-i-installa-les-facanes-del-nou-hospital-joan-xxiii-de-tarragona\/#breadcrumb","itemListElement":[{"@type":"ListItem","position":1,"name":"Inici","item":"https:\/\/www.garciafaura.com\/es\/"},{"@type":"ListItem","position":2,"name":"GARCIA FAURA fabrica e instala las fachadas del nuevo Hospital Joan XXIII de Tarragona"}]},{"@type":"WebSite","@id":"https:\/\/www.garciafaura.com\/fr\/#website","url":"https:\/\/www.garciafaura.com\/fr\/","name":"GARCIA FAURA","description":"Arquitectura en Alumini, Inox, Ferro i Vidre","publisher":{"@id":"https:\/\/www.garciafaura.com\/fr\/#organization"},"potentialAction":[{"@type":"SearchAction","target":{"@type":"EntryPoint","urlTemplate":"https:\/\/www.garciafaura.com\/fr\/?s={search_term_string}"},"query-input":{"@type":"PropertyValueSpecification","valueRequired":true,"valueName":"search_term_string"}}],"inLanguage":"es"},{"@type":"Organization","@id":"https:\/\/www.garciafaura.com\/fr\/#organization","name":"GARCIA FAURA","url":"https:\/\/www.garciafaura.com\/fr\/","logo":{"@type":"ImageObject","inLanguage":"es","@id":"https:\/\/www.garciafaura.com\/fr\/#\/schema\/logo\/image\/","url":"https:\/\/www.garciafaura.com\/wp-content\/uploads\/2018\/09\/Garcia-Faura.png","contentUrl":"https:\/\/www.garciafaura.com\/wp-content\/uploads\/2018\/09\/Garcia-Faura.png","width":512,"height":512,"caption":"GARCIA FAURA"},"image":{"@id":"https:\/\/www.garciafaura.com\/fr\/#\/schema\/logo\/image\/"},"sameAs":["https:\/\/www.youtube.com\/user\/GARCIAFAURA"]},{"@type":"Person","@id":"https:\/\/www.garciafaura.com\/fr\/#\/schema\/person\/b4b75e69b33fac3446071909bec106b0","name":"David Achell","image":{"@type":"ImageObject","inLanguage":"es","@id":"https:\/\/www.garciafaura.com\/fr\/#\/schema\/person\/image\/","url":"https:\/\/secure.gravatar.com\/avatar\/03900210afc1f61bce737bcb4a79c02e2c997f171e3eca839b5a4cbe03846c90?s=96&d=blank&r=g","contentUrl":"https:\/\/secure.gravatar.com\/avatar\/03900210afc1f61bce737bcb4a79c02e2c997f171e3eca839b5a4cbe03846c90?s=96&d=blank&r=g","caption":"David Achell"}}]}},"_links":{"self":[{"href":"https:\/\/www.garciafaura.com\/es\/wp-json\/wp\/v2\/posts\/41722","targetHints":{"allow":["GET"]}}],"collection":[{"href":"https:\/\/www.garciafaura.com\/es\/wp-json\/wp\/v2\/posts"}],"about":[{"href":"https:\/\/www.garciafaura.com\/es\/wp-json\/wp\/v2\/types\/post"}],"author":[{"embeddable":true,"href":"https:\/\/www.garciafaura.com\/es\/wp-json\/wp\/v2\/users\/3"}],"replies":[{"embeddable":true,"href":"https:\/\/www.garciafaura.com\/es\/wp-json\/wp\/v2\/comments?post=41722"}],"version-history":[{"count":2,"href":"https:\/\/www.garciafaura.com\/es\/wp-json\/wp\/v2\/posts\/41722\/revisions"}],"predecessor-version":[{"id":41724,"href":"https:\/\/www.garciafaura.com\/es\/wp-json\/wp\/v2\/posts\/41722\/revisions\/41724"}],"wp:featuredmedia":[{"embeddable":true,"href":"https:\/\/www.garciafaura.com\/es\/wp-json\/wp\/v2\/media\/41539"}],"wp:attachment":[{"href":"https:\/\/www.garciafaura.com\/es\/wp-json\/wp\/v2\/media?parent=41722"}],"wp:term":[{"taxonomy":"category","embeddable":true,"href":"https:\/\/www.garciafaura.com\/es\/wp-json\/wp\/v2\/categories?post=41722"},{"taxonomy":"post_tag","embeddable":true,"href":"https:\/\/www.garciafaura.com\/es\/wp-json\/wp\/v2\/tags?post=41722"},{"taxonomy":"post_series","embeddable":true,"href":"https:\/\/www.garciafaura.com\/es\/wp-json\/wp\/v2\/post_series?post=41722"}],"curies":[{"name":"wp","href":"https:\/\/api.w.org\/{rel}","templated":true}]}}