{"id":41155,"date":"2025-10-23T11:58:57","date_gmt":"2025-10-23T09:58:57","guid":{"rendered":"https:\/\/www.garciafaura.com\/garcia-faura-avanca-en-els-seus-objectius-de-sostenibilitat\/"},"modified":"2025-10-23T12:08:50","modified_gmt":"2025-10-23T10:08:50","slug":"garcia-faura-avanca-en-els-seus-objectius-de-sostenibilitat","status":"publish","type":"post","link":"https:\/\/www.garciafaura.com\/es\/garcia-faura-avanca-en-els-seus-objectius-de-sostenibilitat\/","title":{"rendered":"GARCIA FAURA avanza en sus objetivos de sostenibilidad"},"content":{"rendered":"<h3 style=\"text-align: justify;\"><span style=\"font-family: 'Open Sans';\">La empresa ha llevado a cabo recientemente la elaboraci\u00f3n de un plan de mitigaci\u00f3n para la neutralidad clim\u00e1tica y de un balance ecol\u00f3gico de la actividad econ\u00f3mica. Ambas acciones est\u00e1n orientadas a mejorar la huella ecol\u00f3gica de la compa\u00f1\u00eda.<\/span><\/h3>\n<p style=\"text-align: justify;\"><span style=\"font-family: 'Open Sans';\"><strong>GARCIA FAURA<\/strong> ha estado trabajando en los \u00faltimos meses en dos proyectos orientados a <strong>reducir la huella ecol\u00f3gica<\/strong> y avanzar hacia un modelo de empresa m\u00e1s verde y sostenible. Se trata del <strong>plan de mitigaci\u00f3n para la neutralidad clim\u00e1tica<\/strong> y el <strong>balance ecol\u00f3gico de la actividad econ\u00f3mica<\/strong>.<\/span><\/p>\n<p style=\"text-align: justify;\"><span style=\"font-family: 'Open Sans';\">El <strong>plan de mitigaci\u00f3n para la neutralidad clim\u00e1tica<\/strong> es la primera declaraci\u00f3n de sostenibilidad de <strong>GARCIA FAURA<\/strong> seg\u00fan los est\u00e1ndares establecidos por las normas europeas. El plan parte del c\u00e1lculo de la huella de carbono corporativa actual, a partir del cual la empresa ha establecido una hoja de ruta estructurada para una progresiva descarbonizaci\u00f3n de la actividad.<\/span><\/p>\n<p style=\"text-align: justify;\"><span style=\"font-family: 'Open Sans';\">Con esta carta de compromiso, <strong>GARCIA FAURA<\/strong> se fija el objetivo de <strong>reducir al menos un 42% las emisiones de gases de efecto invernadero antes de 2030<\/strong>. De esta forma, la empresa se adelanta a la entrada en vigor de la legislaci\u00f3n general, que obligar\u00e1 a las empresas a emprender acciones de mitigaci\u00f3n de los efectos del cambio clim\u00e1tico.<\/span><\/p>\n<p style=\"text-align: justify;\"><span style=\"font-family: 'Open Sans';\">Por lo que respecta al <strong>balance ecol\u00f3gico de la actividad econ\u00f3mica<\/strong>, se trata de un proyecto de econom\u00eda circular a trav\u00e9s del cual <strong>GARCIA FAURA<\/strong> ha podido utilizar la herramienta <strong>EcoBalance<\/strong> para evaluar los impactos medioambientales en la entrada del proceso productivo, tanto por el consumo de materias primas como de energ\u00eda, y en la salida, como las emisiones asociadas producidas en el producto.<\/span><\/p>\n<p style=\"text-align: justify;\"><span style=\"font-family: 'Open Sans';\">De esta forma, la empresa puede identificar los puntos cr\u00edticos que pueden servir para implementar oportunidades de mejora estrat\u00e9gicas que se han estructurado en torno a cuatro ejes: compras sostenibles, gesti\u00f3n de residuos, energ\u00edas renovables y movilidad sostenible.<\/span><\/p>\n<h4 style=\"text-align: justify;\"><span style=\"font-family: 'Open Sans';\">Empresa de referencia en el sector<\/span><\/h4>\n<p style=\"text-align: justify;\"><span style=\"font-family: 'Open Sans';\">La ejecuci\u00f3n de estos proyectos se ha realizado a trav\u00e9s de las ayudas p\u00fablicas Cup\u00f3n ACCI\u00d3 Green de la Generalitat de Catalunya y del Proyecto Ecoindustria 2024, en colaboraci\u00f3n con la Diputaci\u00f3n de Barcelona y el Ayuntamiento de Gav\u00e0, entre otros.<\/span><\/p>\n<p style=\"text-align: justify;\"><span style=\"font-family: 'Open Sans';\">De esta forma, <strong>GARCIA FAURA<\/strong> vuelve a posicionarse como empresa de referencia en el sector en cuanto al apoyo recibido de las administraciones p\u00fablicas en la consecuci\u00f3n de sus objetivos de responsabilidad social.<\/span><\/p>\n","protected":false},"excerpt":{"rendered":"<p>La empresa ha llevado a cabo recientemente la elaboraci\u00f3n de un plan de mitigaci\u00f3n para la neutralidad clim\u00e1tica y de un balance ecol\u00f3gico de la actividad econ\u00f3mica. Ambas acciones est\u00e1n orientadas a mejorar la huella ecol\u00f3gica de la compa\u00f1\u00eda. GARCIA&hellip;<\/p>\n","protected":false},"author":3,"featured_media":38523,"comment_status":"closed","ping_status":"open","sticky":false,"template":"","format":"standard","meta":{"footnotes":""},"categories":[3],"tags":[],"post_series":[],"class_list":["post-41155","post","type-post","status-publish","format-standard","has-post-thumbnail","hentry","category-actualidad","entry","has-media"],"yoast_head":"<!-- This site is optimized with the Yoast SEO plugin v26.7 - https:\/\/yoast.com\/wordpress\/plugins\/seo\/ -->\n<title>GARCIA FAURA avanza en sus objetivos de sostenibilidad - GARCIA FAURA<\/title>\n<meta name=\"description\" content=\"Arquitectura en Alumini, Inox, Ferro i Vidre\" \/>\n<meta name=\"robots\" content=\"index, follow, max-snippet:-1, max-image-preview:large, max-video-preview:-1\" \/>\n<link rel=\"canonical\" href=\"https:\/\/www.garciafaura.com\/es\/garcia-faura-avanca-en-els-seus-objectius-de-sostenibilitat\/\" \/>\n<meta property=\"og:locale\" content=\"es_ES\" \/>\n<meta property=\"og:type\" content=\"article\" \/>\n<meta property=\"og:title\" content=\"GARCIA FAURA avanza en sus objetivos de sostenibilidad - GARCIA FAURA\" \/>\n<meta property=\"og:description\" content=\"Arquitectura en Alumini, Inox, Ferro i Vidre\" \/>\n<meta property=\"og:url\" content=\"https:\/\/www.garciafaura.com\/es\/garcia-faura-avanca-en-els-seus-objectius-de-sostenibilitat\/\" \/>\n<meta property=\"og:site_name\" content=\"GARCIA FAURA\" \/>\n<meta property=\"article:published_time\" content=\"2025-10-23T09:58:57+00:00\" \/>\n<meta property=\"article:modified_time\" content=\"2025-10-23T10:08:50+00:00\" \/>\n<meta property=\"og:image\" content=\"https:\/\/www.garciafaura.com\/wp-content\/uploads\/2019\/07\/GF-01-005-1024x622.jpg\" \/>\n\t<meta property=\"og:image:width\" content=\"1024\" \/>\n\t<meta property=\"og:image:height\" content=\"622\" \/>\n\t<meta property=\"og:image:type\" content=\"image\/jpeg\" \/>\n<meta name=\"author\" content=\"David Achell\" \/>\n<meta name=\"twitter:card\" content=\"summary_large_image\" \/>\n<meta name=\"twitter:label1\" content=\"Escrito por\" \/>\n\t<meta name=\"twitter:data1\" content=\"David Achell\" \/>\n\t<meta name=\"twitter:label2\" content=\"Tiempo de lectura\" \/>\n\t<meta name=\"twitter:data2\" content=\"3 minutos\" \/>\n<script type=\"application\/ld+json\" class=\"yoast-schema-graph\">{\"@context\":\"https:\/\/schema.org\",\"@graph\":[{\"@type\":\"Article\",\"@id\":\"https:\/\/www.garciafaura.com\/es\/garcia-faura-avanca-en-els-seus-objectius-de-sostenibilitat\/#article\",\"isPartOf\":{\"@id\":\"https:\/\/www.garciafaura.com\/es\/garcia-faura-avanca-en-els-seus-objectius-de-sostenibilitat\/\"},\"author\":{\"name\":\"David Achell\",\"@id\":\"https:\/\/www.garciafaura.com\/fr\/#\/schema\/person\/b4b75e69b33fac3446071909bec106b0\"},\"headline\":\"GARCIA FAURA avanza en sus objetivos de sostenibilidad\",\"datePublished\":\"2025-10-23T09:58:57+00:00\",\"dateModified\":\"2025-10-23T10:08:50+00:00\",\"mainEntityOfPage\":{\"@id\":\"https:\/\/www.garciafaura.com\/es\/garcia-faura-avanca-en-els-seus-objectius-de-sostenibilitat\/\"},\"wordCount\":430,\"publisher\":{\"@id\":\"https:\/\/www.garciafaura.com\/fr\/#organization\"},\"image\":{\"@id\":\"https:\/\/www.garciafaura.com\/es\/garcia-faura-avanca-en-els-seus-objectius-de-sostenibilitat\/#primaryimage\"},\"thumbnailUrl\":\"https:\/\/www.garciafaura.com\/wp-content\/uploads\/2024\/12\/GF-01-008-scaled.jpg\",\"articleSection\":[\"Actualidad\"],\"inLanguage\":\"es\"},{\"@type\":\"WebPage\",\"@id\":\"https:\/\/www.garciafaura.com\/es\/garcia-faura-avanca-en-els-seus-objectius-de-sostenibilitat\/\",\"url\":\"https:\/\/www.garciafaura.com\/es\/garcia-faura-avanca-en-els-seus-objectius-de-sostenibilitat\/\",\"name\":\"GARCIA FAURA avanza en sus objetivos de sostenibilidad - GARCIA FAURA\",\"isPartOf\":{\"@id\":\"https:\/\/www.garciafaura.com\/fr\/#website\"},\"primaryImageOfPage\":{\"@id\":\"https:\/\/www.garciafaura.com\/es\/garcia-faura-avanca-en-els-seus-objectius-de-sostenibilitat\/#primaryimage\"},\"image\":{\"@id\":\"https:\/\/www.garciafaura.com\/es\/garcia-faura-avanca-en-els-seus-objectius-de-sostenibilitat\/#primaryimage\"},\"thumbnailUrl\":\"https:\/\/www.garciafaura.com\/wp-content\/uploads\/2024\/12\/GF-01-008-scaled.jpg\",\"datePublished\":\"2025-10-23T09:58:57+00:00\",\"dateModified\":\"2025-10-23T10:08:50+00:00\",\"description\":\"Arquitectura en Alumini, Inox, Ferro i Vidre\",\"breadcrumb\":{\"@id\":\"https:\/\/www.garciafaura.com\/es\/garcia-faura-avanca-en-els-seus-objectius-de-sostenibilitat\/#breadcrumb\"},\"inLanguage\":\"es\",\"potentialAction\":[{\"@type\":\"ReadAction\",\"target\":[\"https:\/\/www.garciafaura.com\/es\/garcia-faura-avanca-en-els-seus-objectius-de-sostenibilitat\/\"]}]},{\"@type\":\"ImageObject\",\"inLanguage\":\"es\",\"@id\":\"https:\/\/www.garciafaura.com\/es\/garcia-faura-avanca-en-els-seus-objectius-de-sostenibilitat\/#primaryimage\",\"url\":\"https:\/\/www.garciafaura.com\/wp-content\/uploads\/2024\/12\/GF-01-008-scaled.jpg\",\"contentUrl\":\"https:\/\/www.garciafaura.com\/wp-content\/uploads\/2024\/12\/GF-01-008-scaled.jpg\",\"width\":2560,\"height\":1162,\"caption\":\"SONY DSC\"},{\"@type\":\"BreadcrumbList\",\"@id\":\"https:\/\/www.garciafaura.com\/es\/garcia-faura-avanca-en-els-seus-objectius-de-sostenibilitat\/#breadcrumb\",\"itemListElement\":[{\"@type\":\"ListItem\",\"position\":1,\"name\":\"Inici\",\"item\":\"https:\/\/www.garciafaura.com\/es\/\"},{\"@type\":\"ListItem\",\"position\":2,\"name\":\"GARCIA FAURA avanza en sus objetivos de sostenibilidad\"}]},{\"@type\":\"WebSite\",\"@id\":\"https:\/\/www.garciafaura.com\/fr\/#website\",\"url\":\"https:\/\/www.garciafaura.com\/fr\/\",\"name\":\"GARCIA FAURA\",\"description\":\"Arquitectura en Alumini, Inox, Ferro i Vidre\",\"publisher\":{\"@id\":\"https:\/\/www.garciafaura.com\/fr\/#organization\"},\"potentialAction\":[{\"@type\":\"SearchAction\",\"target\":{\"@type\":\"EntryPoint\",\"urlTemplate\":\"https:\/\/www.garciafaura.com\/fr\/?s={search_term_string}\"},\"query-input\":{\"@type\":\"PropertyValueSpecification\",\"valueRequired\":true,\"valueName\":\"search_term_string\"}}],\"inLanguage\":\"es\"},{\"@type\":\"Organization\",\"@id\":\"https:\/\/www.garciafaura.com\/fr\/#organization\",\"name\":\"GARCIA FAURA\",\"url\":\"https:\/\/www.garciafaura.com\/fr\/\",\"logo\":{\"@type\":\"ImageObject\",\"inLanguage\":\"es\",\"@id\":\"https:\/\/www.garciafaura.com\/fr\/#\/schema\/logo\/image\/\",\"url\":\"https:\/\/www.garciafaura.com\/wp-content\/uploads\/2018\/09\/Garcia-Faura.png\",\"contentUrl\":\"https:\/\/www.garciafaura.com\/wp-content\/uploads\/2018\/09\/Garcia-Faura.png\",\"width\":512,\"height\":512,\"caption\":\"GARCIA FAURA\"},\"image\":{\"@id\":\"https:\/\/www.garciafaura.com\/fr\/#\/schema\/logo\/image\/\"},\"sameAs\":[\"https:\/\/www.youtube.com\/user\/GARCIAFAURA\"]},{\"@type\":\"Person\",\"@id\":\"https:\/\/www.garciafaura.com\/fr\/#\/schema\/person\/b4b75e69b33fac3446071909bec106b0\",\"name\":\"David Achell\",\"image\":{\"@type\":\"ImageObject\",\"inLanguage\":\"es\",\"@id\":\"https:\/\/www.garciafaura.com\/fr\/#\/schema\/person\/image\/\",\"url\":\"https:\/\/secure.gravatar.com\/avatar\/03900210afc1f61bce737bcb4a79c02e2c997f171e3eca839b5a4cbe03846c90?s=96&d=blank&r=g\",\"contentUrl\":\"https:\/\/secure.gravatar.com\/avatar\/03900210afc1f61bce737bcb4a79c02e2c997f171e3eca839b5a4cbe03846c90?s=96&d=blank&r=g\",\"caption\":\"David Achell\"}}]}<\/script>\n<!-- \/ Yoast SEO plugin. -->","yoast_head_json":{"title":"GARCIA FAURA avanza en sus objetivos de sostenibilidad - GARCIA FAURA","description":"Arquitectura en Alumini, Inox, Ferro i Vidre","robots":{"index":"index","follow":"follow","max-snippet":"max-snippet:-1","max-image-preview":"max-image-preview:large","max-video-preview":"max-video-preview:-1"},"canonical":"https:\/\/www.garciafaura.com\/es\/garcia-faura-avanca-en-els-seus-objectius-de-sostenibilitat\/","og_locale":"es_ES","og_type":"article","og_title":"GARCIA FAURA avanza en sus objetivos de sostenibilidad - GARCIA FAURA","og_description":"Arquitectura en Alumini, Inox, Ferro i Vidre","og_url":"https:\/\/www.garciafaura.com\/es\/garcia-faura-avanca-en-els-seus-objectius-de-sostenibilitat\/","og_site_name":"GARCIA FAURA","article_published_time":"2025-10-23T09:58:57+00:00","article_modified_time":"2025-10-23T10:08:50+00:00","og_image":[{"width":1024,"height":622,"url":"https:\/\/www.garciafaura.com\/wp-content\/uploads\/2019\/07\/GF-01-005-1024x622.jpg","type":"image\/jpeg"}],"author":"David Achell","twitter_card":"summary_large_image","twitter_misc":{"Escrito por":"David Achell","Tiempo de lectura":"3 minutos"},"schema":{"@context":"https:\/\/schema.org","@graph":[{"@type":"Article","@id":"https:\/\/www.garciafaura.com\/es\/garcia-faura-avanca-en-els-seus-objectius-de-sostenibilitat\/#article","isPartOf":{"@id":"https:\/\/www.garciafaura.com\/es\/garcia-faura-avanca-en-els-seus-objectius-de-sostenibilitat\/"},"author":{"name":"David Achell","@id":"https:\/\/www.garciafaura.com\/fr\/#\/schema\/person\/b4b75e69b33fac3446071909bec106b0"},"headline":"GARCIA FAURA avanza en sus objetivos de sostenibilidad","datePublished":"2025-10-23T09:58:57+00:00","dateModified":"2025-10-23T10:08:50+00:00","mainEntityOfPage":{"@id":"https:\/\/www.garciafaura.com\/es\/garcia-faura-avanca-en-els-seus-objectius-de-sostenibilitat\/"},"wordCount":430,"publisher":{"@id":"https:\/\/www.garciafaura.com\/fr\/#organization"},"image":{"@id":"https:\/\/www.garciafaura.com\/es\/garcia-faura-avanca-en-els-seus-objectius-de-sostenibilitat\/#primaryimage"},"thumbnailUrl":"https:\/\/www.garciafaura.com\/wp-content\/uploads\/2024\/12\/GF-01-008-scaled.jpg","articleSection":["Actualidad"],"inLanguage":"es"},{"@type":"WebPage","@id":"https:\/\/www.garciafaura.com\/es\/garcia-faura-avanca-en-els-seus-objectius-de-sostenibilitat\/","url":"https:\/\/www.garciafaura.com\/es\/garcia-faura-avanca-en-els-seus-objectius-de-sostenibilitat\/","name":"GARCIA FAURA avanza en sus objetivos de sostenibilidad - GARCIA FAURA","isPartOf":{"@id":"https:\/\/www.garciafaura.com\/fr\/#website"},"primaryImageOfPage":{"@id":"https:\/\/www.garciafaura.com\/es\/garcia-faura-avanca-en-els-seus-objectius-de-sostenibilitat\/#primaryimage"},"image":{"@id":"https:\/\/www.garciafaura.com\/es\/garcia-faura-avanca-en-els-seus-objectius-de-sostenibilitat\/#primaryimage"},"thumbnailUrl":"https:\/\/www.garciafaura.com\/wp-content\/uploads\/2024\/12\/GF-01-008-scaled.jpg","datePublished":"2025-10-23T09:58:57+00:00","dateModified":"2025-10-23T10:08:50+00:00","description":"Arquitectura en Alumini, Inox, Ferro i Vidre","breadcrumb":{"@id":"https:\/\/www.garciafaura.com\/es\/garcia-faura-avanca-en-els-seus-objectius-de-sostenibilitat\/#breadcrumb"},"inLanguage":"es","potentialAction":[{"@type":"ReadAction","target":["https:\/\/www.garciafaura.com\/es\/garcia-faura-avanca-en-els-seus-objectius-de-sostenibilitat\/"]}]},{"@type":"ImageObject","inLanguage":"es","@id":"https:\/\/www.garciafaura.com\/es\/garcia-faura-avanca-en-els-seus-objectius-de-sostenibilitat\/#primaryimage","url":"https:\/\/www.garciafaura.com\/wp-content\/uploads\/2024\/12\/GF-01-008-scaled.jpg","contentUrl":"https:\/\/www.garciafaura.com\/wp-content\/uploads\/2024\/12\/GF-01-008-scaled.jpg","width":2560,"height":1162,"caption":"SONY DSC"},{"@type":"BreadcrumbList","@id":"https:\/\/www.garciafaura.com\/es\/garcia-faura-avanca-en-els-seus-objectius-de-sostenibilitat\/#breadcrumb","itemListElement":[{"@type":"ListItem","position":1,"name":"Inici","item":"https:\/\/www.garciafaura.com\/es\/"},{"@type":"ListItem","position":2,"name":"GARCIA FAURA avanza en sus objetivos de sostenibilidad"}]},{"@type":"WebSite","@id":"https:\/\/www.garciafaura.com\/fr\/#website","url":"https:\/\/www.garciafaura.com\/fr\/","name":"GARCIA FAURA","description":"Arquitectura en Alumini, Inox, Ferro i Vidre","publisher":{"@id":"https:\/\/www.garciafaura.com\/fr\/#organization"},"potentialAction":[{"@type":"SearchAction","target":{"@type":"EntryPoint","urlTemplate":"https:\/\/www.garciafaura.com\/fr\/?s={search_term_string}"},"query-input":{"@type":"PropertyValueSpecification","valueRequired":true,"valueName":"search_term_string"}}],"inLanguage":"es"},{"@type":"Organization","@id":"https:\/\/www.garciafaura.com\/fr\/#organization","name":"GARCIA FAURA","url":"https:\/\/www.garciafaura.com\/fr\/","logo":{"@type":"ImageObject","inLanguage":"es","@id":"https:\/\/www.garciafaura.com\/fr\/#\/schema\/logo\/image\/","url":"https:\/\/www.garciafaura.com\/wp-content\/uploads\/2018\/09\/Garcia-Faura.png","contentUrl":"https:\/\/www.garciafaura.com\/wp-content\/uploads\/2018\/09\/Garcia-Faura.png","width":512,"height":512,"caption":"GARCIA FAURA"},"image":{"@id":"https:\/\/www.garciafaura.com\/fr\/#\/schema\/logo\/image\/"},"sameAs":["https:\/\/www.youtube.com\/user\/GARCIAFAURA"]},{"@type":"Person","@id":"https:\/\/www.garciafaura.com\/fr\/#\/schema\/person\/b4b75e69b33fac3446071909bec106b0","name":"David Achell","image":{"@type":"ImageObject","inLanguage":"es","@id":"https:\/\/www.garciafaura.com\/fr\/#\/schema\/person\/image\/","url":"https:\/\/secure.gravatar.com\/avatar\/03900210afc1f61bce737bcb4a79c02e2c997f171e3eca839b5a4cbe03846c90?s=96&d=blank&r=g","contentUrl":"https:\/\/secure.gravatar.com\/avatar\/03900210afc1f61bce737bcb4a79c02e2c997f171e3eca839b5a4cbe03846c90?s=96&d=blank&r=g","caption":"David Achell"}}]}},"_links":{"self":[{"href":"https:\/\/www.garciafaura.com\/es\/wp-json\/wp\/v2\/posts\/41155","targetHints":{"allow":["GET"]}}],"collection":[{"href":"https:\/\/www.garciafaura.com\/es\/wp-json\/wp\/v2\/posts"}],"about":[{"href":"https:\/\/www.garciafaura.com\/es\/wp-json\/wp\/v2\/types\/post"}],"author":[{"embeddable":true,"href":"https:\/\/www.garciafaura.com\/es\/wp-json\/wp\/v2\/users\/3"}],"replies":[{"embeddable":true,"href":"https:\/\/www.garciafaura.com\/es\/wp-json\/wp\/v2\/comments?post=41155"}],"version-history":[{"count":2,"href":"https:\/\/www.garciafaura.com\/es\/wp-json\/wp\/v2\/posts\/41155\/revisions"}],"predecessor-version":[{"id":41162,"href":"https:\/\/www.garciafaura.com\/es\/wp-json\/wp\/v2\/posts\/41155\/revisions\/41162"}],"wp:featuredmedia":[{"embeddable":true,"href":"https:\/\/www.garciafaura.com\/es\/wp-json\/wp\/v2\/media\/38523"}],"wp:attachment":[{"href":"https:\/\/www.garciafaura.com\/es\/wp-json\/wp\/v2\/media?parent=41155"}],"wp:term":[{"taxonomy":"category","embeddable":true,"href":"https:\/\/www.garciafaura.com\/es\/wp-json\/wp\/v2\/categories?post=41155"},{"taxonomy":"post_tag","embeddable":true,"href":"https:\/\/www.garciafaura.com\/es\/wp-json\/wp\/v2\/tags?post=41155"},{"taxonomy":"post_series","embeddable":true,"href":"https:\/\/www.garciafaura.com\/es\/wp-json\/wp\/v2\/post_series?post=41155"}],"curies":[{"name":"wp","href":"https:\/\/api.w.org\/{rel}","templated":true}]}}