{"id":40238,"date":"2025-07-04T11:50:29","date_gmt":"2025-07-04T09:50:29","guid":{"rendered":"https:\/\/www.garciafaura.com\/garcia-faura-participa-en-la-rehabilitacio-de-ledifici-historic-de-la-mutua-metallurgica-de-barcelona\/"},"modified":"2025-07-04T12:01:11","modified_gmt":"2025-07-04T10:01:11","slug":"garcia-faura-participa-en-la-rehabilitacio-de-ledifici-historic-de-la-mutua-metallurgica-de-barcelona","status":"publish","type":"post","link":"https:\/\/www.garciafaura.com\/es\/garcia-faura-participa-en-la-rehabilitacio-de-ledifici-historic-de-la-mutua-metallurgica-de-barcelona\/","title":{"rendered":"GARCIA FAURA participa en la rehabilitaci\u00f3n del edificio hist\u00f3rico de la Mutua Metal\u00fargica de Barcelona"},"content":{"rendered":"<h3 style=\"text-align: justify;\"><span style=\"font-family: 'Open Sans';\">GARCIA FAURA interviene en la remodelaci\u00f3n integral del edificio MC Mutual, situado en la avenida Diagonal de Barcelona, \u200b\u200ben el barrio del Eixample. Se trata de una joya del post-racionalismo catal\u00e1n protegido por el Ayuntamiento de Barcelona.<\/span><\/h3>\n<p style=\"text-align: justify;\"><span style=\"font-family: 'Open Sans';\">El edificio fue concebido a finales de los a\u00f1os cincuenta del siglo XX por los fundadores del post-racionalismo catal\u00e1n, Oriol Bohigas, Josep Maria Martorell y Dami\u00e0 Ribas, para acoger la sede social y el hospital de la Mutua Metal\u00fargica de Seguros, pionera en la atenci\u00f3n a los trabajadores del metal.<\/span><\/p>\n<p style=\"text-align: justify;\"><span style=\"font-family: 'Open Sans';\">Se trata de un inmueble con <strong>fachada<\/strong> de forma triangular, con <strong>muro cortina<\/strong> y detalles en granito rosa y cobre oxidado. Tiene 6.657 metros cuadrados de superficie distribuidos en siete plantas, y estuvo en funcionamiento hasta finales de 2024. La reforma actual permitir\u00e1 centralizar las actividades de MC Mutual.<\/span><\/p>\n<p style=\"text-align: justify;\"><span style=\"font-family: 'Open Sans';\">La intervenci\u00f3n crear\u00e1 espacios de trabajo saludables, con oficinas insonorizadas y zonas colaborativas con tecnolog\u00eda avanzada para mantener reuniones presenciales o telem\u00e1ticas, adem\u00e1s de un sal\u00f3n de actos moderno y que respetar\u00e1 el valor arquitect\u00f3nico original.<\/span><\/p>\n<p style=\"text-align: justify;\"><span style=\"font-family: 'Open Sans';\">Tambi\u00e9n se preservar\u00e1n otros elementos emblem\u00e1ticos, como la escalera en espiral, espacios nobles, o el mural del fot\u00f3grafo Francesc Catal\u00e0 Roca o la pintura de Francesc Tod\u00f3, sendos homenajes a la industria metal\u00fargica.<\/span><\/p>\n<h4 style=\"text-align: justify;\"><span style=\"font-family: 'Open Sans';\">Un edificio eficiente y sostenible<\/span><\/h4>\n<p style=\"text-align: justify;\"><span style=\"font-family: 'Open Sans';\">La conservaci\u00f3n de estos elementos patrimoniales condicionar\u00e1 una reforma pionera en la eficiencia energ\u00e9tica y sostenible, como la instalaci\u00f3n de una cubierta fotovoltaica en la s\u00e9ptima planta, instalaci\u00f3n que generar\u00e1 energ\u00eda renovable para todo el edificio.<\/span><\/p>\n<p style=\"text-align: justify;\"><span style=\"font-family: 'Open Sans';\">Tambi\u00e9n se renovar\u00e1n los <strong>cerramientos<\/strong> y cristales exteriores con sistemas de climatizaci\u00f3n de alta eficiencia, con iluminaci\u00f3n led, que no s\u00f3lo reducir\u00e1 el consumo energ\u00e9tico, sino que tambi\u00e9n mejorar\u00e1 el aislamiento t\u00e9rmico y ac\u00fastico.<\/span><\/p>\n<p style=\"text-align: justify;\"><span style=\"font-family: 'Open Sans';\">Asimismo, tambi\u00e9n se implementar\u00e1n medidas para la gesti\u00f3n responsable del agua, con limitadores del consumo y sistemas de reciclaje.<\/span><\/p>\n<p style=\"text-align: justify;\"><span style=\"font-family: 'Open Sans';\">Bajo la premisa de la mejora de la eficiencia energ\u00e9tica del inmueble y la preservaci\u00f3n de los valores arquitect\u00f3nicos, <strong>GARCIA FAURA<\/strong> fabricar\u00e1 e instalar\u00e1 180 m\u00f3dulos de <strong>cerramientos<\/strong> en <strong>fachada<\/strong>, formados por conjuntos de ventanas de acero y <strong>cerramientos<\/strong> fijos. Se desarrollan a partir de una perfiler\u00eda de acero caracterizada por marcos estrechos, que se adapta a edificios como \u00e9ste, que presentan requisitos especiales en materia de conservaci\u00f3n hist\u00f3rica.<\/span><\/p>\n<p style=\"text-align: justify;\"><span style=\"font-family: 'Open Sans';\">Los trabajos se completan con el suministro e instalaci\u00f3n de 1.300 metros cuadrados de vidrier\u00eda de altas prestaciones t\u00e9cnicas.<\/span><\/p>\n<p style=\"text-align: justify;\"><span style=\"font-family: 'Open Sans';\">El conjunto de actuaciones de <strong>GARCIA FAURA<\/strong> en este proyecto est\u00e1n sometidas a los protocolos de control de calidad internos, tanto en taller como en instalaci\u00f3n, con el objetivo de garantizar la m\u00e1xima satisfacci\u00f3n del cliente y seguir convirti\u00e9ndose en empresa de referencia en materia de calidad y acabados.<\/span><\/p>\n","protected":false},"excerpt":{"rendered":"<p>GARCIA FAURA interviene en la remodelaci\u00f3n integral del edificio MC Mutual, situado en la avenida Diagonal de Barcelona, \u200b\u200ben el barrio del Eixample. Se trata de una joya del post-racionalismo catal\u00e1n protegido por el Ayuntamiento de Barcelona. El edificio fue&hellip;<\/p>\n","protected":false},"author":3,"featured_media":39889,"comment_status":"closed","ping_status":"open","sticky":false,"template":"","format":"standard","meta":{"footnotes":""},"categories":[3],"tags":[],"post_series":[],"class_list":["post-40238","post","type-post","status-publish","format-standard","has-post-thumbnail","hentry","category-actualidad","entry","has-media"],"yoast_head":"<!-- This site is optimized with the Yoast SEO plugin v26.7 - https:\/\/yoast.com\/wordpress\/plugins\/seo\/ -->\n<title>GARCIA FAURA participa en la rehabilitaci\u00f3n del edificio hist\u00f3rico de la Mutua Metal\u00fargica de Barcelona - GARCIA FAURA<\/title>\n<meta name=\"description\" content=\"Arquitectura en Alumini, Inox, Ferro i Vidre\" \/>\n<meta name=\"robots\" content=\"index, follow, max-snippet:-1, max-image-preview:large, max-video-preview:-1\" \/>\n<link rel=\"canonical\" href=\"https:\/\/www.garciafaura.com\/es\/garcia-faura-participa-en-la-rehabilitacio-de-ledifici-historic-de-la-mutua-metallurgica-de-barcelona\/\" \/>\n<meta property=\"og:locale\" content=\"es_ES\" \/>\n<meta property=\"og:type\" content=\"article\" \/>\n<meta property=\"og:title\" content=\"GARCIA FAURA participa en la rehabilitaci\u00f3n del edificio hist\u00f3rico de la Mutua Metal\u00fargica de Barcelona - GARCIA FAURA\" \/>\n<meta property=\"og:description\" content=\"Arquitectura en Alumini, Inox, Ferro i Vidre\" \/>\n<meta property=\"og:url\" content=\"https:\/\/www.garciafaura.com\/es\/garcia-faura-participa-en-la-rehabilitacio-de-ledifici-historic-de-la-mutua-metallurgica-de-barcelona\/\" \/>\n<meta property=\"og:site_name\" content=\"GARCIA FAURA\" \/>\n<meta property=\"article:published_time\" content=\"2025-07-04T09:50:29+00:00\" \/>\n<meta property=\"article:modified_time\" content=\"2025-07-04T10:01:11+00:00\" \/>\n<meta property=\"og:image\" content=\"https:\/\/www.garciafaura.com\/wp-content\/uploads\/2025\/05\/EdificiMutua-optimitzada.jpg\" \/>\n\t<meta property=\"og:image:width\" content=\"1200\" \/>\n\t<meta property=\"og:image:height\" content=\"628\" \/>\n\t<meta property=\"og:image:type\" content=\"image\/jpeg\" \/>\n<meta name=\"author\" content=\"David Achell\" \/>\n<meta name=\"twitter:card\" content=\"summary_large_image\" \/>\n<meta name=\"twitter:label1\" content=\"Escrito por\" \/>\n\t<meta name=\"twitter:data1\" content=\"David Achell\" \/>\n\t<meta name=\"twitter:label2\" content=\"Tiempo de lectura\" \/>\n\t<meta name=\"twitter:data2\" content=\"3 minutos\" \/>\n<script type=\"application\/ld+json\" class=\"yoast-schema-graph\">{\"@context\":\"https:\/\/schema.org\",\"@graph\":[{\"@type\":\"Article\",\"@id\":\"https:\/\/www.garciafaura.com\/es\/garcia-faura-participa-en-la-rehabilitacio-de-ledifici-historic-de-la-mutua-metallurgica-de-barcelona\/#article\",\"isPartOf\":{\"@id\":\"https:\/\/www.garciafaura.com\/es\/garcia-faura-participa-en-la-rehabilitacio-de-ledifici-historic-de-la-mutua-metallurgica-de-barcelona\/\"},\"author\":{\"name\":\"David Achell\",\"@id\":\"https:\/\/www.garciafaura.com\/fr\/#\/schema\/person\/b4b75e69b33fac3446071909bec106b0\"},\"headline\":\"GARCIA FAURA participa en la rehabilitaci\u00f3n del edificio hist\u00f3rico de la Mutua Metal\u00fargica de Barcelona\",\"datePublished\":\"2025-07-04T09:50:29+00:00\",\"dateModified\":\"2025-07-04T10:01:11+00:00\",\"mainEntityOfPage\":{\"@id\":\"https:\/\/www.garciafaura.com\/es\/garcia-faura-participa-en-la-rehabilitacio-de-ledifici-historic-de-la-mutua-metallurgica-de-barcelona\/\"},\"wordCount\":500,\"publisher\":{\"@id\":\"https:\/\/www.garciafaura.com\/fr\/#organization\"},\"image\":{\"@id\":\"https:\/\/www.garciafaura.com\/es\/garcia-faura-participa-en-la-rehabilitacio-de-ledifici-historic-de-la-mutua-metallurgica-de-barcelona\/#primaryimage\"},\"thumbnailUrl\":\"https:\/\/www.garciafaura.com\/wp-content\/uploads\/2025\/05\/EdificiMutua-optimitzada.jpg\",\"articleSection\":[\"Actualidad\"],\"inLanguage\":\"es\"},{\"@type\":\"WebPage\",\"@id\":\"https:\/\/www.garciafaura.com\/es\/garcia-faura-participa-en-la-rehabilitacio-de-ledifici-historic-de-la-mutua-metallurgica-de-barcelona\/\",\"url\":\"https:\/\/www.garciafaura.com\/es\/garcia-faura-participa-en-la-rehabilitacio-de-ledifici-historic-de-la-mutua-metallurgica-de-barcelona\/\",\"name\":\"GARCIA FAURA participa en la rehabilitaci\u00f3n del edificio hist\u00f3rico de la Mutua Metal\u00fargica de Barcelona - GARCIA FAURA\",\"isPartOf\":{\"@id\":\"https:\/\/www.garciafaura.com\/fr\/#website\"},\"primaryImageOfPage\":{\"@id\":\"https:\/\/www.garciafaura.com\/es\/garcia-faura-participa-en-la-rehabilitacio-de-ledifici-historic-de-la-mutua-metallurgica-de-barcelona\/#primaryimage\"},\"image\":{\"@id\":\"https:\/\/www.garciafaura.com\/es\/garcia-faura-participa-en-la-rehabilitacio-de-ledifici-historic-de-la-mutua-metallurgica-de-barcelona\/#primaryimage\"},\"thumbnailUrl\":\"https:\/\/www.garciafaura.com\/wp-content\/uploads\/2025\/05\/EdificiMutua-optimitzada.jpg\",\"datePublished\":\"2025-07-04T09:50:29+00:00\",\"dateModified\":\"2025-07-04T10:01:11+00:00\",\"description\":\"Arquitectura en Alumini, Inox, Ferro i Vidre\",\"breadcrumb\":{\"@id\":\"https:\/\/www.garciafaura.com\/es\/garcia-faura-participa-en-la-rehabilitacio-de-ledifici-historic-de-la-mutua-metallurgica-de-barcelona\/#breadcrumb\"},\"inLanguage\":\"es\",\"potentialAction\":[{\"@type\":\"ReadAction\",\"target\":[\"https:\/\/www.garciafaura.com\/es\/garcia-faura-participa-en-la-rehabilitacio-de-ledifici-historic-de-la-mutua-metallurgica-de-barcelona\/\"]}]},{\"@type\":\"ImageObject\",\"inLanguage\":\"es\",\"@id\":\"https:\/\/www.garciafaura.com\/es\/garcia-faura-participa-en-la-rehabilitacio-de-ledifici-historic-de-la-mutua-metallurgica-de-barcelona\/#primaryimage\",\"url\":\"https:\/\/www.garciafaura.com\/wp-content\/uploads\/2025\/05\/EdificiMutua-optimitzada.jpg\",\"contentUrl\":\"https:\/\/www.garciafaura.com\/wp-content\/uploads\/2025\/05\/EdificiMutua-optimitzada.jpg\",\"width\":1200,\"height\":628},{\"@type\":\"BreadcrumbList\",\"@id\":\"https:\/\/www.garciafaura.com\/es\/garcia-faura-participa-en-la-rehabilitacio-de-ledifici-historic-de-la-mutua-metallurgica-de-barcelona\/#breadcrumb\",\"itemListElement\":[{\"@type\":\"ListItem\",\"position\":1,\"name\":\"Inici\",\"item\":\"https:\/\/www.garciafaura.com\/es\/\"},{\"@type\":\"ListItem\",\"position\":2,\"name\":\"GARCIA FAURA participa en la rehabilitaci\u00f3n del edificio hist\u00f3rico de la Mutua Metal\u00fargica de Barcelona\"}]},{\"@type\":\"WebSite\",\"@id\":\"https:\/\/www.garciafaura.com\/fr\/#website\",\"url\":\"https:\/\/www.garciafaura.com\/fr\/\",\"name\":\"GARCIA FAURA\",\"description\":\"Arquitectura en Alumini, Inox, Ferro i Vidre\",\"publisher\":{\"@id\":\"https:\/\/www.garciafaura.com\/fr\/#organization\"},\"potentialAction\":[{\"@type\":\"SearchAction\",\"target\":{\"@type\":\"EntryPoint\",\"urlTemplate\":\"https:\/\/www.garciafaura.com\/fr\/?s={search_term_string}\"},\"query-input\":{\"@type\":\"PropertyValueSpecification\",\"valueRequired\":true,\"valueName\":\"search_term_string\"}}],\"inLanguage\":\"es\"},{\"@type\":\"Organization\",\"@id\":\"https:\/\/www.garciafaura.com\/fr\/#organization\",\"name\":\"GARCIA FAURA\",\"url\":\"https:\/\/www.garciafaura.com\/fr\/\",\"logo\":{\"@type\":\"ImageObject\",\"inLanguage\":\"es\",\"@id\":\"https:\/\/www.garciafaura.com\/fr\/#\/schema\/logo\/image\/\",\"url\":\"https:\/\/www.garciafaura.com\/wp-content\/uploads\/2018\/09\/Garcia-Faura.png\",\"contentUrl\":\"https:\/\/www.garciafaura.com\/wp-content\/uploads\/2018\/09\/Garcia-Faura.png\",\"width\":512,\"height\":512,\"caption\":\"GARCIA FAURA\"},\"image\":{\"@id\":\"https:\/\/www.garciafaura.com\/fr\/#\/schema\/logo\/image\/\"},\"sameAs\":[\"https:\/\/www.youtube.com\/user\/GARCIAFAURA\"]},{\"@type\":\"Person\",\"@id\":\"https:\/\/www.garciafaura.com\/fr\/#\/schema\/person\/b4b75e69b33fac3446071909bec106b0\",\"name\":\"David Achell\",\"image\":{\"@type\":\"ImageObject\",\"inLanguage\":\"es\",\"@id\":\"https:\/\/www.garciafaura.com\/fr\/#\/schema\/person\/image\/\",\"url\":\"https:\/\/secure.gravatar.com\/avatar\/03900210afc1f61bce737bcb4a79c02e2c997f171e3eca839b5a4cbe03846c90?s=96&d=blank&r=g\",\"contentUrl\":\"https:\/\/secure.gravatar.com\/avatar\/03900210afc1f61bce737bcb4a79c02e2c997f171e3eca839b5a4cbe03846c90?s=96&d=blank&r=g\",\"caption\":\"David Achell\"}}]}<\/script>\n<!-- \/ Yoast SEO plugin. -->","yoast_head_json":{"title":"GARCIA FAURA participa en la rehabilitaci\u00f3n del edificio hist\u00f3rico de la Mutua Metal\u00fargica de Barcelona - GARCIA FAURA","description":"Arquitectura en Alumini, Inox, Ferro i Vidre","robots":{"index":"index","follow":"follow","max-snippet":"max-snippet:-1","max-image-preview":"max-image-preview:large","max-video-preview":"max-video-preview:-1"},"canonical":"https:\/\/www.garciafaura.com\/es\/garcia-faura-participa-en-la-rehabilitacio-de-ledifici-historic-de-la-mutua-metallurgica-de-barcelona\/","og_locale":"es_ES","og_type":"article","og_title":"GARCIA FAURA participa en la rehabilitaci\u00f3n del edificio hist\u00f3rico de la Mutua Metal\u00fargica de Barcelona - GARCIA FAURA","og_description":"Arquitectura en Alumini, Inox, Ferro i Vidre","og_url":"https:\/\/www.garciafaura.com\/es\/garcia-faura-participa-en-la-rehabilitacio-de-ledifici-historic-de-la-mutua-metallurgica-de-barcelona\/","og_site_name":"GARCIA FAURA","article_published_time":"2025-07-04T09:50:29+00:00","article_modified_time":"2025-07-04T10:01:11+00:00","og_image":[{"width":1200,"height":628,"url":"https:\/\/www.garciafaura.com\/wp-content\/uploads\/2025\/05\/EdificiMutua-optimitzada.jpg","type":"image\/jpeg"}],"author":"David Achell","twitter_card":"summary_large_image","twitter_misc":{"Escrito por":"David Achell","Tiempo de lectura":"3 minutos"},"schema":{"@context":"https:\/\/schema.org","@graph":[{"@type":"Article","@id":"https:\/\/www.garciafaura.com\/es\/garcia-faura-participa-en-la-rehabilitacio-de-ledifici-historic-de-la-mutua-metallurgica-de-barcelona\/#article","isPartOf":{"@id":"https:\/\/www.garciafaura.com\/es\/garcia-faura-participa-en-la-rehabilitacio-de-ledifici-historic-de-la-mutua-metallurgica-de-barcelona\/"},"author":{"name":"David Achell","@id":"https:\/\/www.garciafaura.com\/fr\/#\/schema\/person\/b4b75e69b33fac3446071909bec106b0"},"headline":"GARCIA FAURA participa en la rehabilitaci\u00f3n del edificio hist\u00f3rico de la Mutua Metal\u00fargica de Barcelona","datePublished":"2025-07-04T09:50:29+00:00","dateModified":"2025-07-04T10:01:11+00:00","mainEntityOfPage":{"@id":"https:\/\/www.garciafaura.com\/es\/garcia-faura-participa-en-la-rehabilitacio-de-ledifici-historic-de-la-mutua-metallurgica-de-barcelona\/"},"wordCount":500,"publisher":{"@id":"https:\/\/www.garciafaura.com\/fr\/#organization"},"image":{"@id":"https:\/\/www.garciafaura.com\/es\/garcia-faura-participa-en-la-rehabilitacio-de-ledifici-historic-de-la-mutua-metallurgica-de-barcelona\/#primaryimage"},"thumbnailUrl":"https:\/\/www.garciafaura.com\/wp-content\/uploads\/2025\/05\/EdificiMutua-optimitzada.jpg","articleSection":["Actualidad"],"inLanguage":"es"},{"@type":"WebPage","@id":"https:\/\/www.garciafaura.com\/es\/garcia-faura-participa-en-la-rehabilitacio-de-ledifici-historic-de-la-mutua-metallurgica-de-barcelona\/","url":"https:\/\/www.garciafaura.com\/es\/garcia-faura-participa-en-la-rehabilitacio-de-ledifici-historic-de-la-mutua-metallurgica-de-barcelona\/","name":"GARCIA FAURA participa en la rehabilitaci\u00f3n del edificio hist\u00f3rico de la Mutua Metal\u00fargica de Barcelona - GARCIA FAURA","isPartOf":{"@id":"https:\/\/www.garciafaura.com\/fr\/#website"},"primaryImageOfPage":{"@id":"https:\/\/www.garciafaura.com\/es\/garcia-faura-participa-en-la-rehabilitacio-de-ledifici-historic-de-la-mutua-metallurgica-de-barcelona\/#primaryimage"},"image":{"@id":"https:\/\/www.garciafaura.com\/es\/garcia-faura-participa-en-la-rehabilitacio-de-ledifici-historic-de-la-mutua-metallurgica-de-barcelona\/#primaryimage"},"thumbnailUrl":"https:\/\/www.garciafaura.com\/wp-content\/uploads\/2025\/05\/EdificiMutua-optimitzada.jpg","datePublished":"2025-07-04T09:50:29+00:00","dateModified":"2025-07-04T10:01:11+00:00","description":"Arquitectura en Alumini, Inox, Ferro i Vidre","breadcrumb":{"@id":"https:\/\/www.garciafaura.com\/es\/garcia-faura-participa-en-la-rehabilitacio-de-ledifici-historic-de-la-mutua-metallurgica-de-barcelona\/#breadcrumb"},"inLanguage":"es","potentialAction":[{"@type":"ReadAction","target":["https:\/\/www.garciafaura.com\/es\/garcia-faura-participa-en-la-rehabilitacio-de-ledifici-historic-de-la-mutua-metallurgica-de-barcelona\/"]}]},{"@type":"ImageObject","inLanguage":"es","@id":"https:\/\/www.garciafaura.com\/es\/garcia-faura-participa-en-la-rehabilitacio-de-ledifici-historic-de-la-mutua-metallurgica-de-barcelona\/#primaryimage","url":"https:\/\/www.garciafaura.com\/wp-content\/uploads\/2025\/05\/EdificiMutua-optimitzada.jpg","contentUrl":"https:\/\/www.garciafaura.com\/wp-content\/uploads\/2025\/05\/EdificiMutua-optimitzada.jpg","width":1200,"height":628},{"@type":"BreadcrumbList","@id":"https:\/\/www.garciafaura.com\/es\/garcia-faura-participa-en-la-rehabilitacio-de-ledifici-historic-de-la-mutua-metallurgica-de-barcelona\/#breadcrumb","itemListElement":[{"@type":"ListItem","position":1,"name":"Inici","item":"https:\/\/www.garciafaura.com\/es\/"},{"@type":"ListItem","position":2,"name":"GARCIA FAURA participa en la rehabilitaci\u00f3n del edificio hist\u00f3rico de la Mutua Metal\u00fargica de Barcelona"}]},{"@type":"WebSite","@id":"https:\/\/www.garciafaura.com\/fr\/#website","url":"https:\/\/www.garciafaura.com\/fr\/","name":"GARCIA FAURA","description":"Arquitectura en Alumini, Inox, Ferro i Vidre","publisher":{"@id":"https:\/\/www.garciafaura.com\/fr\/#organization"},"potentialAction":[{"@type":"SearchAction","target":{"@type":"EntryPoint","urlTemplate":"https:\/\/www.garciafaura.com\/fr\/?s={search_term_string}"},"query-input":{"@type":"PropertyValueSpecification","valueRequired":true,"valueName":"search_term_string"}}],"inLanguage":"es"},{"@type":"Organization","@id":"https:\/\/www.garciafaura.com\/fr\/#organization","name":"GARCIA FAURA","url":"https:\/\/www.garciafaura.com\/fr\/","logo":{"@type":"ImageObject","inLanguage":"es","@id":"https:\/\/www.garciafaura.com\/fr\/#\/schema\/logo\/image\/","url":"https:\/\/www.garciafaura.com\/wp-content\/uploads\/2018\/09\/Garcia-Faura.png","contentUrl":"https:\/\/www.garciafaura.com\/wp-content\/uploads\/2018\/09\/Garcia-Faura.png","width":512,"height":512,"caption":"GARCIA FAURA"},"image":{"@id":"https:\/\/www.garciafaura.com\/fr\/#\/schema\/logo\/image\/"},"sameAs":["https:\/\/www.youtube.com\/user\/GARCIAFAURA"]},{"@type":"Person","@id":"https:\/\/www.garciafaura.com\/fr\/#\/schema\/person\/b4b75e69b33fac3446071909bec106b0","name":"David Achell","image":{"@type":"ImageObject","inLanguage":"es","@id":"https:\/\/www.garciafaura.com\/fr\/#\/schema\/person\/image\/","url":"https:\/\/secure.gravatar.com\/avatar\/03900210afc1f61bce737bcb4a79c02e2c997f171e3eca839b5a4cbe03846c90?s=96&d=blank&r=g","contentUrl":"https:\/\/secure.gravatar.com\/avatar\/03900210afc1f61bce737bcb4a79c02e2c997f171e3eca839b5a4cbe03846c90?s=96&d=blank&r=g","caption":"David Achell"}}]}},"_links":{"self":[{"href":"https:\/\/www.garciafaura.com\/es\/wp-json\/wp\/v2\/posts\/40238","targetHints":{"allow":["GET"]}}],"collection":[{"href":"https:\/\/www.garciafaura.com\/es\/wp-json\/wp\/v2\/posts"}],"about":[{"href":"https:\/\/www.garciafaura.com\/es\/wp-json\/wp\/v2\/types\/post"}],"author":[{"embeddable":true,"href":"https:\/\/www.garciafaura.com\/es\/wp-json\/wp\/v2\/users\/3"}],"replies":[{"embeddable":true,"href":"https:\/\/www.garciafaura.com\/es\/wp-json\/wp\/v2\/comments?post=40238"}],"version-history":[{"count":2,"href":"https:\/\/www.garciafaura.com\/es\/wp-json\/wp\/v2\/posts\/40238\/revisions"}],"predecessor-version":[{"id":40240,"href":"https:\/\/www.garciafaura.com\/es\/wp-json\/wp\/v2\/posts\/40238\/revisions\/40240"}],"wp:featuredmedia":[{"embeddable":true,"href":"https:\/\/www.garciafaura.com\/es\/wp-json\/wp\/v2\/media\/39889"}],"wp:attachment":[{"href":"https:\/\/www.garciafaura.com\/es\/wp-json\/wp\/v2\/media?parent=40238"}],"wp:term":[{"taxonomy":"category","embeddable":true,"href":"https:\/\/www.garciafaura.com\/es\/wp-json\/wp\/v2\/categories?post=40238"},{"taxonomy":"post_tag","embeddable":true,"href":"https:\/\/www.garciafaura.com\/es\/wp-json\/wp\/v2\/tags?post=40238"},{"taxonomy":"post_series","embeddable":true,"href":"https:\/\/www.garciafaura.com\/es\/wp-json\/wp\/v2\/post_series?post=40238"}],"curies":[{"name":"wp","href":"https:\/\/api.w.org\/{rel}","templated":true}]}}