{"id":39962,"date":"2025-06-06T09:17:04","date_gmt":"2025-06-06T07:17:04","guid":{"rendered":"https:\/\/www.garciafaura.com\/treballs-de-garcia-faura-en-un-nou-edifici-doficines-de-treball-compartit-a-barcelona\/"},"modified":"2025-06-06T09:22:34","modified_gmt":"2025-06-06T07:22:34","slug":"treballs-de-garcia-faura-en-un-nou-edifici-doficines-de-treball-compartit-a-barcelona","status":"publish","type":"post","link":"https:\/\/www.garciafaura.com\/es\/treballs-de-garcia-faura-en-un-nou-edifici-doficines-de-treball-compartit-a-barcelona\/","title":{"rendered":"Trabajos de GARCIA FAURA en un nuevo edificio de oficinas de trabajo compartido en Barcelona"},"content":{"rendered":"<h3><span style=\"font-family: 'Open Sans';\">El proyecto se desarrolla en el distrito 22@ de la capital catalana, en el barrio de Poblenou, y se convierte en una apuesta por la sostenibilidad y el confort, con criterios de sostenibilidad en su construcci\u00f3n.<\/span><\/h3>\n<p style=\"text-align: justify;\"><span style=\"font-family: 'Open Sans';\">El barrio de Poblenou, en el distrito 22@ de Barcelona, \u200b\u200bacoger\u00e1 un nuevo espacio de trabajo compartido que apuesta por la sostenibilidad y el confort. El proyecto, dise\u00f1ado por el estudio de arquitectura Batlleiroig, se integra de forma armoniosa en el entorno industrial del barrio, respetando la altura de los edificios vecinos y potenciando las zonas verdes interiores de la isla.<\/span><\/p>\n<p style=\"text-align: justify;\"><span style=\"font-family: 'Open Sans';\">Con una superficie de 3.561 metros cuadrados, el edificio se distribuye en dos estructuras: un bloque de tres plantas que da a la calle Llacuna y otro de dos plantas orientado al pasaje Bori. La planta baja ocupa toda la parcela y el conjunto dispone de un nivel subterr\u00e1neo destinado a aparcamiento.<\/span><\/p>\n<p style=\"text-align: justify;\"><span style=\"font-family: 'Open Sans';\">La <strong>fachada<\/strong> destaca por su innovaci\u00f3n y respeto por el pasado industrial de la zona. Est\u00e1 compuesta por columnas cer\u00e1micas hechas con bloques de tierra compactada, un material sostenible que reduce las emisiones de di\u00f3xido de carbono durante su fabricaci\u00f3n. Esta estructura se combina con elementos de hormig\u00f3n prefabricado que regulan la luz natural en su interior y facilitan la ventilaci\u00f3n cruzada, lo que mejora el confort de los espacios de trabajo.<\/span><\/p>\n<p style=\"text-align: justify;\"><span style=\"font-family: 'Open Sans';\">Todo ello se complementa con el conjunto de carpinter\u00edas de <strong>aluminio<\/strong> desarrolladas, fabricadas e instaladas por <strong>GARCIA FAURA<\/strong>. Un centenar de unidades que se suman al resto de trabajos que se llevan a cabo para este proyecto, entre ellos tres lucernarios interiores, cierres fijos y puertas de acceso.<\/span><\/p>\n<p style=\"text-align: justify;\"><span style=\"font-family: 'Open Sans';\">Uno de los aspectos m\u00e1s destacados del proyecto ser\u00e1 precisamente el protagonismo de la luz natural y la conexi\u00f3n entre los espacios interiores y las zonas al aire libre, fomentando una experiencia laboral m\u00e1s saludable y agradable.<\/span><\/p>\n<p style=\"text-align: justify;\"><span style=\"font-family: 'Open Sans';\">Para este proyecto, <strong>GARCIA FAURA<\/strong> fabricar\u00e1 e instalar\u00e1 102 unidades de carpinter\u00eda de <strong>aluminio<\/strong>, siete unidades de puertas de <strong>aluminio<\/strong> (dos de ellas met\u00e1licas), tres claraboyas, 95,16 metros cuadrados de revestimientos exteriores y 16,19 metros cuadrados de revestimientos interiores. Tambi\u00e9n se colocar\u00e1n 244,77 metros cuadrados de panel forjado y 224,02 metros cuadrados de paneles en los pilares.<\/span><\/p>\n","protected":false},"excerpt":{"rendered":"<p>El proyecto se desarrolla en el distrito 22@ de la capital catalana, en el barrio de Poblenou, y se convierte en una apuesta por la sostenibilidad y el confort, con criterios de sostenibilidad en su construcci\u00f3n. El barrio de Poblenou,&hellip;<\/p>\n","protected":false},"author":3,"featured_media":39949,"comment_status":"closed","ping_status":"open","sticky":false,"template":"","format":"gallery","meta":{"footnotes":""},"categories":[3],"tags":[],"post_series":[],"class_list":["post-39962","post","type-post","status-publish","format-gallery","has-post-thumbnail","hentry","category-actualidad","post_format-post-format-gallery","entry","has-media"],"yoast_head":"<!-- This site is optimized with the Yoast SEO plugin v26.7 - https:\/\/yoast.com\/wordpress\/plugins\/seo\/ -->\n<title>Trabajos de GARCIA FAURA en un nuevo edificio de oficinas de trabajo compartido en Barcelona - GARCIA FAURA<\/title>\n<meta name=\"description\" content=\"Arquitectura en Alumini, Inox, Ferro i Vidre\" \/>\n<meta name=\"robots\" content=\"index, follow, max-snippet:-1, max-image-preview:large, max-video-preview:-1\" \/>\n<link rel=\"canonical\" href=\"https:\/\/www.garciafaura.com\/es\/treballs-de-garcia-faura-en-un-nou-edifici-doficines-de-treball-compartit-a-barcelona\/\" \/>\n<meta property=\"og:locale\" content=\"es_ES\" \/>\n<meta property=\"og:type\" content=\"article\" \/>\n<meta property=\"og:title\" content=\"Trabajos de GARCIA FAURA en un nuevo edificio de oficinas de trabajo compartido en Barcelona - GARCIA FAURA\" \/>\n<meta property=\"og:description\" content=\"Arquitectura en Alumini, Inox, Ferro i Vidre\" \/>\n<meta property=\"og:url\" content=\"https:\/\/www.garciafaura.com\/es\/treballs-de-garcia-faura-en-un-nou-edifici-doficines-de-treball-compartit-a-barcelona\/\" \/>\n<meta property=\"og:site_name\" content=\"GARCIA FAURA\" \/>\n<meta property=\"article:published_time\" content=\"2025-06-06T07:17:04+00:00\" \/>\n<meta property=\"article:modified_time\" content=\"2025-06-06T07:22:34+00:00\" \/>\n<meta property=\"og:image\" content=\"https:\/\/www.garciafaura.com\/wp-content\/uploads\/2025\/06\/OCW-Llacuna-1-1024x467.jpg\" \/>\n\t<meta property=\"og:image:width\" content=\"1024\" \/>\n\t<meta property=\"og:image:height\" content=\"467\" \/>\n\t<meta property=\"og:image:type\" content=\"image\/jpeg\" \/>\n<meta name=\"author\" content=\"David Achell\" \/>\n<meta name=\"twitter:card\" content=\"summary_large_image\" \/>\n<meta name=\"twitter:label1\" content=\"Escrito por\" \/>\n\t<meta name=\"twitter:data1\" content=\"David Achell\" \/>\n\t<meta name=\"twitter:label2\" content=\"Tiempo de lectura\" \/>\n\t<meta name=\"twitter:data2\" content=\"3 minutos\" \/>\n<script type=\"application\/ld+json\" class=\"yoast-schema-graph\">{\"@context\":\"https:\/\/schema.org\",\"@graph\":[{\"@type\":\"Article\",\"@id\":\"https:\/\/www.garciafaura.com\/es\/treballs-de-garcia-faura-en-un-nou-edifici-doficines-de-treball-compartit-a-barcelona\/#article\",\"isPartOf\":{\"@id\":\"https:\/\/www.garciafaura.com\/es\/treballs-de-garcia-faura-en-un-nou-edifici-doficines-de-treball-compartit-a-barcelona\/\"},\"author\":{\"name\":\"David Achell\",\"@id\":\"https:\/\/www.garciafaura.com\/fr\/#\/schema\/person\/b4b75e69b33fac3446071909bec106b0\"},\"headline\":\"Trabajos de GARCIA FAURA en un nuevo edificio de oficinas de trabajo compartido en Barcelona\",\"datePublished\":\"2025-06-06T07:17:04+00:00\",\"dateModified\":\"2025-06-06T07:22:34+00:00\",\"mainEntityOfPage\":{\"@id\":\"https:\/\/www.garciafaura.com\/es\/treballs-de-garcia-faura-en-un-nou-edifici-doficines-de-treball-compartit-a-barcelona\/\"},\"wordCount\":387,\"publisher\":{\"@id\":\"https:\/\/www.garciafaura.com\/fr\/#organization\"},\"image\":{\"@id\":\"https:\/\/www.garciafaura.com\/es\/treballs-de-garcia-faura-en-un-nou-edifici-doficines-de-treball-compartit-a-barcelona\/#primaryimage\"},\"thumbnailUrl\":\"https:\/\/www.garciafaura.com\/wp-content\/uploads\/2025\/06\/OCW-Llacuna-1.jpg\",\"articleSection\":[\"Actualidad\"],\"inLanguage\":\"es\"},{\"@type\":\"WebPage\",\"@id\":\"https:\/\/www.garciafaura.com\/es\/treballs-de-garcia-faura-en-un-nou-edifici-doficines-de-treball-compartit-a-barcelona\/\",\"url\":\"https:\/\/www.garciafaura.com\/es\/treballs-de-garcia-faura-en-un-nou-edifici-doficines-de-treball-compartit-a-barcelona\/\",\"name\":\"Trabajos de GARCIA FAURA en un nuevo edificio de oficinas de trabajo compartido en Barcelona - GARCIA FAURA\",\"isPartOf\":{\"@id\":\"https:\/\/www.garciafaura.com\/fr\/#website\"},\"primaryImageOfPage\":{\"@id\":\"https:\/\/www.garciafaura.com\/es\/treballs-de-garcia-faura-en-un-nou-edifici-doficines-de-treball-compartit-a-barcelona\/#primaryimage\"},\"image\":{\"@id\":\"https:\/\/www.garciafaura.com\/es\/treballs-de-garcia-faura-en-un-nou-edifici-doficines-de-treball-compartit-a-barcelona\/#primaryimage\"},\"thumbnailUrl\":\"https:\/\/www.garciafaura.com\/wp-content\/uploads\/2025\/06\/OCW-Llacuna-1.jpg\",\"datePublished\":\"2025-06-06T07:17:04+00:00\",\"dateModified\":\"2025-06-06T07:22:34+00:00\",\"description\":\"Arquitectura en Alumini, Inox, Ferro i Vidre\",\"breadcrumb\":{\"@id\":\"https:\/\/www.garciafaura.com\/es\/treballs-de-garcia-faura-en-un-nou-edifici-doficines-de-treball-compartit-a-barcelona\/#breadcrumb\"},\"inLanguage\":\"es\",\"potentialAction\":[{\"@type\":\"ReadAction\",\"target\":[\"https:\/\/www.garciafaura.com\/es\/treballs-de-garcia-faura-en-un-nou-edifici-doficines-de-treball-compartit-a-barcelona\/\"]}]},{\"@type\":\"ImageObject\",\"inLanguage\":\"es\",\"@id\":\"https:\/\/www.garciafaura.com\/es\/treballs-de-garcia-faura-en-un-nou-edifici-doficines-de-treball-compartit-a-barcelona\/#primaryimage\",\"url\":\"https:\/\/www.garciafaura.com\/wp-content\/uploads\/2025\/06\/OCW-Llacuna-1.jpg\",\"contentUrl\":\"https:\/\/www.garciafaura.com\/wp-content\/uploads\/2025\/06\/OCW-Llacuna-1.jpg\",\"width\":2200,\"height\":1004},{\"@type\":\"BreadcrumbList\",\"@id\":\"https:\/\/www.garciafaura.com\/es\/treballs-de-garcia-faura-en-un-nou-edifici-doficines-de-treball-compartit-a-barcelona\/#breadcrumb\",\"itemListElement\":[{\"@type\":\"ListItem\",\"position\":1,\"name\":\"Inici\",\"item\":\"https:\/\/www.garciafaura.com\/es\/\"},{\"@type\":\"ListItem\",\"position\":2,\"name\":\"Trabajos de GARCIA FAURA en un nuevo edificio de oficinas de trabajo compartido en Barcelona\"}]},{\"@type\":\"WebSite\",\"@id\":\"https:\/\/www.garciafaura.com\/fr\/#website\",\"url\":\"https:\/\/www.garciafaura.com\/fr\/\",\"name\":\"GARCIA FAURA\",\"description\":\"Arquitectura en Alumini, Inox, Ferro i Vidre\",\"publisher\":{\"@id\":\"https:\/\/www.garciafaura.com\/fr\/#organization\"},\"potentialAction\":[{\"@type\":\"SearchAction\",\"target\":{\"@type\":\"EntryPoint\",\"urlTemplate\":\"https:\/\/www.garciafaura.com\/fr\/?s={search_term_string}\"},\"query-input\":{\"@type\":\"PropertyValueSpecification\",\"valueRequired\":true,\"valueName\":\"search_term_string\"}}],\"inLanguage\":\"es\"},{\"@type\":\"Organization\",\"@id\":\"https:\/\/www.garciafaura.com\/fr\/#organization\",\"name\":\"GARCIA FAURA\",\"url\":\"https:\/\/www.garciafaura.com\/fr\/\",\"logo\":{\"@type\":\"ImageObject\",\"inLanguage\":\"es\",\"@id\":\"https:\/\/www.garciafaura.com\/fr\/#\/schema\/logo\/image\/\",\"url\":\"https:\/\/www.garciafaura.com\/wp-content\/uploads\/2018\/09\/Garcia-Faura.png\",\"contentUrl\":\"https:\/\/www.garciafaura.com\/wp-content\/uploads\/2018\/09\/Garcia-Faura.png\",\"width\":512,\"height\":512,\"caption\":\"GARCIA FAURA\"},\"image\":{\"@id\":\"https:\/\/www.garciafaura.com\/fr\/#\/schema\/logo\/image\/\"},\"sameAs\":[\"https:\/\/www.youtube.com\/user\/GARCIAFAURA\"]},{\"@type\":\"Person\",\"@id\":\"https:\/\/www.garciafaura.com\/fr\/#\/schema\/person\/b4b75e69b33fac3446071909bec106b0\",\"name\":\"David Achell\",\"image\":{\"@type\":\"ImageObject\",\"inLanguage\":\"es\",\"@id\":\"https:\/\/www.garciafaura.com\/fr\/#\/schema\/person\/image\/\",\"url\":\"https:\/\/secure.gravatar.com\/avatar\/03900210afc1f61bce737bcb4a79c02e2c997f171e3eca839b5a4cbe03846c90?s=96&d=blank&r=g\",\"contentUrl\":\"https:\/\/secure.gravatar.com\/avatar\/03900210afc1f61bce737bcb4a79c02e2c997f171e3eca839b5a4cbe03846c90?s=96&d=blank&r=g\",\"caption\":\"David Achell\"}}]}<\/script>\n<!-- \/ Yoast SEO plugin. -->","yoast_head_json":{"title":"Trabajos de GARCIA FAURA en un nuevo edificio de oficinas de trabajo compartido en Barcelona - GARCIA FAURA","description":"Arquitectura en Alumini, Inox, Ferro i Vidre","robots":{"index":"index","follow":"follow","max-snippet":"max-snippet:-1","max-image-preview":"max-image-preview:large","max-video-preview":"max-video-preview:-1"},"canonical":"https:\/\/www.garciafaura.com\/es\/treballs-de-garcia-faura-en-un-nou-edifici-doficines-de-treball-compartit-a-barcelona\/","og_locale":"es_ES","og_type":"article","og_title":"Trabajos de GARCIA FAURA en un nuevo edificio de oficinas de trabajo compartido en Barcelona - GARCIA FAURA","og_description":"Arquitectura en Alumini, Inox, Ferro i Vidre","og_url":"https:\/\/www.garciafaura.com\/es\/treballs-de-garcia-faura-en-un-nou-edifici-doficines-de-treball-compartit-a-barcelona\/","og_site_name":"GARCIA FAURA","article_published_time":"2025-06-06T07:17:04+00:00","article_modified_time":"2025-06-06T07:22:34+00:00","og_image":[{"width":1024,"height":467,"url":"https:\/\/www.garciafaura.com\/wp-content\/uploads\/2025\/06\/OCW-Llacuna-1-1024x467.jpg","type":"image\/jpeg"}],"author":"David Achell","twitter_card":"summary_large_image","twitter_misc":{"Escrito por":"David Achell","Tiempo de lectura":"3 minutos"},"schema":{"@context":"https:\/\/schema.org","@graph":[{"@type":"Article","@id":"https:\/\/www.garciafaura.com\/es\/treballs-de-garcia-faura-en-un-nou-edifici-doficines-de-treball-compartit-a-barcelona\/#article","isPartOf":{"@id":"https:\/\/www.garciafaura.com\/es\/treballs-de-garcia-faura-en-un-nou-edifici-doficines-de-treball-compartit-a-barcelona\/"},"author":{"name":"David Achell","@id":"https:\/\/www.garciafaura.com\/fr\/#\/schema\/person\/b4b75e69b33fac3446071909bec106b0"},"headline":"Trabajos de GARCIA FAURA en un nuevo edificio de oficinas de trabajo compartido en Barcelona","datePublished":"2025-06-06T07:17:04+00:00","dateModified":"2025-06-06T07:22:34+00:00","mainEntityOfPage":{"@id":"https:\/\/www.garciafaura.com\/es\/treballs-de-garcia-faura-en-un-nou-edifici-doficines-de-treball-compartit-a-barcelona\/"},"wordCount":387,"publisher":{"@id":"https:\/\/www.garciafaura.com\/fr\/#organization"},"image":{"@id":"https:\/\/www.garciafaura.com\/es\/treballs-de-garcia-faura-en-un-nou-edifici-doficines-de-treball-compartit-a-barcelona\/#primaryimage"},"thumbnailUrl":"https:\/\/www.garciafaura.com\/wp-content\/uploads\/2025\/06\/OCW-Llacuna-1.jpg","articleSection":["Actualidad"],"inLanguage":"es"},{"@type":"WebPage","@id":"https:\/\/www.garciafaura.com\/es\/treballs-de-garcia-faura-en-un-nou-edifici-doficines-de-treball-compartit-a-barcelona\/","url":"https:\/\/www.garciafaura.com\/es\/treballs-de-garcia-faura-en-un-nou-edifici-doficines-de-treball-compartit-a-barcelona\/","name":"Trabajos de GARCIA FAURA en un nuevo edificio de oficinas de trabajo compartido en Barcelona - GARCIA FAURA","isPartOf":{"@id":"https:\/\/www.garciafaura.com\/fr\/#website"},"primaryImageOfPage":{"@id":"https:\/\/www.garciafaura.com\/es\/treballs-de-garcia-faura-en-un-nou-edifici-doficines-de-treball-compartit-a-barcelona\/#primaryimage"},"image":{"@id":"https:\/\/www.garciafaura.com\/es\/treballs-de-garcia-faura-en-un-nou-edifici-doficines-de-treball-compartit-a-barcelona\/#primaryimage"},"thumbnailUrl":"https:\/\/www.garciafaura.com\/wp-content\/uploads\/2025\/06\/OCW-Llacuna-1.jpg","datePublished":"2025-06-06T07:17:04+00:00","dateModified":"2025-06-06T07:22:34+00:00","description":"Arquitectura en Alumini, Inox, Ferro i Vidre","breadcrumb":{"@id":"https:\/\/www.garciafaura.com\/es\/treballs-de-garcia-faura-en-un-nou-edifici-doficines-de-treball-compartit-a-barcelona\/#breadcrumb"},"inLanguage":"es","potentialAction":[{"@type":"ReadAction","target":["https:\/\/www.garciafaura.com\/es\/treballs-de-garcia-faura-en-un-nou-edifici-doficines-de-treball-compartit-a-barcelona\/"]}]},{"@type":"ImageObject","inLanguage":"es","@id":"https:\/\/www.garciafaura.com\/es\/treballs-de-garcia-faura-en-un-nou-edifici-doficines-de-treball-compartit-a-barcelona\/#primaryimage","url":"https:\/\/www.garciafaura.com\/wp-content\/uploads\/2025\/06\/OCW-Llacuna-1.jpg","contentUrl":"https:\/\/www.garciafaura.com\/wp-content\/uploads\/2025\/06\/OCW-Llacuna-1.jpg","width":2200,"height":1004},{"@type":"BreadcrumbList","@id":"https:\/\/www.garciafaura.com\/es\/treballs-de-garcia-faura-en-un-nou-edifici-doficines-de-treball-compartit-a-barcelona\/#breadcrumb","itemListElement":[{"@type":"ListItem","position":1,"name":"Inici","item":"https:\/\/www.garciafaura.com\/es\/"},{"@type":"ListItem","position":2,"name":"Trabajos de GARCIA FAURA en un nuevo edificio de oficinas de trabajo compartido en Barcelona"}]},{"@type":"WebSite","@id":"https:\/\/www.garciafaura.com\/fr\/#website","url":"https:\/\/www.garciafaura.com\/fr\/","name":"GARCIA FAURA","description":"Arquitectura en Alumini, Inox, Ferro i Vidre","publisher":{"@id":"https:\/\/www.garciafaura.com\/fr\/#organization"},"potentialAction":[{"@type":"SearchAction","target":{"@type":"EntryPoint","urlTemplate":"https:\/\/www.garciafaura.com\/fr\/?s={search_term_string}"},"query-input":{"@type":"PropertyValueSpecification","valueRequired":true,"valueName":"search_term_string"}}],"inLanguage":"es"},{"@type":"Organization","@id":"https:\/\/www.garciafaura.com\/fr\/#organization","name":"GARCIA FAURA","url":"https:\/\/www.garciafaura.com\/fr\/","logo":{"@type":"ImageObject","inLanguage":"es","@id":"https:\/\/www.garciafaura.com\/fr\/#\/schema\/logo\/image\/","url":"https:\/\/www.garciafaura.com\/wp-content\/uploads\/2018\/09\/Garcia-Faura.png","contentUrl":"https:\/\/www.garciafaura.com\/wp-content\/uploads\/2018\/09\/Garcia-Faura.png","width":512,"height":512,"caption":"GARCIA FAURA"},"image":{"@id":"https:\/\/www.garciafaura.com\/fr\/#\/schema\/logo\/image\/"},"sameAs":["https:\/\/www.youtube.com\/user\/GARCIAFAURA"]},{"@type":"Person","@id":"https:\/\/www.garciafaura.com\/fr\/#\/schema\/person\/b4b75e69b33fac3446071909bec106b0","name":"David Achell","image":{"@type":"ImageObject","inLanguage":"es","@id":"https:\/\/www.garciafaura.com\/fr\/#\/schema\/person\/image\/","url":"https:\/\/secure.gravatar.com\/avatar\/03900210afc1f61bce737bcb4a79c02e2c997f171e3eca839b5a4cbe03846c90?s=96&d=blank&r=g","contentUrl":"https:\/\/secure.gravatar.com\/avatar\/03900210afc1f61bce737bcb4a79c02e2c997f171e3eca839b5a4cbe03846c90?s=96&d=blank&r=g","caption":"David Achell"}}]}},"_links":{"self":[{"href":"https:\/\/www.garciafaura.com\/es\/wp-json\/wp\/v2\/posts\/39962","targetHints":{"allow":["GET"]}}],"collection":[{"href":"https:\/\/www.garciafaura.com\/es\/wp-json\/wp\/v2\/posts"}],"about":[{"href":"https:\/\/www.garciafaura.com\/es\/wp-json\/wp\/v2\/types\/post"}],"author":[{"embeddable":true,"href":"https:\/\/www.garciafaura.com\/es\/wp-json\/wp\/v2\/users\/3"}],"replies":[{"embeddable":true,"href":"https:\/\/www.garciafaura.com\/es\/wp-json\/wp\/v2\/comments?post=39962"}],"version-history":[{"count":2,"href":"https:\/\/www.garciafaura.com\/es\/wp-json\/wp\/v2\/posts\/39962\/revisions"}],"predecessor-version":[{"id":39964,"href":"https:\/\/www.garciafaura.com\/es\/wp-json\/wp\/v2\/posts\/39962\/revisions\/39964"}],"wp:featuredmedia":[{"embeddable":true,"href":"https:\/\/www.garciafaura.com\/es\/wp-json\/wp\/v2\/media\/39949"}],"wp:attachment":[{"href":"https:\/\/www.garciafaura.com\/es\/wp-json\/wp\/v2\/media?parent=39962"}],"wp:term":[{"taxonomy":"category","embeddable":true,"href":"https:\/\/www.garciafaura.com\/es\/wp-json\/wp\/v2\/categories?post=39962"},{"taxonomy":"post_tag","embeddable":true,"href":"https:\/\/www.garciafaura.com\/es\/wp-json\/wp\/v2\/tags?post=39962"},{"taxonomy":"post_series","embeddable":true,"href":"https:\/\/www.garciafaura.com\/es\/wp-json\/wp\/v2\/post_series?post=39962"}],"curies":[{"name":"wp","href":"https:\/\/api.w.org\/{rel}","templated":true}]}}