{"id":39539,"date":"2025-05-08T12:32:57","date_gmt":"2025-05-08T10:32:57","guid":{"rendered":"https:\/\/www.garciafaura.com\/garcia-faura-pone-en-marcha-su-nuevo-programa-de-gestion-integral-digitalizada\/"},"modified":"2025-05-08T12:33:00","modified_gmt":"2025-05-08T10:33:00","slug":"garcia-faura-pone-en-marcha-su-nuevo-programa-de-gestion-integral-digitalizada","status":"publish","type":"post","link":"https:\/\/www.garciafaura.com\/es\/garcia-faura-pone-en-marcha-su-nuevo-programa-de-gestion-integral-digitalizada\/","title":{"rendered":"GARCIA FAURA pone en marcha su nuevo programa de gesti\u00f3n integral digitalizada"},"content":{"rendered":"<h3 style=\"text-align: justify;\"><span style=\"font-family: 'Open Sans';\">La compa\u00f1\u00eda estrena un nuevo sistema de planificaci\u00f3n de recursos (ERP) que tiene como base la innovaci\u00f3n tecnol\u00f3gica al servicio de la calidad y satisfacci\u00f3n del cliente. El proyecto ha recibido financiaci\u00f3n del Ministerio de Industria, Comercio y Turismo, en el marco del Plan de Recuperaci\u00f3n, Transformaci\u00f3n y Resiliencia, financiado por la Uni\u00f3n Europea &#8211; Next Generation EU.<\/span><\/h3>\n<p style=\"text-align: justify;\"><span style=\"font-family: 'Open Sans';\"><strong>GARCIA FAURA<\/strong> ha finalizado el proceso de dise\u00f1o y desarrollo de su nuevo sistema de planificaci\u00f3n de recursos empresariales (ERP) que permitir\u00e1 la integraci\u00f3n de todos los datos y procesos de la compa\u00f1\u00eda en un mismo sistema unificado.<\/span><\/p>\n<p style=\"text-align: justify;\"><span style=\"font-family: 'Open Sans';\">El proyecto arranc\u00f3 en 2022, con el objetivo de avanzar tecnol\u00f3gicamente en el dise\u00f1o y desarrollo de una nueva herramienta de digitalizaci\u00f3n de la cadena de valor que sustituyera al anterior ERP e integrara otras tecnolog\u00edas aplicadas a departamentos o procesos independientes.<\/span><\/p>\n<p style=\"text-align: justify;\"><span style=\"font-family: 'Open Sans';\">El nuevo ERP combina los distintos componentes de software y maquinaria avanzando hacia la plena integraci\u00f3n, con el uso de una base de datos central para alimentar la informaci\u00f3n de los distintos m\u00f3dulos del sistema.<\/span><\/p>\n<p style=\"text-align: justify;\"><span style=\"font-family: 'Open Sans';\">De esta forma se ha buscado crear una soluci\u00f3n innovadora que revirtiera claramente en la consecuci\u00f3n de nuevos est\u00e1ndares de calidad orientados a la mayor satisfacci\u00f3n de los clientes de la compa\u00f1\u00eda y a una mayor eficiencia en los procesos de trabajo.<\/span><\/p>\n<p style=\"text-align: justify;\"><span style=\"font-family: 'Open Sans';\">El proyecto, que iniciar\u00e1 ahora su proceso de implantaci\u00f3n por fases, ha recibido financiaci\u00f3n del <strong>Ministerio de Ind\u00fastria, Comercio y Turismo<\/strong>, en el marco del <strong>Plan de Recuperaci\u00f3n, Transformaci\u00f3n y Resiliencia<\/strong>, financiado por la <strong>Uni\u00f3n Europea &#8211; Next Generation EU<\/strong>, a trav\u00e9s de la convocatoria Proyectos I+D+i Industria conectada 4.0. <strong>GARCIA FAURA<\/strong> ha sido una de las 60 empresas seleccionadas de todo el estado como beneficiaria de este programa p\u00fablico de soporte a la digitalizaci\u00f3n innovadora.<\/span><\/p>\n","protected":false},"excerpt":{"rendered":"<p>La compa\u00f1\u00eda estrena un nuevo sistema de planificaci\u00f3n de recursos (ERP) que tiene como base la innovaci\u00f3n tecnol\u00f3gica al servicio de la calidad y satisfacci\u00f3n del cliente. El proyecto ha recibido financiaci\u00f3n del Ministerio de Industria, Comercio y Turismo, en&hellip;<\/p>\n","protected":false},"author":3,"featured_media":39537,"comment_status":"closed","ping_status":"open","sticky":false,"template":"","format":"standard","meta":{"footnotes":""},"categories":[3],"tags":[],"post_series":[],"class_list":["post-39539","post","type-post","status-publish","format-standard","has-post-thumbnail","hentry","category-actualidad","entry","has-media"],"yoast_head":"<!-- This site is optimized with the Yoast SEO plugin v26.7 - https:\/\/yoast.com\/wordpress\/plugins\/seo\/ -->\n<title>GARCIA FAURA pone en marcha su nuevo programa de gesti\u00f3n integral digitalizada - GARCIA FAURA<\/title>\n<meta name=\"description\" content=\"Arquitectura en Alumini, Inox, Ferro i Vidre\" \/>\n<meta name=\"robots\" content=\"index, follow, max-snippet:-1, max-image-preview:large, max-video-preview:-1\" \/>\n<link rel=\"canonical\" href=\"https:\/\/www.garciafaura.com\/es\/garcia-faura-pone-en-marcha-su-nuevo-programa-de-gestion-integral-digitalizada\/\" \/>\n<meta property=\"og:locale\" content=\"es_ES\" \/>\n<meta property=\"og:type\" content=\"article\" \/>\n<meta property=\"og:title\" content=\"GARCIA FAURA pone en marcha su nuevo programa de gesti\u00f3n integral digitalizada - GARCIA FAURA\" \/>\n<meta property=\"og:description\" content=\"Arquitectura en Alumini, Inox, Ferro i Vidre\" \/>\n<meta property=\"og:url\" content=\"https:\/\/www.garciafaura.com\/es\/garcia-faura-pone-en-marcha-su-nuevo-programa-de-gestion-integral-digitalizada\/\" \/>\n<meta property=\"og:site_name\" content=\"GARCIA FAURA\" \/>\n<meta property=\"article:published_time\" content=\"2025-05-08T10:32:57+00:00\" \/>\n<meta property=\"article:modified_time\" content=\"2025-05-08T10:33:00+00:00\" \/>\n<meta property=\"og:image\" content=\"https:\/\/www.garciafaura.com\/wp-content\/uploads\/2025\/05\/FotoNouERP.jpg\" \/>\n\t<meta property=\"og:image:width\" content=\"2048\" \/>\n\t<meta property=\"og:image:height\" content=\"1152\" \/>\n\t<meta property=\"og:image:type\" content=\"image\/jpeg\" \/>\n<meta name=\"author\" content=\"David Achell\" \/>\n<meta name=\"twitter:card\" content=\"summary_large_image\" \/>\n<meta name=\"twitter:label1\" content=\"Escrito por\" \/>\n\t<meta name=\"twitter:data1\" content=\"David Achell\" \/>\n\t<meta name=\"twitter:label2\" content=\"Tiempo de lectura\" \/>\n\t<meta name=\"twitter:data2\" content=\"2 minutos\" \/>\n<script type=\"application\/ld+json\" class=\"yoast-schema-graph\">{\"@context\":\"https:\/\/schema.org\",\"@graph\":[{\"@type\":\"Article\",\"@id\":\"https:\/\/www.garciafaura.com\/es\/garcia-faura-pone-en-marcha-su-nuevo-programa-de-gestion-integral-digitalizada\/#article\",\"isPartOf\":{\"@id\":\"https:\/\/www.garciafaura.com\/es\/garcia-faura-pone-en-marcha-su-nuevo-programa-de-gestion-integral-digitalizada\/\"},\"author\":{\"name\":\"David Achell\",\"@id\":\"https:\/\/www.garciafaura.com\/fr\/#\/schema\/person\/b4b75e69b33fac3446071909bec106b0\"},\"headline\":\"GARCIA FAURA pone en marcha su nuevo programa de gesti\u00f3n integral digitalizada\",\"datePublished\":\"2025-05-08T10:32:57+00:00\",\"dateModified\":\"2025-05-08T10:33:00+00:00\",\"mainEntityOfPage\":{\"@id\":\"https:\/\/www.garciafaura.com\/es\/garcia-faura-pone-en-marcha-su-nuevo-programa-de-gestion-integral-digitalizada\/\"},\"wordCount\":337,\"publisher\":{\"@id\":\"https:\/\/www.garciafaura.com\/fr\/#organization\"},\"image\":{\"@id\":\"https:\/\/www.garciafaura.com\/es\/garcia-faura-pone-en-marcha-su-nuevo-programa-de-gestion-integral-digitalizada\/#primaryimage\"},\"thumbnailUrl\":\"https:\/\/www.garciafaura.com\/wp-content\/uploads\/2025\/05\/FotoNouERP.jpg\",\"articleSection\":[\"Actualidad\"],\"inLanguage\":\"es\"},{\"@type\":\"WebPage\",\"@id\":\"https:\/\/www.garciafaura.com\/es\/garcia-faura-pone-en-marcha-su-nuevo-programa-de-gestion-integral-digitalizada\/\",\"url\":\"https:\/\/www.garciafaura.com\/es\/garcia-faura-pone-en-marcha-su-nuevo-programa-de-gestion-integral-digitalizada\/\",\"name\":\"GARCIA FAURA pone en marcha su nuevo programa de gesti\u00f3n integral digitalizada - GARCIA FAURA\",\"isPartOf\":{\"@id\":\"https:\/\/www.garciafaura.com\/fr\/#website\"},\"primaryImageOfPage\":{\"@id\":\"https:\/\/www.garciafaura.com\/es\/garcia-faura-pone-en-marcha-su-nuevo-programa-de-gestion-integral-digitalizada\/#primaryimage\"},\"image\":{\"@id\":\"https:\/\/www.garciafaura.com\/es\/garcia-faura-pone-en-marcha-su-nuevo-programa-de-gestion-integral-digitalizada\/#primaryimage\"},\"thumbnailUrl\":\"https:\/\/www.garciafaura.com\/wp-content\/uploads\/2025\/05\/FotoNouERP.jpg\",\"datePublished\":\"2025-05-08T10:32:57+00:00\",\"dateModified\":\"2025-05-08T10:33:00+00:00\",\"description\":\"Arquitectura en Alumini, Inox, Ferro i Vidre\",\"breadcrumb\":{\"@id\":\"https:\/\/www.garciafaura.com\/es\/garcia-faura-pone-en-marcha-su-nuevo-programa-de-gestion-integral-digitalizada\/#breadcrumb\"},\"inLanguage\":\"es\",\"potentialAction\":[{\"@type\":\"ReadAction\",\"target\":[\"https:\/\/www.garciafaura.com\/es\/garcia-faura-pone-en-marcha-su-nuevo-programa-de-gestion-integral-digitalizada\/\"]}]},{\"@type\":\"ImageObject\",\"inLanguage\":\"es\",\"@id\":\"https:\/\/www.garciafaura.com\/es\/garcia-faura-pone-en-marcha-su-nuevo-programa-de-gestion-integral-digitalizada\/#primaryimage\",\"url\":\"https:\/\/www.garciafaura.com\/wp-content\/uploads\/2025\/05\/FotoNouERP.jpg\",\"contentUrl\":\"https:\/\/www.garciafaura.com\/wp-content\/uploads\/2025\/05\/FotoNouERP.jpg\",\"width\":2048,\"height\":1152},{\"@type\":\"BreadcrumbList\",\"@id\":\"https:\/\/www.garciafaura.com\/es\/garcia-faura-pone-en-marcha-su-nuevo-programa-de-gestion-integral-digitalizada\/#breadcrumb\",\"itemListElement\":[{\"@type\":\"ListItem\",\"position\":1,\"name\":\"Inici\",\"item\":\"https:\/\/www.garciafaura.com\/es\/\"},{\"@type\":\"ListItem\",\"position\":2,\"name\":\"GARCIA FAURA pone en marcha su nuevo programa de gesti\u00f3n integral digitalizada\"}]},{\"@type\":\"WebSite\",\"@id\":\"https:\/\/www.garciafaura.com\/fr\/#website\",\"url\":\"https:\/\/www.garciafaura.com\/fr\/\",\"name\":\"GARCIA FAURA\",\"description\":\"Arquitectura en Alumini, Inox, Ferro i Vidre\",\"publisher\":{\"@id\":\"https:\/\/www.garciafaura.com\/fr\/#organization\"},\"potentialAction\":[{\"@type\":\"SearchAction\",\"target\":{\"@type\":\"EntryPoint\",\"urlTemplate\":\"https:\/\/www.garciafaura.com\/fr\/?s={search_term_string}\"},\"query-input\":{\"@type\":\"PropertyValueSpecification\",\"valueRequired\":true,\"valueName\":\"search_term_string\"}}],\"inLanguage\":\"es\"},{\"@type\":\"Organization\",\"@id\":\"https:\/\/www.garciafaura.com\/fr\/#organization\",\"name\":\"GARCIA FAURA\",\"url\":\"https:\/\/www.garciafaura.com\/fr\/\",\"logo\":{\"@type\":\"ImageObject\",\"inLanguage\":\"es\",\"@id\":\"https:\/\/www.garciafaura.com\/fr\/#\/schema\/logo\/image\/\",\"url\":\"https:\/\/www.garciafaura.com\/wp-content\/uploads\/2018\/09\/Garcia-Faura.png\",\"contentUrl\":\"https:\/\/www.garciafaura.com\/wp-content\/uploads\/2018\/09\/Garcia-Faura.png\",\"width\":512,\"height\":512,\"caption\":\"GARCIA FAURA\"},\"image\":{\"@id\":\"https:\/\/www.garciafaura.com\/fr\/#\/schema\/logo\/image\/\"},\"sameAs\":[\"https:\/\/www.youtube.com\/user\/GARCIAFAURA\"]},{\"@type\":\"Person\",\"@id\":\"https:\/\/www.garciafaura.com\/fr\/#\/schema\/person\/b4b75e69b33fac3446071909bec106b0\",\"name\":\"David Achell\",\"image\":{\"@type\":\"ImageObject\",\"inLanguage\":\"es\",\"@id\":\"https:\/\/www.garciafaura.com\/fr\/#\/schema\/person\/image\/\",\"url\":\"https:\/\/secure.gravatar.com\/avatar\/03900210afc1f61bce737bcb4a79c02e2c997f171e3eca839b5a4cbe03846c90?s=96&d=blank&r=g\",\"contentUrl\":\"https:\/\/secure.gravatar.com\/avatar\/03900210afc1f61bce737bcb4a79c02e2c997f171e3eca839b5a4cbe03846c90?s=96&d=blank&r=g\",\"caption\":\"David Achell\"}}]}<\/script>\n<!-- \/ Yoast SEO plugin. -->","yoast_head_json":{"title":"GARCIA FAURA pone en marcha su nuevo programa de gesti\u00f3n integral digitalizada - GARCIA FAURA","description":"Arquitectura en Alumini, Inox, Ferro i Vidre","robots":{"index":"index","follow":"follow","max-snippet":"max-snippet:-1","max-image-preview":"max-image-preview:large","max-video-preview":"max-video-preview:-1"},"canonical":"https:\/\/www.garciafaura.com\/es\/garcia-faura-pone-en-marcha-su-nuevo-programa-de-gestion-integral-digitalizada\/","og_locale":"es_ES","og_type":"article","og_title":"GARCIA FAURA pone en marcha su nuevo programa de gesti\u00f3n integral digitalizada - GARCIA FAURA","og_description":"Arquitectura en Alumini, Inox, Ferro i Vidre","og_url":"https:\/\/www.garciafaura.com\/es\/garcia-faura-pone-en-marcha-su-nuevo-programa-de-gestion-integral-digitalizada\/","og_site_name":"GARCIA FAURA","article_published_time":"2025-05-08T10:32:57+00:00","article_modified_time":"2025-05-08T10:33:00+00:00","og_image":[{"width":2048,"height":1152,"url":"https:\/\/www.garciafaura.com\/wp-content\/uploads\/2025\/05\/FotoNouERP.jpg","type":"image\/jpeg"}],"author":"David Achell","twitter_card":"summary_large_image","twitter_misc":{"Escrito por":"David Achell","Tiempo de lectura":"2 minutos"},"schema":{"@context":"https:\/\/schema.org","@graph":[{"@type":"Article","@id":"https:\/\/www.garciafaura.com\/es\/garcia-faura-pone-en-marcha-su-nuevo-programa-de-gestion-integral-digitalizada\/#article","isPartOf":{"@id":"https:\/\/www.garciafaura.com\/es\/garcia-faura-pone-en-marcha-su-nuevo-programa-de-gestion-integral-digitalizada\/"},"author":{"name":"David Achell","@id":"https:\/\/www.garciafaura.com\/fr\/#\/schema\/person\/b4b75e69b33fac3446071909bec106b0"},"headline":"GARCIA FAURA pone en marcha su nuevo programa de gesti\u00f3n integral digitalizada","datePublished":"2025-05-08T10:32:57+00:00","dateModified":"2025-05-08T10:33:00+00:00","mainEntityOfPage":{"@id":"https:\/\/www.garciafaura.com\/es\/garcia-faura-pone-en-marcha-su-nuevo-programa-de-gestion-integral-digitalizada\/"},"wordCount":337,"publisher":{"@id":"https:\/\/www.garciafaura.com\/fr\/#organization"},"image":{"@id":"https:\/\/www.garciafaura.com\/es\/garcia-faura-pone-en-marcha-su-nuevo-programa-de-gestion-integral-digitalizada\/#primaryimage"},"thumbnailUrl":"https:\/\/www.garciafaura.com\/wp-content\/uploads\/2025\/05\/FotoNouERP.jpg","articleSection":["Actualidad"],"inLanguage":"es"},{"@type":"WebPage","@id":"https:\/\/www.garciafaura.com\/es\/garcia-faura-pone-en-marcha-su-nuevo-programa-de-gestion-integral-digitalizada\/","url":"https:\/\/www.garciafaura.com\/es\/garcia-faura-pone-en-marcha-su-nuevo-programa-de-gestion-integral-digitalizada\/","name":"GARCIA FAURA pone en marcha su nuevo programa de gesti\u00f3n integral digitalizada - GARCIA FAURA","isPartOf":{"@id":"https:\/\/www.garciafaura.com\/fr\/#website"},"primaryImageOfPage":{"@id":"https:\/\/www.garciafaura.com\/es\/garcia-faura-pone-en-marcha-su-nuevo-programa-de-gestion-integral-digitalizada\/#primaryimage"},"image":{"@id":"https:\/\/www.garciafaura.com\/es\/garcia-faura-pone-en-marcha-su-nuevo-programa-de-gestion-integral-digitalizada\/#primaryimage"},"thumbnailUrl":"https:\/\/www.garciafaura.com\/wp-content\/uploads\/2025\/05\/FotoNouERP.jpg","datePublished":"2025-05-08T10:32:57+00:00","dateModified":"2025-05-08T10:33:00+00:00","description":"Arquitectura en Alumini, Inox, Ferro i Vidre","breadcrumb":{"@id":"https:\/\/www.garciafaura.com\/es\/garcia-faura-pone-en-marcha-su-nuevo-programa-de-gestion-integral-digitalizada\/#breadcrumb"},"inLanguage":"es","potentialAction":[{"@type":"ReadAction","target":["https:\/\/www.garciafaura.com\/es\/garcia-faura-pone-en-marcha-su-nuevo-programa-de-gestion-integral-digitalizada\/"]}]},{"@type":"ImageObject","inLanguage":"es","@id":"https:\/\/www.garciafaura.com\/es\/garcia-faura-pone-en-marcha-su-nuevo-programa-de-gestion-integral-digitalizada\/#primaryimage","url":"https:\/\/www.garciafaura.com\/wp-content\/uploads\/2025\/05\/FotoNouERP.jpg","contentUrl":"https:\/\/www.garciafaura.com\/wp-content\/uploads\/2025\/05\/FotoNouERP.jpg","width":2048,"height":1152},{"@type":"BreadcrumbList","@id":"https:\/\/www.garciafaura.com\/es\/garcia-faura-pone-en-marcha-su-nuevo-programa-de-gestion-integral-digitalizada\/#breadcrumb","itemListElement":[{"@type":"ListItem","position":1,"name":"Inici","item":"https:\/\/www.garciafaura.com\/es\/"},{"@type":"ListItem","position":2,"name":"GARCIA FAURA pone en marcha su nuevo programa de gesti\u00f3n integral digitalizada"}]},{"@type":"WebSite","@id":"https:\/\/www.garciafaura.com\/fr\/#website","url":"https:\/\/www.garciafaura.com\/fr\/","name":"GARCIA FAURA","description":"Arquitectura en Alumini, Inox, Ferro i Vidre","publisher":{"@id":"https:\/\/www.garciafaura.com\/fr\/#organization"},"potentialAction":[{"@type":"SearchAction","target":{"@type":"EntryPoint","urlTemplate":"https:\/\/www.garciafaura.com\/fr\/?s={search_term_string}"},"query-input":{"@type":"PropertyValueSpecification","valueRequired":true,"valueName":"search_term_string"}}],"inLanguage":"es"},{"@type":"Organization","@id":"https:\/\/www.garciafaura.com\/fr\/#organization","name":"GARCIA FAURA","url":"https:\/\/www.garciafaura.com\/fr\/","logo":{"@type":"ImageObject","inLanguage":"es","@id":"https:\/\/www.garciafaura.com\/fr\/#\/schema\/logo\/image\/","url":"https:\/\/www.garciafaura.com\/wp-content\/uploads\/2018\/09\/Garcia-Faura.png","contentUrl":"https:\/\/www.garciafaura.com\/wp-content\/uploads\/2018\/09\/Garcia-Faura.png","width":512,"height":512,"caption":"GARCIA FAURA"},"image":{"@id":"https:\/\/www.garciafaura.com\/fr\/#\/schema\/logo\/image\/"},"sameAs":["https:\/\/www.youtube.com\/user\/GARCIAFAURA"]},{"@type":"Person","@id":"https:\/\/www.garciafaura.com\/fr\/#\/schema\/person\/b4b75e69b33fac3446071909bec106b0","name":"David Achell","image":{"@type":"ImageObject","inLanguage":"es","@id":"https:\/\/www.garciafaura.com\/fr\/#\/schema\/person\/image\/","url":"https:\/\/secure.gravatar.com\/avatar\/03900210afc1f61bce737bcb4a79c02e2c997f171e3eca839b5a4cbe03846c90?s=96&d=blank&r=g","contentUrl":"https:\/\/secure.gravatar.com\/avatar\/03900210afc1f61bce737bcb4a79c02e2c997f171e3eca839b5a4cbe03846c90?s=96&d=blank&r=g","caption":"David Achell"}}]}},"_links":{"self":[{"href":"https:\/\/www.garciafaura.com\/es\/wp-json\/wp\/v2\/posts\/39539","targetHints":{"allow":["GET"]}}],"collection":[{"href":"https:\/\/www.garciafaura.com\/es\/wp-json\/wp\/v2\/posts"}],"about":[{"href":"https:\/\/www.garciafaura.com\/es\/wp-json\/wp\/v2\/types\/post"}],"author":[{"embeddable":true,"href":"https:\/\/www.garciafaura.com\/es\/wp-json\/wp\/v2\/users\/3"}],"replies":[{"embeddable":true,"href":"https:\/\/www.garciafaura.com\/es\/wp-json\/wp\/v2\/comments?post=39539"}],"version-history":[{"count":1,"href":"https:\/\/www.garciafaura.com\/es\/wp-json\/wp\/v2\/posts\/39539\/revisions"}],"predecessor-version":[{"id":39540,"href":"https:\/\/www.garciafaura.com\/es\/wp-json\/wp\/v2\/posts\/39539\/revisions\/39540"}],"wp:featuredmedia":[{"embeddable":true,"href":"https:\/\/www.garciafaura.com\/es\/wp-json\/wp\/v2\/media\/39537"}],"wp:attachment":[{"href":"https:\/\/www.garciafaura.com\/es\/wp-json\/wp\/v2\/media?parent=39539"}],"wp:term":[{"taxonomy":"category","embeddable":true,"href":"https:\/\/www.garciafaura.com\/es\/wp-json\/wp\/v2\/categories?post=39539"},{"taxonomy":"post_tag","embeddable":true,"href":"https:\/\/www.garciafaura.com\/es\/wp-json\/wp\/v2\/tags?post=39539"},{"taxonomy":"post_series","embeddable":true,"href":"https:\/\/www.garciafaura.com\/es\/wp-json\/wp\/v2\/post_series?post=39539"}],"curies":[{"name":"wp","href":"https:\/\/api.w.org\/{rel}","templated":true}]}}