{"id":39521,"date":"2025-04-29T06:00:34","date_gmt":"2025-04-29T04:00:34","guid":{"rendered":"https:\/\/www.garciafaura.com\/?p=39521"},"modified":"2025-04-23T16:27:15","modified_gmt":"2025-04-23T14:27:15","slug":"garcia-faura-finaliza-la-intervencion-en-la-reforma-del-edificio-estel","status":"publish","type":"post","link":"https:\/\/www.garciafaura.com\/es\/garcia-faura-finaliza-la-intervencion-en-la-reforma-del-edificio-estel\/","title":{"rendered":"GARCIA FAURA finaliza la intervenci\u00f3n en la reforma del edificio Estel"},"content":{"rendered":"<h3><span style=\"font-family: 'Open Sans';\">Despu\u00e9s de un per\u00edodo de abandono de m\u00e1s de una d\u00e9cada, el edificio Estel de Barcelona ha renacido como un moderno complejo de oficinas, con la participaci\u00f3n destacada de GARCIA FAURA, que ya ha completado su intervenci\u00f3n en el inmueble.<\/span><\/h3>\n<p><span style=\"font-family: 'Open Sans';\">Situado en el Eixample barcelon\u00e9s, el edificio se construy\u00f3 en 1975 y fue la sede de Telef\u00f3nica hasta 2011. Ahora, gracias al proyecto del despacho Blanch + Cuenca Arquitectura, los m\u00e1s de 40.000 metros cuadrados de superficie se han transformado en un centro de oficinas de \u00faltima generaci\u00f3n con auditorios, salas.<\/span><\/p>\n<p><span style=\"font-family: 'Open Sans';\">El edificio tambi\u00e9n incorpora locales comerciales y de restauraci\u00f3n en planta baja, as\u00ed como cerca de 8.000 metros cuadrados de terrazas y zonas ajardinadas. Uno de los puntos fuertes del nuevo complejo es su eficiencia energ\u00e9tica: un 35% del consumo proceder\u00e1 de fuentes renovables gracias a la instalaci\u00f3n de placas fotovoltaicas.<\/span><\/p>\n<p><span style=\"font-family: 'Open Sans';\">El proyecto ha sido concebido para conseguir las m\u00e1ximas certificaciones en sostenibilidad y bienestar: LEED Platinum, WELL Platinum, SmartScore Platinum, WidesCore Platinum y Zero Net Carbon. En este sentido, las fachadas y cerramientos desarrollados e instalados por <strong>GARCIA FAURA<\/strong> han sido pieza clave.<\/span><\/p>\n<p><span style=\"font-family: 'Open Sans';\">La empresa ha llevado a cabo la construcci\u00f3n y colocaci\u00f3n de 6.100 metros cuadrados de <strong>muro cortina<\/strong> con sistema SG y una doble piel con lamas de <strong>aluminio<\/strong> de extrusi\u00f3n especial, 3.272 metros cuadrados adicionales de <strong>muro cortina<\/strong> con tapetas, y un tragaluz de 170 metros cuadrados en el patio interior.<\/span><\/p>\n<p><span style=\"font-family: 'Open Sans';\">La <strong>fachada<\/strong> principal ha sido una de las intervenciones m\u00e1s destacadas, con un <strong>muro cortina<\/strong> en forma de escamas que reproduce la volumetr\u00eda del edificio. Esta piel exterior exclusiva, desarrollada por la <strong>Oficina T\u00e9cnica de GARCIA FAURA<\/strong>, utiliza perfiles verticales de gran tama\u00f1o y lamas horizontales dise\u00f1adas espec\u00edficamente para el proyecto.<\/span><\/p>\n<p><span style=\"font-family: 'Open Sans';\">Los anclajes y estructuras de soporte, hechos de <strong>hierro<\/strong>, aseguran la resistencia necesaria manteniendo una est\u00e9tica limpia y sencilla. Adem\u00e1s, la parte inferior de la <strong>fachada<\/strong> incorpora un dise\u00f1o curvado que, pese a su complejidad t\u00e9cnica, aporta una personalidad \u00fanica al conjunto arquitect\u00f3nico.<\/span><\/p>\n<p><span style=\"font-family: 'Open Sans';\">Con las obras ya finalizadas, el <strong>edificio Estel<\/strong> se consolida como un nuevo referente de arquitectura sostenible, funcional y est\u00e9tica en el centro de Barcelona.<\/span><\/p>\n","protected":false},"excerpt":{"rendered":"<p>Despu\u00e9s de un per\u00edodo de abandono de m\u00e1s de una d\u00e9cada, el edificio Estel de Barcelona ha renacido como un moderno complejo de oficinas, con la participaci\u00f3n destacada de GARCIA FAURA, que ya ha completado su intervenci\u00f3n en el inmueble.&hellip;<\/p>\n","protected":false},"author":3,"featured_media":39528,"comment_status":"closed","ping_status":"open","sticky":false,"template":"","format":"standard","meta":{"footnotes":""},"categories":[3],"tags":[],"post_series":[],"class_list":["post-39521","post","type-post","status-publish","format-standard","has-post-thumbnail","hentry","category-actualidad","entry","has-media"],"yoast_head":"<!-- This site is optimized with the Yoast SEO plugin v26.7 - https:\/\/yoast.com\/wordpress\/plugins\/seo\/ -->\n<title>GARCIA FAURA finaliza la intervenci\u00f3n en la reforma del edificio Estel - GARCIA FAURA<\/title>\n<meta name=\"description\" content=\"Arquitectura en Alumini, Inox, Ferro i Vidre\" \/>\n<meta name=\"robots\" content=\"index, follow, max-snippet:-1, max-image-preview:large, max-video-preview:-1\" \/>\n<link rel=\"canonical\" href=\"https:\/\/www.garciafaura.com\/garcia-faura-finalitza-la-intervencio-a-la-reforma-de-ledifici-estel\/\" \/>\n<meta property=\"og:locale\" content=\"es_ES\" \/>\n<meta property=\"og:type\" content=\"article\" \/>\n<meta property=\"og:title\" content=\"GARCIA FAURA finaliza la intervenci\u00f3n en la reforma del edificio Estel - GARCIA FAURA\" \/>\n<meta property=\"og:description\" content=\"Arquitectura en Alumini, Inox, Ferro i Vidre\" \/>\n<meta property=\"og:url\" content=\"https:\/\/www.garciafaura.com\/garcia-faura-finalitza-la-intervencio-a-la-reforma-de-ledifici-estel\/\" \/>\n<meta property=\"og:site_name\" content=\"GARCIA FAURA\" \/>\n<meta property=\"article:published_time\" content=\"2025-04-29T04:00:34+00:00\" \/>\n<meta property=\"og:image\" content=\"https:\/\/www.garciafaura.com\/wp-content\/uploads\/2025\/04\/EstelGF-scaled.jpg\" \/>\n\t<meta property=\"og:image:width\" content=\"2560\" \/>\n\t<meta property=\"og:image:height\" content=\"1480\" \/>\n\t<meta property=\"og:image:type\" content=\"image\/jpeg\" \/>\n<meta name=\"author\" content=\"David Achell\" \/>\n<meta name=\"twitter:card\" content=\"summary_large_image\" \/>\n<meta name=\"twitter:label1\" content=\"Escrito por\" \/>\n\t<meta name=\"twitter:data1\" content=\"David Achell\" \/>\n\t<meta name=\"twitter:label2\" content=\"Tiempo de lectura\" \/>\n\t<meta name=\"twitter:data2\" content=\"3 minutos\" \/>\n<script type=\"application\/ld+json\" class=\"yoast-schema-graph\">{\"@context\":\"https:\/\/schema.org\",\"@graph\":[{\"@type\":\"Article\",\"@id\":\"https:\/\/www.garciafaura.com\/garcia-faura-finalitza-la-intervencio-a-la-reforma-de-ledifici-estel\/#article\",\"isPartOf\":{\"@id\":\"https:\/\/www.garciafaura.com\/garcia-faura-finalitza-la-intervencio-a-la-reforma-de-ledifici-estel\/\"},\"author\":{\"name\":\"David Achell\",\"@id\":\"https:\/\/www.garciafaura.com\/fr\/#\/schema\/person\/b4b75e69b33fac3446071909bec106b0\"},\"headline\":\"GARCIA FAURA finaliza la intervenci\u00f3n en la reforma del edificio Estel\",\"datePublished\":\"2025-04-29T04:00:34+00:00\",\"mainEntityOfPage\":{\"@id\":\"https:\/\/www.garciafaura.com\/garcia-faura-finalitza-la-intervencio-a-la-reforma-de-ledifici-estel\/\"},\"wordCount\":388,\"publisher\":{\"@id\":\"https:\/\/www.garciafaura.com\/fr\/#organization\"},\"image\":{\"@id\":\"https:\/\/www.garciafaura.com\/garcia-faura-finalitza-la-intervencio-a-la-reforma-de-ledifici-estel\/#primaryimage\"},\"thumbnailUrl\":\"https:\/\/www.garciafaura.com\/wp-content\/uploads\/2025\/04\/EstelGF-scaled.jpg\",\"articleSection\":[\"Actualidad\"],\"inLanguage\":\"es\"},{\"@type\":\"WebPage\",\"@id\":\"https:\/\/www.garciafaura.com\/garcia-faura-finalitza-la-intervencio-a-la-reforma-de-ledifici-estel\/\",\"url\":\"https:\/\/www.garciafaura.com\/garcia-faura-finalitza-la-intervencio-a-la-reforma-de-ledifici-estel\/\",\"name\":\"GARCIA FAURA finaliza la intervenci\u00f3n en la reforma del edificio Estel - GARCIA FAURA\",\"isPartOf\":{\"@id\":\"https:\/\/www.garciafaura.com\/fr\/#website\"},\"primaryImageOfPage\":{\"@id\":\"https:\/\/www.garciafaura.com\/garcia-faura-finalitza-la-intervencio-a-la-reforma-de-ledifici-estel\/#primaryimage\"},\"image\":{\"@id\":\"https:\/\/www.garciafaura.com\/garcia-faura-finalitza-la-intervencio-a-la-reforma-de-ledifici-estel\/#primaryimage\"},\"thumbnailUrl\":\"https:\/\/www.garciafaura.com\/wp-content\/uploads\/2025\/04\/EstelGF-scaled.jpg\",\"datePublished\":\"2025-04-29T04:00:34+00:00\",\"description\":\"Arquitectura en Alumini, Inox, Ferro i Vidre\",\"breadcrumb\":{\"@id\":\"https:\/\/www.garciafaura.com\/garcia-faura-finalitza-la-intervencio-a-la-reforma-de-ledifici-estel\/#breadcrumb\"},\"inLanguage\":\"es\",\"potentialAction\":[{\"@type\":\"ReadAction\",\"target\":[\"https:\/\/www.garciafaura.com\/garcia-faura-finalitza-la-intervencio-a-la-reforma-de-ledifici-estel\/\"]}]},{\"@type\":\"ImageObject\",\"inLanguage\":\"es\",\"@id\":\"https:\/\/www.garciafaura.com\/garcia-faura-finalitza-la-intervencio-a-la-reforma-de-ledifici-estel\/#primaryimage\",\"url\":\"https:\/\/www.garciafaura.com\/wp-content\/uploads\/2025\/04\/EstelGF-scaled.jpg\",\"contentUrl\":\"https:\/\/www.garciafaura.com\/wp-content\/uploads\/2025\/04\/EstelGF-scaled.jpg\",\"width\":2560,\"height\":1480,\"caption\":\"Screenshot\"},{\"@type\":\"BreadcrumbList\",\"@id\":\"https:\/\/www.garciafaura.com\/garcia-faura-finalitza-la-intervencio-a-la-reforma-de-ledifici-estel\/#breadcrumb\",\"itemListElement\":[{\"@type\":\"ListItem\",\"position\":1,\"name\":\"Inici\",\"item\":\"https:\/\/www.garciafaura.com\/es\/\"},{\"@type\":\"ListItem\",\"position\":2,\"name\":\"GARCIA FAURA finaliza la intervenci\u00f3n en la reforma del edificio Estel\"}]},{\"@type\":\"WebSite\",\"@id\":\"https:\/\/www.garciafaura.com\/fr\/#website\",\"url\":\"https:\/\/www.garciafaura.com\/fr\/\",\"name\":\"GARCIA FAURA\",\"description\":\"Arquitectura en Alumini, Inox, Ferro i Vidre\",\"publisher\":{\"@id\":\"https:\/\/www.garciafaura.com\/fr\/#organization\"},\"potentialAction\":[{\"@type\":\"SearchAction\",\"target\":{\"@type\":\"EntryPoint\",\"urlTemplate\":\"https:\/\/www.garciafaura.com\/fr\/?s={search_term_string}\"},\"query-input\":{\"@type\":\"PropertyValueSpecification\",\"valueRequired\":true,\"valueName\":\"search_term_string\"}}],\"inLanguage\":\"es\"},{\"@type\":\"Organization\",\"@id\":\"https:\/\/www.garciafaura.com\/fr\/#organization\",\"name\":\"GARCIA FAURA\",\"url\":\"https:\/\/www.garciafaura.com\/fr\/\",\"logo\":{\"@type\":\"ImageObject\",\"inLanguage\":\"es\",\"@id\":\"https:\/\/www.garciafaura.com\/fr\/#\/schema\/logo\/image\/\",\"url\":\"https:\/\/www.garciafaura.com\/wp-content\/uploads\/2018\/09\/Garcia-Faura.png\",\"contentUrl\":\"https:\/\/www.garciafaura.com\/wp-content\/uploads\/2018\/09\/Garcia-Faura.png\",\"width\":512,\"height\":512,\"caption\":\"GARCIA FAURA\"},\"image\":{\"@id\":\"https:\/\/www.garciafaura.com\/fr\/#\/schema\/logo\/image\/\"},\"sameAs\":[\"https:\/\/www.youtube.com\/user\/GARCIAFAURA\"]},{\"@type\":\"Person\",\"@id\":\"https:\/\/www.garciafaura.com\/fr\/#\/schema\/person\/b4b75e69b33fac3446071909bec106b0\",\"name\":\"David Achell\",\"image\":{\"@type\":\"ImageObject\",\"inLanguage\":\"es\",\"@id\":\"https:\/\/www.garciafaura.com\/fr\/#\/schema\/person\/image\/\",\"url\":\"https:\/\/secure.gravatar.com\/avatar\/03900210afc1f61bce737bcb4a79c02e2c997f171e3eca839b5a4cbe03846c90?s=96&d=blank&r=g\",\"contentUrl\":\"https:\/\/secure.gravatar.com\/avatar\/03900210afc1f61bce737bcb4a79c02e2c997f171e3eca839b5a4cbe03846c90?s=96&d=blank&r=g\",\"caption\":\"David Achell\"}}]}<\/script>\n<!-- \/ Yoast SEO plugin. -->","yoast_head_json":{"title":"GARCIA FAURA finaliza la intervenci\u00f3n en la reforma del edificio Estel - GARCIA FAURA","description":"Arquitectura en Alumini, Inox, Ferro i Vidre","robots":{"index":"index","follow":"follow","max-snippet":"max-snippet:-1","max-image-preview":"max-image-preview:large","max-video-preview":"max-video-preview:-1"},"canonical":"https:\/\/www.garciafaura.com\/garcia-faura-finalitza-la-intervencio-a-la-reforma-de-ledifici-estel\/","og_locale":"es_ES","og_type":"article","og_title":"GARCIA FAURA finaliza la intervenci\u00f3n en la reforma del edificio Estel - GARCIA FAURA","og_description":"Arquitectura en Alumini, Inox, Ferro i Vidre","og_url":"https:\/\/www.garciafaura.com\/garcia-faura-finalitza-la-intervencio-a-la-reforma-de-ledifici-estel\/","og_site_name":"GARCIA FAURA","article_published_time":"2025-04-29T04:00:34+00:00","og_image":[{"width":2560,"height":1480,"url":"https:\/\/www.garciafaura.com\/wp-content\/uploads\/2025\/04\/EstelGF-scaled.jpg","type":"image\/jpeg"}],"author":"David Achell","twitter_card":"summary_large_image","twitter_misc":{"Escrito por":"David Achell","Tiempo de lectura":"3 minutos"},"schema":{"@context":"https:\/\/schema.org","@graph":[{"@type":"Article","@id":"https:\/\/www.garciafaura.com\/garcia-faura-finalitza-la-intervencio-a-la-reforma-de-ledifici-estel\/#article","isPartOf":{"@id":"https:\/\/www.garciafaura.com\/garcia-faura-finalitza-la-intervencio-a-la-reforma-de-ledifici-estel\/"},"author":{"name":"David Achell","@id":"https:\/\/www.garciafaura.com\/fr\/#\/schema\/person\/b4b75e69b33fac3446071909bec106b0"},"headline":"GARCIA FAURA finaliza la intervenci\u00f3n en la reforma del edificio Estel","datePublished":"2025-04-29T04:00:34+00:00","mainEntityOfPage":{"@id":"https:\/\/www.garciafaura.com\/garcia-faura-finalitza-la-intervencio-a-la-reforma-de-ledifici-estel\/"},"wordCount":388,"publisher":{"@id":"https:\/\/www.garciafaura.com\/fr\/#organization"},"image":{"@id":"https:\/\/www.garciafaura.com\/garcia-faura-finalitza-la-intervencio-a-la-reforma-de-ledifici-estel\/#primaryimage"},"thumbnailUrl":"https:\/\/www.garciafaura.com\/wp-content\/uploads\/2025\/04\/EstelGF-scaled.jpg","articleSection":["Actualidad"],"inLanguage":"es"},{"@type":"WebPage","@id":"https:\/\/www.garciafaura.com\/garcia-faura-finalitza-la-intervencio-a-la-reforma-de-ledifici-estel\/","url":"https:\/\/www.garciafaura.com\/garcia-faura-finalitza-la-intervencio-a-la-reforma-de-ledifici-estel\/","name":"GARCIA FAURA finaliza la intervenci\u00f3n en la reforma del edificio Estel - GARCIA FAURA","isPartOf":{"@id":"https:\/\/www.garciafaura.com\/fr\/#website"},"primaryImageOfPage":{"@id":"https:\/\/www.garciafaura.com\/garcia-faura-finalitza-la-intervencio-a-la-reforma-de-ledifici-estel\/#primaryimage"},"image":{"@id":"https:\/\/www.garciafaura.com\/garcia-faura-finalitza-la-intervencio-a-la-reforma-de-ledifici-estel\/#primaryimage"},"thumbnailUrl":"https:\/\/www.garciafaura.com\/wp-content\/uploads\/2025\/04\/EstelGF-scaled.jpg","datePublished":"2025-04-29T04:00:34+00:00","description":"Arquitectura en Alumini, Inox, Ferro i Vidre","breadcrumb":{"@id":"https:\/\/www.garciafaura.com\/garcia-faura-finalitza-la-intervencio-a-la-reforma-de-ledifici-estel\/#breadcrumb"},"inLanguage":"es","potentialAction":[{"@type":"ReadAction","target":["https:\/\/www.garciafaura.com\/garcia-faura-finalitza-la-intervencio-a-la-reforma-de-ledifici-estel\/"]}]},{"@type":"ImageObject","inLanguage":"es","@id":"https:\/\/www.garciafaura.com\/garcia-faura-finalitza-la-intervencio-a-la-reforma-de-ledifici-estel\/#primaryimage","url":"https:\/\/www.garciafaura.com\/wp-content\/uploads\/2025\/04\/EstelGF-scaled.jpg","contentUrl":"https:\/\/www.garciafaura.com\/wp-content\/uploads\/2025\/04\/EstelGF-scaled.jpg","width":2560,"height":1480,"caption":"Screenshot"},{"@type":"BreadcrumbList","@id":"https:\/\/www.garciafaura.com\/garcia-faura-finalitza-la-intervencio-a-la-reforma-de-ledifici-estel\/#breadcrumb","itemListElement":[{"@type":"ListItem","position":1,"name":"Inici","item":"https:\/\/www.garciafaura.com\/es\/"},{"@type":"ListItem","position":2,"name":"GARCIA FAURA finaliza la intervenci\u00f3n en la reforma del edificio Estel"}]},{"@type":"WebSite","@id":"https:\/\/www.garciafaura.com\/fr\/#website","url":"https:\/\/www.garciafaura.com\/fr\/","name":"GARCIA FAURA","description":"Arquitectura en Alumini, Inox, Ferro i Vidre","publisher":{"@id":"https:\/\/www.garciafaura.com\/fr\/#organization"},"potentialAction":[{"@type":"SearchAction","target":{"@type":"EntryPoint","urlTemplate":"https:\/\/www.garciafaura.com\/fr\/?s={search_term_string}"},"query-input":{"@type":"PropertyValueSpecification","valueRequired":true,"valueName":"search_term_string"}}],"inLanguage":"es"},{"@type":"Organization","@id":"https:\/\/www.garciafaura.com\/fr\/#organization","name":"GARCIA FAURA","url":"https:\/\/www.garciafaura.com\/fr\/","logo":{"@type":"ImageObject","inLanguage":"es","@id":"https:\/\/www.garciafaura.com\/fr\/#\/schema\/logo\/image\/","url":"https:\/\/www.garciafaura.com\/wp-content\/uploads\/2018\/09\/Garcia-Faura.png","contentUrl":"https:\/\/www.garciafaura.com\/wp-content\/uploads\/2018\/09\/Garcia-Faura.png","width":512,"height":512,"caption":"GARCIA FAURA"},"image":{"@id":"https:\/\/www.garciafaura.com\/fr\/#\/schema\/logo\/image\/"},"sameAs":["https:\/\/www.youtube.com\/user\/GARCIAFAURA"]},{"@type":"Person","@id":"https:\/\/www.garciafaura.com\/fr\/#\/schema\/person\/b4b75e69b33fac3446071909bec106b0","name":"David Achell","image":{"@type":"ImageObject","inLanguage":"es","@id":"https:\/\/www.garciafaura.com\/fr\/#\/schema\/person\/image\/","url":"https:\/\/secure.gravatar.com\/avatar\/03900210afc1f61bce737bcb4a79c02e2c997f171e3eca839b5a4cbe03846c90?s=96&d=blank&r=g","contentUrl":"https:\/\/secure.gravatar.com\/avatar\/03900210afc1f61bce737bcb4a79c02e2c997f171e3eca839b5a4cbe03846c90?s=96&d=blank&r=g","caption":"David Achell"}}]}},"_links":{"self":[{"href":"https:\/\/www.garciafaura.com\/es\/wp-json\/wp\/v2\/posts\/39521","targetHints":{"allow":["GET"]}}],"collection":[{"href":"https:\/\/www.garciafaura.com\/es\/wp-json\/wp\/v2\/posts"}],"about":[{"href":"https:\/\/www.garciafaura.com\/es\/wp-json\/wp\/v2\/types\/post"}],"author":[{"embeddable":true,"href":"https:\/\/www.garciafaura.com\/es\/wp-json\/wp\/v2\/users\/3"}],"replies":[{"embeddable":true,"href":"https:\/\/www.garciafaura.com\/es\/wp-json\/wp\/v2\/comments?post=39521"}],"version-history":[{"count":1,"href":"https:\/\/www.garciafaura.com\/es\/wp-json\/wp\/v2\/posts\/39521\/revisions"}],"predecessor-version":[{"id":39522,"href":"https:\/\/www.garciafaura.com\/es\/wp-json\/wp\/v2\/posts\/39521\/revisions\/39522"}],"wp:featuredmedia":[{"embeddable":true,"href":"https:\/\/www.garciafaura.com\/es\/wp-json\/wp\/v2\/media\/39528"}],"wp:attachment":[{"href":"https:\/\/www.garciafaura.com\/es\/wp-json\/wp\/v2\/media?parent=39521"}],"wp:term":[{"taxonomy":"category","embeddable":true,"href":"https:\/\/www.garciafaura.com\/es\/wp-json\/wp\/v2\/categories?post=39521"},{"taxonomy":"post_tag","embeddable":true,"href":"https:\/\/www.garciafaura.com\/es\/wp-json\/wp\/v2\/tags?post=39521"},{"taxonomy":"post_series","embeddable":true,"href":"https:\/\/www.garciafaura.com\/es\/wp-json\/wp\/v2\/post_series?post=39521"}],"curies":[{"name":"wp","href":"https:\/\/api.w.org\/{rel}","templated":true}]}}