{"id":39003,"date":"2025-04-10T13:19:46","date_gmt":"2025-04-10T11:19:46","guid":{"rendered":"https:\/\/www.garciafaura.com\/garcia-faura-participa-en-ledificacio-de-la-nova-terminal-de-creuers-del-port-de-barcelona\/"},"modified":"2025-04-10T13:25:15","modified_gmt":"2025-04-10T11:25:15","slug":"garcia-faura-participa-en-ledificacio-de-la-nova-terminal-de-creuers-del-port-de-barcelona","status":"publish","type":"post","link":"https:\/\/www.garciafaura.com\/es\/garcia-faura-participa-en-ledificacio-de-la-nova-terminal-de-creuers-del-port-de-barcelona\/","title":{"rendered":"GARCIA FAURA participa en la edificaci\u00f3n de la nueva terminal de cruceros del Puerto de Barcelona"},"content":{"rendered":"<h3 style=\"text-align: justify;\"><span style=\"font-family: 'Open Sans';\">Para la nueva infraestructura del Muelle Adosado, la empresa desarrollar\u00e1 e instalar\u00e1 cerca de 4.000 metros cuadrados de muro cortina y casi 3.000 de doble piel con malla met\u00e1lica, entre otros trabajos.<\/span><\/h3>\n<p style=\"text-align: justify;\"><span style=\"font-family: 'Open Sans';\"><strong>GARCIA FAURA<\/strong> participa en la construcci\u00f3n de la nueva <strong>terminal G de cruceros<\/strong> que se est\u00e1 levantando en el <strong>Muelle Adosado<\/strong> del <strong>Puerto de Barcelona<\/strong>, \u200b\u200by la cual est\u00e1 previsto que est\u00e9 operativa hacia la primavera de 2027.<\/span><\/p>\n<p style=\"text-align: justify;\"><span style=\"font-family: 'Open Sans';\">La nueva terminal implicar\u00e1 el cierre de la terminal sur del World Trade Center en 2026, por lo que el <strong>Muelle Adosado<\/strong> acoger\u00e1 las siete terminales para cruceros de la ciudad, algo acordado entre el Ayuntamiento y el <strong>Puerto de Barcelona<\/strong>.<\/span><\/p>\n<p style=\"text-align: justify;\"><span style=\"font-family: 'Open Sans';\">La <strong>terminal G<\/strong> ha sido concebida para una <strong>movilidad eficiente y sostenible<\/strong> del pasaje, de modo que pueda conectarse de forma fluida con la ciudad o hacia otros sistemas de transporte como el tren o el aeropuerto.<\/span><\/p>\n<p style=\"text-align: justify;\"><span style=\"font-family: 'Open Sans';\">La nueva infraestructura tambi\u00e9n ha sido dise\u00f1ada con <strong>soluciones de energ\u00eda renovable<\/strong>, con placas fotovoltaicas y otras instalaciones (como sistemas para que los cruceros se conecten a la red el\u00e9ctrica) para conseguir un balance de <strong>cero emisiones<\/strong>.<\/span><\/p>\n<h4 style=\"text-align: justify;\"><span style=\"font-family: 'Open Sans';\">Trabajos de GARCIA FAURA<\/span><\/h4>\n<p style=\"text-align: justify;\"><span style=\"font-family: 'Open Sans';\">Para esta obra, <strong>GARCIA FAURA<\/strong> fabricar\u00e1 e instalar\u00e1 3.800 metros cuadrados de <strong>muro cortina<\/strong> con montantes de grandes dimensiones para soportar las alturas del proyecto (m\u00e1s de siete metros entre anclajes), formando un dise\u00f1o con zonas opacas con panel de <strong>aluminio<\/strong> y zonas de visi\u00f3n con cristal.<\/span><\/p>\n<p style=\"text-align: justify;\"><span style=\"font-family: 'Open Sans';\">Tambi\u00e9n se instalar\u00e1n 2.700 metros cuadrados de doble piel con <strong>malla met\u00e1lica de aluminio<\/strong> sobre vestuario tambi\u00e9n de <strong>aluminio<\/strong>, que se fijar\u00e1 en la <strong>fachada<\/strong> principal de <strong>muro cortina<\/strong> en un \u00e1ngulo de 45 grados respecto al plano de <strong>fachada<\/strong>.<\/span><\/p>\n<p style=\"text-align: justify;\"><span style=\"font-family: 'Open Sans';\">Todo ello en un edificio \u00fanico y singular, para el que <strong>GARCIA FAURA<\/strong> est\u00e1 llevando a cabo una importante labor de desarrollo t\u00e9cnico, conjuntamente con la constructora <strong>Dragados<\/strong> y la ingenier\u00eda <strong>JG<\/strong>, para <strong>Royal Caribbean<\/strong>.<\/span><\/p>\n<p style=\"text-align: justify;\"><span style=\"font-family: 'Open Sans';\">Por \u00faltimo, cabe remarcar tambi\u00e9n los 1.300 metros cuadrados de <strong>revestimiento de malla<\/strong>, en este caso fijada sobre la estructura de <strong>hierro<\/strong> portante para ocultar las zonas de embarque, y los 200 metros cuadrados de <strong>barandillas de vidrio<\/strong>.<\/span><\/p>\n","protected":false},"excerpt":{"rendered":"<p>Para la nueva infraestructura del Muelle Adosado, la empresa desarrollar\u00e1 e instalar\u00e1 cerca de 4.000 metros cuadrados de muro cortina y casi 3.000 de doble piel con malla met\u00e1lica, entre otros trabajos. GARCIA FAURA participa en la construcci\u00f3n de la&hellip;<\/p>\n","protected":false},"author":3,"featured_media":38999,"comment_status":"closed","ping_status":"open","sticky":false,"template":"","format":"standard","meta":{"footnotes":""},"categories":[3],"tags":[],"post_series":[],"class_list":["post-39003","post","type-post","status-publish","format-standard","has-post-thumbnail","hentry","category-actualidad","entry","has-media"],"yoast_head":"<!-- This site is optimized with the Yoast SEO plugin v26.7 - https:\/\/yoast.com\/wordpress\/plugins\/seo\/ -->\n<title>GARCIA FAURA participa en la edificaci\u00f3n de la nueva terminal de cruceros del Puerto de Barcelona - GARCIA FAURA<\/title>\n<meta name=\"description\" content=\"Arquitectura en Alumini, Inox, Ferro i Vidre\" \/>\n<meta name=\"robots\" content=\"index, follow, max-snippet:-1, max-image-preview:large, max-video-preview:-1\" \/>\n<link rel=\"canonical\" href=\"https:\/\/www.garciafaura.com\/es\/garcia-faura-participa-en-ledificacio-de-la-nova-terminal-de-creuers-del-port-de-barcelona\/\" \/>\n<meta property=\"og:locale\" content=\"es_ES\" \/>\n<meta property=\"og:type\" content=\"article\" \/>\n<meta property=\"og:title\" content=\"GARCIA FAURA participa en la edificaci\u00f3n de la nueva terminal de cruceros del Puerto de Barcelona - GARCIA FAURA\" \/>\n<meta property=\"og:description\" content=\"Arquitectura en Alumini, Inox, Ferro i Vidre\" \/>\n<meta property=\"og:url\" content=\"https:\/\/www.garciafaura.com\/es\/garcia-faura-participa-en-ledificacio-de-la-nova-terminal-de-creuers-del-port-de-barcelona\/\" \/>\n<meta property=\"og:site_name\" content=\"GARCIA FAURA\" \/>\n<meta property=\"article:published_time\" content=\"2025-04-10T11:19:46+00:00\" \/>\n<meta property=\"article:modified_time\" content=\"2025-04-10T11:25:15+00:00\" \/>\n<meta property=\"og:image\" content=\"https:\/\/www.garciafaura.com\/wp-content\/uploads\/2025\/04\/Terminal-G-Royal-caribbean-1024x683.png\" \/>\n\t<meta property=\"og:image:width\" content=\"1024\" \/>\n\t<meta property=\"og:image:height\" content=\"683\" \/>\n\t<meta property=\"og:image:type\" content=\"image\/png\" \/>\n<meta name=\"author\" content=\"David Achell\" \/>\n<meta name=\"twitter:card\" content=\"summary_large_image\" \/>\n<meta name=\"twitter:label1\" content=\"Escrito por\" \/>\n\t<meta name=\"twitter:data1\" content=\"David Achell\" \/>\n\t<meta name=\"twitter:label2\" content=\"Tiempo de lectura\" \/>\n\t<meta name=\"twitter:data2\" content=\"3 minutos\" \/>\n<script type=\"application\/ld+json\" class=\"yoast-schema-graph\">{\"@context\":\"https:\/\/schema.org\",\"@graph\":[{\"@type\":\"Article\",\"@id\":\"https:\/\/www.garciafaura.com\/es\/garcia-faura-participa-en-ledificacio-de-la-nova-terminal-de-creuers-del-port-de-barcelona\/#article\",\"isPartOf\":{\"@id\":\"https:\/\/www.garciafaura.com\/es\/garcia-faura-participa-en-ledificacio-de-la-nova-terminal-de-creuers-del-port-de-barcelona\/\"},\"author\":{\"name\":\"David Achell\",\"@id\":\"https:\/\/www.garciafaura.com\/fr\/#\/schema\/person\/b4b75e69b33fac3446071909bec106b0\"},\"headline\":\"GARCIA FAURA participa en la edificaci\u00f3n de la nueva terminal de cruceros del Puerto de Barcelona\",\"datePublished\":\"2025-04-10T11:19:46+00:00\",\"dateModified\":\"2025-04-10T11:25:15+00:00\",\"mainEntityOfPage\":{\"@id\":\"https:\/\/www.garciafaura.com\/es\/garcia-faura-participa-en-ledificacio-de-la-nova-terminal-de-creuers-del-port-de-barcelona\/\"},\"wordCount\":373,\"publisher\":{\"@id\":\"https:\/\/www.garciafaura.com\/fr\/#organization\"},\"image\":{\"@id\":\"https:\/\/www.garciafaura.com\/es\/garcia-faura-participa-en-ledificacio-de-la-nova-terminal-de-creuers-del-port-de-barcelona\/#primaryimage\"},\"thumbnailUrl\":\"https:\/\/www.garciafaura.com\/wp-content\/uploads\/2025\/04\/Terminal-G-Royal-caribbean.png\",\"articleSection\":[\"Actualidad\"],\"inLanguage\":\"es\"},{\"@type\":\"WebPage\",\"@id\":\"https:\/\/www.garciafaura.com\/es\/garcia-faura-participa-en-ledificacio-de-la-nova-terminal-de-creuers-del-port-de-barcelona\/\",\"url\":\"https:\/\/www.garciafaura.com\/es\/garcia-faura-participa-en-ledificacio-de-la-nova-terminal-de-creuers-del-port-de-barcelona\/\",\"name\":\"GARCIA FAURA participa en la edificaci\u00f3n de la nueva terminal de cruceros del Puerto de Barcelona - GARCIA FAURA\",\"isPartOf\":{\"@id\":\"https:\/\/www.garciafaura.com\/fr\/#website\"},\"primaryImageOfPage\":{\"@id\":\"https:\/\/www.garciafaura.com\/es\/garcia-faura-participa-en-ledificacio-de-la-nova-terminal-de-creuers-del-port-de-barcelona\/#primaryimage\"},\"image\":{\"@id\":\"https:\/\/www.garciafaura.com\/es\/garcia-faura-participa-en-ledificacio-de-la-nova-terminal-de-creuers-del-port-de-barcelona\/#primaryimage\"},\"thumbnailUrl\":\"https:\/\/www.garciafaura.com\/wp-content\/uploads\/2025\/04\/Terminal-G-Royal-caribbean.png\",\"datePublished\":\"2025-04-10T11:19:46+00:00\",\"dateModified\":\"2025-04-10T11:25:15+00:00\",\"description\":\"Arquitectura en Alumini, Inox, Ferro i Vidre\",\"breadcrumb\":{\"@id\":\"https:\/\/www.garciafaura.com\/es\/garcia-faura-participa-en-ledificacio-de-la-nova-terminal-de-creuers-del-port-de-barcelona\/#breadcrumb\"},\"inLanguage\":\"es\",\"potentialAction\":[{\"@type\":\"ReadAction\",\"target\":[\"https:\/\/www.garciafaura.com\/es\/garcia-faura-participa-en-ledificacio-de-la-nova-terminal-de-creuers-del-port-de-barcelona\/\"]}]},{\"@type\":\"ImageObject\",\"inLanguage\":\"es\",\"@id\":\"https:\/\/www.garciafaura.com\/es\/garcia-faura-participa-en-ledificacio-de-la-nova-terminal-de-creuers-del-port-de-barcelona\/#primaryimage\",\"url\":\"https:\/\/www.garciafaura.com\/wp-content\/uploads\/2025\/04\/Terminal-G-Royal-caribbean.png\",\"contentUrl\":\"https:\/\/www.garciafaura.com\/wp-content\/uploads\/2025\/04\/Terminal-G-Royal-caribbean.png\",\"width\":2406,\"height\":1605},{\"@type\":\"BreadcrumbList\",\"@id\":\"https:\/\/www.garciafaura.com\/es\/garcia-faura-participa-en-ledificacio-de-la-nova-terminal-de-creuers-del-port-de-barcelona\/#breadcrumb\",\"itemListElement\":[{\"@type\":\"ListItem\",\"position\":1,\"name\":\"Inici\",\"item\":\"https:\/\/www.garciafaura.com\/es\/\"},{\"@type\":\"ListItem\",\"position\":2,\"name\":\"GARCIA FAURA participa en la edificaci\u00f3n de la nueva terminal de cruceros del Puerto de Barcelona\"}]},{\"@type\":\"WebSite\",\"@id\":\"https:\/\/www.garciafaura.com\/fr\/#website\",\"url\":\"https:\/\/www.garciafaura.com\/fr\/\",\"name\":\"GARCIA FAURA\",\"description\":\"Arquitectura en Alumini, Inox, Ferro i Vidre\",\"publisher\":{\"@id\":\"https:\/\/www.garciafaura.com\/fr\/#organization\"},\"potentialAction\":[{\"@type\":\"SearchAction\",\"target\":{\"@type\":\"EntryPoint\",\"urlTemplate\":\"https:\/\/www.garciafaura.com\/fr\/?s={search_term_string}\"},\"query-input\":{\"@type\":\"PropertyValueSpecification\",\"valueRequired\":true,\"valueName\":\"search_term_string\"}}],\"inLanguage\":\"es\"},{\"@type\":\"Organization\",\"@id\":\"https:\/\/www.garciafaura.com\/fr\/#organization\",\"name\":\"GARCIA FAURA\",\"url\":\"https:\/\/www.garciafaura.com\/fr\/\",\"logo\":{\"@type\":\"ImageObject\",\"inLanguage\":\"es\",\"@id\":\"https:\/\/www.garciafaura.com\/fr\/#\/schema\/logo\/image\/\",\"url\":\"https:\/\/www.garciafaura.com\/wp-content\/uploads\/2018\/09\/Garcia-Faura.png\",\"contentUrl\":\"https:\/\/www.garciafaura.com\/wp-content\/uploads\/2018\/09\/Garcia-Faura.png\",\"width\":512,\"height\":512,\"caption\":\"GARCIA FAURA\"},\"image\":{\"@id\":\"https:\/\/www.garciafaura.com\/fr\/#\/schema\/logo\/image\/\"},\"sameAs\":[\"https:\/\/www.youtube.com\/user\/GARCIAFAURA\"]},{\"@type\":\"Person\",\"@id\":\"https:\/\/www.garciafaura.com\/fr\/#\/schema\/person\/b4b75e69b33fac3446071909bec106b0\",\"name\":\"David Achell\",\"image\":{\"@type\":\"ImageObject\",\"inLanguage\":\"es\",\"@id\":\"https:\/\/www.garciafaura.com\/fr\/#\/schema\/person\/image\/\",\"url\":\"https:\/\/secure.gravatar.com\/avatar\/03900210afc1f61bce737bcb4a79c02e2c997f171e3eca839b5a4cbe03846c90?s=96&d=blank&r=g\",\"contentUrl\":\"https:\/\/secure.gravatar.com\/avatar\/03900210afc1f61bce737bcb4a79c02e2c997f171e3eca839b5a4cbe03846c90?s=96&d=blank&r=g\",\"caption\":\"David Achell\"}}]}<\/script>\n<!-- \/ Yoast SEO plugin. -->","yoast_head_json":{"title":"GARCIA FAURA participa en la edificaci\u00f3n de la nueva terminal de cruceros del Puerto de Barcelona - GARCIA FAURA","description":"Arquitectura en Alumini, Inox, Ferro i Vidre","robots":{"index":"index","follow":"follow","max-snippet":"max-snippet:-1","max-image-preview":"max-image-preview:large","max-video-preview":"max-video-preview:-1"},"canonical":"https:\/\/www.garciafaura.com\/es\/garcia-faura-participa-en-ledificacio-de-la-nova-terminal-de-creuers-del-port-de-barcelona\/","og_locale":"es_ES","og_type":"article","og_title":"GARCIA FAURA participa en la edificaci\u00f3n de la nueva terminal de cruceros del Puerto de Barcelona - GARCIA FAURA","og_description":"Arquitectura en Alumini, Inox, Ferro i Vidre","og_url":"https:\/\/www.garciafaura.com\/es\/garcia-faura-participa-en-ledificacio-de-la-nova-terminal-de-creuers-del-port-de-barcelona\/","og_site_name":"GARCIA FAURA","article_published_time":"2025-04-10T11:19:46+00:00","article_modified_time":"2025-04-10T11:25:15+00:00","og_image":[{"width":1024,"height":683,"url":"https:\/\/www.garciafaura.com\/wp-content\/uploads\/2025\/04\/Terminal-G-Royal-caribbean-1024x683.png","type":"image\/png"}],"author":"David Achell","twitter_card":"summary_large_image","twitter_misc":{"Escrito por":"David Achell","Tiempo de lectura":"3 minutos"},"schema":{"@context":"https:\/\/schema.org","@graph":[{"@type":"Article","@id":"https:\/\/www.garciafaura.com\/es\/garcia-faura-participa-en-ledificacio-de-la-nova-terminal-de-creuers-del-port-de-barcelona\/#article","isPartOf":{"@id":"https:\/\/www.garciafaura.com\/es\/garcia-faura-participa-en-ledificacio-de-la-nova-terminal-de-creuers-del-port-de-barcelona\/"},"author":{"name":"David Achell","@id":"https:\/\/www.garciafaura.com\/fr\/#\/schema\/person\/b4b75e69b33fac3446071909bec106b0"},"headline":"GARCIA FAURA participa en la edificaci\u00f3n de la nueva terminal de cruceros del Puerto de Barcelona","datePublished":"2025-04-10T11:19:46+00:00","dateModified":"2025-04-10T11:25:15+00:00","mainEntityOfPage":{"@id":"https:\/\/www.garciafaura.com\/es\/garcia-faura-participa-en-ledificacio-de-la-nova-terminal-de-creuers-del-port-de-barcelona\/"},"wordCount":373,"publisher":{"@id":"https:\/\/www.garciafaura.com\/fr\/#organization"},"image":{"@id":"https:\/\/www.garciafaura.com\/es\/garcia-faura-participa-en-ledificacio-de-la-nova-terminal-de-creuers-del-port-de-barcelona\/#primaryimage"},"thumbnailUrl":"https:\/\/www.garciafaura.com\/wp-content\/uploads\/2025\/04\/Terminal-G-Royal-caribbean.png","articleSection":["Actualidad"],"inLanguage":"es"},{"@type":"WebPage","@id":"https:\/\/www.garciafaura.com\/es\/garcia-faura-participa-en-ledificacio-de-la-nova-terminal-de-creuers-del-port-de-barcelona\/","url":"https:\/\/www.garciafaura.com\/es\/garcia-faura-participa-en-ledificacio-de-la-nova-terminal-de-creuers-del-port-de-barcelona\/","name":"GARCIA FAURA participa en la edificaci\u00f3n de la nueva terminal de cruceros del Puerto de Barcelona - GARCIA FAURA","isPartOf":{"@id":"https:\/\/www.garciafaura.com\/fr\/#website"},"primaryImageOfPage":{"@id":"https:\/\/www.garciafaura.com\/es\/garcia-faura-participa-en-ledificacio-de-la-nova-terminal-de-creuers-del-port-de-barcelona\/#primaryimage"},"image":{"@id":"https:\/\/www.garciafaura.com\/es\/garcia-faura-participa-en-ledificacio-de-la-nova-terminal-de-creuers-del-port-de-barcelona\/#primaryimage"},"thumbnailUrl":"https:\/\/www.garciafaura.com\/wp-content\/uploads\/2025\/04\/Terminal-G-Royal-caribbean.png","datePublished":"2025-04-10T11:19:46+00:00","dateModified":"2025-04-10T11:25:15+00:00","description":"Arquitectura en Alumini, Inox, Ferro i Vidre","breadcrumb":{"@id":"https:\/\/www.garciafaura.com\/es\/garcia-faura-participa-en-ledificacio-de-la-nova-terminal-de-creuers-del-port-de-barcelona\/#breadcrumb"},"inLanguage":"es","potentialAction":[{"@type":"ReadAction","target":["https:\/\/www.garciafaura.com\/es\/garcia-faura-participa-en-ledificacio-de-la-nova-terminal-de-creuers-del-port-de-barcelona\/"]}]},{"@type":"ImageObject","inLanguage":"es","@id":"https:\/\/www.garciafaura.com\/es\/garcia-faura-participa-en-ledificacio-de-la-nova-terminal-de-creuers-del-port-de-barcelona\/#primaryimage","url":"https:\/\/www.garciafaura.com\/wp-content\/uploads\/2025\/04\/Terminal-G-Royal-caribbean.png","contentUrl":"https:\/\/www.garciafaura.com\/wp-content\/uploads\/2025\/04\/Terminal-G-Royal-caribbean.png","width":2406,"height":1605},{"@type":"BreadcrumbList","@id":"https:\/\/www.garciafaura.com\/es\/garcia-faura-participa-en-ledificacio-de-la-nova-terminal-de-creuers-del-port-de-barcelona\/#breadcrumb","itemListElement":[{"@type":"ListItem","position":1,"name":"Inici","item":"https:\/\/www.garciafaura.com\/es\/"},{"@type":"ListItem","position":2,"name":"GARCIA FAURA participa en la edificaci\u00f3n de la nueva terminal de cruceros del Puerto de Barcelona"}]},{"@type":"WebSite","@id":"https:\/\/www.garciafaura.com\/fr\/#website","url":"https:\/\/www.garciafaura.com\/fr\/","name":"GARCIA FAURA","description":"Arquitectura en Alumini, Inox, Ferro i Vidre","publisher":{"@id":"https:\/\/www.garciafaura.com\/fr\/#organization"},"potentialAction":[{"@type":"SearchAction","target":{"@type":"EntryPoint","urlTemplate":"https:\/\/www.garciafaura.com\/fr\/?s={search_term_string}"},"query-input":{"@type":"PropertyValueSpecification","valueRequired":true,"valueName":"search_term_string"}}],"inLanguage":"es"},{"@type":"Organization","@id":"https:\/\/www.garciafaura.com\/fr\/#organization","name":"GARCIA FAURA","url":"https:\/\/www.garciafaura.com\/fr\/","logo":{"@type":"ImageObject","inLanguage":"es","@id":"https:\/\/www.garciafaura.com\/fr\/#\/schema\/logo\/image\/","url":"https:\/\/www.garciafaura.com\/wp-content\/uploads\/2018\/09\/Garcia-Faura.png","contentUrl":"https:\/\/www.garciafaura.com\/wp-content\/uploads\/2018\/09\/Garcia-Faura.png","width":512,"height":512,"caption":"GARCIA FAURA"},"image":{"@id":"https:\/\/www.garciafaura.com\/fr\/#\/schema\/logo\/image\/"},"sameAs":["https:\/\/www.youtube.com\/user\/GARCIAFAURA"]},{"@type":"Person","@id":"https:\/\/www.garciafaura.com\/fr\/#\/schema\/person\/b4b75e69b33fac3446071909bec106b0","name":"David Achell","image":{"@type":"ImageObject","inLanguage":"es","@id":"https:\/\/www.garciafaura.com\/fr\/#\/schema\/person\/image\/","url":"https:\/\/secure.gravatar.com\/avatar\/03900210afc1f61bce737bcb4a79c02e2c997f171e3eca839b5a4cbe03846c90?s=96&d=blank&r=g","contentUrl":"https:\/\/secure.gravatar.com\/avatar\/03900210afc1f61bce737bcb4a79c02e2c997f171e3eca839b5a4cbe03846c90?s=96&d=blank&r=g","caption":"David Achell"}}]}},"_links":{"self":[{"href":"https:\/\/www.garciafaura.com\/es\/wp-json\/wp\/v2\/posts\/39003","targetHints":{"allow":["GET"]}}],"collection":[{"href":"https:\/\/www.garciafaura.com\/es\/wp-json\/wp\/v2\/posts"}],"about":[{"href":"https:\/\/www.garciafaura.com\/es\/wp-json\/wp\/v2\/types\/post"}],"author":[{"embeddable":true,"href":"https:\/\/www.garciafaura.com\/es\/wp-json\/wp\/v2\/users\/3"}],"replies":[{"embeddable":true,"href":"https:\/\/www.garciafaura.com\/es\/wp-json\/wp\/v2\/comments?post=39003"}],"version-history":[{"count":3,"href":"https:\/\/www.garciafaura.com\/es\/wp-json\/wp\/v2\/posts\/39003\/revisions"}],"predecessor-version":[{"id":39006,"href":"https:\/\/www.garciafaura.com\/es\/wp-json\/wp\/v2\/posts\/39003\/revisions\/39006"}],"wp:featuredmedia":[{"embeddable":true,"href":"https:\/\/www.garciafaura.com\/es\/wp-json\/wp\/v2\/media\/38999"}],"wp:attachment":[{"href":"https:\/\/www.garciafaura.com\/es\/wp-json\/wp\/v2\/media?parent=39003"}],"wp:term":[{"taxonomy":"category","embeddable":true,"href":"https:\/\/www.garciafaura.com\/es\/wp-json\/wp\/v2\/categories?post=39003"},{"taxonomy":"post_tag","embeddable":true,"href":"https:\/\/www.garciafaura.com\/es\/wp-json\/wp\/v2\/tags?post=39003"},{"taxonomy":"post_series","embeddable":true,"href":"https:\/\/www.garciafaura.com\/es\/wp-json\/wp\/v2\/post_series?post=39003"}],"curies":[{"name":"wp","href":"https:\/\/api.w.org\/{rel}","templated":true}]}}