{"id":38546,"date":"2025-01-16T16:09:02","date_gmt":"2025-01-16T14:09:02","guid":{"rendered":"https:\/\/www.garciafaura.com\/?p=38546"},"modified":"2025-01-16T16:14:25","modified_gmt":"2025-01-16T14:14:25","slug":"intervencio-de-garcia-faura-en-el-parc-sanitari-nou-son-dureta-a-palma","status":"publish","type":"post","link":"https:\/\/www.garciafaura.com\/es\/intervencio-de-garcia-faura-en-el-parc-sanitari-nou-son-dureta-a-palma\/","title":{"rendered":"Intervenci\u00f3n de GARCIA FAURA en el Parque Sanitario Nou Son Dureta, en Palma"},"content":{"rendered":"<h3 style=\"text-align: justify;\"><span style=\"font-family: 'Open Sans';\">La empresa fabrica e instala muros cortina, celos\u00edas y cerramientos para la que ser\u00e1 la principal infraestructura hospitalaria de las Baleares en materia de cronicidad.<\/span><\/h3>\n<p style=\"text-align: justify;\"><span style=\"font-family: 'Open Sans';\"><strong>GARCIA FAURA<\/strong> participa en la construcci\u00f3n del <strong>Parque Sanitario Nou Son Dureta<\/strong> que se est\u00e1 levantando en <strong>Palma<\/strong> y que se convertir\u00e1 en la infraestructura sanitaria m\u00e1s importante en materia de cronicidad de Baleares.<\/span><\/p>\n<p style=\"text-align: justify;\"><span style=\"font-family: 'Open Sans';\">El <strong>complejo sanitario<\/strong> consistir\u00e1 en dos edificios de tres m\u00f3dulos cada uno que albergar\u00e1n los hospitales de media y larga estancia. En total, el complejo tendr\u00e1 82.822 metros cuadrados de superficie.<\/span><\/p>\n<p style=\"text-align: justify;\"><span style=\"font-family: 'Open Sans';\">Ambos centros hospitalarios tendr\u00e1n una superficie total de 67.362 metros cuadrados y habr\u00e1 una zona ajardinada de 48.793 metros cuadrados y un aparcamiento con 542 plazas.<\/span><\/p>\n<p style=\"text-align: justify;\"><span style=\"font-family: 'Open Sans';\">El <strong>parque sanitario<\/strong> se integrar\u00e1 perfectamente con el bosque de Bellver cercano y tendr\u00e1 una \u00f3ptima orientaci\u00f3n solar para las distintas estancias. Adem\u00e1s, integrar\u00e1 distintos aspectos medioambientales y sociales, con criterios de accesibilidad, ergonom\u00eda, sostenibilidad y ahorro energ\u00e9tico.<\/span><\/p>\n<p style=\"text-align: justify;\"><span style=\"font-family: 'Open Sans';\">Para alcanzar estos objetivos, la obra conf\u00eda en<strong> GARCIA FAURA<\/strong>. La empresa especializada en el desarrollo de <strong>fachadas<\/strong> construir\u00e1 e instalar\u00e1 algo m\u00e1s de 3.000 metros cuadrados de <strong>muro cortina<\/strong> y 2.000 metros cuadrados de <strong>celos\u00edas<\/strong>, de altas prestaciones t\u00e9cnicas.<\/span><\/p>\n<p style=\"text-align: justify;\"><span style=\"font-family: 'Open Sans';\">Los trabajos se completan con la fabricaci\u00f3n e instalaci\u00f3n de 200 unidades de <strong>cerramientos de aluminio<\/strong> que garantizar\u00e1n el confort y el aislamiento t\u00e9rmico y ac\u00fastico que requiere una instalaci\u00f3n de estas caracter\u00edsticas.<\/span><\/p>\n<p style=\"text-align: justify;\"><span style=\"font-family: 'Open Sans';\">El <strong>Parque Sanitario Nou Son Dureta<\/strong> supondr\u00e1 recuperar un espacio emblem\u00e1tico de <strong>Palma<\/strong> y destinarlo a un uso sanitario y social, ya que hasta 2010 albergaba el hospital de referencia de la capital balear.<\/span><\/p>\n","protected":false},"excerpt":{"rendered":"<p>La empresa fabrica e instala muros cortina, celos\u00edas y cerramientos para la que ser\u00e1 la principal infraestructura hospitalaria de las Baleares en materia de cronicidad. GARCIA FAURA participa en la construcci\u00f3n del Parque Sanitario Nou Son Dureta que se est\u00e1&hellip;<\/p>\n","protected":false},"author":3,"featured_media":37098,"comment_status":"closed","ping_status":"open","sticky":false,"template":"","format":"standard","meta":{"footnotes":""},"categories":[3],"tags":[],"post_series":[],"class_list":["post-38546","post","type-post","status-publish","format-standard","has-post-thumbnail","hentry","category-actualidad","entry","has-media"],"yoast_head":"<!-- This site is optimized with the Yoast SEO plugin v26.7 - https:\/\/yoast.com\/wordpress\/plugins\/seo\/ -->\n<title>Intervenci\u00f3n de GARCIA FAURA en el Parque Sanitario Nou Son Dureta, en Palma - GARCIA FAURA<\/title>\n<meta name=\"description\" content=\"Arquitectura en Alumini, Inox, Ferro i Vidre\" \/>\n<meta name=\"robots\" content=\"index, follow, max-snippet:-1, max-image-preview:large, max-video-preview:-1\" \/>\n<link rel=\"canonical\" href=\"https:\/\/www.garciafaura.com\/es\/intervencio-de-garcia-faura-en-el-parc-sanitari-nou-son-dureta-a-palma\/\" \/>\n<meta property=\"og:locale\" content=\"es_ES\" \/>\n<meta property=\"og:type\" content=\"article\" \/>\n<meta property=\"og:title\" content=\"Intervenci\u00f3n de GARCIA FAURA en el Parque Sanitario Nou Son Dureta, en Palma - GARCIA FAURA\" \/>\n<meta property=\"og:description\" content=\"Arquitectura en Alumini, Inox, Ferro i Vidre\" \/>\n<meta property=\"og:url\" content=\"https:\/\/www.garciafaura.com\/es\/intervencio-de-garcia-faura-en-el-parc-sanitari-nou-son-dureta-a-palma\/\" \/>\n<meta property=\"og:site_name\" content=\"GARCIA FAURA\" \/>\n<meta property=\"article:published_time\" content=\"2025-01-16T14:09:02+00:00\" \/>\n<meta property=\"article:modified_time\" content=\"2025-01-16T14:14:25+00:00\" \/>\n<meta property=\"og:image\" content=\"https:\/\/www.garciafaura.com\/wp-content\/uploads\/2024\/06\/SonDureta-01-baixa.jpg\" \/>\n\t<meta property=\"og:image:width\" content=\"1200\" \/>\n\t<meta property=\"og:image:height\" content=\"628\" \/>\n\t<meta property=\"og:image:type\" content=\"image\/jpeg\" \/>\n<meta name=\"author\" content=\"David Achell\" \/>\n<meta name=\"twitter:card\" content=\"summary_large_image\" \/>\n<meta name=\"twitter:label1\" content=\"Escrito por\" \/>\n\t<meta name=\"twitter:data1\" content=\"David Achell\" \/>\n\t<meta name=\"twitter:label2\" content=\"Tiempo de lectura\" \/>\n\t<meta name=\"twitter:data2\" content=\"2 minutos\" \/>\n<script type=\"application\/ld+json\" class=\"yoast-schema-graph\">{\"@context\":\"https:\/\/schema.org\",\"@graph\":[{\"@type\":\"Article\",\"@id\":\"https:\/\/www.garciafaura.com\/es\/intervencio-de-garcia-faura-en-el-parc-sanitari-nou-son-dureta-a-palma\/#article\",\"isPartOf\":{\"@id\":\"https:\/\/www.garciafaura.com\/es\/intervencio-de-garcia-faura-en-el-parc-sanitari-nou-son-dureta-a-palma\/\"},\"author\":{\"name\":\"David Achell\",\"@id\":\"https:\/\/www.garciafaura.com\/fr\/#\/schema\/person\/b4b75e69b33fac3446071909bec106b0\"},\"headline\":\"Intervenci\u00f3n de GARCIA FAURA en el Parque Sanitario Nou Son Dureta, en Palma\",\"datePublished\":\"2025-01-16T14:09:02+00:00\",\"dateModified\":\"2025-01-16T14:14:25+00:00\",\"mainEntityOfPage\":{\"@id\":\"https:\/\/www.garciafaura.com\/es\/intervencio-de-garcia-faura-en-el-parc-sanitari-nou-son-dureta-a-palma\/\"},\"wordCount\":289,\"publisher\":{\"@id\":\"https:\/\/www.garciafaura.com\/fr\/#organization\"},\"image\":{\"@id\":\"https:\/\/www.garciafaura.com\/es\/intervencio-de-garcia-faura-en-el-parc-sanitari-nou-son-dureta-a-palma\/#primaryimage\"},\"thumbnailUrl\":\"https:\/\/www.garciafaura.com\/wp-content\/uploads\/2024\/06\/SonDureta-01-baixa.jpg\",\"articleSection\":[\"Actualidad\"],\"inLanguage\":\"es\"},{\"@type\":\"WebPage\",\"@id\":\"https:\/\/www.garciafaura.com\/es\/intervencio-de-garcia-faura-en-el-parc-sanitari-nou-son-dureta-a-palma\/\",\"url\":\"https:\/\/www.garciafaura.com\/es\/intervencio-de-garcia-faura-en-el-parc-sanitari-nou-son-dureta-a-palma\/\",\"name\":\"Intervenci\u00f3n de GARCIA FAURA en el Parque Sanitario Nou Son Dureta, en Palma - GARCIA FAURA\",\"isPartOf\":{\"@id\":\"https:\/\/www.garciafaura.com\/fr\/#website\"},\"primaryImageOfPage\":{\"@id\":\"https:\/\/www.garciafaura.com\/es\/intervencio-de-garcia-faura-en-el-parc-sanitari-nou-son-dureta-a-palma\/#primaryimage\"},\"image\":{\"@id\":\"https:\/\/www.garciafaura.com\/es\/intervencio-de-garcia-faura-en-el-parc-sanitari-nou-son-dureta-a-palma\/#primaryimage\"},\"thumbnailUrl\":\"https:\/\/www.garciafaura.com\/wp-content\/uploads\/2024\/06\/SonDureta-01-baixa.jpg\",\"datePublished\":\"2025-01-16T14:09:02+00:00\",\"dateModified\":\"2025-01-16T14:14:25+00:00\",\"description\":\"Arquitectura en Alumini, Inox, Ferro i Vidre\",\"breadcrumb\":{\"@id\":\"https:\/\/www.garciafaura.com\/es\/intervencio-de-garcia-faura-en-el-parc-sanitari-nou-son-dureta-a-palma\/#breadcrumb\"},\"inLanguage\":\"es\",\"potentialAction\":[{\"@type\":\"ReadAction\",\"target\":[\"https:\/\/www.garciafaura.com\/es\/intervencio-de-garcia-faura-en-el-parc-sanitari-nou-son-dureta-a-palma\/\"]}]},{\"@type\":\"ImageObject\",\"inLanguage\":\"es\",\"@id\":\"https:\/\/www.garciafaura.com\/es\/intervencio-de-garcia-faura-en-el-parc-sanitari-nou-son-dureta-a-palma\/#primaryimage\",\"url\":\"https:\/\/www.garciafaura.com\/wp-content\/uploads\/2024\/06\/SonDureta-01-baixa.jpg\",\"contentUrl\":\"https:\/\/www.garciafaura.com\/wp-content\/uploads\/2024\/06\/SonDureta-01-baixa.jpg\",\"width\":1200,\"height\":628},{\"@type\":\"BreadcrumbList\",\"@id\":\"https:\/\/www.garciafaura.com\/es\/intervencio-de-garcia-faura-en-el-parc-sanitari-nou-son-dureta-a-palma\/#breadcrumb\",\"itemListElement\":[{\"@type\":\"ListItem\",\"position\":1,\"name\":\"Inici\",\"item\":\"https:\/\/www.garciafaura.com\/es\/\"},{\"@type\":\"ListItem\",\"position\":2,\"name\":\"Intervenci\u00f3n de GARCIA FAURA en el Parque Sanitario Nou Son Dureta, en Palma\"}]},{\"@type\":\"WebSite\",\"@id\":\"https:\/\/www.garciafaura.com\/fr\/#website\",\"url\":\"https:\/\/www.garciafaura.com\/fr\/\",\"name\":\"GARCIA FAURA\",\"description\":\"Arquitectura en Alumini, Inox, Ferro i Vidre\",\"publisher\":{\"@id\":\"https:\/\/www.garciafaura.com\/fr\/#organization\"},\"potentialAction\":[{\"@type\":\"SearchAction\",\"target\":{\"@type\":\"EntryPoint\",\"urlTemplate\":\"https:\/\/www.garciafaura.com\/fr\/?s={search_term_string}\"},\"query-input\":{\"@type\":\"PropertyValueSpecification\",\"valueRequired\":true,\"valueName\":\"search_term_string\"}}],\"inLanguage\":\"es\"},{\"@type\":\"Organization\",\"@id\":\"https:\/\/www.garciafaura.com\/fr\/#organization\",\"name\":\"GARCIA FAURA\",\"url\":\"https:\/\/www.garciafaura.com\/fr\/\",\"logo\":{\"@type\":\"ImageObject\",\"inLanguage\":\"es\",\"@id\":\"https:\/\/www.garciafaura.com\/fr\/#\/schema\/logo\/image\/\",\"url\":\"https:\/\/www.garciafaura.com\/wp-content\/uploads\/2018\/09\/Garcia-Faura.png\",\"contentUrl\":\"https:\/\/www.garciafaura.com\/wp-content\/uploads\/2018\/09\/Garcia-Faura.png\",\"width\":512,\"height\":512,\"caption\":\"GARCIA FAURA\"},\"image\":{\"@id\":\"https:\/\/www.garciafaura.com\/fr\/#\/schema\/logo\/image\/\"},\"sameAs\":[\"https:\/\/www.youtube.com\/user\/GARCIAFAURA\"]},{\"@type\":\"Person\",\"@id\":\"https:\/\/www.garciafaura.com\/fr\/#\/schema\/person\/b4b75e69b33fac3446071909bec106b0\",\"name\":\"David Achell\",\"image\":{\"@type\":\"ImageObject\",\"inLanguage\":\"es\",\"@id\":\"https:\/\/www.garciafaura.com\/fr\/#\/schema\/person\/image\/\",\"url\":\"https:\/\/secure.gravatar.com\/avatar\/03900210afc1f61bce737bcb4a79c02e2c997f171e3eca839b5a4cbe03846c90?s=96&d=blank&r=g\",\"contentUrl\":\"https:\/\/secure.gravatar.com\/avatar\/03900210afc1f61bce737bcb4a79c02e2c997f171e3eca839b5a4cbe03846c90?s=96&d=blank&r=g\",\"caption\":\"David Achell\"}}]}<\/script>\n<!-- \/ Yoast SEO plugin. -->","yoast_head_json":{"title":"Intervenci\u00f3n de GARCIA FAURA en el Parque Sanitario Nou Son Dureta, en Palma - GARCIA FAURA","description":"Arquitectura en Alumini, Inox, Ferro i Vidre","robots":{"index":"index","follow":"follow","max-snippet":"max-snippet:-1","max-image-preview":"max-image-preview:large","max-video-preview":"max-video-preview:-1"},"canonical":"https:\/\/www.garciafaura.com\/es\/intervencio-de-garcia-faura-en-el-parc-sanitari-nou-son-dureta-a-palma\/","og_locale":"es_ES","og_type":"article","og_title":"Intervenci\u00f3n de GARCIA FAURA en el Parque Sanitario Nou Son Dureta, en Palma - GARCIA FAURA","og_description":"Arquitectura en Alumini, Inox, Ferro i Vidre","og_url":"https:\/\/www.garciafaura.com\/es\/intervencio-de-garcia-faura-en-el-parc-sanitari-nou-son-dureta-a-palma\/","og_site_name":"GARCIA FAURA","article_published_time":"2025-01-16T14:09:02+00:00","article_modified_time":"2025-01-16T14:14:25+00:00","og_image":[{"width":1200,"height":628,"url":"https:\/\/www.garciafaura.com\/wp-content\/uploads\/2024\/06\/SonDureta-01-baixa.jpg","type":"image\/jpeg"}],"author":"David Achell","twitter_card":"summary_large_image","twitter_misc":{"Escrito por":"David Achell","Tiempo de lectura":"2 minutos"},"schema":{"@context":"https:\/\/schema.org","@graph":[{"@type":"Article","@id":"https:\/\/www.garciafaura.com\/es\/intervencio-de-garcia-faura-en-el-parc-sanitari-nou-son-dureta-a-palma\/#article","isPartOf":{"@id":"https:\/\/www.garciafaura.com\/es\/intervencio-de-garcia-faura-en-el-parc-sanitari-nou-son-dureta-a-palma\/"},"author":{"name":"David Achell","@id":"https:\/\/www.garciafaura.com\/fr\/#\/schema\/person\/b4b75e69b33fac3446071909bec106b0"},"headline":"Intervenci\u00f3n de GARCIA FAURA en el Parque Sanitario Nou Son Dureta, en Palma","datePublished":"2025-01-16T14:09:02+00:00","dateModified":"2025-01-16T14:14:25+00:00","mainEntityOfPage":{"@id":"https:\/\/www.garciafaura.com\/es\/intervencio-de-garcia-faura-en-el-parc-sanitari-nou-son-dureta-a-palma\/"},"wordCount":289,"publisher":{"@id":"https:\/\/www.garciafaura.com\/fr\/#organization"},"image":{"@id":"https:\/\/www.garciafaura.com\/es\/intervencio-de-garcia-faura-en-el-parc-sanitari-nou-son-dureta-a-palma\/#primaryimage"},"thumbnailUrl":"https:\/\/www.garciafaura.com\/wp-content\/uploads\/2024\/06\/SonDureta-01-baixa.jpg","articleSection":["Actualidad"],"inLanguage":"es"},{"@type":"WebPage","@id":"https:\/\/www.garciafaura.com\/es\/intervencio-de-garcia-faura-en-el-parc-sanitari-nou-son-dureta-a-palma\/","url":"https:\/\/www.garciafaura.com\/es\/intervencio-de-garcia-faura-en-el-parc-sanitari-nou-son-dureta-a-palma\/","name":"Intervenci\u00f3n de GARCIA FAURA en el Parque Sanitario Nou Son Dureta, en Palma - GARCIA FAURA","isPartOf":{"@id":"https:\/\/www.garciafaura.com\/fr\/#website"},"primaryImageOfPage":{"@id":"https:\/\/www.garciafaura.com\/es\/intervencio-de-garcia-faura-en-el-parc-sanitari-nou-son-dureta-a-palma\/#primaryimage"},"image":{"@id":"https:\/\/www.garciafaura.com\/es\/intervencio-de-garcia-faura-en-el-parc-sanitari-nou-son-dureta-a-palma\/#primaryimage"},"thumbnailUrl":"https:\/\/www.garciafaura.com\/wp-content\/uploads\/2024\/06\/SonDureta-01-baixa.jpg","datePublished":"2025-01-16T14:09:02+00:00","dateModified":"2025-01-16T14:14:25+00:00","description":"Arquitectura en Alumini, Inox, Ferro i Vidre","breadcrumb":{"@id":"https:\/\/www.garciafaura.com\/es\/intervencio-de-garcia-faura-en-el-parc-sanitari-nou-son-dureta-a-palma\/#breadcrumb"},"inLanguage":"es","potentialAction":[{"@type":"ReadAction","target":["https:\/\/www.garciafaura.com\/es\/intervencio-de-garcia-faura-en-el-parc-sanitari-nou-son-dureta-a-palma\/"]}]},{"@type":"ImageObject","inLanguage":"es","@id":"https:\/\/www.garciafaura.com\/es\/intervencio-de-garcia-faura-en-el-parc-sanitari-nou-son-dureta-a-palma\/#primaryimage","url":"https:\/\/www.garciafaura.com\/wp-content\/uploads\/2024\/06\/SonDureta-01-baixa.jpg","contentUrl":"https:\/\/www.garciafaura.com\/wp-content\/uploads\/2024\/06\/SonDureta-01-baixa.jpg","width":1200,"height":628},{"@type":"BreadcrumbList","@id":"https:\/\/www.garciafaura.com\/es\/intervencio-de-garcia-faura-en-el-parc-sanitari-nou-son-dureta-a-palma\/#breadcrumb","itemListElement":[{"@type":"ListItem","position":1,"name":"Inici","item":"https:\/\/www.garciafaura.com\/es\/"},{"@type":"ListItem","position":2,"name":"Intervenci\u00f3n de GARCIA FAURA en el Parque Sanitario Nou Son Dureta, en Palma"}]},{"@type":"WebSite","@id":"https:\/\/www.garciafaura.com\/fr\/#website","url":"https:\/\/www.garciafaura.com\/fr\/","name":"GARCIA FAURA","description":"Arquitectura en Alumini, Inox, Ferro i Vidre","publisher":{"@id":"https:\/\/www.garciafaura.com\/fr\/#organization"},"potentialAction":[{"@type":"SearchAction","target":{"@type":"EntryPoint","urlTemplate":"https:\/\/www.garciafaura.com\/fr\/?s={search_term_string}"},"query-input":{"@type":"PropertyValueSpecification","valueRequired":true,"valueName":"search_term_string"}}],"inLanguage":"es"},{"@type":"Organization","@id":"https:\/\/www.garciafaura.com\/fr\/#organization","name":"GARCIA FAURA","url":"https:\/\/www.garciafaura.com\/fr\/","logo":{"@type":"ImageObject","inLanguage":"es","@id":"https:\/\/www.garciafaura.com\/fr\/#\/schema\/logo\/image\/","url":"https:\/\/www.garciafaura.com\/wp-content\/uploads\/2018\/09\/Garcia-Faura.png","contentUrl":"https:\/\/www.garciafaura.com\/wp-content\/uploads\/2018\/09\/Garcia-Faura.png","width":512,"height":512,"caption":"GARCIA FAURA"},"image":{"@id":"https:\/\/www.garciafaura.com\/fr\/#\/schema\/logo\/image\/"},"sameAs":["https:\/\/www.youtube.com\/user\/GARCIAFAURA"]},{"@type":"Person","@id":"https:\/\/www.garciafaura.com\/fr\/#\/schema\/person\/b4b75e69b33fac3446071909bec106b0","name":"David Achell","image":{"@type":"ImageObject","inLanguage":"es","@id":"https:\/\/www.garciafaura.com\/fr\/#\/schema\/person\/image\/","url":"https:\/\/secure.gravatar.com\/avatar\/03900210afc1f61bce737bcb4a79c02e2c997f171e3eca839b5a4cbe03846c90?s=96&d=blank&r=g","contentUrl":"https:\/\/secure.gravatar.com\/avatar\/03900210afc1f61bce737bcb4a79c02e2c997f171e3eca839b5a4cbe03846c90?s=96&d=blank&r=g","caption":"David Achell"}}]}},"_links":{"self":[{"href":"https:\/\/www.garciafaura.com\/es\/wp-json\/wp\/v2\/posts\/38546","targetHints":{"allow":["GET"]}}],"collection":[{"href":"https:\/\/www.garciafaura.com\/es\/wp-json\/wp\/v2\/posts"}],"about":[{"href":"https:\/\/www.garciafaura.com\/es\/wp-json\/wp\/v2\/types\/post"}],"author":[{"embeddable":true,"href":"https:\/\/www.garciafaura.com\/es\/wp-json\/wp\/v2\/users\/3"}],"replies":[{"embeddable":true,"href":"https:\/\/www.garciafaura.com\/es\/wp-json\/wp\/v2\/comments?post=38546"}],"version-history":[{"count":3,"href":"https:\/\/www.garciafaura.com\/es\/wp-json\/wp\/v2\/posts\/38546\/revisions"}],"predecessor-version":[{"id":38552,"href":"https:\/\/www.garciafaura.com\/es\/wp-json\/wp\/v2\/posts\/38546\/revisions\/38552"}],"wp:featuredmedia":[{"embeddable":true,"href":"https:\/\/www.garciafaura.com\/es\/wp-json\/wp\/v2\/media\/37098"}],"wp:attachment":[{"href":"https:\/\/www.garciafaura.com\/es\/wp-json\/wp\/v2\/media?parent=38546"}],"wp:term":[{"taxonomy":"category","embeddable":true,"href":"https:\/\/www.garciafaura.com\/es\/wp-json\/wp\/v2\/categories?post=38546"},{"taxonomy":"post_tag","embeddable":true,"href":"https:\/\/www.garciafaura.com\/es\/wp-json\/wp\/v2\/tags?post=38546"},{"taxonomy":"post_series","embeddable":true,"href":"https:\/\/www.garciafaura.com\/es\/wp-json\/wp\/v2\/post_series?post=38546"}],"curies":[{"name":"wp","href":"https:\/\/api.w.org\/{rel}","templated":true}]}}