{"id":38531,"date":"2024-12-02T14:59:23","date_gmt":"2024-12-02T12:59:23","guid":{"rendered":"https:\/\/www.garciafaura.com\/garcia-faura-desenvolupa-un-sistema-propi-de-revestiment-de-facana-ventilada-amb-vidre\/"},"modified":"2024-12-02T15:50:45","modified_gmt":"2024-12-02T13:50:45","slug":"garcia-faura-desenvolupa-un-sistema-propi-de-revestiment-de-facana-ventilada-amb-vidre","status":"publish","type":"post","link":"https:\/\/www.garciafaura.com\/es\/garcia-faura-desenvolupa-un-sistema-propi-de-revestiment-de-facana-ventilada-amb-vidre\/","title":{"rendered":"GARCIA FAURA desarrolla un sistema propio de revestimiento de fachada ventilada con vidrio"},"content":{"rendered":"<h3 class=\"western\" lang=\"ca-ES\" style=\"text-align: justify;\"><span style=\"font-family: 'Open Sans';\"><span style=\"font-size: large;\"><span lang=\"es-ES\"><b><span style=\"color: #000000;\">Se trata de un sistema de perfiler\u00eda oculta y con cristales de gran tama\u00f1o que ha superado todas las pruebas de calidad y ha sido ensayado y homologado por laboratorios externos. El sistema se instalar\u00e1 pr\u00f3ximamente en una exclusiva promoci\u00f3n\u00a0<\/span><\/b><\/span><\/span><span style=\"font-size: large;\"><span lang=\"es-ES\"><b><span style=\"color: #000000;\">de viviendas en Platja d&#8217;Aro.<\/span><\/b><\/span><\/span><\/span><\/h3>\n<p class=\"western\" lang=\"ca-ES\" style=\"text-align: justify;\"><span style=\"font-family: 'Open Sans';\"><span lang=\"es-ES\"><span style=\"color: #000000;\"><strong>GARCIA FAURA<\/strong> lanza al mercado un nuevo <strong>sistema propio de revestimiento de fachada ventilada de perfiler\u00eda oculta y con cristales de grandes dimensiones<\/strong> (hasta 2.100 x 5.100 mm), el cual se instalar\u00e1 por primera vez en un <strong>proyecto residencial<\/strong> en la poblaci\u00f3n de <strong>Platja d&#8217;Aro<\/strong> (Girona).<\/span><\/span><\/span><\/p>\n<p class=\"western\" lang=\"ca-ES\" style=\"text-align: justify;\"><span style=\"font-family: 'Open Sans';\"><span lang=\"es-ES\"><span style=\"color: #000000;\">El nuevo <strong>revestimiento de fachadas<\/strong> ha sido ideado, dise\u00f1ado y elaborado por la oficina t\u00e9cnica y el equipo de I+D+I de <strong>GARCIA FAURA<\/strong>. Ha superado los correspondientes ensayos y la homologaci\u00f3n por parte de laboratorios externos que han certificado el cumplimiento de las normativas de seguridad y, especialmente, en materia de cargas de viento, en las que ha superado cargas de 3000 Pa.<\/span><\/span><\/span><\/p>\n<p class=\"western\" lang=\"ca-ES\" style=\"text-align: justify;\"><span style=\"font-family: 'Open Sans';\"><span lang=\"es-ES\"><span style=\"color: #000000;\">Se trata de un <strong>revestimiento de fachada ventilada<\/strong> que permite la fabricaci\u00f3n modular en taller y su posterior transporte a la obra para ser instalados en sistema colgado.<\/span><\/span><\/span><\/p>\n<p class=\"western\" lang=\"ca-ES\" style=\"text-align: justify;\"><span style=\"font-family: 'Open Sans';\"><span lang=\"es-ES\"><span style=\"color: #000000;\">El nuevo sistema de <strong>GARCIA FAURA<\/strong> se instalar\u00e1 pr\u00f3ximamente en una <strong>promoci\u00f3n residencial<\/strong> de 85 viviendas distribuidas en siete edificios que se est\u00e1n levantando en primera l\u00ednea de mar en <strong>Platja d&#8217;Aro<\/strong>. Se trata de un proyecto firmado por el <strong>despacho RBTA<\/strong> (Ricardo Bofill Taller de Arquitectura), promovido por <\/span><\/span><strong><u><a href=\"https:\/\/www.kronoshomes.com\/es\/\" target=\"_blank\" rel=\"noopener\"><span style=\"color: #0070c0;\"><span lang=\"es-ES\"><span style=\"color: #0563c1;\">Kronos Homes<\/span><\/span><\/span><\/a><\/u><\/strong><span lang=\"es-ES\"><span style=\"color: #000000;\"> y bajo la direcci\u00f3n de ejecuci\u00f3n de obra de<\/span><\/span><span style=\"color: #000000;\"><span lang=\"es-ES\">\u00a0<\/span><\/span><strong><span style=\"color: #0563c1;\"><u><a href=\"https:\/\/www.nexxoprojectmanagement.com\/\" target=\"_blank\" rel=\"noopener\"><span style=\"color: #0070c0;\"><span lang=\"es-ES\">NEXXO Project Management.<\/span><\/span><\/a><\/u><\/span><\/strong><\/span><\/p>\n<p class=\"western\" lang=\"ca-ES\" style=\"text-align: justify;\"><span style=\"font-family: 'Open Sans';\"><span lang=\"es-ES\"><span style=\"color: #000000;\">El <strong>revestimiento<\/strong> de <strong>GARCIA FAURA<\/strong> permite trabajar con cristales serigrafiados al 100% en una amplia gama de colores y diferentes tama\u00f1os. En el caso de la <strong>promoci\u00f3n<\/strong> de <strong>Platja d&#8217;Aro<\/strong> se combinar\u00e1n las <strong>fachadas<\/strong> en blanco y en verde, de modo que los edificios tendr\u00e1n una apariencia exterior similar a la de grandes cubos de vidrio, de uno u otro color en funci\u00f3n de si edificio est\u00e1 junto al mar o en zonas ajardinadas.<\/span><\/span><\/span><\/p>\n","protected":false},"excerpt":{"rendered":"<p>Se trata de un sistema de perfiler\u00eda oculta y con cristales de gran tama\u00f1o que ha superado todas las pruebas de calidad y ha sido ensayado y homologado por laboratorios externos. El sistema se instalar\u00e1 pr\u00f3ximamente en una exclusiva promoci\u00f3n\u00a0de&hellip;<\/p>\n","protected":false},"author":3,"featured_media":38523,"comment_status":"closed","ping_status":"open","sticky":false,"template":"","format":"gallery","meta":{"footnotes":""},"categories":[3],"tags":[],"post_series":[],"class_list":["post-38531","post","type-post","status-publish","format-gallery","has-post-thumbnail","hentry","category-actualidad","post_format-post-format-gallery","entry","has-media"],"yoast_head":"<!-- This site is optimized with the Yoast SEO plugin v26.7 - https:\/\/yoast.com\/wordpress\/plugins\/seo\/ -->\n<title>GARCIA FAURA desarrolla un sistema propio de revestimiento de fachada ventilada con vidrio - GARCIA FAURA<\/title>\n<meta name=\"description\" content=\"Arquitectura en Alumini, Inox, Ferro i Vidre\" \/>\n<meta name=\"robots\" content=\"index, follow, max-snippet:-1, max-image-preview:large, max-video-preview:-1\" \/>\n<link rel=\"canonical\" href=\"https:\/\/www.garciafaura.com\/es\/garcia-faura-desenvolupa-un-sistema-propi-de-revestiment-de-facana-ventilada-amb-vidre\/\" \/>\n<meta property=\"og:locale\" content=\"es_ES\" \/>\n<meta property=\"og:type\" content=\"article\" \/>\n<meta property=\"og:title\" content=\"GARCIA FAURA desarrolla un sistema propio de revestimiento de fachada ventilada con vidrio - GARCIA FAURA\" \/>\n<meta property=\"og:description\" content=\"Arquitectura en Alumini, Inox, Ferro i Vidre\" \/>\n<meta property=\"og:url\" content=\"https:\/\/www.garciafaura.com\/es\/garcia-faura-desenvolupa-un-sistema-propi-de-revestiment-de-facana-ventilada-amb-vidre\/\" \/>\n<meta property=\"og:site_name\" content=\"GARCIA FAURA\" \/>\n<meta property=\"article:published_time\" content=\"2024-12-02T12:59:23+00:00\" \/>\n<meta property=\"article:modified_time\" content=\"2024-12-02T13:50:45+00:00\" \/>\n<meta property=\"og:image\" content=\"https:\/\/www.garciafaura.com\/wp-content\/uploads\/2024\/12\/GF-01-008-scaled.jpg\" \/>\n\t<meta property=\"og:image:width\" content=\"2560\" \/>\n\t<meta property=\"og:image:height\" content=\"1162\" \/>\n\t<meta property=\"og:image:type\" content=\"image\/jpeg\" \/>\n<meta name=\"author\" content=\"David Achell\" \/>\n<meta name=\"twitter:card\" content=\"summary_large_image\" \/>\n<meta name=\"twitter:label1\" content=\"Escrito por\" \/>\n\t<meta name=\"twitter:data1\" content=\"David Achell\" \/>\n\t<meta name=\"twitter:label2\" content=\"Tiempo de lectura\" \/>\n\t<meta name=\"twitter:data2\" content=\"2 minutos\" \/>\n<script type=\"application\/ld+json\" class=\"yoast-schema-graph\">{\"@context\":\"https:\/\/schema.org\",\"@graph\":[{\"@type\":\"Article\",\"@id\":\"https:\/\/www.garciafaura.com\/es\/garcia-faura-desenvolupa-un-sistema-propi-de-revestiment-de-facana-ventilada-amb-vidre\/#article\",\"isPartOf\":{\"@id\":\"https:\/\/www.garciafaura.com\/es\/garcia-faura-desenvolupa-un-sistema-propi-de-revestiment-de-facana-ventilada-amb-vidre\/\"},\"author\":{\"name\":\"David Achell\",\"@id\":\"https:\/\/www.garciafaura.com\/fr\/#\/schema\/person\/b4b75e69b33fac3446071909bec106b0\"},\"headline\":\"GARCIA FAURA desarrolla un sistema propio de revestimiento de fachada ventilada con vidrio\",\"datePublished\":\"2024-12-02T12:59:23+00:00\",\"dateModified\":\"2024-12-02T13:50:45+00:00\",\"mainEntityOfPage\":{\"@id\":\"https:\/\/www.garciafaura.com\/es\/garcia-faura-desenvolupa-un-sistema-propi-de-revestiment-de-facana-ventilada-amb-vidre\/\"},\"wordCount\":354,\"publisher\":{\"@id\":\"https:\/\/www.garciafaura.com\/fr\/#organization\"},\"image\":{\"@id\":\"https:\/\/www.garciafaura.com\/es\/garcia-faura-desenvolupa-un-sistema-propi-de-revestiment-de-facana-ventilada-amb-vidre\/#primaryimage\"},\"thumbnailUrl\":\"https:\/\/www.garciafaura.com\/wp-content\/uploads\/2024\/12\/GF-01-008-scaled.jpg\",\"articleSection\":[\"Actualidad\"],\"inLanguage\":\"es\"},{\"@type\":\"WebPage\",\"@id\":\"https:\/\/www.garciafaura.com\/es\/garcia-faura-desenvolupa-un-sistema-propi-de-revestiment-de-facana-ventilada-amb-vidre\/\",\"url\":\"https:\/\/www.garciafaura.com\/es\/garcia-faura-desenvolupa-un-sistema-propi-de-revestiment-de-facana-ventilada-amb-vidre\/\",\"name\":\"GARCIA FAURA desarrolla un sistema propio de revestimiento de fachada ventilada con vidrio - GARCIA FAURA\",\"isPartOf\":{\"@id\":\"https:\/\/www.garciafaura.com\/fr\/#website\"},\"primaryImageOfPage\":{\"@id\":\"https:\/\/www.garciafaura.com\/es\/garcia-faura-desenvolupa-un-sistema-propi-de-revestiment-de-facana-ventilada-amb-vidre\/#primaryimage\"},\"image\":{\"@id\":\"https:\/\/www.garciafaura.com\/es\/garcia-faura-desenvolupa-un-sistema-propi-de-revestiment-de-facana-ventilada-amb-vidre\/#primaryimage\"},\"thumbnailUrl\":\"https:\/\/www.garciafaura.com\/wp-content\/uploads\/2024\/12\/GF-01-008-scaled.jpg\",\"datePublished\":\"2024-12-02T12:59:23+00:00\",\"dateModified\":\"2024-12-02T13:50:45+00:00\",\"description\":\"Arquitectura en Alumini, Inox, Ferro i Vidre\",\"breadcrumb\":{\"@id\":\"https:\/\/www.garciafaura.com\/es\/garcia-faura-desenvolupa-un-sistema-propi-de-revestiment-de-facana-ventilada-amb-vidre\/#breadcrumb\"},\"inLanguage\":\"es\",\"potentialAction\":[{\"@type\":\"ReadAction\",\"target\":[\"https:\/\/www.garciafaura.com\/es\/garcia-faura-desenvolupa-un-sistema-propi-de-revestiment-de-facana-ventilada-amb-vidre\/\"]}]},{\"@type\":\"ImageObject\",\"inLanguage\":\"es\",\"@id\":\"https:\/\/www.garciafaura.com\/es\/garcia-faura-desenvolupa-un-sistema-propi-de-revestiment-de-facana-ventilada-amb-vidre\/#primaryimage\",\"url\":\"https:\/\/www.garciafaura.com\/wp-content\/uploads\/2024\/12\/GF-01-008-scaled.jpg\",\"contentUrl\":\"https:\/\/www.garciafaura.com\/wp-content\/uploads\/2024\/12\/GF-01-008-scaled.jpg\",\"width\":2560,\"height\":1162,\"caption\":\"SONY DSC\"},{\"@type\":\"BreadcrumbList\",\"@id\":\"https:\/\/www.garciafaura.com\/es\/garcia-faura-desenvolupa-un-sistema-propi-de-revestiment-de-facana-ventilada-amb-vidre\/#breadcrumb\",\"itemListElement\":[{\"@type\":\"ListItem\",\"position\":1,\"name\":\"Inici\",\"item\":\"https:\/\/www.garciafaura.com\/es\/\"},{\"@type\":\"ListItem\",\"position\":2,\"name\":\"GARCIA FAURA desarrolla un sistema propio de revestimiento de fachada ventilada con vidrio\"}]},{\"@type\":\"WebSite\",\"@id\":\"https:\/\/www.garciafaura.com\/fr\/#website\",\"url\":\"https:\/\/www.garciafaura.com\/fr\/\",\"name\":\"GARCIA FAURA\",\"description\":\"Arquitectura en Alumini, Inox, Ferro i Vidre\",\"publisher\":{\"@id\":\"https:\/\/www.garciafaura.com\/fr\/#organization\"},\"potentialAction\":[{\"@type\":\"SearchAction\",\"target\":{\"@type\":\"EntryPoint\",\"urlTemplate\":\"https:\/\/www.garciafaura.com\/fr\/?s={search_term_string}\"},\"query-input\":{\"@type\":\"PropertyValueSpecification\",\"valueRequired\":true,\"valueName\":\"search_term_string\"}}],\"inLanguage\":\"es\"},{\"@type\":\"Organization\",\"@id\":\"https:\/\/www.garciafaura.com\/fr\/#organization\",\"name\":\"GARCIA FAURA\",\"url\":\"https:\/\/www.garciafaura.com\/fr\/\",\"logo\":{\"@type\":\"ImageObject\",\"inLanguage\":\"es\",\"@id\":\"https:\/\/www.garciafaura.com\/fr\/#\/schema\/logo\/image\/\",\"url\":\"https:\/\/www.garciafaura.com\/wp-content\/uploads\/2018\/09\/Garcia-Faura.png\",\"contentUrl\":\"https:\/\/www.garciafaura.com\/wp-content\/uploads\/2018\/09\/Garcia-Faura.png\",\"width\":512,\"height\":512,\"caption\":\"GARCIA FAURA\"},\"image\":{\"@id\":\"https:\/\/www.garciafaura.com\/fr\/#\/schema\/logo\/image\/\"},\"sameAs\":[\"https:\/\/www.youtube.com\/user\/GARCIAFAURA\"]},{\"@type\":\"Person\",\"@id\":\"https:\/\/www.garciafaura.com\/fr\/#\/schema\/person\/b4b75e69b33fac3446071909bec106b0\",\"name\":\"David Achell\",\"image\":{\"@type\":\"ImageObject\",\"inLanguage\":\"es\",\"@id\":\"https:\/\/www.garciafaura.com\/fr\/#\/schema\/person\/image\/\",\"url\":\"https:\/\/secure.gravatar.com\/avatar\/03900210afc1f61bce737bcb4a79c02e2c997f171e3eca839b5a4cbe03846c90?s=96&d=blank&r=g\",\"contentUrl\":\"https:\/\/secure.gravatar.com\/avatar\/03900210afc1f61bce737bcb4a79c02e2c997f171e3eca839b5a4cbe03846c90?s=96&d=blank&r=g\",\"caption\":\"David Achell\"}}]}<\/script>\n<!-- \/ Yoast SEO plugin. -->","yoast_head_json":{"title":"GARCIA FAURA desarrolla un sistema propio de revestimiento de fachada ventilada con vidrio - GARCIA FAURA","description":"Arquitectura en Alumini, Inox, Ferro i Vidre","robots":{"index":"index","follow":"follow","max-snippet":"max-snippet:-1","max-image-preview":"max-image-preview:large","max-video-preview":"max-video-preview:-1"},"canonical":"https:\/\/www.garciafaura.com\/es\/garcia-faura-desenvolupa-un-sistema-propi-de-revestiment-de-facana-ventilada-amb-vidre\/","og_locale":"es_ES","og_type":"article","og_title":"GARCIA FAURA desarrolla un sistema propio de revestimiento de fachada ventilada con vidrio - GARCIA FAURA","og_description":"Arquitectura en Alumini, Inox, Ferro i Vidre","og_url":"https:\/\/www.garciafaura.com\/es\/garcia-faura-desenvolupa-un-sistema-propi-de-revestiment-de-facana-ventilada-amb-vidre\/","og_site_name":"GARCIA FAURA","article_published_time":"2024-12-02T12:59:23+00:00","article_modified_time":"2024-12-02T13:50:45+00:00","og_image":[{"width":2560,"height":1162,"url":"https:\/\/www.garciafaura.com\/wp-content\/uploads\/2024\/12\/GF-01-008-scaled.jpg","type":"image\/jpeg"}],"author":"David Achell","twitter_card":"summary_large_image","twitter_misc":{"Escrito por":"David Achell","Tiempo de lectura":"2 minutos"},"schema":{"@context":"https:\/\/schema.org","@graph":[{"@type":"Article","@id":"https:\/\/www.garciafaura.com\/es\/garcia-faura-desenvolupa-un-sistema-propi-de-revestiment-de-facana-ventilada-amb-vidre\/#article","isPartOf":{"@id":"https:\/\/www.garciafaura.com\/es\/garcia-faura-desenvolupa-un-sistema-propi-de-revestiment-de-facana-ventilada-amb-vidre\/"},"author":{"name":"David Achell","@id":"https:\/\/www.garciafaura.com\/fr\/#\/schema\/person\/b4b75e69b33fac3446071909bec106b0"},"headline":"GARCIA FAURA desarrolla un sistema propio de revestimiento de fachada ventilada con vidrio","datePublished":"2024-12-02T12:59:23+00:00","dateModified":"2024-12-02T13:50:45+00:00","mainEntityOfPage":{"@id":"https:\/\/www.garciafaura.com\/es\/garcia-faura-desenvolupa-un-sistema-propi-de-revestiment-de-facana-ventilada-amb-vidre\/"},"wordCount":354,"publisher":{"@id":"https:\/\/www.garciafaura.com\/fr\/#organization"},"image":{"@id":"https:\/\/www.garciafaura.com\/es\/garcia-faura-desenvolupa-un-sistema-propi-de-revestiment-de-facana-ventilada-amb-vidre\/#primaryimage"},"thumbnailUrl":"https:\/\/www.garciafaura.com\/wp-content\/uploads\/2024\/12\/GF-01-008-scaled.jpg","articleSection":["Actualidad"],"inLanguage":"es"},{"@type":"WebPage","@id":"https:\/\/www.garciafaura.com\/es\/garcia-faura-desenvolupa-un-sistema-propi-de-revestiment-de-facana-ventilada-amb-vidre\/","url":"https:\/\/www.garciafaura.com\/es\/garcia-faura-desenvolupa-un-sistema-propi-de-revestiment-de-facana-ventilada-amb-vidre\/","name":"GARCIA FAURA desarrolla un sistema propio de revestimiento de fachada ventilada con vidrio - GARCIA FAURA","isPartOf":{"@id":"https:\/\/www.garciafaura.com\/fr\/#website"},"primaryImageOfPage":{"@id":"https:\/\/www.garciafaura.com\/es\/garcia-faura-desenvolupa-un-sistema-propi-de-revestiment-de-facana-ventilada-amb-vidre\/#primaryimage"},"image":{"@id":"https:\/\/www.garciafaura.com\/es\/garcia-faura-desenvolupa-un-sistema-propi-de-revestiment-de-facana-ventilada-amb-vidre\/#primaryimage"},"thumbnailUrl":"https:\/\/www.garciafaura.com\/wp-content\/uploads\/2024\/12\/GF-01-008-scaled.jpg","datePublished":"2024-12-02T12:59:23+00:00","dateModified":"2024-12-02T13:50:45+00:00","description":"Arquitectura en Alumini, Inox, Ferro i Vidre","breadcrumb":{"@id":"https:\/\/www.garciafaura.com\/es\/garcia-faura-desenvolupa-un-sistema-propi-de-revestiment-de-facana-ventilada-amb-vidre\/#breadcrumb"},"inLanguage":"es","potentialAction":[{"@type":"ReadAction","target":["https:\/\/www.garciafaura.com\/es\/garcia-faura-desenvolupa-un-sistema-propi-de-revestiment-de-facana-ventilada-amb-vidre\/"]}]},{"@type":"ImageObject","inLanguage":"es","@id":"https:\/\/www.garciafaura.com\/es\/garcia-faura-desenvolupa-un-sistema-propi-de-revestiment-de-facana-ventilada-amb-vidre\/#primaryimage","url":"https:\/\/www.garciafaura.com\/wp-content\/uploads\/2024\/12\/GF-01-008-scaled.jpg","contentUrl":"https:\/\/www.garciafaura.com\/wp-content\/uploads\/2024\/12\/GF-01-008-scaled.jpg","width":2560,"height":1162,"caption":"SONY DSC"},{"@type":"BreadcrumbList","@id":"https:\/\/www.garciafaura.com\/es\/garcia-faura-desenvolupa-un-sistema-propi-de-revestiment-de-facana-ventilada-amb-vidre\/#breadcrumb","itemListElement":[{"@type":"ListItem","position":1,"name":"Inici","item":"https:\/\/www.garciafaura.com\/es\/"},{"@type":"ListItem","position":2,"name":"GARCIA FAURA desarrolla un sistema propio de revestimiento de fachada ventilada con vidrio"}]},{"@type":"WebSite","@id":"https:\/\/www.garciafaura.com\/fr\/#website","url":"https:\/\/www.garciafaura.com\/fr\/","name":"GARCIA FAURA","description":"Arquitectura en Alumini, Inox, Ferro i Vidre","publisher":{"@id":"https:\/\/www.garciafaura.com\/fr\/#organization"},"potentialAction":[{"@type":"SearchAction","target":{"@type":"EntryPoint","urlTemplate":"https:\/\/www.garciafaura.com\/fr\/?s={search_term_string}"},"query-input":{"@type":"PropertyValueSpecification","valueRequired":true,"valueName":"search_term_string"}}],"inLanguage":"es"},{"@type":"Organization","@id":"https:\/\/www.garciafaura.com\/fr\/#organization","name":"GARCIA FAURA","url":"https:\/\/www.garciafaura.com\/fr\/","logo":{"@type":"ImageObject","inLanguage":"es","@id":"https:\/\/www.garciafaura.com\/fr\/#\/schema\/logo\/image\/","url":"https:\/\/www.garciafaura.com\/wp-content\/uploads\/2018\/09\/Garcia-Faura.png","contentUrl":"https:\/\/www.garciafaura.com\/wp-content\/uploads\/2018\/09\/Garcia-Faura.png","width":512,"height":512,"caption":"GARCIA FAURA"},"image":{"@id":"https:\/\/www.garciafaura.com\/fr\/#\/schema\/logo\/image\/"},"sameAs":["https:\/\/www.youtube.com\/user\/GARCIAFAURA"]},{"@type":"Person","@id":"https:\/\/www.garciafaura.com\/fr\/#\/schema\/person\/b4b75e69b33fac3446071909bec106b0","name":"David Achell","image":{"@type":"ImageObject","inLanguage":"es","@id":"https:\/\/www.garciafaura.com\/fr\/#\/schema\/person\/image\/","url":"https:\/\/secure.gravatar.com\/avatar\/03900210afc1f61bce737bcb4a79c02e2c997f171e3eca839b5a4cbe03846c90?s=96&d=blank&r=g","contentUrl":"https:\/\/secure.gravatar.com\/avatar\/03900210afc1f61bce737bcb4a79c02e2c997f171e3eca839b5a4cbe03846c90?s=96&d=blank&r=g","caption":"David Achell"}}]}},"_links":{"self":[{"href":"https:\/\/www.garciafaura.com\/es\/wp-json\/wp\/v2\/posts\/38531","targetHints":{"allow":["GET"]}}],"collection":[{"href":"https:\/\/www.garciafaura.com\/es\/wp-json\/wp\/v2\/posts"}],"about":[{"href":"https:\/\/www.garciafaura.com\/es\/wp-json\/wp\/v2\/types\/post"}],"author":[{"embeddable":true,"href":"https:\/\/www.garciafaura.com\/es\/wp-json\/wp\/v2\/users\/3"}],"replies":[{"embeddable":true,"href":"https:\/\/www.garciafaura.com\/es\/wp-json\/wp\/v2\/comments?post=38531"}],"version-history":[{"count":3,"href":"https:\/\/www.garciafaura.com\/es\/wp-json\/wp\/v2\/posts\/38531\/revisions"}],"predecessor-version":[{"id":38537,"href":"https:\/\/www.garciafaura.com\/es\/wp-json\/wp\/v2\/posts\/38531\/revisions\/38537"}],"wp:featuredmedia":[{"embeddable":true,"href":"https:\/\/www.garciafaura.com\/es\/wp-json\/wp\/v2\/media\/38523"}],"wp:attachment":[{"href":"https:\/\/www.garciafaura.com\/es\/wp-json\/wp\/v2\/media?parent=38531"}],"wp:term":[{"taxonomy":"category","embeddable":true,"href":"https:\/\/www.garciafaura.com\/es\/wp-json\/wp\/v2\/categories?post=38531"},{"taxonomy":"post_tag","embeddable":true,"href":"https:\/\/www.garciafaura.com\/es\/wp-json\/wp\/v2\/tags?post=38531"},{"taxonomy":"post_series","embeddable":true,"href":"https:\/\/www.garciafaura.com\/es\/wp-json\/wp\/v2\/post_series?post=38531"}],"curies":[{"name":"wp","href":"https:\/\/api.w.org\/{rel}","templated":true}]}}