{"id":37533,"date":"2024-09-20T13:18:33","date_gmt":"2024-09-20T11:18:33","guid":{"rendered":"https:\/\/www.garciafaura.com\/garcia-faura-signa-les-facanes-del-nou-hotel-bb-de-luxemburg\/"},"modified":"2024-09-20T13:33:26","modified_gmt":"2024-09-20T11:33:26","slug":"garcia-faura-signa-les-facanes-del-nou-hotel-bb-de-luxemburg","status":"publish","type":"post","link":"https:\/\/www.garciafaura.com\/es\/garcia-faura-signa-les-facanes-del-nou-hotel-bb-de-luxemburg\/","title":{"rendered":"GARCIA FAURA firma las fachadas del Hotel B&#038;B de Luxemburgo"},"content":{"rendered":"<h3 style=\"text-align: justify;\"><span style=\"font-family: 'Open Sans';\">GARCIA FAURA ejecutar\u00e1 las fachadas del nuevo Hotel B&amp;B que se est\u00e1 construyendo en Luxemburgo, concretamente en la zona conocida como Cloche d&#8217;Or. Se trata de un barrio de negocios y residencial en el que la empresa catalana ya ha dejado huella con la ejecuci\u00f3n de otros proyectos como la sede de Banca San Paolo.<\/span><\/h3>\n<p style=\"text-align: justify;\"><span style=\"font-family: 'Open Sans';\">El <strong>Hotel B&amp;B<\/strong> ser\u00e1 un edificio de seis plantas y dispondr\u00e1 de 150 habitaciones. El inmueble, que tendr\u00e1 una superficie total de 5.400 metros cuadrados, ser\u00e1 el primer establecimiento hotelero en Luxemburgo de la cadena B&amp;B Hotels Western Europe.<\/span><\/p>\n<p style=\"text-align: justify;\"><span style=\"font-family: 'Open Sans';\">El <strong>Hotel B&amp;B<\/strong>, de tres estrellas y que abrir\u00e1 sus puertas en el primer semestre de 2025, contar\u00e1 con el <strong>certificado de construcci\u00f3n sostenible BREEM Excellent<\/strong>, que garantiza la eficiencia energ\u00e9tica y unos espacios m\u00e1s saludables y seguros.<\/span><\/p>\n<p style=\"text-align: justify;\"><span style=\"font-family: 'Open Sans';\">Contribuye decisivamente a la consecuci\u00f3n de este certificado de sostenibilidad la labor desarrollada por <strong>GARCIA FAURA<\/strong>, que fabricar\u00e1 e instalar\u00e1 204 <strong>cerramientos<\/strong> exteriores de <strong>aluminio<\/strong> de altas prestaciones, especialmente en lo referente a la atenuaci\u00f3n ac\u00fastica exigida en dos de las <strong>fachadas<\/strong>. En planta baja se instalar\u00e1n unos 400 metros cuadrados de <strong>muro cortina<\/strong> con cristales de m\u00e1s de tres metros de altura.<\/span><\/p>\n<p style=\"text-align: justify;\"><span style=\"font-family: 'Open Sans';\">Las <strong>fachadas<\/strong> tendr\u00e1n unos 2.000 metros cuadrados de revestimiento met\u00e1lico, creado con perfiles y chapas plegadas desmembradas, con una superficie grecada de dise\u00f1o rectangular creado especialmente para este proyecto.<\/span><\/p>\n<h4 style=\"text-align: justify;\"><span style=\"font-family: 'Open Sans';\">Soluci\u00f3n t\u00e9cnica propia<\/span><\/h4>\n<p style=\"text-align: justify;\"><span style=\"font-family: 'Open Sans';\">Se trata de una soluci\u00f3n t\u00e9cnica desarrollada por <strong>GARCIA FAURA<\/strong> que permite instalar directamente en la obra los m\u00f3dulos fabricados y ensamblados en el taller. Esto reduce el tiempo de instalaci\u00f3n y con una calidad superior a la forma tradicional.<\/span><\/p>\n<p style=\"text-align: justify;\"><span style=\"font-family: 'Open Sans';\">Otros trabajos de <strong>GARCIA FAURA<\/strong> en el <strong>Hotel B&amp;B<\/strong> ser\u00e1n la instalaci\u00f3n de dos puertas autom\u00e1ticas y dos de <strong>aluminio<\/strong> y vidrio (una de ellas cortafuegos), as\u00ed como el revestimiento con panel s\u00e1ndwich de la estructura que cubre la maquinaria de el edificio.<\/span><\/p>\n<p style=\"text-align: justify;\"><span style=\"font-family: 'Open Sans';\">El <strong>Hotel B&amp;B<\/strong> ser\u00e1 la segunda obra que ejecutar\u00e1 <strong>GARCIA FAURA<\/strong> en la zona conocida como <strong>Cloche d&#8217;Or<\/strong>, ya que, pr\u00e1cticamente en frente del establecimiento hotelero, est\u00e1 la Banca San Paolo para la que la empresa catalana va hacer en 2021 los <strong>muros cortina<\/strong> de <strong>aluminio<\/strong> y vidrio.<\/span><\/p>\n","protected":false},"excerpt":{"rendered":"<p>GARCIA FAURA ejecutar\u00e1 las fachadas del nuevo Hotel B&amp;B que se est\u00e1 construyendo en Luxemburgo, concretamente en la zona conocida como Cloche d&#8217;Or. Se trata de un barrio de negocios y residencial en el que la empresa catalana ya ha&hellip;<\/p>\n","protected":false},"author":3,"featured_media":37528,"comment_status":"closed","ping_status":"open","sticky":false,"template":"","format":"standard","meta":{"footnotes":""},"categories":[3],"tags":[],"post_series":[],"class_list":["post-37533","post","type-post","status-publish","format-standard","has-post-thumbnail","hentry","category-actualidad","entry","has-media"],"yoast_head":"<!-- This site is optimized with the Yoast SEO plugin v26.7 - https:\/\/yoast.com\/wordpress\/plugins\/seo\/ -->\n<title>GARCIA FAURA firma las fachadas del Hotel B&amp;B de Luxemburgo - GARCIA FAURA<\/title>\n<meta name=\"description\" content=\"Arquitectura en Alumini, Inox, Ferro i Vidre\" \/>\n<meta name=\"robots\" content=\"index, follow, max-snippet:-1, max-image-preview:large, max-video-preview:-1\" \/>\n<link rel=\"canonical\" href=\"https:\/\/www.garciafaura.com\/es\/garcia-faura-signa-les-facanes-del-nou-hotel-bb-de-luxemburg\/\" \/>\n<meta property=\"og:locale\" content=\"es_ES\" \/>\n<meta property=\"og:type\" content=\"article\" \/>\n<meta property=\"og:title\" content=\"GARCIA FAURA firma las fachadas del Hotel B&amp;B de Luxemburgo - GARCIA FAURA\" \/>\n<meta property=\"og:description\" content=\"Arquitectura en Alumini, Inox, Ferro i Vidre\" \/>\n<meta property=\"og:url\" content=\"https:\/\/www.garciafaura.com\/es\/garcia-faura-signa-les-facanes-del-nou-hotel-bb-de-luxemburg\/\" \/>\n<meta property=\"og:site_name\" content=\"GARCIA FAURA\" \/>\n<meta property=\"article:published_time\" content=\"2024-09-20T11:18:33+00:00\" \/>\n<meta property=\"article:modified_time\" content=\"2024-09-20T11:33:26+00:00\" \/>\n<meta property=\"og:image\" content=\"https:\/\/www.garciafaura.com\/wp-content\/uploads\/2024\/09\/Imatge-Hotel-BB.jpg\" \/>\n\t<meta property=\"og:image:width\" content=\"768\" \/>\n\t<meta property=\"og:image:height\" content=\"768\" \/>\n\t<meta property=\"og:image:type\" content=\"image\/jpeg\" \/>\n<meta name=\"author\" content=\"David Achell\" \/>\n<meta name=\"twitter:card\" content=\"summary_large_image\" \/>\n<meta name=\"twitter:label1\" content=\"Escrito por\" \/>\n\t<meta name=\"twitter:data1\" content=\"David Achell\" \/>\n\t<meta name=\"twitter:label2\" content=\"Tiempo de lectura\" \/>\n\t<meta name=\"twitter:data2\" content=\"3 minutos\" \/>\n<script type=\"application\/ld+json\" class=\"yoast-schema-graph\">{\"@context\":\"https:\/\/schema.org\",\"@graph\":[{\"@type\":\"Article\",\"@id\":\"https:\/\/www.garciafaura.com\/es\/garcia-faura-signa-les-facanes-del-nou-hotel-bb-de-luxemburg\/#article\",\"isPartOf\":{\"@id\":\"https:\/\/www.garciafaura.com\/es\/garcia-faura-signa-les-facanes-del-nou-hotel-bb-de-luxemburg\/\"},\"author\":{\"name\":\"David Achell\",\"@id\":\"https:\/\/www.garciafaura.com\/fr\/#\/schema\/person\/b4b75e69b33fac3446071909bec106b0\"},\"headline\":\"GARCIA FAURA firma las fachadas del Hotel B&#038;B de Luxemburgo\",\"datePublished\":\"2024-09-20T11:18:33+00:00\",\"dateModified\":\"2024-09-20T11:33:26+00:00\",\"mainEntityOfPage\":{\"@id\":\"https:\/\/www.garciafaura.com\/es\/garcia-faura-signa-les-facanes-del-nou-hotel-bb-de-luxemburg\/\"},\"wordCount\":399,\"publisher\":{\"@id\":\"https:\/\/www.garciafaura.com\/fr\/#organization\"},\"image\":{\"@id\":\"https:\/\/www.garciafaura.com\/es\/garcia-faura-signa-les-facanes-del-nou-hotel-bb-de-luxemburg\/#primaryimage\"},\"thumbnailUrl\":\"https:\/\/www.garciafaura.com\/wp-content\/uploads\/2024\/09\/Imatge-Hotel-BB.jpg\",\"articleSection\":[\"Actualidad\"],\"inLanguage\":\"es\"},{\"@type\":\"WebPage\",\"@id\":\"https:\/\/www.garciafaura.com\/es\/garcia-faura-signa-les-facanes-del-nou-hotel-bb-de-luxemburg\/\",\"url\":\"https:\/\/www.garciafaura.com\/es\/garcia-faura-signa-les-facanes-del-nou-hotel-bb-de-luxemburg\/\",\"name\":\"GARCIA FAURA firma las fachadas del Hotel B&B de Luxemburgo - GARCIA FAURA\",\"isPartOf\":{\"@id\":\"https:\/\/www.garciafaura.com\/fr\/#website\"},\"primaryImageOfPage\":{\"@id\":\"https:\/\/www.garciafaura.com\/es\/garcia-faura-signa-les-facanes-del-nou-hotel-bb-de-luxemburg\/#primaryimage\"},\"image\":{\"@id\":\"https:\/\/www.garciafaura.com\/es\/garcia-faura-signa-les-facanes-del-nou-hotel-bb-de-luxemburg\/#primaryimage\"},\"thumbnailUrl\":\"https:\/\/www.garciafaura.com\/wp-content\/uploads\/2024\/09\/Imatge-Hotel-BB.jpg\",\"datePublished\":\"2024-09-20T11:18:33+00:00\",\"dateModified\":\"2024-09-20T11:33:26+00:00\",\"description\":\"Arquitectura en Alumini, Inox, Ferro i Vidre\",\"breadcrumb\":{\"@id\":\"https:\/\/www.garciafaura.com\/es\/garcia-faura-signa-les-facanes-del-nou-hotel-bb-de-luxemburg\/#breadcrumb\"},\"inLanguage\":\"es\",\"potentialAction\":[{\"@type\":\"ReadAction\",\"target\":[\"https:\/\/www.garciafaura.com\/es\/garcia-faura-signa-les-facanes-del-nou-hotel-bb-de-luxemburg\/\"]}]},{\"@type\":\"ImageObject\",\"inLanguage\":\"es\",\"@id\":\"https:\/\/www.garciafaura.com\/es\/garcia-faura-signa-les-facanes-del-nou-hotel-bb-de-luxemburg\/#primaryimage\",\"url\":\"https:\/\/www.garciafaura.com\/wp-content\/uploads\/2024\/09\/Imatge-Hotel-BB.jpg\",\"contentUrl\":\"https:\/\/www.garciafaura.com\/wp-content\/uploads\/2024\/09\/Imatge-Hotel-BB.jpg\",\"width\":768,\"height\":768,\"caption\":\"Hotel B&B Cloche d'Or Luxemburg Luxemburgo Luxembourg Garcia Faura\"},{\"@type\":\"BreadcrumbList\",\"@id\":\"https:\/\/www.garciafaura.com\/es\/garcia-faura-signa-les-facanes-del-nou-hotel-bb-de-luxemburg\/#breadcrumb\",\"itemListElement\":[{\"@type\":\"ListItem\",\"position\":1,\"name\":\"Inici\",\"item\":\"https:\/\/www.garciafaura.com\/es\/\"},{\"@type\":\"ListItem\",\"position\":2,\"name\":\"GARCIA FAURA firma las fachadas del Hotel B&#038;B de Luxemburgo\"}]},{\"@type\":\"WebSite\",\"@id\":\"https:\/\/www.garciafaura.com\/fr\/#website\",\"url\":\"https:\/\/www.garciafaura.com\/fr\/\",\"name\":\"GARCIA FAURA\",\"description\":\"Arquitectura en Alumini, Inox, Ferro i Vidre\",\"publisher\":{\"@id\":\"https:\/\/www.garciafaura.com\/fr\/#organization\"},\"potentialAction\":[{\"@type\":\"SearchAction\",\"target\":{\"@type\":\"EntryPoint\",\"urlTemplate\":\"https:\/\/www.garciafaura.com\/fr\/?s={search_term_string}\"},\"query-input\":{\"@type\":\"PropertyValueSpecification\",\"valueRequired\":true,\"valueName\":\"search_term_string\"}}],\"inLanguage\":\"es\"},{\"@type\":\"Organization\",\"@id\":\"https:\/\/www.garciafaura.com\/fr\/#organization\",\"name\":\"GARCIA FAURA\",\"url\":\"https:\/\/www.garciafaura.com\/fr\/\",\"logo\":{\"@type\":\"ImageObject\",\"inLanguage\":\"es\",\"@id\":\"https:\/\/www.garciafaura.com\/fr\/#\/schema\/logo\/image\/\",\"url\":\"https:\/\/www.garciafaura.com\/wp-content\/uploads\/2018\/09\/Garcia-Faura.png\",\"contentUrl\":\"https:\/\/www.garciafaura.com\/wp-content\/uploads\/2018\/09\/Garcia-Faura.png\",\"width\":512,\"height\":512,\"caption\":\"GARCIA FAURA\"},\"image\":{\"@id\":\"https:\/\/www.garciafaura.com\/fr\/#\/schema\/logo\/image\/\"},\"sameAs\":[\"https:\/\/www.youtube.com\/user\/GARCIAFAURA\"]},{\"@type\":\"Person\",\"@id\":\"https:\/\/www.garciafaura.com\/fr\/#\/schema\/person\/b4b75e69b33fac3446071909bec106b0\",\"name\":\"David Achell\",\"image\":{\"@type\":\"ImageObject\",\"inLanguage\":\"es\",\"@id\":\"https:\/\/www.garciafaura.com\/fr\/#\/schema\/person\/image\/\",\"url\":\"https:\/\/secure.gravatar.com\/avatar\/03900210afc1f61bce737bcb4a79c02e2c997f171e3eca839b5a4cbe03846c90?s=96&d=blank&r=g\",\"contentUrl\":\"https:\/\/secure.gravatar.com\/avatar\/03900210afc1f61bce737bcb4a79c02e2c997f171e3eca839b5a4cbe03846c90?s=96&d=blank&r=g\",\"caption\":\"David Achell\"}}]}<\/script>\n<!-- \/ Yoast SEO plugin. -->","yoast_head_json":{"title":"GARCIA FAURA firma las fachadas del Hotel B&B de Luxemburgo - GARCIA FAURA","description":"Arquitectura en Alumini, Inox, Ferro i Vidre","robots":{"index":"index","follow":"follow","max-snippet":"max-snippet:-1","max-image-preview":"max-image-preview:large","max-video-preview":"max-video-preview:-1"},"canonical":"https:\/\/www.garciafaura.com\/es\/garcia-faura-signa-les-facanes-del-nou-hotel-bb-de-luxemburg\/","og_locale":"es_ES","og_type":"article","og_title":"GARCIA FAURA firma las fachadas del Hotel B&B de Luxemburgo - GARCIA FAURA","og_description":"Arquitectura en Alumini, Inox, Ferro i Vidre","og_url":"https:\/\/www.garciafaura.com\/es\/garcia-faura-signa-les-facanes-del-nou-hotel-bb-de-luxemburg\/","og_site_name":"GARCIA FAURA","article_published_time":"2024-09-20T11:18:33+00:00","article_modified_time":"2024-09-20T11:33:26+00:00","og_image":[{"width":768,"height":768,"url":"https:\/\/www.garciafaura.com\/wp-content\/uploads\/2024\/09\/Imatge-Hotel-BB.jpg","type":"image\/jpeg"}],"author":"David Achell","twitter_card":"summary_large_image","twitter_misc":{"Escrito por":"David Achell","Tiempo de lectura":"3 minutos"},"schema":{"@context":"https:\/\/schema.org","@graph":[{"@type":"Article","@id":"https:\/\/www.garciafaura.com\/es\/garcia-faura-signa-les-facanes-del-nou-hotel-bb-de-luxemburg\/#article","isPartOf":{"@id":"https:\/\/www.garciafaura.com\/es\/garcia-faura-signa-les-facanes-del-nou-hotel-bb-de-luxemburg\/"},"author":{"name":"David Achell","@id":"https:\/\/www.garciafaura.com\/fr\/#\/schema\/person\/b4b75e69b33fac3446071909bec106b0"},"headline":"GARCIA FAURA firma las fachadas del Hotel B&#038;B de Luxemburgo","datePublished":"2024-09-20T11:18:33+00:00","dateModified":"2024-09-20T11:33:26+00:00","mainEntityOfPage":{"@id":"https:\/\/www.garciafaura.com\/es\/garcia-faura-signa-les-facanes-del-nou-hotel-bb-de-luxemburg\/"},"wordCount":399,"publisher":{"@id":"https:\/\/www.garciafaura.com\/fr\/#organization"},"image":{"@id":"https:\/\/www.garciafaura.com\/es\/garcia-faura-signa-les-facanes-del-nou-hotel-bb-de-luxemburg\/#primaryimage"},"thumbnailUrl":"https:\/\/www.garciafaura.com\/wp-content\/uploads\/2024\/09\/Imatge-Hotel-BB.jpg","articleSection":["Actualidad"],"inLanguage":"es"},{"@type":"WebPage","@id":"https:\/\/www.garciafaura.com\/es\/garcia-faura-signa-les-facanes-del-nou-hotel-bb-de-luxemburg\/","url":"https:\/\/www.garciafaura.com\/es\/garcia-faura-signa-les-facanes-del-nou-hotel-bb-de-luxemburg\/","name":"GARCIA FAURA firma las fachadas del Hotel B&B de Luxemburgo - GARCIA FAURA","isPartOf":{"@id":"https:\/\/www.garciafaura.com\/fr\/#website"},"primaryImageOfPage":{"@id":"https:\/\/www.garciafaura.com\/es\/garcia-faura-signa-les-facanes-del-nou-hotel-bb-de-luxemburg\/#primaryimage"},"image":{"@id":"https:\/\/www.garciafaura.com\/es\/garcia-faura-signa-les-facanes-del-nou-hotel-bb-de-luxemburg\/#primaryimage"},"thumbnailUrl":"https:\/\/www.garciafaura.com\/wp-content\/uploads\/2024\/09\/Imatge-Hotel-BB.jpg","datePublished":"2024-09-20T11:18:33+00:00","dateModified":"2024-09-20T11:33:26+00:00","description":"Arquitectura en Alumini, Inox, Ferro i Vidre","breadcrumb":{"@id":"https:\/\/www.garciafaura.com\/es\/garcia-faura-signa-les-facanes-del-nou-hotel-bb-de-luxemburg\/#breadcrumb"},"inLanguage":"es","potentialAction":[{"@type":"ReadAction","target":["https:\/\/www.garciafaura.com\/es\/garcia-faura-signa-les-facanes-del-nou-hotel-bb-de-luxemburg\/"]}]},{"@type":"ImageObject","inLanguage":"es","@id":"https:\/\/www.garciafaura.com\/es\/garcia-faura-signa-les-facanes-del-nou-hotel-bb-de-luxemburg\/#primaryimage","url":"https:\/\/www.garciafaura.com\/wp-content\/uploads\/2024\/09\/Imatge-Hotel-BB.jpg","contentUrl":"https:\/\/www.garciafaura.com\/wp-content\/uploads\/2024\/09\/Imatge-Hotel-BB.jpg","width":768,"height":768,"caption":"Hotel B&B Cloche d'Or Luxemburg Luxemburgo Luxembourg Garcia Faura"},{"@type":"BreadcrumbList","@id":"https:\/\/www.garciafaura.com\/es\/garcia-faura-signa-les-facanes-del-nou-hotel-bb-de-luxemburg\/#breadcrumb","itemListElement":[{"@type":"ListItem","position":1,"name":"Inici","item":"https:\/\/www.garciafaura.com\/es\/"},{"@type":"ListItem","position":2,"name":"GARCIA FAURA firma las fachadas del Hotel B&#038;B de Luxemburgo"}]},{"@type":"WebSite","@id":"https:\/\/www.garciafaura.com\/fr\/#website","url":"https:\/\/www.garciafaura.com\/fr\/","name":"GARCIA FAURA","description":"Arquitectura en Alumini, Inox, Ferro i Vidre","publisher":{"@id":"https:\/\/www.garciafaura.com\/fr\/#organization"},"potentialAction":[{"@type":"SearchAction","target":{"@type":"EntryPoint","urlTemplate":"https:\/\/www.garciafaura.com\/fr\/?s={search_term_string}"},"query-input":{"@type":"PropertyValueSpecification","valueRequired":true,"valueName":"search_term_string"}}],"inLanguage":"es"},{"@type":"Organization","@id":"https:\/\/www.garciafaura.com\/fr\/#organization","name":"GARCIA FAURA","url":"https:\/\/www.garciafaura.com\/fr\/","logo":{"@type":"ImageObject","inLanguage":"es","@id":"https:\/\/www.garciafaura.com\/fr\/#\/schema\/logo\/image\/","url":"https:\/\/www.garciafaura.com\/wp-content\/uploads\/2018\/09\/Garcia-Faura.png","contentUrl":"https:\/\/www.garciafaura.com\/wp-content\/uploads\/2018\/09\/Garcia-Faura.png","width":512,"height":512,"caption":"GARCIA FAURA"},"image":{"@id":"https:\/\/www.garciafaura.com\/fr\/#\/schema\/logo\/image\/"},"sameAs":["https:\/\/www.youtube.com\/user\/GARCIAFAURA"]},{"@type":"Person","@id":"https:\/\/www.garciafaura.com\/fr\/#\/schema\/person\/b4b75e69b33fac3446071909bec106b0","name":"David Achell","image":{"@type":"ImageObject","inLanguage":"es","@id":"https:\/\/www.garciafaura.com\/fr\/#\/schema\/person\/image\/","url":"https:\/\/secure.gravatar.com\/avatar\/03900210afc1f61bce737bcb4a79c02e2c997f171e3eca839b5a4cbe03846c90?s=96&d=blank&r=g","contentUrl":"https:\/\/secure.gravatar.com\/avatar\/03900210afc1f61bce737bcb4a79c02e2c997f171e3eca839b5a4cbe03846c90?s=96&d=blank&r=g","caption":"David Achell"}}]}},"_links":{"self":[{"href":"https:\/\/www.garciafaura.com\/es\/wp-json\/wp\/v2\/posts\/37533","targetHints":{"allow":["GET"]}}],"collection":[{"href":"https:\/\/www.garciafaura.com\/es\/wp-json\/wp\/v2\/posts"}],"about":[{"href":"https:\/\/www.garciafaura.com\/es\/wp-json\/wp\/v2\/types\/post"}],"author":[{"embeddable":true,"href":"https:\/\/www.garciafaura.com\/es\/wp-json\/wp\/v2\/users\/3"}],"replies":[{"embeddable":true,"href":"https:\/\/www.garciafaura.com\/es\/wp-json\/wp\/v2\/comments?post=37533"}],"version-history":[{"count":3,"href":"https:\/\/www.garciafaura.com\/es\/wp-json\/wp\/v2\/posts\/37533\/revisions"}],"predecessor-version":[{"id":37541,"href":"https:\/\/www.garciafaura.com\/es\/wp-json\/wp\/v2\/posts\/37533\/revisions\/37541"}],"wp:featuredmedia":[{"embeddable":true,"href":"https:\/\/www.garciafaura.com\/es\/wp-json\/wp\/v2\/media\/37528"}],"wp:attachment":[{"href":"https:\/\/www.garciafaura.com\/es\/wp-json\/wp\/v2\/media?parent=37533"}],"wp:term":[{"taxonomy":"category","embeddable":true,"href":"https:\/\/www.garciafaura.com\/es\/wp-json\/wp\/v2\/categories?post=37533"},{"taxonomy":"post_tag","embeddable":true,"href":"https:\/\/www.garciafaura.com\/es\/wp-json\/wp\/v2\/tags?post=37533"},{"taxonomy":"post_series","embeddable":true,"href":"https:\/\/www.garciafaura.com\/es\/wp-json\/wp\/v2\/post_series?post=37533"}],"curies":[{"name":"wp","href":"https:\/\/api.w.org\/{rel}","templated":true}]}}