{"id":37516,"date":"2024-09-26T09:00:32","date_gmt":"2024-09-26T07:00:32","guid":{"rendered":"https:\/\/www.garciafaura.com\/garcia-faura-participa-de-la-construccio-de-nous-edificis-de-lotan-a-luxemburg\/"},"modified":"2024-09-20T09:45:26","modified_gmt":"2024-09-20T07:45:26","slug":"garcia-faura-participa-de-la-construccio-de-nous-edificis-de-lotan-a-luxemburg","status":"publish","type":"post","link":"https:\/\/www.garciafaura.com\/es\/garcia-faura-participa-de-la-construccio-de-nous-edificis-de-lotan-a-luxemburg\/","title":{"rendered":"GARCIA FAURA participa de la construcci\u00f3n de nuevos edificios de la OTAN en Luxemburgo"},"content":{"rendered":"<h3 style=\"text-align: justify;\"><span style=\"font-family: 'Open Sans';\">La compa\u00f1\u00eda ha sido la elegida para desarrollar las fachadas y muros cortina de los nuevos edificios de servicios de este complejo gubernamental. Las soluciones que aportar\u00e1 GARCIA FAURA presentan las m\u00e1s altas prestaciones t\u00e9rmicas del mercado.<\/span><\/h3>\n<p style=\"text-align: justify;\"><span style=\"font-family: 'Open Sans';\">La <strong>Agencia de Apoyo y Adquisici\u00f3n de la OTAN (NSPA)<\/strong> tiene su sede en un complejo en la ciudad de Capellen, en Luxemburgo. Se dedica a proporcionar apoyo a los pa\u00edses aliados, socios y otras organizaciones internacionales para la adquisici\u00f3n y mantenimiento de equipos y log\u00edstica, en el marco de las operaciones que realiza la alianza de pa\u00edses europeos y estadounidenses en materia de defensa y seguridad.<\/span><\/p>\n<p style=\"text-align: justify;\"><span style=\"font-family: 'Open Sans';\">M\u00e1s de 50 a\u00f1os despu\u00e9s de la construcci\u00f3n del recinto, la agencia se encuentra ahora en proceso de modernizaci\u00f3n del complejo y ha iniciado la construcci\u00f3n de dos nuevos edificios que albergar\u00e1n los servicios administrativos. Para llevarlos a cabo, las constructoras Soludec y Tralux han confiado en <strong>GARCIA FAURA<\/strong> para la ejecuci\u00f3n de las <strong>envolventes<\/strong> de ambos edificios.<\/span><\/p>\n<p style=\"text-align: justify;\"><span style=\"font-family: 'Open Sans';\">Uno de los objetivos del proyecto arquitect\u00f3nico, firmado por HO Architectes, era disponer de una <strong>fachada<\/strong> mayoritariamente acristalada que aportara la m\u00e1xima luz natural a las plataformas de trabajo y con la m\u00e1xima eficiencia. Con este objetivo, se desarrollar\u00e1n 4.000 metros cuadrados de <strong>muro cortina<\/strong> con la m\u00e1s alta prestaci\u00f3n t\u00e9rmica existente en el mercado, con cristales triples que presentan un muy bajo coeficiente de transferencia de calor.<\/span><\/p>\n<p style=\"text-align: justify;\"><span style=\"font-family: 'Open Sans';\">Los trabajos que llevar\u00e1 a cabo <strong>GARCIA FAURA<\/strong> contemplan otros elementos, como revestimientos de chapa met\u00e1lica, sistemas motorizados de lamas orientables, alerones con pasarelas de <em>tramex<\/em> y hasta una docena de puertas autom\u00e1ticas y manuales.<\/span><\/p>\n<p style=\"text-align: justify;\"><span style=\"font-family: 'Open Sans';\">Ambos edificios sumar\u00e1n 12.000 metros cuadrados de nueva construcci\u00f3n con un alto nivel de rendimiento energ\u00e9tico. <strong>GARCIA FAURA<\/strong> destina al proyecto un equipo multidisciplinar de profesionales en exclusiva, formado por <em>project managers<\/em>, ingenieros, oficiales de fabricaci\u00f3n y montaje, entre otros, as\u00ed como un equipo espec\u00edfico de gesti\u00f3n de la calidad. Una estructura preparada para hacer frente a un proyecto de alta complejidad que deber\u00e1 cumplir, adem\u00e1s, unos cuidados plazos de ejecuci\u00f3n.<\/span><\/p>\n","protected":false},"excerpt":{"rendered":"<p>La compa\u00f1\u00eda ha sido la elegida para desarrollar las fachadas y muros cortina de los nuevos edificios de servicios de este complejo gubernamental. Las soluciones que aportar\u00e1 GARCIA FAURA presentan las m\u00e1s altas prestaciones t\u00e9rmicas del mercado. La Agencia de&hellip;<\/p>\n","protected":false},"author":3,"featured_media":37513,"comment_status":"closed","ping_status":"open","sticky":false,"template":"","format":"standard","meta":{"footnotes":""},"categories":[3],"tags":[],"post_series":[],"class_list":["post-37516","post","type-post","status-publish","format-standard","has-post-thumbnail","hentry","category-actualidad","entry","has-media"],"yoast_head":"<!-- This site is optimized with the Yoast SEO plugin v26.7 - https:\/\/yoast.com\/wordpress\/plugins\/seo\/ -->\n<title>GARCIA FAURA participa de la construcci\u00f3n de nuevos edificios de la OTAN en Luxemburgo - GARCIA FAURA<\/title>\n<meta name=\"description\" content=\"Arquitectura en Alumini, Inox, Ferro i Vidre\" \/>\n<meta name=\"robots\" content=\"index, follow, max-snippet:-1, max-image-preview:large, max-video-preview:-1\" \/>\n<link rel=\"canonical\" href=\"https:\/\/www.garciafaura.com\/?p=37507\" \/>\n<meta property=\"og:locale\" content=\"es_ES\" \/>\n<meta property=\"og:type\" content=\"article\" \/>\n<meta property=\"og:title\" content=\"GARCIA FAURA participa de la construcci\u00f3n de nuevos edificios de la OTAN en Luxemburgo - GARCIA FAURA\" \/>\n<meta property=\"og:description\" content=\"Arquitectura en Alumini, Inox, Ferro i Vidre\" \/>\n<meta property=\"og:url\" content=\"https:\/\/www.garciafaura.com\/?p=37507\" \/>\n<meta property=\"og:site_name\" content=\"GARCIA FAURA\" \/>\n<meta property=\"article:published_time\" content=\"2024-09-26T07:00:32+00:00\" \/>\n<meta property=\"og:image\" content=\"https:\/\/www.garciafaura.com\/wp-content\/uploads\/2024\/09\/OTAN.jpeg\" \/>\n\t<meta property=\"og:image:width\" content=\"1280\" \/>\n\t<meta property=\"og:image:height\" content=\"846\" \/>\n\t<meta property=\"og:image:type\" content=\"image\/jpeg\" \/>\n<meta name=\"author\" content=\"David Achell\" \/>\n<meta name=\"twitter:card\" content=\"summary_large_image\" \/>\n<meta name=\"twitter:label1\" content=\"Escrito por\" \/>\n\t<meta name=\"twitter:data1\" content=\"David Achell\" \/>\n\t<meta name=\"twitter:label2\" content=\"Tiempo de lectura\" \/>\n\t<meta name=\"twitter:data2\" content=\"3 minutos\" \/>\n<script type=\"application\/ld+json\" class=\"yoast-schema-graph\">{\"@context\":\"https:\/\/schema.org\",\"@graph\":[{\"@type\":\"Article\",\"@id\":\"https:\/\/www.garciafaura.com\/?p=37507#article\",\"isPartOf\":{\"@id\":\"https:\/\/www.garciafaura.com\/?p=37507\"},\"author\":{\"name\":\"David Achell\",\"@id\":\"https:\/\/www.garciafaura.com\/fr\/#\/schema\/person\/b4b75e69b33fac3446071909bec106b0\"},\"headline\":\"GARCIA FAURA participa de la construcci\u00f3n de nuevos edificios de la OTAN en Luxemburgo\",\"datePublished\":\"2024-09-26T07:00:32+00:00\",\"mainEntityOfPage\":{\"@id\":\"https:\/\/www.garciafaura.com\/?p=37507\"},\"wordCount\":381,\"publisher\":{\"@id\":\"https:\/\/www.garciafaura.com\/fr\/#organization\"},\"image\":{\"@id\":\"https:\/\/www.garciafaura.com\/?p=37507#primaryimage\"},\"thumbnailUrl\":\"https:\/\/www.garciafaura.com\/wp-content\/uploads\/2024\/09\/OTAN.jpeg\",\"articleSection\":[\"Actualidad\"],\"inLanguage\":\"es\"},{\"@type\":\"WebPage\",\"@id\":\"https:\/\/www.garciafaura.com\/?p=37507\",\"url\":\"https:\/\/www.garciafaura.com\/?p=37507\",\"name\":\"GARCIA FAURA participa de la construcci\u00f3n de nuevos edificios de la OTAN en Luxemburgo - GARCIA FAURA\",\"isPartOf\":{\"@id\":\"https:\/\/www.garciafaura.com\/fr\/#website\"},\"primaryImageOfPage\":{\"@id\":\"https:\/\/www.garciafaura.com\/?p=37507#primaryimage\"},\"image\":{\"@id\":\"https:\/\/www.garciafaura.com\/?p=37507#primaryimage\"},\"thumbnailUrl\":\"https:\/\/www.garciafaura.com\/wp-content\/uploads\/2024\/09\/OTAN.jpeg\",\"datePublished\":\"2024-09-26T07:00:32+00:00\",\"description\":\"Arquitectura en Alumini, Inox, Ferro i Vidre\",\"breadcrumb\":{\"@id\":\"https:\/\/www.garciafaura.com\/?p=37507#breadcrumb\"},\"inLanguage\":\"es\",\"potentialAction\":[{\"@type\":\"ReadAction\",\"target\":[\"https:\/\/www.garciafaura.com\/?p=37507\"]}]},{\"@type\":\"ImageObject\",\"inLanguage\":\"es\",\"@id\":\"https:\/\/www.garciafaura.com\/?p=37507#primaryimage\",\"url\":\"https:\/\/www.garciafaura.com\/wp-content\/uploads\/2024\/09\/OTAN.jpeg\",\"contentUrl\":\"https:\/\/www.garciafaura.com\/wp-content\/uploads\/2024\/09\/OTAN.jpeg\",\"width\":1280,\"height\":846,\"caption\":\"Seu Sede Si\u00e8ge Headquarters OTAN Luxemburg Luxemburgo Garcia Faura\"},{\"@type\":\"BreadcrumbList\",\"@id\":\"https:\/\/www.garciafaura.com\/?p=37507#breadcrumb\",\"itemListElement\":[{\"@type\":\"ListItem\",\"position\":1,\"name\":\"Inici\",\"item\":\"https:\/\/www.garciafaura.com\/es\/\"},{\"@type\":\"ListItem\",\"position\":2,\"name\":\"GARCIA FAURA participa de la construcci\u00f3n de nuevos edificios de la OTAN en Luxemburgo\"}]},{\"@type\":\"WebSite\",\"@id\":\"https:\/\/www.garciafaura.com\/fr\/#website\",\"url\":\"https:\/\/www.garciafaura.com\/fr\/\",\"name\":\"GARCIA FAURA\",\"description\":\"Arquitectura en Alumini, Inox, Ferro i Vidre\",\"publisher\":{\"@id\":\"https:\/\/www.garciafaura.com\/fr\/#organization\"},\"potentialAction\":[{\"@type\":\"SearchAction\",\"target\":{\"@type\":\"EntryPoint\",\"urlTemplate\":\"https:\/\/www.garciafaura.com\/fr\/?s={search_term_string}\"},\"query-input\":{\"@type\":\"PropertyValueSpecification\",\"valueRequired\":true,\"valueName\":\"search_term_string\"}}],\"inLanguage\":\"es\"},{\"@type\":\"Organization\",\"@id\":\"https:\/\/www.garciafaura.com\/fr\/#organization\",\"name\":\"GARCIA FAURA\",\"url\":\"https:\/\/www.garciafaura.com\/fr\/\",\"logo\":{\"@type\":\"ImageObject\",\"inLanguage\":\"es\",\"@id\":\"https:\/\/www.garciafaura.com\/fr\/#\/schema\/logo\/image\/\",\"url\":\"https:\/\/www.garciafaura.com\/wp-content\/uploads\/2018\/09\/Garcia-Faura.png\",\"contentUrl\":\"https:\/\/www.garciafaura.com\/wp-content\/uploads\/2018\/09\/Garcia-Faura.png\",\"width\":512,\"height\":512,\"caption\":\"GARCIA FAURA\"},\"image\":{\"@id\":\"https:\/\/www.garciafaura.com\/fr\/#\/schema\/logo\/image\/\"},\"sameAs\":[\"https:\/\/www.youtube.com\/user\/GARCIAFAURA\"]},{\"@type\":\"Person\",\"@id\":\"https:\/\/www.garciafaura.com\/fr\/#\/schema\/person\/b4b75e69b33fac3446071909bec106b0\",\"name\":\"David Achell\",\"image\":{\"@type\":\"ImageObject\",\"inLanguage\":\"es\",\"@id\":\"https:\/\/www.garciafaura.com\/fr\/#\/schema\/person\/image\/\",\"url\":\"https:\/\/secure.gravatar.com\/avatar\/03900210afc1f61bce737bcb4a79c02e2c997f171e3eca839b5a4cbe03846c90?s=96&d=blank&r=g\",\"contentUrl\":\"https:\/\/secure.gravatar.com\/avatar\/03900210afc1f61bce737bcb4a79c02e2c997f171e3eca839b5a4cbe03846c90?s=96&d=blank&r=g\",\"caption\":\"David Achell\"}}]}<\/script>\n<!-- \/ Yoast SEO plugin. -->","yoast_head_json":{"title":"GARCIA FAURA participa de la construcci\u00f3n de nuevos edificios de la OTAN en Luxemburgo - GARCIA FAURA","description":"Arquitectura en Alumini, Inox, Ferro i Vidre","robots":{"index":"index","follow":"follow","max-snippet":"max-snippet:-1","max-image-preview":"max-image-preview:large","max-video-preview":"max-video-preview:-1"},"canonical":"https:\/\/www.garciafaura.com\/?p=37507","og_locale":"es_ES","og_type":"article","og_title":"GARCIA FAURA participa de la construcci\u00f3n de nuevos edificios de la OTAN en Luxemburgo - GARCIA FAURA","og_description":"Arquitectura en Alumini, Inox, Ferro i Vidre","og_url":"https:\/\/www.garciafaura.com\/?p=37507","og_site_name":"GARCIA FAURA","article_published_time":"2024-09-26T07:00:32+00:00","og_image":[{"width":1280,"height":846,"url":"https:\/\/www.garciafaura.com\/wp-content\/uploads\/2024\/09\/OTAN.jpeg","type":"image\/jpeg"}],"author":"David Achell","twitter_card":"summary_large_image","twitter_misc":{"Escrito por":"David Achell","Tiempo de lectura":"3 minutos"},"schema":{"@context":"https:\/\/schema.org","@graph":[{"@type":"Article","@id":"https:\/\/www.garciafaura.com\/?p=37507#article","isPartOf":{"@id":"https:\/\/www.garciafaura.com\/?p=37507"},"author":{"name":"David Achell","@id":"https:\/\/www.garciafaura.com\/fr\/#\/schema\/person\/b4b75e69b33fac3446071909bec106b0"},"headline":"GARCIA FAURA participa de la construcci\u00f3n de nuevos edificios de la OTAN en Luxemburgo","datePublished":"2024-09-26T07:00:32+00:00","mainEntityOfPage":{"@id":"https:\/\/www.garciafaura.com\/?p=37507"},"wordCount":381,"publisher":{"@id":"https:\/\/www.garciafaura.com\/fr\/#organization"},"image":{"@id":"https:\/\/www.garciafaura.com\/?p=37507#primaryimage"},"thumbnailUrl":"https:\/\/www.garciafaura.com\/wp-content\/uploads\/2024\/09\/OTAN.jpeg","articleSection":["Actualidad"],"inLanguage":"es"},{"@type":"WebPage","@id":"https:\/\/www.garciafaura.com\/?p=37507","url":"https:\/\/www.garciafaura.com\/?p=37507","name":"GARCIA FAURA participa de la construcci\u00f3n de nuevos edificios de la OTAN en Luxemburgo - GARCIA FAURA","isPartOf":{"@id":"https:\/\/www.garciafaura.com\/fr\/#website"},"primaryImageOfPage":{"@id":"https:\/\/www.garciafaura.com\/?p=37507#primaryimage"},"image":{"@id":"https:\/\/www.garciafaura.com\/?p=37507#primaryimage"},"thumbnailUrl":"https:\/\/www.garciafaura.com\/wp-content\/uploads\/2024\/09\/OTAN.jpeg","datePublished":"2024-09-26T07:00:32+00:00","description":"Arquitectura en Alumini, Inox, Ferro i Vidre","breadcrumb":{"@id":"https:\/\/www.garciafaura.com\/?p=37507#breadcrumb"},"inLanguage":"es","potentialAction":[{"@type":"ReadAction","target":["https:\/\/www.garciafaura.com\/?p=37507"]}]},{"@type":"ImageObject","inLanguage":"es","@id":"https:\/\/www.garciafaura.com\/?p=37507#primaryimage","url":"https:\/\/www.garciafaura.com\/wp-content\/uploads\/2024\/09\/OTAN.jpeg","contentUrl":"https:\/\/www.garciafaura.com\/wp-content\/uploads\/2024\/09\/OTAN.jpeg","width":1280,"height":846,"caption":"Seu Sede Si\u00e8ge Headquarters OTAN Luxemburg Luxemburgo Garcia Faura"},{"@type":"BreadcrumbList","@id":"https:\/\/www.garciafaura.com\/?p=37507#breadcrumb","itemListElement":[{"@type":"ListItem","position":1,"name":"Inici","item":"https:\/\/www.garciafaura.com\/es\/"},{"@type":"ListItem","position":2,"name":"GARCIA FAURA participa de la construcci\u00f3n de nuevos edificios de la OTAN en Luxemburgo"}]},{"@type":"WebSite","@id":"https:\/\/www.garciafaura.com\/fr\/#website","url":"https:\/\/www.garciafaura.com\/fr\/","name":"GARCIA FAURA","description":"Arquitectura en Alumini, Inox, Ferro i Vidre","publisher":{"@id":"https:\/\/www.garciafaura.com\/fr\/#organization"},"potentialAction":[{"@type":"SearchAction","target":{"@type":"EntryPoint","urlTemplate":"https:\/\/www.garciafaura.com\/fr\/?s={search_term_string}"},"query-input":{"@type":"PropertyValueSpecification","valueRequired":true,"valueName":"search_term_string"}}],"inLanguage":"es"},{"@type":"Organization","@id":"https:\/\/www.garciafaura.com\/fr\/#organization","name":"GARCIA FAURA","url":"https:\/\/www.garciafaura.com\/fr\/","logo":{"@type":"ImageObject","inLanguage":"es","@id":"https:\/\/www.garciafaura.com\/fr\/#\/schema\/logo\/image\/","url":"https:\/\/www.garciafaura.com\/wp-content\/uploads\/2018\/09\/Garcia-Faura.png","contentUrl":"https:\/\/www.garciafaura.com\/wp-content\/uploads\/2018\/09\/Garcia-Faura.png","width":512,"height":512,"caption":"GARCIA FAURA"},"image":{"@id":"https:\/\/www.garciafaura.com\/fr\/#\/schema\/logo\/image\/"},"sameAs":["https:\/\/www.youtube.com\/user\/GARCIAFAURA"]},{"@type":"Person","@id":"https:\/\/www.garciafaura.com\/fr\/#\/schema\/person\/b4b75e69b33fac3446071909bec106b0","name":"David Achell","image":{"@type":"ImageObject","inLanguage":"es","@id":"https:\/\/www.garciafaura.com\/fr\/#\/schema\/person\/image\/","url":"https:\/\/secure.gravatar.com\/avatar\/03900210afc1f61bce737bcb4a79c02e2c997f171e3eca839b5a4cbe03846c90?s=96&d=blank&r=g","contentUrl":"https:\/\/secure.gravatar.com\/avatar\/03900210afc1f61bce737bcb4a79c02e2c997f171e3eca839b5a4cbe03846c90?s=96&d=blank&r=g","caption":"David Achell"}}]}},"_links":{"self":[{"href":"https:\/\/www.garciafaura.com\/es\/wp-json\/wp\/v2\/posts\/37516","targetHints":{"allow":["GET"]}}],"collection":[{"href":"https:\/\/www.garciafaura.com\/es\/wp-json\/wp\/v2\/posts"}],"about":[{"href":"https:\/\/www.garciafaura.com\/es\/wp-json\/wp\/v2\/types\/post"}],"author":[{"embeddable":true,"href":"https:\/\/www.garciafaura.com\/es\/wp-json\/wp\/v2\/users\/3"}],"replies":[{"embeddable":true,"href":"https:\/\/www.garciafaura.com\/es\/wp-json\/wp\/v2\/comments?post=37516"}],"version-history":[{"count":1,"href":"https:\/\/www.garciafaura.com\/es\/wp-json\/wp\/v2\/posts\/37516\/revisions"}],"predecessor-version":[{"id":37518,"href":"https:\/\/www.garciafaura.com\/es\/wp-json\/wp\/v2\/posts\/37516\/revisions\/37518"}],"wp:featuredmedia":[{"embeddable":true,"href":"https:\/\/www.garciafaura.com\/es\/wp-json\/wp\/v2\/media\/37513"}],"wp:attachment":[{"href":"https:\/\/www.garciafaura.com\/es\/wp-json\/wp\/v2\/media?parent=37516"}],"wp:term":[{"taxonomy":"category","embeddable":true,"href":"https:\/\/www.garciafaura.com\/es\/wp-json\/wp\/v2\/categories?post=37516"},{"taxonomy":"post_tag","embeddable":true,"href":"https:\/\/www.garciafaura.com\/es\/wp-json\/wp\/v2\/tags?post=37516"},{"taxonomy":"post_series","embeddable":true,"href":"https:\/\/www.garciafaura.com\/es\/wp-json\/wp\/v2\/post_series?post=37516"}],"curies":[{"name":"wp","href":"https:\/\/api.w.org\/{rel}","templated":true}]}}