{"id":37449,"date":"2024-08-08T10:17:19","date_gmt":"2024-08-08T08:17:19","guid":{"rendered":"https:\/\/www.garciafaura.com\/la-facana-de-lhotel-calderon-ja-llueix-el-mur-cortina-de-garcia-faura\/"},"modified":"2024-08-08T10:29:47","modified_gmt":"2024-08-08T08:29:47","slug":"la-facana-de-lhotel-calderon-ja-llueix-el-mur-cortina-de-garcia-faura","status":"publish","type":"post","link":"https:\/\/www.garciafaura.com\/es\/la-facana-de-lhotel-calderon-ja-llueix-el-mur-cortina-de-garcia-faura\/","title":{"rendered":"La fachada del Hotel Calder\u00f3n ya presume del muro cortina de GARCIA FAURA"},"content":{"rendered":"<h3 style=\"text-align: justify;\"><span style=\"font-family: 'Open Sans';\">GARCIA FAURA ha desarrollado expresamente para la renovaci\u00f3n del hist\u00f3rico equipamiento hotelero barcelon\u00e9s m\u00e1s de dos mil metros cuadrados de muro cortina que ayudan al edificio en la reducci\u00f3n del consumo energ\u00e9tico.<\/span><\/h3>\n<p style=\"text-align: justify;\"><span style=\"font-family: 'Open Sans';\">El <strong>Hotel Calder\u00f3n<\/strong>, hist\u00f3rico edificio situado en el n\u00famero 26 de la Rambla de <strong>Barcelona<\/strong>, \u200b\u200bha finalizado los trabajos de rehabilitaci\u00f3n funcional y energ\u00e9tica de sus <strong>fachadas<\/strong>, tanto el exterior como la del patio interior, buscando mejorar el rendimiento t\u00e9rmico y ac\u00fastico.<\/span><\/p>\n<p style=\"text-align: justify;\"><span style=\"font-family: 'Open Sans';\">Una vez finalizadas las obras, el hotel ha sido <strong>premiado con el galard\u00f3n ReThink<\/strong> del Grupo Habitat Futura i Carrier por la sostenibilidad y reducci\u00f3n del consumo energ\u00e9tico. De hecho, el inmueble ha logrado reducir el consumo de energ\u00edas primarias en un 32%, y las emisiones de CO\u2082 al a\u00f1o en un 34,4%.<\/span><\/p>\n<p style=\"text-align: justify;\"><span style=\"font-family: 'Open Sans';\">El <strong>Hotel Calder\u00f3n<\/strong> data de principios de los a\u00f1os setenta del pasado siglo y est\u00e1 <strong>protegido por Patrimonio del Ayuntamiento de Barcelona<\/strong>. Adem\u00e1s de tener una volumetr\u00eda compleja, la <strong>fachada<\/strong> original no ten\u00eda protecci\u00f3n solar y presentaba problemas de estanqueidad en el agua, el aire y el ruido, adem\u00e1s de filtraciones y humedades.<\/span><\/p>\n<p style=\"text-align: justify;\"><span style=\"font-family: 'Open Sans';\">La actuaci\u00f3n de <strong>GARCIA FAURA<\/strong> (en colaboraci\u00f3n con la empresa constructora Villareyes) consisti\u00f3 en la fabricaci\u00f3n e instalaci\u00f3n de 2.075 metros cuadrados de <strong>muro cortina<\/strong> con tapetas, con unos 500 metros cuadrados de carpinter\u00eda practicable incorporados.<\/span><\/p>\n<p style=\"text-align: justify;\"><span style=\"font-family: 'Open Sans';\">Adem\u00e1s, el <strong>muro cortina<\/strong> de las plantas inferiores del hotel, a modo de z\u00f3calo, tambi\u00e9n es de <strong>GARCIA FAURA<\/strong>. Son aproximadamente 510 metros cuadrados, con incorporaci\u00f3n de <strong>cerramientos<\/strong> practicables y oscilo paralelos.<\/span><\/p>\n<p style=\"text-align: justify;\"><span style=\"font-family: 'Open Sans';\">La reforma del <strong>Hotel Calder\u00f3n<\/strong>, que se han financiado con fondos europeos Next Generation, se ha realizado con el sistema <em>overcladding<\/em>, es decir, trabajando desde el exterior y sin afectar al desarrollo del edificio, minimizando as\u00ed el impacto sobre el funcionamiento del equipamiento hotelero.<\/span><\/p>\n","protected":false},"excerpt":{"rendered":"<p>GARCIA FAURA ha desarrollado expresamente para la renovaci\u00f3n del hist\u00f3rico equipamiento hotelero barcelon\u00e9s m\u00e1s de dos mil metros cuadrados de muro cortina que ayudan al edificio en la reducci\u00f3n del consumo energ\u00e9tico. El Hotel Calder\u00f3n, hist\u00f3rico edificio situado en el&hellip;<\/p>\n","protected":false},"author":3,"featured_media":37445,"comment_status":"closed","ping_status":"open","sticky":false,"template":"","format":"standard","meta":{"footnotes":""},"categories":[3],"tags":[],"post_series":[],"class_list":["post-37449","post","type-post","status-publish","format-standard","has-post-thumbnail","hentry","category-actualidad","entry","has-media"],"yoast_head":"<!-- This site is optimized with the Yoast SEO plugin v26.7 - https:\/\/yoast.com\/wordpress\/plugins\/seo\/ -->\n<title>La fachada del Hotel Calder\u00f3n ya presume del muro cortina de GARCIA FAURA - GARCIA FAURA<\/title>\n<meta name=\"description\" content=\"Arquitectura en Alumini, Inox, Ferro i Vidre\" \/>\n<meta name=\"robots\" content=\"index, follow, max-snippet:-1, max-image-preview:large, max-video-preview:-1\" \/>\n<link rel=\"canonical\" href=\"https:\/\/www.garciafaura.com\/es\/la-facana-de-lhotel-calderon-ja-llueix-el-mur-cortina-de-garcia-faura\/\" \/>\n<meta property=\"og:locale\" content=\"es_ES\" \/>\n<meta property=\"og:type\" content=\"article\" \/>\n<meta property=\"og:title\" content=\"La fachada del Hotel Calder\u00f3n ya presume del muro cortina de GARCIA FAURA - GARCIA FAURA\" \/>\n<meta property=\"og:description\" content=\"Arquitectura en Alumini, Inox, Ferro i Vidre\" \/>\n<meta property=\"og:url\" content=\"https:\/\/www.garciafaura.com\/es\/la-facana-de-lhotel-calderon-ja-llueix-el-mur-cortina-de-garcia-faura\/\" \/>\n<meta property=\"og:site_name\" content=\"GARCIA FAURA\" \/>\n<meta property=\"article:published_time\" content=\"2024-08-08T08:17:19+00:00\" \/>\n<meta property=\"article:modified_time\" content=\"2024-08-08T08:29:47+00:00\" \/>\n<meta property=\"og:image\" content=\"https:\/\/www.garciafaura.com\/wp-content\/uploads\/2024\/08\/Hotel-Calderon-acabat-scaled.jpg\" \/>\n\t<meta property=\"og:image:width\" content=\"2560\" \/>\n\t<meta property=\"og:image:height\" content=\"1707\" \/>\n\t<meta property=\"og:image:type\" content=\"image\/jpeg\" \/>\n<meta name=\"author\" content=\"David Achell\" \/>\n<meta name=\"twitter:card\" content=\"summary_large_image\" \/>\n<meta name=\"twitter:label1\" content=\"Escrito por\" \/>\n\t<meta name=\"twitter:data1\" content=\"David Achell\" \/>\n\t<meta name=\"twitter:label2\" content=\"Tiempo de lectura\" \/>\n\t<meta name=\"twitter:data2\" content=\"2 minutos\" \/>\n<script type=\"application\/ld+json\" class=\"yoast-schema-graph\">{\"@context\":\"https:\/\/schema.org\",\"@graph\":[{\"@type\":\"Article\",\"@id\":\"https:\/\/www.garciafaura.com\/es\/la-facana-de-lhotel-calderon-ja-llueix-el-mur-cortina-de-garcia-faura\/#article\",\"isPartOf\":{\"@id\":\"https:\/\/www.garciafaura.com\/es\/la-facana-de-lhotel-calderon-ja-llueix-el-mur-cortina-de-garcia-faura\/\"},\"author\":{\"name\":\"David Achell\",\"@id\":\"https:\/\/www.garciafaura.com\/fr\/#\/schema\/person\/b4b75e69b33fac3446071909bec106b0\"},\"headline\":\"La fachada del Hotel Calder\u00f3n ya presume del muro cortina de GARCIA FAURA\",\"datePublished\":\"2024-08-08T08:17:19+00:00\",\"dateModified\":\"2024-08-08T08:29:47+00:00\",\"mainEntityOfPage\":{\"@id\":\"https:\/\/www.garciafaura.com\/es\/la-facana-de-lhotel-calderon-ja-llueix-el-mur-cortina-de-garcia-faura\/\"},\"wordCount\":335,\"publisher\":{\"@id\":\"https:\/\/www.garciafaura.com\/fr\/#organization\"},\"image\":{\"@id\":\"https:\/\/www.garciafaura.com\/es\/la-facana-de-lhotel-calderon-ja-llueix-el-mur-cortina-de-garcia-faura\/#primaryimage\"},\"thumbnailUrl\":\"https:\/\/www.garciafaura.com\/wp-content\/uploads\/2024\/08\/Hotel-Calderon-acabat-scaled.jpg\",\"articleSection\":[\"Actualidad\"],\"inLanguage\":\"es\"},{\"@type\":\"WebPage\",\"@id\":\"https:\/\/www.garciafaura.com\/es\/la-facana-de-lhotel-calderon-ja-llueix-el-mur-cortina-de-garcia-faura\/\",\"url\":\"https:\/\/www.garciafaura.com\/es\/la-facana-de-lhotel-calderon-ja-llueix-el-mur-cortina-de-garcia-faura\/\",\"name\":\"La fachada del Hotel Calder\u00f3n ya presume del muro cortina de GARCIA FAURA - GARCIA FAURA\",\"isPartOf\":{\"@id\":\"https:\/\/www.garciafaura.com\/fr\/#website\"},\"primaryImageOfPage\":{\"@id\":\"https:\/\/www.garciafaura.com\/es\/la-facana-de-lhotel-calderon-ja-llueix-el-mur-cortina-de-garcia-faura\/#primaryimage\"},\"image\":{\"@id\":\"https:\/\/www.garciafaura.com\/es\/la-facana-de-lhotel-calderon-ja-llueix-el-mur-cortina-de-garcia-faura\/#primaryimage\"},\"thumbnailUrl\":\"https:\/\/www.garciafaura.com\/wp-content\/uploads\/2024\/08\/Hotel-Calderon-acabat-scaled.jpg\",\"datePublished\":\"2024-08-08T08:17:19+00:00\",\"dateModified\":\"2024-08-08T08:29:47+00:00\",\"description\":\"Arquitectura en Alumini, Inox, Ferro i Vidre\",\"breadcrumb\":{\"@id\":\"https:\/\/www.garciafaura.com\/es\/la-facana-de-lhotel-calderon-ja-llueix-el-mur-cortina-de-garcia-faura\/#breadcrumb\"},\"inLanguage\":\"es\",\"potentialAction\":[{\"@type\":\"ReadAction\",\"target\":[\"https:\/\/www.garciafaura.com\/es\/la-facana-de-lhotel-calderon-ja-llueix-el-mur-cortina-de-garcia-faura\/\"]}]},{\"@type\":\"ImageObject\",\"inLanguage\":\"es\",\"@id\":\"https:\/\/www.garciafaura.com\/es\/la-facana-de-lhotel-calderon-ja-llueix-el-mur-cortina-de-garcia-faura\/#primaryimage\",\"url\":\"https:\/\/www.garciafaura.com\/wp-content\/uploads\/2024\/08\/Hotel-Calderon-acabat-scaled.jpg\",\"contentUrl\":\"https:\/\/www.garciafaura.com\/wp-content\/uploads\/2024\/08\/Hotel-Calderon-acabat-scaled.jpg\",\"width\":2560,\"height\":1707},{\"@type\":\"BreadcrumbList\",\"@id\":\"https:\/\/www.garciafaura.com\/es\/la-facana-de-lhotel-calderon-ja-llueix-el-mur-cortina-de-garcia-faura\/#breadcrumb\",\"itemListElement\":[{\"@type\":\"ListItem\",\"position\":1,\"name\":\"Inici\",\"item\":\"https:\/\/www.garciafaura.com\/es\/\"},{\"@type\":\"ListItem\",\"position\":2,\"name\":\"La fachada del Hotel Calder\u00f3n ya presume del muro cortina de GARCIA FAURA\"}]},{\"@type\":\"WebSite\",\"@id\":\"https:\/\/www.garciafaura.com\/fr\/#website\",\"url\":\"https:\/\/www.garciafaura.com\/fr\/\",\"name\":\"GARCIA FAURA\",\"description\":\"Arquitectura en Alumini, Inox, Ferro i Vidre\",\"publisher\":{\"@id\":\"https:\/\/www.garciafaura.com\/fr\/#organization\"},\"potentialAction\":[{\"@type\":\"SearchAction\",\"target\":{\"@type\":\"EntryPoint\",\"urlTemplate\":\"https:\/\/www.garciafaura.com\/fr\/?s={search_term_string}\"},\"query-input\":{\"@type\":\"PropertyValueSpecification\",\"valueRequired\":true,\"valueName\":\"search_term_string\"}}],\"inLanguage\":\"es\"},{\"@type\":\"Organization\",\"@id\":\"https:\/\/www.garciafaura.com\/fr\/#organization\",\"name\":\"GARCIA FAURA\",\"url\":\"https:\/\/www.garciafaura.com\/fr\/\",\"logo\":{\"@type\":\"ImageObject\",\"inLanguage\":\"es\",\"@id\":\"https:\/\/www.garciafaura.com\/fr\/#\/schema\/logo\/image\/\",\"url\":\"https:\/\/www.garciafaura.com\/wp-content\/uploads\/2018\/09\/Garcia-Faura.png\",\"contentUrl\":\"https:\/\/www.garciafaura.com\/wp-content\/uploads\/2018\/09\/Garcia-Faura.png\",\"width\":512,\"height\":512,\"caption\":\"GARCIA FAURA\"},\"image\":{\"@id\":\"https:\/\/www.garciafaura.com\/fr\/#\/schema\/logo\/image\/\"},\"sameAs\":[\"https:\/\/www.youtube.com\/user\/GARCIAFAURA\"]},{\"@type\":\"Person\",\"@id\":\"https:\/\/www.garciafaura.com\/fr\/#\/schema\/person\/b4b75e69b33fac3446071909bec106b0\",\"name\":\"David Achell\",\"image\":{\"@type\":\"ImageObject\",\"inLanguage\":\"es\",\"@id\":\"https:\/\/www.garciafaura.com\/fr\/#\/schema\/person\/image\/\",\"url\":\"https:\/\/secure.gravatar.com\/avatar\/03900210afc1f61bce737bcb4a79c02e2c997f171e3eca839b5a4cbe03846c90?s=96&d=blank&r=g\",\"contentUrl\":\"https:\/\/secure.gravatar.com\/avatar\/03900210afc1f61bce737bcb4a79c02e2c997f171e3eca839b5a4cbe03846c90?s=96&d=blank&r=g\",\"caption\":\"David Achell\"}}]}<\/script>\n<!-- \/ Yoast SEO plugin. -->","yoast_head_json":{"title":"La fachada del Hotel Calder\u00f3n ya presume del muro cortina de GARCIA FAURA - GARCIA FAURA","description":"Arquitectura en Alumini, Inox, Ferro i Vidre","robots":{"index":"index","follow":"follow","max-snippet":"max-snippet:-1","max-image-preview":"max-image-preview:large","max-video-preview":"max-video-preview:-1"},"canonical":"https:\/\/www.garciafaura.com\/es\/la-facana-de-lhotel-calderon-ja-llueix-el-mur-cortina-de-garcia-faura\/","og_locale":"es_ES","og_type":"article","og_title":"La fachada del Hotel Calder\u00f3n ya presume del muro cortina de GARCIA FAURA - GARCIA FAURA","og_description":"Arquitectura en Alumini, Inox, Ferro i Vidre","og_url":"https:\/\/www.garciafaura.com\/es\/la-facana-de-lhotel-calderon-ja-llueix-el-mur-cortina-de-garcia-faura\/","og_site_name":"GARCIA FAURA","article_published_time":"2024-08-08T08:17:19+00:00","article_modified_time":"2024-08-08T08:29:47+00:00","og_image":[{"width":2560,"height":1707,"url":"https:\/\/www.garciafaura.com\/wp-content\/uploads\/2024\/08\/Hotel-Calderon-acabat-scaled.jpg","type":"image\/jpeg"}],"author":"David Achell","twitter_card":"summary_large_image","twitter_misc":{"Escrito por":"David Achell","Tiempo de lectura":"2 minutos"},"schema":{"@context":"https:\/\/schema.org","@graph":[{"@type":"Article","@id":"https:\/\/www.garciafaura.com\/es\/la-facana-de-lhotel-calderon-ja-llueix-el-mur-cortina-de-garcia-faura\/#article","isPartOf":{"@id":"https:\/\/www.garciafaura.com\/es\/la-facana-de-lhotel-calderon-ja-llueix-el-mur-cortina-de-garcia-faura\/"},"author":{"name":"David Achell","@id":"https:\/\/www.garciafaura.com\/fr\/#\/schema\/person\/b4b75e69b33fac3446071909bec106b0"},"headline":"La fachada del Hotel Calder\u00f3n ya presume del muro cortina de GARCIA FAURA","datePublished":"2024-08-08T08:17:19+00:00","dateModified":"2024-08-08T08:29:47+00:00","mainEntityOfPage":{"@id":"https:\/\/www.garciafaura.com\/es\/la-facana-de-lhotel-calderon-ja-llueix-el-mur-cortina-de-garcia-faura\/"},"wordCount":335,"publisher":{"@id":"https:\/\/www.garciafaura.com\/fr\/#organization"},"image":{"@id":"https:\/\/www.garciafaura.com\/es\/la-facana-de-lhotel-calderon-ja-llueix-el-mur-cortina-de-garcia-faura\/#primaryimage"},"thumbnailUrl":"https:\/\/www.garciafaura.com\/wp-content\/uploads\/2024\/08\/Hotel-Calderon-acabat-scaled.jpg","articleSection":["Actualidad"],"inLanguage":"es"},{"@type":"WebPage","@id":"https:\/\/www.garciafaura.com\/es\/la-facana-de-lhotel-calderon-ja-llueix-el-mur-cortina-de-garcia-faura\/","url":"https:\/\/www.garciafaura.com\/es\/la-facana-de-lhotel-calderon-ja-llueix-el-mur-cortina-de-garcia-faura\/","name":"La fachada del Hotel Calder\u00f3n ya presume del muro cortina de GARCIA FAURA - GARCIA FAURA","isPartOf":{"@id":"https:\/\/www.garciafaura.com\/fr\/#website"},"primaryImageOfPage":{"@id":"https:\/\/www.garciafaura.com\/es\/la-facana-de-lhotel-calderon-ja-llueix-el-mur-cortina-de-garcia-faura\/#primaryimage"},"image":{"@id":"https:\/\/www.garciafaura.com\/es\/la-facana-de-lhotel-calderon-ja-llueix-el-mur-cortina-de-garcia-faura\/#primaryimage"},"thumbnailUrl":"https:\/\/www.garciafaura.com\/wp-content\/uploads\/2024\/08\/Hotel-Calderon-acabat-scaled.jpg","datePublished":"2024-08-08T08:17:19+00:00","dateModified":"2024-08-08T08:29:47+00:00","description":"Arquitectura en Alumini, Inox, Ferro i Vidre","breadcrumb":{"@id":"https:\/\/www.garciafaura.com\/es\/la-facana-de-lhotel-calderon-ja-llueix-el-mur-cortina-de-garcia-faura\/#breadcrumb"},"inLanguage":"es","potentialAction":[{"@type":"ReadAction","target":["https:\/\/www.garciafaura.com\/es\/la-facana-de-lhotel-calderon-ja-llueix-el-mur-cortina-de-garcia-faura\/"]}]},{"@type":"ImageObject","inLanguage":"es","@id":"https:\/\/www.garciafaura.com\/es\/la-facana-de-lhotel-calderon-ja-llueix-el-mur-cortina-de-garcia-faura\/#primaryimage","url":"https:\/\/www.garciafaura.com\/wp-content\/uploads\/2024\/08\/Hotel-Calderon-acabat-scaled.jpg","contentUrl":"https:\/\/www.garciafaura.com\/wp-content\/uploads\/2024\/08\/Hotel-Calderon-acabat-scaled.jpg","width":2560,"height":1707},{"@type":"BreadcrumbList","@id":"https:\/\/www.garciafaura.com\/es\/la-facana-de-lhotel-calderon-ja-llueix-el-mur-cortina-de-garcia-faura\/#breadcrumb","itemListElement":[{"@type":"ListItem","position":1,"name":"Inici","item":"https:\/\/www.garciafaura.com\/es\/"},{"@type":"ListItem","position":2,"name":"La fachada del Hotel Calder\u00f3n ya presume del muro cortina de GARCIA FAURA"}]},{"@type":"WebSite","@id":"https:\/\/www.garciafaura.com\/fr\/#website","url":"https:\/\/www.garciafaura.com\/fr\/","name":"GARCIA FAURA","description":"Arquitectura en Alumini, Inox, Ferro i Vidre","publisher":{"@id":"https:\/\/www.garciafaura.com\/fr\/#organization"},"potentialAction":[{"@type":"SearchAction","target":{"@type":"EntryPoint","urlTemplate":"https:\/\/www.garciafaura.com\/fr\/?s={search_term_string}"},"query-input":{"@type":"PropertyValueSpecification","valueRequired":true,"valueName":"search_term_string"}}],"inLanguage":"es"},{"@type":"Organization","@id":"https:\/\/www.garciafaura.com\/fr\/#organization","name":"GARCIA FAURA","url":"https:\/\/www.garciafaura.com\/fr\/","logo":{"@type":"ImageObject","inLanguage":"es","@id":"https:\/\/www.garciafaura.com\/fr\/#\/schema\/logo\/image\/","url":"https:\/\/www.garciafaura.com\/wp-content\/uploads\/2018\/09\/Garcia-Faura.png","contentUrl":"https:\/\/www.garciafaura.com\/wp-content\/uploads\/2018\/09\/Garcia-Faura.png","width":512,"height":512,"caption":"GARCIA FAURA"},"image":{"@id":"https:\/\/www.garciafaura.com\/fr\/#\/schema\/logo\/image\/"},"sameAs":["https:\/\/www.youtube.com\/user\/GARCIAFAURA"]},{"@type":"Person","@id":"https:\/\/www.garciafaura.com\/fr\/#\/schema\/person\/b4b75e69b33fac3446071909bec106b0","name":"David Achell","image":{"@type":"ImageObject","inLanguage":"es","@id":"https:\/\/www.garciafaura.com\/fr\/#\/schema\/person\/image\/","url":"https:\/\/secure.gravatar.com\/avatar\/03900210afc1f61bce737bcb4a79c02e2c997f171e3eca839b5a4cbe03846c90?s=96&d=blank&r=g","contentUrl":"https:\/\/secure.gravatar.com\/avatar\/03900210afc1f61bce737bcb4a79c02e2c997f171e3eca839b5a4cbe03846c90?s=96&d=blank&r=g","caption":"David Achell"}}]}},"_links":{"self":[{"href":"https:\/\/www.garciafaura.com\/es\/wp-json\/wp\/v2\/posts\/37449","targetHints":{"allow":["GET"]}}],"collection":[{"href":"https:\/\/www.garciafaura.com\/es\/wp-json\/wp\/v2\/posts"}],"about":[{"href":"https:\/\/www.garciafaura.com\/es\/wp-json\/wp\/v2\/types\/post"}],"author":[{"embeddable":true,"href":"https:\/\/www.garciafaura.com\/es\/wp-json\/wp\/v2\/users\/3"}],"replies":[{"embeddable":true,"href":"https:\/\/www.garciafaura.com\/es\/wp-json\/wp\/v2\/comments?post=37449"}],"version-history":[{"count":3,"href":"https:\/\/www.garciafaura.com\/es\/wp-json\/wp\/v2\/posts\/37449\/revisions"}],"predecessor-version":[{"id":37456,"href":"https:\/\/www.garciafaura.com\/es\/wp-json\/wp\/v2\/posts\/37449\/revisions\/37456"}],"wp:featuredmedia":[{"embeddable":true,"href":"https:\/\/www.garciafaura.com\/es\/wp-json\/wp\/v2\/media\/37445"}],"wp:attachment":[{"href":"https:\/\/www.garciafaura.com\/es\/wp-json\/wp\/v2\/media?parent=37449"}],"wp:term":[{"taxonomy":"category","embeddable":true,"href":"https:\/\/www.garciafaura.com\/es\/wp-json\/wp\/v2\/categories?post=37449"},{"taxonomy":"post_tag","embeddable":true,"href":"https:\/\/www.garciafaura.com\/es\/wp-json\/wp\/v2\/tags?post=37449"},{"taxonomy":"post_series","embeddable":true,"href":"https:\/\/www.garciafaura.com\/es\/wp-json\/wp\/v2\/post_series?post=37449"}],"curies":[{"name":"wp","href":"https:\/\/api.w.org\/{rel}","templated":true}]}}