{"id":37430,"date":"2024-08-02T09:34:47","date_gmt":"2024-08-02T07:34:47","guid":{"rendered":"https:\/\/www.garciafaura.com\/garcia-faura-executa-la-rehabilitacio-dun-nou-edifici-del-complex-empresarial-cerro-de-los-gamos\/"},"modified":"2024-08-02T09:40:26","modified_gmt":"2024-08-02T07:40:26","slug":"garcia-faura-executa-la-rehabilitacio-dun-nou-edifici-del-complex-empresarial-cerro-de-los-gamos","status":"publish","type":"post","link":"https:\/\/www.garciafaura.com\/es\/garcia-faura-executa-la-rehabilitacio-dun-nou-edifici-del-complex-empresarial-cerro-de-los-gamos\/","title":{"rendered":"GARCIA FAURA ejecuta la rehabilitaci\u00f3n de un nuevo edificio del complejo empresarial Cerro de los Gamos"},"content":{"rendered":"<p class=\"western\" lang=\"ca-ES\" style=\"text-align: justify;\"><strong><span style=\"color: #000000; font-size: 16px; font-family: 'Open Sans';\">Tras concluir con \u00e9xito la rehabilitaci\u00f3n de dos edificios del complejo, se afronta ahora la remodelaci\u00f3n integral de un tercer edificio, ejecutando los trabajos de fachada, muro cortina y cerramientos met\u00e1licos.<\/span><\/strong><\/p>\n<p class=\"western\" lang=\"ca-ES\" style=\"text-align: justify;\"><span style=\"color: #000000; font-size: 16px; font-family: 'Open Sans';\">El <a href=\"https:\/\/www.merlinproperties.com\/activos\/oficinas-cerro-gamos-1\/\" target=\"_blank\" rel=\"noopener\"><strong>Parque Empresarial Cerro de los Gamos<\/strong><\/a>, en Pozuelo de Alarc\u00f3n (Madrid), es un conjunto de cinco edificios independientes de cuatro plantas cada uno, que suman una superficie total de 36.105 metros cuadrados destinados a la actividad empresarial de valor a\u00f1adido.<\/span><\/p>\n<p class=\"western\" lang=\"ca-ES\" style=\"text-align: justify;\"><span style=\"color: #000000; font-size: 16px; font-family: 'Open Sans';\"><strong>GARCIA FAURA<\/strong> ya ha trabajado anteriorment en el complejo, llevando a cabo los trabajos de <strong>fachada<\/strong> y <strong>cerramientos<\/strong> met\u00e1licos de dos de los edificios ya remodelados. Ahora se est\u00e1 ejecutando la rehabilitaci\u00f3n del Edificio 3, para el que la compa\u00f1\u00eda est\u00e1 desarrollando 2.000 metros cuadrados de <strong>muro cortina<\/strong> y <strong>cerramientos<\/strong> de altas prestaciones t\u00e9cnicas. Tambi\u00e9n se fabrican e instalan 3.800 metros cuadrados de revestimientos de <strong>fachada<\/strong> con panel composite y 650 metros cuadrados de coronaciones con panel s\u00e1ndwich.<\/span><\/p>\n<p class=\"western\" lang=\"ca-ES\" style=\"text-align: justify;\"><span style=\"color: #000000; font-size: 16px; font-family: 'Open Sans';\">El buen resultado en calidad y plazos de ejecuci\u00f3n demostrado por <strong>GARCIA FAURA<\/strong> en la rehabilitaci\u00f3n de los dos primeros edificios ha hecho que la propiedad vuelva a confiar en la compa\u00f1\u00eda para la reforma de este tercer edificio, que acoger\u00e1 a nuevas empresas dentro de este parque empresarial destinado al sector tecnol\u00f3gico y de la innovaci\u00f3n.<\/span><\/p>\n","protected":false},"excerpt":{"rendered":"<p>Tras concluir con \u00e9xito la rehabilitaci\u00f3n de dos edificios del complejo, se afronta ahora la remodelaci\u00f3n integral de un tercer edificio, ejecutando los trabajos de fachada, muro cortina y cerramientos met\u00e1licos. El Parque Empresarial Cerro de los Gamos, en Pozuelo&hellip;<\/p>\n","protected":false},"author":3,"featured_media":37425,"comment_status":"closed","ping_status":"open","sticky":false,"template":"","format":"standard","meta":{"footnotes":""},"categories":[3],"tags":[],"post_series":[],"class_list":["post-37430","post","type-post","status-publish","format-standard","has-post-thumbnail","hentry","category-actualidad","entry","has-media"],"yoast_head":"<!-- This site is optimized with the Yoast SEO plugin v26.7 - https:\/\/yoast.com\/wordpress\/plugins\/seo\/ -->\n<title>GARCIA FAURA ejecuta la rehabilitaci\u00f3n de un nuevo edificio del complejo empresarial Cerro de los Gamos - GARCIA FAURA<\/title>\n<meta name=\"description\" content=\"Arquitectura en Alumini, Inox, Ferro i Vidre\" \/>\n<meta name=\"robots\" content=\"index, follow, max-snippet:-1, max-image-preview:large, max-video-preview:-1\" \/>\n<link rel=\"canonical\" href=\"https:\/\/www.garciafaura.com\/es\/garcia-faura-executa-la-rehabilitacio-dun-nou-edifici-del-complex-empresarial-cerro-de-los-gamos\/\" \/>\n<meta property=\"og:locale\" content=\"es_ES\" \/>\n<meta property=\"og:type\" content=\"article\" \/>\n<meta property=\"og:title\" content=\"GARCIA FAURA ejecuta la rehabilitaci\u00f3n de un nuevo edificio del complejo empresarial Cerro de los Gamos - GARCIA FAURA\" \/>\n<meta property=\"og:description\" content=\"Arquitectura en Alumini, Inox, Ferro i Vidre\" \/>\n<meta property=\"og:url\" content=\"https:\/\/www.garciafaura.com\/es\/garcia-faura-executa-la-rehabilitacio-dun-nou-edifici-del-complex-empresarial-cerro-de-los-gamos\/\" \/>\n<meta property=\"og:site_name\" content=\"GARCIA FAURA\" \/>\n<meta property=\"article:published_time\" content=\"2024-08-02T07:34:47+00:00\" \/>\n<meta property=\"article:modified_time\" content=\"2024-08-02T07:40:26+00:00\" \/>\n<meta property=\"og:image\" content=\"https:\/\/www.garciafaura.com\/wp-content\/uploads\/2024\/08\/Cerro-de-los-Gamos-scaled.jpg\" \/>\n\t<meta property=\"og:image:width\" content=\"2560\" \/>\n\t<meta property=\"og:image:height\" content=\"1920\" \/>\n\t<meta property=\"og:image:type\" content=\"image\/jpeg\" \/>\n<meta name=\"author\" content=\"David Achell\" \/>\n<meta name=\"twitter:card\" content=\"summary_large_image\" \/>\n<meta name=\"twitter:label1\" content=\"Escrito por\" \/>\n\t<meta name=\"twitter:data1\" content=\"David Achell\" \/>\n\t<meta name=\"twitter:label2\" content=\"Tiempo de lectura\" \/>\n\t<meta name=\"twitter:data2\" content=\"2 minutos\" \/>\n<script type=\"application\/ld+json\" class=\"yoast-schema-graph\">{\"@context\":\"https:\/\/schema.org\",\"@graph\":[{\"@type\":\"Article\",\"@id\":\"https:\/\/www.garciafaura.com\/es\/garcia-faura-executa-la-rehabilitacio-dun-nou-edifici-del-complex-empresarial-cerro-de-los-gamos\/#article\",\"isPartOf\":{\"@id\":\"https:\/\/www.garciafaura.com\/es\/garcia-faura-executa-la-rehabilitacio-dun-nou-edifici-del-complex-empresarial-cerro-de-los-gamos\/\"},\"author\":{\"name\":\"David Achell\",\"@id\":\"https:\/\/www.garciafaura.com\/fr\/#\/schema\/person\/b4b75e69b33fac3446071909bec106b0\"},\"headline\":\"GARCIA FAURA ejecuta la rehabilitaci\u00f3n de un nuevo edificio del complejo empresarial Cerro de los Gamos\",\"datePublished\":\"2024-08-02T07:34:47+00:00\",\"dateModified\":\"2024-08-02T07:40:26+00:00\",\"mainEntityOfPage\":{\"@id\":\"https:\/\/www.garciafaura.com\/es\/garcia-faura-executa-la-rehabilitacio-dun-nou-edifici-del-complex-empresarial-cerro-de-los-gamos\/\"},\"wordCount\":235,\"publisher\":{\"@id\":\"https:\/\/www.garciafaura.com\/fr\/#organization\"},\"image\":{\"@id\":\"https:\/\/www.garciafaura.com\/es\/garcia-faura-executa-la-rehabilitacio-dun-nou-edifici-del-complex-empresarial-cerro-de-los-gamos\/#primaryimage\"},\"thumbnailUrl\":\"https:\/\/www.garciafaura.com\/wp-content\/uploads\/2024\/08\/Cerro-de-los-Gamos-scaled.jpg\",\"articleSection\":[\"Actualidad\"],\"inLanguage\":\"es\"},{\"@type\":\"WebPage\",\"@id\":\"https:\/\/www.garciafaura.com\/es\/garcia-faura-executa-la-rehabilitacio-dun-nou-edifici-del-complex-empresarial-cerro-de-los-gamos\/\",\"url\":\"https:\/\/www.garciafaura.com\/es\/garcia-faura-executa-la-rehabilitacio-dun-nou-edifici-del-complex-empresarial-cerro-de-los-gamos\/\",\"name\":\"GARCIA FAURA ejecuta la rehabilitaci\u00f3n de un nuevo edificio del complejo empresarial Cerro de los Gamos - GARCIA FAURA\",\"isPartOf\":{\"@id\":\"https:\/\/www.garciafaura.com\/fr\/#website\"},\"primaryImageOfPage\":{\"@id\":\"https:\/\/www.garciafaura.com\/es\/garcia-faura-executa-la-rehabilitacio-dun-nou-edifici-del-complex-empresarial-cerro-de-los-gamos\/#primaryimage\"},\"image\":{\"@id\":\"https:\/\/www.garciafaura.com\/es\/garcia-faura-executa-la-rehabilitacio-dun-nou-edifici-del-complex-empresarial-cerro-de-los-gamos\/#primaryimage\"},\"thumbnailUrl\":\"https:\/\/www.garciafaura.com\/wp-content\/uploads\/2024\/08\/Cerro-de-los-Gamos-scaled.jpg\",\"datePublished\":\"2024-08-02T07:34:47+00:00\",\"dateModified\":\"2024-08-02T07:40:26+00:00\",\"description\":\"Arquitectura en Alumini, Inox, Ferro i Vidre\",\"breadcrumb\":{\"@id\":\"https:\/\/www.garciafaura.com\/es\/garcia-faura-executa-la-rehabilitacio-dun-nou-edifici-del-complex-empresarial-cerro-de-los-gamos\/#breadcrumb\"},\"inLanguage\":\"es\",\"potentialAction\":[{\"@type\":\"ReadAction\",\"target\":[\"https:\/\/www.garciafaura.com\/es\/garcia-faura-executa-la-rehabilitacio-dun-nou-edifici-del-complex-empresarial-cerro-de-los-gamos\/\"]}]},{\"@type\":\"ImageObject\",\"inLanguage\":\"es\",\"@id\":\"https:\/\/www.garciafaura.com\/es\/garcia-faura-executa-la-rehabilitacio-dun-nou-edifici-del-complex-empresarial-cerro-de-los-gamos\/#primaryimage\",\"url\":\"https:\/\/www.garciafaura.com\/wp-content\/uploads\/2024\/08\/Cerro-de-los-Gamos-scaled.jpg\",\"contentUrl\":\"https:\/\/www.garciafaura.com\/wp-content\/uploads\/2024\/08\/Cerro-de-los-Gamos-scaled.jpg\",\"width\":2560,\"height\":1920},{\"@type\":\"BreadcrumbList\",\"@id\":\"https:\/\/www.garciafaura.com\/es\/garcia-faura-executa-la-rehabilitacio-dun-nou-edifici-del-complex-empresarial-cerro-de-los-gamos\/#breadcrumb\",\"itemListElement\":[{\"@type\":\"ListItem\",\"position\":1,\"name\":\"Inici\",\"item\":\"https:\/\/www.garciafaura.com\/es\/\"},{\"@type\":\"ListItem\",\"position\":2,\"name\":\"GARCIA FAURA ejecuta la rehabilitaci\u00f3n de un nuevo edificio del complejo empresarial Cerro de los Gamos\"}]},{\"@type\":\"WebSite\",\"@id\":\"https:\/\/www.garciafaura.com\/fr\/#website\",\"url\":\"https:\/\/www.garciafaura.com\/fr\/\",\"name\":\"GARCIA FAURA\",\"description\":\"Arquitectura en Alumini, Inox, Ferro i Vidre\",\"publisher\":{\"@id\":\"https:\/\/www.garciafaura.com\/fr\/#organization\"},\"potentialAction\":[{\"@type\":\"SearchAction\",\"target\":{\"@type\":\"EntryPoint\",\"urlTemplate\":\"https:\/\/www.garciafaura.com\/fr\/?s={search_term_string}\"},\"query-input\":{\"@type\":\"PropertyValueSpecification\",\"valueRequired\":true,\"valueName\":\"search_term_string\"}}],\"inLanguage\":\"es\"},{\"@type\":\"Organization\",\"@id\":\"https:\/\/www.garciafaura.com\/fr\/#organization\",\"name\":\"GARCIA FAURA\",\"url\":\"https:\/\/www.garciafaura.com\/fr\/\",\"logo\":{\"@type\":\"ImageObject\",\"inLanguage\":\"es\",\"@id\":\"https:\/\/www.garciafaura.com\/fr\/#\/schema\/logo\/image\/\",\"url\":\"https:\/\/www.garciafaura.com\/wp-content\/uploads\/2018\/09\/Garcia-Faura.png\",\"contentUrl\":\"https:\/\/www.garciafaura.com\/wp-content\/uploads\/2018\/09\/Garcia-Faura.png\",\"width\":512,\"height\":512,\"caption\":\"GARCIA FAURA\"},\"image\":{\"@id\":\"https:\/\/www.garciafaura.com\/fr\/#\/schema\/logo\/image\/\"},\"sameAs\":[\"https:\/\/www.youtube.com\/user\/GARCIAFAURA\"]},{\"@type\":\"Person\",\"@id\":\"https:\/\/www.garciafaura.com\/fr\/#\/schema\/person\/b4b75e69b33fac3446071909bec106b0\",\"name\":\"David Achell\",\"image\":{\"@type\":\"ImageObject\",\"inLanguage\":\"es\",\"@id\":\"https:\/\/www.garciafaura.com\/fr\/#\/schema\/person\/image\/\",\"url\":\"https:\/\/secure.gravatar.com\/avatar\/03900210afc1f61bce737bcb4a79c02e2c997f171e3eca839b5a4cbe03846c90?s=96&d=blank&r=g\",\"contentUrl\":\"https:\/\/secure.gravatar.com\/avatar\/03900210afc1f61bce737bcb4a79c02e2c997f171e3eca839b5a4cbe03846c90?s=96&d=blank&r=g\",\"caption\":\"David Achell\"}}]}<\/script>\n<!-- \/ Yoast SEO plugin. -->","yoast_head_json":{"title":"GARCIA FAURA ejecuta la rehabilitaci\u00f3n de un nuevo edificio del complejo empresarial Cerro de los Gamos - GARCIA FAURA","description":"Arquitectura en Alumini, Inox, Ferro i Vidre","robots":{"index":"index","follow":"follow","max-snippet":"max-snippet:-1","max-image-preview":"max-image-preview:large","max-video-preview":"max-video-preview:-1"},"canonical":"https:\/\/www.garciafaura.com\/es\/garcia-faura-executa-la-rehabilitacio-dun-nou-edifici-del-complex-empresarial-cerro-de-los-gamos\/","og_locale":"es_ES","og_type":"article","og_title":"GARCIA FAURA ejecuta la rehabilitaci\u00f3n de un nuevo edificio del complejo empresarial Cerro de los Gamos - GARCIA FAURA","og_description":"Arquitectura en Alumini, Inox, Ferro i Vidre","og_url":"https:\/\/www.garciafaura.com\/es\/garcia-faura-executa-la-rehabilitacio-dun-nou-edifici-del-complex-empresarial-cerro-de-los-gamos\/","og_site_name":"GARCIA FAURA","article_published_time":"2024-08-02T07:34:47+00:00","article_modified_time":"2024-08-02T07:40:26+00:00","og_image":[{"width":2560,"height":1920,"url":"https:\/\/www.garciafaura.com\/wp-content\/uploads\/2024\/08\/Cerro-de-los-Gamos-scaled.jpg","type":"image\/jpeg"}],"author":"David Achell","twitter_card":"summary_large_image","twitter_misc":{"Escrito por":"David Achell","Tiempo de lectura":"2 minutos"},"schema":{"@context":"https:\/\/schema.org","@graph":[{"@type":"Article","@id":"https:\/\/www.garciafaura.com\/es\/garcia-faura-executa-la-rehabilitacio-dun-nou-edifici-del-complex-empresarial-cerro-de-los-gamos\/#article","isPartOf":{"@id":"https:\/\/www.garciafaura.com\/es\/garcia-faura-executa-la-rehabilitacio-dun-nou-edifici-del-complex-empresarial-cerro-de-los-gamos\/"},"author":{"name":"David Achell","@id":"https:\/\/www.garciafaura.com\/fr\/#\/schema\/person\/b4b75e69b33fac3446071909bec106b0"},"headline":"GARCIA FAURA ejecuta la rehabilitaci\u00f3n de un nuevo edificio del complejo empresarial Cerro de los Gamos","datePublished":"2024-08-02T07:34:47+00:00","dateModified":"2024-08-02T07:40:26+00:00","mainEntityOfPage":{"@id":"https:\/\/www.garciafaura.com\/es\/garcia-faura-executa-la-rehabilitacio-dun-nou-edifici-del-complex-empresarial-cerro-de-los-gamos\/"},"wordCount":235,"publisher":{"@id":"https:\/\/www.garciafaura.com\/fr\/#organization"},"image":{"@id":"https:\/\/www.garciafaura.com\/es\/garcia-faura-executa-la-rehabilitacio-dun-nou-edifici-del-complex-empresarial-cerro-de-los-gamos\/#primaryimage"},"thumbnailUrl":"https:\/\/www.garciafaura.com\/wp-content\/uploads\/2024\/08\/Cerro-de-los-Gamos-scaled.jpg","articleSection":["Actualidad"],"inLanguage":"es"},{"@type":"WebPage","@id":"https:\/\/www.garciafaura.com\/es\/garcia-faura-executa-la-rehabilitacio-dun-nou-edifici-del-complex-empresarial-cerro-de-los-gamos\/","url":"https:\/\/www.garciafaura.com\/es\/garcia-faura-executa-la-rehabilitacio-dun-nou-edifici-del-complex-empresarial-cerro-de-los-gamos\/","name":"GARCIA FAURA ejecuta la rehabilitaci\u00f3n de un nuevo edificio del complejo empresarial Cerro de los Gamos - GARCIA FAURA","isPartOf":{"@id":"https:\/\/www.garciafaura.com\/fr\/#website"},"primaryImageOfPage":{"@id":"https:\/\/www.garciafaura.com\/es\/garcia-faura-executa-la-rehabilitacio-dun-nou-edifici-del-complex-empresarial-cerro-de-los-gamos\/#primaryimage"},"image":{"@id":"https:\/\/www.garciafaura.com\/es\/garcia-faura-executa-la-rehabilitacio-dun-nou-edifici-del-complex-empresarial-cerro-de-los-gamos\/#primaryimage"},"thumbnailUrl":"https:\/\/www.garciafaura.com\/wp-content\/uploads\/2024\/08\/Cerro-de-los-Gamos-scaled.jpg","datePublished":"2024-08-02T07:34:47+00:00","dateModified":"2024-08-02T07:40:26+00:00","description":"Arquitectura en Alumini, Inox, Ferro i Vidre","breadcrumb":{"@id":"https:\/\/www.garciafaura.com\/es\/garcia-faura-executa-la-rehabilitacio-dun-nou-edifici-del-complex-empresarial-cerro-de-los-gamos\/#breadcrumb"},"inLanguage":"es","potentialAction":[{"@type":"ReadAction","target":["https:\/\/www.garciafaura.com\/es\/garcia-faura-executa-la-rehabilitacio-dun-nou-edifici-del-complex-empresarial-cerro-de-los-gamos\/"]}]},{"@type":"ImageObject","inLanguage":"es","@id":"https:\/\/www.garciafaura.com\/es\/garcia-faura-executa-la-rehabilitacio-dun-nou-edifici-del-complex-empresarial-cerro-de-los-gamos\/#primaryimage","url":"https:\/\/www.garciafaura.com\/wp-content\/uploads\/2024\/08\/Cerro-de-los-Gamos-scaled.jpg","contentUrl":"https:\/\/www.garciafaura.com\/wp-content\/uploads\/2024\/08\/Cerro-de-los-Gamos-scaled.jpg","width":2560,"height":1920},{"@type":"BreadcrumbList","@id":"https:\/\/www.garciafaura.com\/es\/garcia-faura-executa-la-rehabilitacio-dun-nou-edifici-del-complex-empresarial-cerro-de-los-gamos\/#breadcrumb","itemListElement":[{"@type":"ListItem","position":1,"name":"Inici","item":"https:\/\/www.garciafaura.com\/es\/"},{"@type":"ListItem","position":2,"name":"GARCIA FAURA ejecuta la rehabilitaci\u00f3n de un nuevo edificio del complejo empresarial Cerro de los Gamos"}]},{"@type":"WebSite","@id":"https:\/\/www.garciafaura.com\/fr\/#website","url":"https:\/\/www.garciafaura.com\/fr\/","name":"GARCIA FAURA","description":"Arquitectura en Alumini, Inox, Ferro i Vidre","publisher":{"@id":"https:\/\/www.garciafaura.com\/fr\/#organization"},"potentialAction":[{"@type":"SearchAction","target":{"@type":"EntryPoint","urlTemplate":"https:\/\/www.garciafaura.com\/fr\/?s={search_term_string}"},"query-input":{"@type":"PropertyValueSpecification","valueRequired":true,"valueName":"search_term_string"}}],"inLanguage":"es"},{"@type":"Organization","@id":"https:\/\/www.garciafaura.com\/fr\/#organization","name":"GARCIA FAURA","url":"https:\/\/www.garciafaura.com\/fr\/","logo":{"@type":"ImageObject","inLanguage":"es","@id":"https:\/\/www.garciafaura.com\/fr\/#\/schema\/logo\/image\/","url":"https:\/\/www.garciafaura.com\/wp-content\/uploads\/2018\/09\/Garcia-Faura.png","contentUrl":"https:\/\/www.garciafaura.com\/wp-content\/uploads\/2018\/09\/Garcia-Faura.png","width":512,"height":512,"caption":"GARCIA FAURA"},"image":{"@id":"https:\/\/www.garciafaura.com\/fr\/#\/schema\/logo\/image\/"},"sameAs":["https:\/\/www.youtube.com\/user\/GARCIAFAURA"]},{"@type":"Person","@id":"https:\/\/www.garciafaura.com\/fr\/#\/schema\/person\/b4b75e69b33fac3446071909bec106b0","name":"David Achell","image":{"@type":"ImageObject","inLanguage":"es","@id":"https:\/\/www.garciafaura.com\/fr\/#\/schema\/person\/image\/","url":"https:\/\/secure.gravatar.com\/avatar\/03900210afc1f61bce737bcb4a79c02e2c997f171e3eca839b5a4cbe03846c90?s=96&d=blank&r=g","contentUrl":"https:\/\/secure.gravatar.com\/avatar\/03900210afc1f61bce737bcb4a79c02e2c997f171e3eca839b5a4cbe03846c90?s=96&d=blank&r=g","caption":"David Achell"}}]}},"_links":{"self":[{"href":"https:\/\/www.garciafaura.com\/es\/wp-json\/wp\/v2\/posts\/37430","targetHints":{"allow":["GET"]}}],"collection":[{"href":"https:\/\/www.garciafaura.com\/es\/wp-json\/wp\/v2\/posts"}],"about":[{"href":"https:\/\/www.garciafaura.com\/es\/wp-json\/wp\/v2\/types\/post"}],"author":[{"embeddable":true,"href":"https:\/\/www.garciafaura.com\/es\/wp-json\/wp\/v2\/users\/3"}],"replies":[{"embeddable":true,"href":"https:\/\/www.garciafaura.com\/es\/wp-json\/wp\/v2\/comments?post=37430"}],"version-history":[{"count":3,"href":"https:\/\/www.garciafaura.com\/es\/wp-json\/wp\/v2\/posts\/37430\/revisions"}],"predecessor-version":[{"id":37433,"href":"https:\/\/www.garciafaura.com\/es\/wp-json\/wp\/v2\/posts\/37430\/revisions\/37433"}],"wp:featuredmedia":[{"embeddable":true,"href":"https:\/\/www.garciafaura.com\/es\/wp-json\/wp\/v2\/media\/37425"}],"wp:attachment":[{"href":"https:\/\/www.garciafaura.com\/es\/wp-json\/wp\/v2\/media?parent=37430"}],"wp:term":[{"taxonomy":"category","embeddable":true,"href":"https:\/\/www.garciafaura.com\/es\/wp-json\/wp\/v2\/categories?post=37430"},{"taxonomy":"post_tag","embeddable":true,"href":"https:\/\/www.garciafaura.com\/es\/wp-json\/wp\/v2\/tags?post=37430"},{"taxonomy":"post_series","embeddable":true,"href":"https:\/\/www.garciafaura.com\/es\/wp-json\/wp\/v2\/post_series?post=37430"}],"curies":[{"name":"wp","href":"https:\/\/api.w.org\/{rel}","templated":true}]}}