{"id":37252,"date":"2024-07-24T12:48:20","date_gmt":"2024-07-24T10:48:20","guid":{"rendered":"https:\/\/www.garciafaura.com\/nou-impuls-al-departament-de-qualitat-de-garcia-faura\/"},"modified":"2024-07-24T12:54:32","modified_gmt":"2024-07-24T10:54:32","slug":"nou-impuls-al-departament-de-qualitat-de-garcia-faura","status":"publish","type":"post","link":"https:\/\/www.garciafaura.com\/es\/nou-impuls-al-departament-de-qualitat-de-garcia-faura\/","title":{"rendered":"Nuevo impulso al Departamento de Calidad de GARCIA FAURA"},"content":{"rendered":"<h3 style=\"text-align: justify;\"><span style=\"font-family: 'Open Sans';\">La empresa reorganiza su estructura interna para dar un nuevo impulso a la calidad de sus productos y servicios, y dotar de mayor transversalidad a la labor de gesti\u00f3n de la calidad.<\/span><\/h3>\n<p style=\"text-align: justify;\"><span style=\"font-family: 'Open Sans';\">A lo largo de su historia, <strong>GARCIA FAURA<\/strong> ha destacado por su compromiso con la <strong>calidad<\/strong>. A principios de los a\u00f1os noventa del siglo pasado, cuando la empresa apenas dispon\u00eda de pocas decenas de trabajadores, cre\u00f3 un <strong>Departamento de Calidad<\/strong>, integrado en la estructura organizativa de la compa\u00f1\u00eda. Asimismo, se convirti\u00f3 en una de las primeras empresas del sector en disponer de la <strong>certificaci\u00f3n internacional ISO 9001 de gesti\u00f3n de la calidad<\/strong> y, desde entonces, ha invertido de forma continuada y permanente en recursos humanos y t\u00e9cnicos para garantizar unos <strong>niveles de calidad por encima de los est\u00e1ndares<\/strong>.<\/span><\/p>\n<p style=\"text-align: justify;\"><span style=\"font-family: 'Open Sans';\">Con la voluntad de mantener viva esta apuesta y dar un nuevo impulso a una de las caracter\u00edsticas de <strong>GARCIA FAURA<\/strong> mejor valoradas por sus clientes, la compa\u00f1\u00eda ha reorganizado su estructura interna, ampliando el n\u00famero de recursos humanos destinados al Departamento y dot\u00e1ndolo de mayor transversalidad dentro de la estructura corporativa.<\/span><\/p>\n<p style=\"text-align: justify;\"><span style=\"font-family: 'Open Sans';\">El nuevo equipo est\u00e1 encabezado por<strong> Jes\u00fas Gonz\u00e1lez<\/strong>, <strong>ingeniero de calidad<\/strong> con larga trayectoria en el \u00e1mbito industrial y de <strong>gesti\u00f3n de los procesos y controles de calidad<\/strong>, tanto en f\u00e1brica como en instalaci\u00f3n. Precisamente uno de los objetivos de esta nueva etapa es aumentar los est\u00e1ndares de control en estos dos \u00e1mbitos de trabajo de la compa\u00f1\u00eda, tanto en la producci\u00f3n en f\u00e1brica como en su posterior montaje en obra. Por este motivo, se dispone de una serie de <strong>t\u00e9cnicos de calidad<\/strong> espec\u00edficos tanto en supervisi\u00f3n de producci\u00f3n como en los diferentes procesos de instalaci\u00f3n.<\/span><\/p>\n<p style=\"text-align: justify;\"><span style=\"font-family: 'Open Sans';\">La nueva reorganizaci\u00f3n del Departamento tambi\u00e9n aborda toda una fase de reorganizaci\u00f3n de procesos internos, formaci\u00f3n al personal y el desarrollo de herramientas tecnol\u00f3gicas al servicio de uno de los grandes objetivos de la empresa para este a\u00f1o 2024. Y es que <strong>GARCIA FAURA<\/strong> ya lleva unos meses trabajando en el desarrollo de su <strong>concepto Calidad 360\u00b0<\/strong>, con el objetivo de hacer extensiva la <strong>manifiesta calidad de sus productos<\/strong> al conjunto de procesos de trabajo de la empresa. El objetivo final es no s\u00f3lo seguir siendo una empresa de <strong>referencia en materia de calidad global<\/strong>, sino tambi\u00e9n convertirse en pioneros en innovaci\u00f3n aplicada a la gesti\u00f3n empresarial.<\/span><\/p>\n","protected":false},"excerpt":{"rendered":"<p>La empresa reorganiza su estructura interna para dar un nuevo impulso a la calidad de sus productos y servicios, y dotar de mayor transversalidad a la labor de gesti\u00f3n de la calidad. A lo largo de su historia, GARCIA FAURA&hellip;<\/p>\n","protected":false},"author":3,"featured_media":37244,"comment_status":"closed","ping_status":"open","sticky":false,"template":"","format":"gallery","meta":{"footnotes":""},"categories":[3],"tags":[],"post_series":[],"class_list":["post-37252","post","type-post","status-publish","format-gallery","has-post-thumbnail","hentry","category-actualidad","post_format-post-format-gallery","entry","has-media"],"yoast_head":"<!-- This site is optimized with the Yoast SEO plugin v26.7 - https:\/\/yoast.com\/wordpress\/plugins\/seo\/ -->\n<title>Nuevo impulso al Departamento de Calidad de GARCIA FAURA - GARCIA FAURA<\/title>\n<meta name=\"description\" content=\"Arquitectura en Alumini, Inox, Ferro i Vidre\" \/>\n<meta name=\"robots\" content=\"index, follow, max-snippet:-1, max-image-preview:large, max-video-preview:-1\" \/>\n<link rel=\"canonical\" href=\"https:\/\/www.garciafaura.com\/es\/nou-impuls-al-departament-de-qualitat-de-garcia-faura\/\" \/>\n<meta property=\"og:locale\" content=\"es_ES\" \/>\n<meta property=\"og:type\" content=\"article\" \/>\n<meta property=\"og:title\" content=\"Nuevo impulso al Departamento de Calidad de GARCIA FAURA - GARCIA FAURA\" \/>\n<meta property=\"og:description\" content=\"Arquitectura en Alumini, Inox, Ferro i Vidre\" \/>\n<meta property=\"og:url\" content=\"https:\/\/www.garciafaura.com\/es\/nou-impuls-al-departament-de-qualitat-de-garcia-faura\/\" \/>\n<meta property=\"og:site_name\" content=\"GARCIA FAURA\" \/>\n<meta property=\"article:published_time\" content=\"2024-07-24T10:48:20+00:00\" \/>\n<meta property=\"article:modified_time\" content=\"2024-07-24T10:54:32+00:00\" \/>\n<meta property=\"og:image\" content=\"https:\/\/www.garciafaura.com\/wp-content\/uploads\/2024\/07\/Departament-Qualitat-01-scaled.jpg\" \/>\n\t<meta property=\"og:image:width\" content=\"2560\" \/>\n\t<meta property=\"og:image:height\" content=\"1920\" \/>\n\t<meta property=\"og:image:type\" content=\"image\/jpeg\" \/>\n<meta name=\"author\" content=\"David Achell\" \/>\n<meta name=\"twitter:card\" content=\"summary_large_image\" \/>\n<meta name=\"twitter:label1\" content=\"Escrito por\" \/>\n\t<meta name=\"twitter:data1\" content=\"David Achell\" \/>\n\t<meta name=\"twitter:label2\" content=\"Tiempo de lectura\" \/>\n\t<meta name=\"twitter:data2\" content=\"3 minutos\" \/>\n<script type=\"application\/ld+json\" class=\"yoast-schema-graph\">{\"@context\":\"https:\/\/schema.org\",\"@graph\":[{\"@type\":\"Article\",\"@id\":\"https:\/\/www.garciafaura.com\/es\/nou-impuls-al-departament-de-qualitat-de-garcia-faura\/#article\",\"isPartOf\":{\"@id\":\"https:\/\/www.garciafaura.com\/es\/nou-impuls-al-departament-de-qualitat-de-garcia-faura\/\"},\"author\":{\"name\":\"David Achell\",\"@id\":\"https:\/\/www.garciafaura.com\/fr\/#\/schema\/person\/b4b75e69b33fac3446071909bec106b0\"},\"headline\":\"Nuevo impulso al Departamento de Calidad de GARCIA FAURA\",\"datePublished\":\"2024-07-24T10:48:20+00:00\",\"dateModified\":\"2024-07-24T10:54:32+00:00\",\"mainEntityOfPage\":{\"@id\":\"https:\/\/www.garciafaura.com\/es\/nou-impuls-al-departament-de-qualitat-de-garcia-faura\/\"},\"wordCount\":427,\"publisher\":{\"@id\":\"https:\/\/www.garciafaura.com\/fr\/#organization\"},\"image\":{\"@id\":\"https:\/\/www.garciafaura.com\/es\/nou-impuls-al-departament-de-qualitat-de-garcia-faura\/#primaryimage\"},\"thumbnailUrl\":\"https:\/\/www.garciafaura.com\/wp-content\/uploads\/2024\/07\/Departament-Qualitat-01-scaled.jpg\",\"articleSection\":[\"Actualidad\"],\"inLanguage\":\"es\"},{\"@type\":\"WebPage\",\"@id\":\"https:\/\/www.garciafaura.com\/es\/nou-impuls-al-departament-de-qualitat-de-garcia-faura\/\",\"url\":\"https:\/\/www.garciafaura.com\/es\/nou-impuls-al-departament-de-qualitat-de-garcia-faura\/\",\"name\":\"Nuevo impulso al Departamento de Calidad de GARCIA FAURA - GARCIA FAURA\",\"isPartOf\":{\"@id\":\"https:\/\/www.garciafaura.com\/fr\/#website\"},\"primaryImageOfPage\":{\"@id\":\"https:\/\/www.garciafaura.com\/es\/nou-impuls-al-departament-de-qualitat-de-garcia-faura\/#primaryimage\"},\"image\":{\"@id\":\"https:\/\/www.garciafaura.com\/es\/nou-impuls-al-departament-de-qualitat-de-garcia-faura\/#primaryimage\"},\"thumbnailUrl\":\"https:\/\/www.garciafaura.com\/wp-content\/uploads\/2024\/07\/Departament-Qualitat-01-scaled.jpg\",\"datePublished\":\"2024-07-24T10:48:20+00:00\",\"dateModified\":\"2024-07-24T10:54:32+00:00\",\"description\":\"Arquitectura en Alumini, Inox, Ferro i Vidre\",\"breadcrumb\":{\"@id\":\"https:\/\/www.garciafaura.com\/es\/nou-impuls-al-departament-de-qualitat-de-garcia-faura\/#breadcrumb\"},\"inLanguage\":\"es\",\"potentialAction\":[{\"@type\":\"ReadAction\",\"target\":[\"https:\/\/www.garciafaura.com\/es\/nou-impuls-al-departament-de-qualitat-de-garcia-faura\/\"]}]},{\"@type\":\"ImageObject\",\"inLanguage\":\"es\",\"@id\":\"https:\/\/www.garciafaura.com\/es\/nou-impuls-al-departament-de-qualitat-de-garcia-faura\/#primaryimage\",\"url\":\"https:\/\/www.garciafaura.com\/wp-content\/uploads\/2024\/07\/Departament-Qualitat-01-scaled.jpg\",\"contentUrl\":\"https:\/\/www.garciafaura.com\/wp-content\/uploads\/2024\/07\/Departament-Qualitat-01-scaled.jpg\",\"width\":2560,\"height\":1920},{\"@type\":\"BreadcrumbList\",\"@id\":\"https:\/\/www.garciafaura.com\/es\/nou-impuls-al-departament-de-qualitat-de-garcia-faura\/#breadcrumb\",\"itemListElement\":[{\"@type\":\"ListItem\",\"position\":1,\"name\":\"Inici\",\"item\":\"https:\/\/www.garciafaura.com\/es\/\"},{\"@type\":\"ListItem\",\"position\":2,\"name\":\"Nuevo impulso al Departamento de Calidad de GARCIA FAURA\"}]},{\"@type\":\"WebSite\",\"@id\":\"https:\/\/www.garciafaura.com\/fr\/#website\",\"url\":\"https:\/\/www.garciafaura.com\/fr\/\",\"name\":\"GARCIA FAURA\",\"description\":\"Arquitectura en Alumini, Inox, Ferro i Vidre\",\"publisher\":{\"@id\":\"https:\/\/www.garciafaura.com\/fr\/#organization\"},\"potentialAction\":[{\"@type\":\"SearchAction\",\"target\":{\"@type\":\"EntryPoint\",\"urlTemplate\":\"https:\/\/www.garciafaura.com\/fr\/?s={search_term_string}\"},\"query-input\":{\"@type\":\"PropertyValueSpecification\",\"valueRequired\":true,\"valueName\":\"search_term_string\"}}],\"inLanguage\":\"es\"},{\"@type\":\"Organization\",\"@id\":\"https:\/\/www.garciafaura.com\/fr\/#organization\",\"name\":\"GARCIA FAURA\",\"url\":\"https:\/\/www.garciafaura.com\/fr\/\",\"logo\":{\"@type\":\"ImageObject\",\"inLanguage\":\"es\",\"@id\":\"https:\/\/www.garciafaura.com\/fr\/#\/schema\/logo\/image\/\",\"url\":\"https:\/\/www.garciafaura.com\/wp-content\/uploads\/2018\/09\/Garcia-Faura.png\",\"contentUrl\":\"https:\/\/www.garciafaura.com\/wp-content\/uploads\/2018\/09\/Garcia-Faura.png\",\"width\":512,\"height\":512,\"caption\":\"GARCIA FAURA\"},\"image\":{\"@id\":\"https:\/\/www.garciafaura.com\/fr\/#\/schema\/logo\/image\/\"},\"sameAs\":[\"https:\/\/www.youtube.com\/user\/GARCIAFAURA\"]},{\"@type\":\"Person\",\"@id\":\"https:\/\/www.garciafaura.com\/fr\/#\/schema\/person\/b4b75e69b33fac3446071909bec106b0\",\"name\":\"David Achell\",\"image\":{\"@type\":\"ImageObject\",\"inLanguage\":\"es\",\"@id\":\"https:\/\/www.garciafaura.com\/fr\/#\/schema\/person\/image\/\",\"url\":\"https:\/\/secure.gravatar.com\/avatar\/03900210afc1f61bce737bcb4a79c02e2c997f171e3eca839b5a4cbe03846c90?s=96&d=blank&r=g\",\"contentUrl\":\"https:\/\/secure.gravatar.com\/avatar\/03900210afc1f61bce737bcb4a79c02e2c997f171e3eca839b5a4cbe03846c90?s=96&d=blank&r=g\",\"caption\":\"David Achell\"}}]}<\/script>\n<!-- \/ Yoast SEO plugin. -->","yoast_head_json":{"title":"Nuevo impulso al Departamento de Calidad de GARCIA FAURA - GARCIA FAURA","description":"Arquitectura en Alumini, Inox, Ferro i Vidre","robots":{"index":"index","follow":"follow","max-snippet":"max-snippet:-1","max-image-preview":"max-image-preview:large","max-video-preview":"max-video-preview:-1"},"canonical":"https:\/\/www.garciafaura.com\/es\/nou-impuls-al-departament-de-qualitat-de-garcia-faura\/","og_locale":"es_ES","og_type":"article","og_title":"Nuevo impulso al Departamento de Calidad de GARCIA FAURA - GARCIA FAURA","og_description":"Arquitectura en Alumini, Inox, Ferro i Vidre","og_url":"https:\/\/www.garciafaura.com\/es\/nou-impuls-al-departament-de-qualitat-de-garcia-faura\/","og_site_name":"GARCIA FAURA","article_published_time":"2024-07-24T10:48:20+00:00","article_modified_time":"2024-07-24T10:54:32+00:00","og_image":[{"width":2560,"height":1920,"url":"https:\/\/www.garciafaura.com\/wp-content\/uploads\/2024\/07\/Departament-Qualitat-01-scaled.jpg","type":"image\/jpeg"}],"author":"David Achell","twitter_card":"summary_large_image","twitter_misc":{"Escrito por":"David Achell","Tiempo de lectura":"3 minutos"},"schema":{"@context":"https:\/\/schema.org","@graph":[{"@type":"Article","@id":"https:\/\/www.garciafaura.com\/es\/nou-impuls-al-departament-de-qualitat-de-garcia-faura\/#article","isPartOf":{"@id":"https:\/\/www.garciafaura.com\/es\/nou-impuls-al-departament-de-qualitat-de-garcia-faura\/"},"author":{"name":"David Achell","@id":"https:\/\/www.garciafaura.com\/fr\/#\/schema\/person\/b4b75e69b33fac3446071909bec106b0"},"headline":"Nuevo impulso al Departamento de Calidad de GARCIA FAURA","datePublished":"2024-07-24T10:48:20+00:00","dateModified":"2024-07-24T10:54:32+00:00","mainEntityOfPage":{"@id":"https:\/\/www.garciafaura.com\/es\/nou-impuls-al-departament-de-qualitat-de-garcia-faura\/"},"wordCount":427,"publisher":{"@id":"https:\/\/www.garciafaura.com\/fr\/#organization"},"image":{"@id":"https:\/\/www.garciafaura.com\/es\/nou-impuls-al-departament-de-qualitat-de-garcia-faura\/#primaryimage"},"thumbnailUrl":"https:\/\/www.garciafaura.com\/wp-content\/uploads\/2024\/07\/Departament-Qualitat-01-scaled.jpg","articleSection":["Actualidad"],"inLanguage":"es"},{"@type":"WebPage","@id":"https:\/\/www.garciafaura.com\/es\/nou-impuls-al-departament-de-qualitat-de-garcia-faura\/","url":"https:\/\/www.garciafaura.com\/es\/nou-impuls-al-departament-de-qualitat-de-garcia-faura\/","name":"Nuevo impulso al Departamento de Calidad de GARCIA FAURA - GARCIA FAURA","isPartOf":{"@id":"https:\/\/www.garciafaura.com\/fr\/#website"},"primaryImageOfPage":{"@id":"https:\/\/www.garciafaura.com\/es\/nou-impuls-al-departament-de-qualitat-de-garcia-faura\/#primaryimage"},"image":{"@id":"https:\/\/www.garciafaura.com\/es\/nou-impuls-al-departament-de-qualitat-de-garcia-faura\/#primaryimage"},"thumbnailUrl":"https:\/\/www.garciafaura.com\/wp-content\/uploads\/2024\/07\/Departament-Qualitat-01-scaled.jpg","datePublished":"2024-07-24T10:48:20+00:00","dateModified":"2024-07-24T10:54:32+00:00","description":"Arquitectura en Alumini, Inox, Ferro i Vidre","breadcrumb":{"@id":"https:\/\/www.garciafaura.com\/es\/nou-impuls-al-departament-de-qualitat-de-garcia-faura\/#breadcrumb"},"inLanguage":"es","potentialAction":[{"@type":"ReadAction","target":["https:\/\/www.garciafaura.com\/es\/nou-impuls-al-departament-de-qualitat-de-garcia-faura\/"]}]},{"@type":"ImageObject","inLanguage":"es","@id":"https:\/\/www.garciafaura.com\/es\/nou-impuls-al-departament-de-qualitat-de-garcia-faura\/#primaryimage","url":"https:\/\/www.garciafaura.com\/wp-content\/uploads\/2024\/07\/Departament-Qualitat-01-scaled.jpg","contentUrl":"https:\/\/www.garciafaura.com\/wp-content\/uploads\/2024\/07\/Departament-Qualitat-01-scaled.jpg","width":2560,"height":1920},{"@type":"BreadcrumbList","@id":"https:\/\/www.garciafaura.com\/es\/nou-impuls-al-departament-de-qualitat-de-garcia-faura\/#breadcrumb","itemListElement":[{"@type":"ListItem","position":1,"name":"Inici","item":"https:\/\/www.garciafaura.com\/es\/"},{"@type":"ListItem","position":2,"name":"Nuevo impulso al Departamento de Calidad de GARCIA FAURA"}]},{"@type":"WebSite","@id":"https:\/\/www.garciafaura.com\/fr\/#website","url":"https:\/\/www.garciafaura.com\/fr\/","name":"GARCIA FAURA","description":"Arquitectura en Alumini, Inox, Ferro i Vidre","publisher":{"@id":"https:\/\/www.garciafaura.com\/fr\/#organization"},"potentialAction":[{"@type":"SearchAction","target":{"@type":"EntryPoint","urlTemplate":"https:\/\/www.garciafaura.com\/fr\/?s={search_term_string}"},"query-input":{"@type":"PropertyValueSpecification","valueRequired":true,"valueName":"search_term_string"}}],"inLanguage":"es"},{"@type":"Organization","@id":"https:\/\/www.garciafaura.com\/fr\/#organization","name":"GARCIA FAURA","url":"https:\/\/www.garciafaura.com\/fr\/","logo":{"@type":"ImageObject","inLanguage":"es","@id":"https:\/\/www.garciafaura.com\/fr\/#\/schema\/logo\/image\/","url":"https:\/\/www.garciafaura.com\/wp-content\/uploads\/2018\/09\/Garcia-Faura.png","contentUrl":"https:\/\/www.garciafaura.com\/wp-content\/uploads\/2018\/09\/Garcia-Faura.png","width":512,"height":512,"caption":"GARCIA FAURA"},"image":{"@id":"https:\/\/www.garciafaura.com\/fr\/#\/schema\/logo\/image\/"},"sameAs":["https:\/\/www.youtube.com\/user\/GARCIAFAURA"]},{"@type":"Person","@id":"https:\/\/www.garciafaura.com\/fr\/#\/schema\/person\/b4b75e69b33fac3446071909bec106b0","name":"David Achell","image":{"@type":"ImageObject","inLanguage":"es","@id":"https:\/\/www.garciafaura.com\/fr\/#\/schema\/person\/image\/","url":"https:\/\/secure.gravatar.com\/avatar\/03900210afc1f61bce737bcb4a79c02e2c997f171e3eca839b5a4cbe03846c90?s=96&d=blank&r=g","contentUrl":"https:\/\/secure.gravatar.com\/avatar\/03900210afc1f61bce737bcb4a79c02e2c997f171e3eca839b5a4cbe03846c90?s=96&d=blank&r=g","caption":"David Achell"}}]}},"_links":{"self":[{"href":"https:\/\/www.garciafaura.com\/es\/wp-json\/wp\/v2\/posts\/37252","targetHints":{"allow":["GET"]}}],"collection":[{"href":"https:\/\/www.garciafaura.com\/es\/wp-json\/wp\/v2\/posts"}],"about":[{"href":"https:\/\/www.garciafaura.com\/es\/wp-json\/wp\/v2\/types\/post"}],"author":[{"embeddable":true,"href":"https:\/\/www.garciafaura.com\/es\/wp-json\/wp\/v2\/users\/3"}],"replies":[{"embeddable":true,"href":"https:\/\/www.garciafaura.com\/es\/wp-json\/wp\/v2\/comments?post=37252"}],"version-history":[{"count":5,"href":"https:\/\/www.garciafaura.com\/es\/wp-json\/wp\/v2\/posts\/37252\/revisions"}],"predecessor-version":[{"id":37263,"href":"https:\/\/www.garciafaura.com\/es\/wp-json\/wp\/v2\/posts\/37252\/revisions\/37263"}],"wp:featuredmedia":[{"embeddable":true,"href":"https:\/\/www.garciafaura.com\/es\/wp-json\/wp\/v2\/media\/37244"}],"wp:attachment":[{"href":"https:\/\/www.garciafaura.com\/es\/wp-json\/wp\/v2\/media?parent=37252"}],"wp:term":[{"taxonomy":"category","embeddable":true,"href":"https:\/\/www.garciafaura.com\/es\/wp-json\/wp\/v2\/categories?post=37252"},{"taxonomy":"post_tag","embeddable":true,"href":"https:\/\/www.garciafaura.com\/es\/wp-json\/wp\/v2\/tags?post=37252"},{"taxonomy":"post_series","embeddable":true,"href":"https:\/\/www.garciafaura.com\/es\/wp-json\/wp\/v2\/post_series?post=37252"}],"curies":[{"name":"wp","href":"https:\/\/api.w.org\/{rel}","templated":true}]}}