{"id":37226,"date":"2024-07-03T10:43:18","date_gmt":"2024-07-03T08:43:18","guid":{"rendered":"https:\/\/www.garciafaura.com\/garcia-faura-participa-en-el-projecte-innofab-per-regenerar-habitatges-de-forma-innovadora\/"},"modified":"2024-07-03T10:47:38","modified_gmt":"2024-07-03T08:47:38","slug":"garcia-faura-participa-en-el-projecte-innofab-per-regenerar-habitatges-de-forma-innovadora","status":"publish","type":"post","link":"https:\/\/www.garciafaura.com\/es\/garcia-faura-participa-en-el-projecte-innofab-per-regenerar-habitatges-de-forma-innovadora\/","title":{"rendered":"GARCIA FAURA participa en el proyecto InnoFAB para regenerar viviendas de forma innovadora"},"content":{"rendered":"<h3 style=\"text-align: justify;\">El proyecto, ideado por Pich Aguilera, ha sido una de las propuestas ganadoras del reto urbano lanzado por el Ayuntamiento de Barcelona para regenerar edificios de viviendas con sistemas innovadores sostenibles.<\/h3>\n<p style=\"text-align: justify;\"><strong>GARCIA FAURA<\/strong> ha formado parte del grupo de desarrollo de una de las soluciones ganadoras del reto urbano planteado por el Ayuntamiento de Barcelona sobre la regeneraci\u00f3n de edificios de viviendas con sistemas innovadores sostenibles, y por el que se buscaban soluciones integrales para la rehabilitaci\u00f3n mediante sistemas constructivos innovadores.<\/p>\n<p style=\"text-align: justify;\">Una de las soluciones ganadoras de este reto ha sido <strong>InnoFAB<\/strong>, un proyecto presentado por el equipo de arquitectos Pich Aguilera y con la participaci\u00f3n, adem\u00e1s de <strong>GARCIA FAURA<\/strong>, de Metalperfil Ros, Verdtical Urban Biotechnology, Gradhermetic, Visendum, Schneider Electric, Sustein, Matimex, Solar Innova y Vivers Ter.<\/p>\n<p style=\"text-align: justify;\">El proyecto presenta un sistema modular regenerador, con una estructura met\u00e1lica f\u00e1cil de montar y desmontar, con sistemas de cierre y acabado industrializados, ligeros y multicapa, con materiales que, en un 80%, provienen de productos reciclados o que se pueden reutilizarse.<\/p>\n<p style=\"text-align: justify;\">En este sentido, las <strong>ventanas<\/strong> est\u00e1n hechas de <strong>aluminio<\/strong> reciclado y con cristales de bajo consumo energ\u00e9tico y sistemas de protecci\u00f3n solar. Tambi\u00e9n se incluyen cubiertas verdes con almacenamiento de agua de lluvia y jardineras fotovoltaicas que combinan vegetaci\u00f3n y generaci\u00f3n de electricidad, entre otras innovaciones.<\/p>\n<p style=\"text-align: justify;\">La propuesta permite un aumento del confort t\u00e9rmico, ac\u00fastico y lum\u00ednico, el aprovechamiento de las aguas pluviales, la reducci\u00f3n de la demanda energ\u00e9tica, el incremento de la biodiversidad a partir de la vegetaci\u00f3n integrada, y el fomento de la circularidad mediante el uso de materiales reciclados, reciclables y reutilizables.<\/p>\n<p style=\"text-align: justify;\">La soluci\u00f3n <strong>InnoFAB<\/strong> y las otras dos que resultaron ganadoras del reto urbano se encuentran actualmente en fase de prueba piloto. Durante un a\u00f1o, se monitorizar\u00e1n los resultados de los prototipos instalados en el recinto del Campus Diagonal-Bes\u00f2s de la Universidad Polit\u00e9cnica de Catalunya.<\/p>\n","protected":false},"excerpt":{"rendered":"<p>El proyecto, ideado por Pich Aguilera, ha sido una de las propuestas ganadoras del reto urbano lanzado por el Ayuntamiento de Barcelona para regenerar edificios de viviendas con sistemas innovadores sostenibles. GARCIA FAURA ha formado parte del grupo de desarrollo&hellip;<\/p>\n","protected":false},"author":3,"featured_media":37216,"comment_status":"closed","ping_status":"open","sticky":false,"template":"","format":"gallery","meta":{"footnotes":""},"categories":[3],"tags":[],"post_series":[],"class_list":["post-37226","post","type-post","status-publish","format-gallery","has-post-thumbnail","hentry","category-actualidad","post_format-post-format-gallery","entry","has-media"],"yoast_head":"<!-- This site is optimized with the Yoast SEO plugin v26.7 - https:\/\/yoast.com\/wordpress\/plugins\/seo\/ -->\n<title>GARCIA FAURA participa en el proyecto InnoFAB para regenerar viviendas de forma innovadora - GARCIA FAURA<\/title>\n<meta name=\"description\" content=\"Arquitectura en Alumini, Inox, Ferro i Vidre\" \/>\n<meta name=\"robots\" content=\"index, follow, max-snippet:-1, max-image-preview:large, max-video-preview:-1\" \/>\n<link rel=\"canonical\" href=\"https:\/\/www.garciafaura.com\/es\/garcia-faura-participa-en-el-projecte-innofab-per-regenerar-habitatges-de-forma-innovadora\/\" \/>\n<meta property=\"og:locale\" content=\"es_ES\" \/>\n<meta property=\"og:type\" content=\"article\" \/>\n<meta property=\"og:title\" content=\"GARCIA FAURA participa en el proyecto InnoFAB para regenerar viviendas de forma innovadora - GARCIA FAURA\" \/>\n<meta property=\"og:description\" content=\"Arquitectura en Alumini, Inox, Ferro i Vidre\" \/>\n<meta property=\"og:url\" content=\"https:\/\/www.garciafaura.com\/es\/garcia-faura-participa-en-el-projecte-innofab-per-regenerar-habitatges-de-forma-innovadora\/\" \/>\n<meta property=\"og:site_name\" content=\"GARCIA FAURA\" \/>\n<meta property=\"article:published_time\" content=\"2024-07-03T08:43:18+00:00\" \/>\n<meta property=\"article:modified_time\" content=\"2024-07-03T08:47:38+00:00\" \/>\n<meta property=\"og:image\" content=\"https:\/\/www.garciafaura.com\/wp-content\/uploads\/2024\/07\/InnoFAB-03-scaled.jpg\" \/>\n\t<meta property=\"og:image:width\" content=\"2560\" \/>\n\t<meta property=\"og:image:height\" content=\"1920\" \/>\n\t<meta property=\"og:image:type\" content=\"image\/jpeg\" \/>\n<meta name=\"author\" content=\"David Achell\" \/>\n<meta name=\"twitter:card\" content=\"summary_large_image\" \/>\n<meta name=\"twitter:label1\" content=\"Escrito por\" \/>\n\t<meta name=\"twitter:data1\" content=\"David Achell\" \/>\n\t<meta name=\"twitter:label2\" content=\"Tiempo de lectura\" \/>\n\t<meta name=\"twitter:data2\" content=\"2 minutos\" \/>\n<script type=\"application\/ld+json\" class=\"yoast-schema-graph\">{\"@context\":\"https:\/\/schema.org\",\"@graph\":[{\"@type\":\"Article\",\"@id\":\"https:\/\/www.garciafaura.com\/es\/garcia-faura-participa-en-el-projecte-innofab-per-regenerar-habitatges-de-forma-innovadora\/#article\",\"isPartOf\":{\"@id\":\"https:\/\/www.garciafaura.com\/es\/garcia-faura-participa-en-el-projecte-innofab-per-regenerar-habitatges-de-forma-innovadora\/\"},\"author\":{\"name\":\"David Achell\",\"@id\":\"https:\/\/www.garciafaura.com\/fr\/#\/schema\/person\/b4b75e69b33fac3446071909bec106b0\"},\"headline\":\"GARCIA FAURA participa en el proyecto InnoFAB para regenerar viviendas de forma innovadora\",\"datePublished\":\"2024-07-03T08:43:18+00:00\",\"dateModified\":\"2024-07-03T08:47:38+00:00\",\"mainEntityOfPage\":{\"@id\":\"https:\/\/www.garciafaura.com\/es\/garcia-faura-participa-en-el-projecte-innofab-per-regenerar-habitatges-de-forma-innovadora\/\"},\"wordCount\":342,\"publisher\":{\"@id\":\"https:\/\/www.garciafaura.com\/fr\/#organization\"},\"image\":{\"@id\":\"https:\/\/www.garciafaura.com\/es\/garcia-faura-participa-en-el-projecte-innofab-per-regenerar-habitatges-de-forma-innovadora\/#primaryimage\"},\"thumbnailUrl\":\"https:\/\/www.garciafaura.com\/wp-content\/uploads\/2024\/07\/InnoFAB-03-scaled.jpg\",\"articleSection\":[\"Actualidad\"],\"inLanguage\":\"es\"},{\"@type\":\"WebPage\",\"@id\":\"https:\/\/www.garciafaura.com\/es\/garcia-faura-participa-en-el-projecte-innofab-per-regenerar-habitatges-de-forma-innovadora\/\",\"url\":\"https:\/\/www.garciafaura.com\/es\/garcia-faura-participa-en-el-projecte-innofab-per-regenerar-habitatges-de-forma-innovadora\/\",\"name\":\"GARCIA FAURA participa en el proyecto InnoFAB para regenerar viviendas de forma innovadora - GARCIA FAURA\",\"isPartOf\":{\"@id\":\"https:\/\/www.garciafaura.com\/fr\/#website\"},\"primaryImageOfPage\":{\"@id\":\"https:\/\/www.garciafaura.com\/es\/garcia-faura-participa-en-el-projecte-innofab-per-regenerar-habitatges-de-forma-innovadora\/#primaryimage\"},\"image\":{\"@id\":\"https:\/\/www.garciafaura.com\/es\/garcia-faura-participa-en-el-projecte-innofab-per-regenerar-habitatges-de-forma-innovadora\/#primaryimage\"},\"thumbnailUrl\":\"https:\/\/www.garciafaura.com\/wp-content\/uploads\/2024\/07\/InnoFAB-03-scaled.jpg\",\"datePublished\":\"2024-07-03T08:43:18+00:00\",\"dateModified\":\"2024-07-03T08:47:38+00:00\",\"description\":\"Arquitectura en Alumini, Inox, Ferro i Vidre\",\"breadcrumb\":{\"@id\":\"https:\/\/www.garciafaura.com\/es\/garcia-faura-participa-en-el-projecte-innofab-per-regenerar-habitatges-de-forma-innovadora\/#breadcrumb\"},\"inLanguage\":\"es\",\"potentialAction\":[{\"@type\":\"ReadAction\",\"target\":[\"https:\/\/www.garciafaura.com\/es\/garcia-faura-participa-en-el-projecte-innofab-per-regenerar-habitatges-de-forma-innovadora\/\"]}]},{\"@type\":\"ImageObject\",\"inLanguage\":\"es\",\"@id\":\"https:\/\/www.garciafaura.com\/es\/garcia-faura-participa-en-el-projecte-innofab-per-regenerar-habitatges-de-forma-innovadora\/#primaryimage\",\"url\":\"https:\/\/www.garciafaura.com\/wp-content\/uploads\/2024\/07\/InnoFAB-03-scaled.jpg\",\"contentUrl\":\"https:\/\/www.garciafaura.com\/wp-content\/uploads\/2024\/07\/InnoFAB-03-scaled.jpg\",\"width\":2560,\"height\":1920},{\"@type\":\"BreadcrumbList\",\"@id\":\"https:\/\/www.garciafaura.com\/es\/garcia-faura-participa-en-el-projecte-innofab-per-regenerar-habitatges-de-forma-innovadora\/#breadcrumb\",\"itemListElement\":[{\"@type\":\"ListItem\",\"position\":1,\"name\":\"Inici\",\"item\":\"https:\/\/www.garciafaura.com\/es\/\"},{\"@type\":\"ListItem\",\"position\":2,\"name\":\"GARCIA FAURA participa en el proyecto InnoFAB para regenerar viviendas de forma innovadora\"}]},{\"@type\":\"WebSite\",\"@id\":\"https:\/\/www.garciafaura.com\/fr\/#website\",\"url\":\"https:\/\/www.garciafaura.com\/fr\/\",\"name\":\"GARCIA FAURA\",\"description\":\"Arquitectura en Alumini, Inox, Ferro i Vidre\",\"publisher\":{\"@id\":\"https:\/\/www.garciafaura.com\/fr\/#organization\"},\"potentialAction\":[{\"@type\":\"SearchAction\",\"target\":{\"@type\":\"EntryPoint\",\"urlTemplate\":\"https:\/\/www.garciafaura.com\/fr\/?s={search_term_string}\"},\"query-input\":{\"@type\":\"PropertyValueSpecification\",\"valueRequired\":true,\"valueName\":\"search_term_string\"}}],\"inLanguage\":\"es\"},{\"@type\":\"Organization\",\"@id\":\"https:\/\/www.garciafaura.com\/fr\/#organization\",\"name\":\"GARCIA FAURA\",\"url\":\"https:\/\/www.garciafaura.com\/fr\/\",\"logo\":{\"@type\":\"ImageObject\",\"inLanguage\":\"es\",\"@id\":\"https:\/\/www.garciafaura.com\/fr\/#\/schema\/logo\/image\/\",\"url\":\"https:\/\/www.garciafaura.com\/wp-content\/uploads\/2018\/09\/Garcia-Faura.png\",\"contentUrl\":\"https:\/\/www.garciafaura.com\/wp-content\/uploads\/2018\/09\/Garcia-Faura.png\",\"width\":512,\"height\":512,\"caption\":\"GARCIA FAURA\"},\"image\":{\"@id\":\"https:\/\/www.garciafaura.com\/fr\/#\/schema\/logo\/image\/\"},\"sameAs\":[\"https:\/\/www.youtube.com\/user\/GARCIAFAURA\"]},{\"@type\":\"Person\",\"@id\":\"https:\/\/www.garciafaura.com\/fr\/#\/schema\/person\/b4b75e69b33fac3446071909bec106b0\",\"name\":\"David Achell\",\"image\":{\"@type\":\"ImageObject\",\"inLanguage\":\"es\",\"@id\":\"https:\/\/www.garciafaura.com\/fr\/#\/schema\/person\/image\/\",\"url\":\"https:\/\/secure.gravatar.com\/avatar\/03900210afc1f61bce737bcb4a79c02e2c997f171e3eca839b5a4cbe03846c90?s=96&d=blank&r=g\",\"contentUrl\":\"https:\/\/secure.gravatar.com\/avatar\/03900210afc1f61bce737bcb4a79c02e2c997f171e3eca839b5a4cbe03846c90?s=96&d=blank&r=g\",\"caption\":\"David Achell\"}}]}<\/script>\n<!-- \/ Yoast SEO plugin. -->","yoast_head_json":{"title":"GARCIA FAURA participa en el proyecto InnoFAB para regenerar viviendas de forma innovadora - GARCIA FAURA","description":"Arquitectura en Alumini, Inox, Ferro i Vidre","robots":{"index":"index","follow":"follow","max-snippet":"max-snippet:-1","max-image-preview":"max-image-preview:large","max-video-preview":"max-video-preview:-1"},"canonical":"https:\/\/www.garciafaura.com\/es\/garcia-faura-participa-en-el-projecte-innofab-per-regenerar-habitatges-de-forma-innovadora\/","og_locale":"es_ES","og_type":"article","og_title":"GARCIA FAURA participa en el proyecto InnoFAB para regenerar viviendas de forma innovadora - GARCIA FAURA","og_description":"Arquitectura en Alumini, Inox, Ferro i Vidre","og_url":"https:\/\/www.garciafaura.com\/es\/garcia-faura-participa-en-el-projecte-innofab-per-regenerar-habitatges-de-forma-innovadora\/","og_site_name":"GARCIA FAURA","article_published_time":"2024-07-03T08:43:18+00:00","article_modified_time":"2024-07-03T08:47:38+00:00","og_image":[{"width":2560,"height":1920,"url":"https:\/\/www.garciafaura.com\/wp-content\/uploads\/2024\/07\/InnoFAB-03-scaled.jpg","type":"image\/jpeg"}],"author":"David Achell","twitter_card":"summary_large_image","twitter_misc":{"Escrito por":"David Achell","Tiempo de lectura":"2 minutos"},"schema":{"@context":"https:\/\/schema.org","@graph":[{"@type":"Article","@id":"https:\/\/www.garciafaura.com\/es\/garcia-faura-participa-en-el-projecte-innofab-per-regenerar-habitatges-de-forma-innovadora\/#article","isPartOf":{"@id":"https:\/\/www.garciafaura.com\/es\/garcia-faura-participa-en-el-projecte-innofab-per-regenerar-habitatges-de-forma-innovadora\/"},"author":{"name":"David Achell","@id":"https:\/\/www.garciafaura.com\/fr\/#\/schema\/person\/b4b75e69b33fac3446071909bec106b0"},"headline":"GARCIA FAURA participa en el proyecto InnoFAB para regenerar viviendas de forma innovadora","datePublished":"2024-07-03T08:43:18+00:00","dateModified":"2024-07-03T08:47:38+00:00","mainEntityOfPage":{"@id":"https:\/\/www.garciafaura.com\/es\/garcia-faura-participa-en-el-projecte-innofab-per-regenerar-habitatges-de-forma-innovadora\/"},"wordCount":342,"publisher":{"@id":"https:\/\/www.garciafaura.com\/fr\/#organization"},"image":{"@id":"https:\/\/www.garciafaura.com\/es\/garcia-faura-participa-en-el-projecte-innofab-per-regenerar-habitatges-de-forma-innovadora\/#primaryimage"},"thumbnailUrl":"https:\/\/www.garciafaura.com\/wp-content\/uploads\/2024\/07\/InnoFAB-03-scaled.jpg","articleSection":["Actualidad"],"inLanguage":"es"},{"@type":"WebPage","@id":"https:\/\/www.garciafaura.com\/es\/garcia-faura-participa-en-el-projecte-innofab-per-regenerar-habitatges-de-forma-innovadora\/","url":"https:\/\/www.garciafaura.com\/es\/garcia-faura-participa-en-el-projecte-innofab-per-regenerar-habitatges-de-forma-innovadora\/","name":"GARCIA FAURA participa en el proyecto InnoFAB para regenerar viviendas de forma innovadora - GARCIA FAURA","isPartOf":{"@id":"https:\/\/www.garciafaura.com\/fr\/#website"},"primaryImageOfPage":{"@id":"https:\/\/www.garciafaura.com\/es\/garcia-faura-participa-en-el-projecte-innofab-per-regenerar-habitatges-de-forma-innovadora\/#primaryimage"},"image":{"@id":"https:\/\/www.garciafaura.com\/es\/garcia-faura-participa-en-el-projecte-innofab-per-regenerar-habitatges-de-forma-innovadora\/#primaryimage"},"thumbnailUrl":"https:\/\/www.garciafaura.com\/wp-content\/uploads\/2024\/07\/InnoFAB-03-scaled.jpg","datePublished":"2024-07-03T08:43:18+00:00","dateModified":"2024-07-03T08:47:38+00:00","description":"Arquitectura en Alumini, Inox, Ferro i Vidre","breadcrumb":{"@id":"https:\/\/www.garciafaura.com\/es\/garcia-faura-participa-en-el-projecte-innofab-per-regenerar-habitatges-de-forma-innovadora\/#breadcrumb"},"inLanguage":"es","potentialAction":[{"@type":"ReadAction","target":["https:\/\/www.garciafaura.com\/es\/garcia-faura-participa-en-el-projecte-innofab-per-regenerar-habitatges-de-forma-innovadora\/"]}]},{"@type":"ImageObject","inLanguage":"es","@id":"https:\/\/www.garciafaura.com\/es\/garcia-faura-participa-en-el-projecte-innofab-per-regenerar-habitatges-de-forma-innovadora\/#primaryimage","url":"https:\/\/www.garciafaura.com\/wp-content\/uploads\/2024\/07\/InnoFAB-03-scaled.jpg","contentUrl":"https:\/\/www.garciafaura.com\/wp-content\/uploads\/2024\/07\/InnoFAB-03-scaled.jpg","width":2560,"height":1920},{"@type":"BreadcrumbList","@id":"https:\/\/www.garciafaura.com\/es\/garcia-faura-participa-en-el-projecte-innofab-per-regenerar-habitatges-de-forma-innovadora\/#breadcrumb","itemListElement":[{"@type":"ListItem","position":1,"name":"Inici","item":"https:\/\/www.garciafaura.com\/es\/"},{"@type":"ListItem","position":2,"name":"GARCIA FAURA participa en el proyecto InnoFAB para regenerar viviendas de forma innovadora"}]},{"@type":"WebSite","@id":"https:\/\/www.garciafaura.com\/fr\/#website","url":"https:\/\/www.garciafaura.com\/fr\/","name":"GARCIA FAURA","description":"Arquitectura en Alumini, Inox, Ferro i Vidre","publisher":{"@id":"https:\/\/www.garciafaura.com\/fr\/#organization"},"potentialAction":[{"@type":"SearchAction","target":{"@type":"EntryPoint","urlTemplate":"https:\/\/www.garciafaura.com\/fr\/?s={search_term_string}"},"query-input":{"@type":"PropertyValueSpecification","valueRequired":true,"valueName":"search_term_string"}}],"inLanguage":"es"},{"@type":"Organization","@id":"https:\/\/www.garciafaura.com\/fr\/#organization","name":"GARCIA FAURA","url":"https:\/\/www.garciafaura.com\/fr\/","logo":{"@type":"ImageObject","inLanguage":"es","@id":"https:\/\/www.garciafaura.com\/fr\/#\/schema\/logo\/image\/","url":"https:\/\/www.garciafaura.com\/wp-content\/uploads\/2018\/09\/Garcia-Faura.png","contentUrl":"https:\/\/www.garciafaura.com\/wp-content\/uploads\/2018\/09\/Garcia-Faura.png","width":512,"height":512,"caption":"GARCIA FAURA"},"image":{"@id":"https:\/\/www.garciafaura.com\/fr\/#\/schema\/logo\/image\/"},"sameAs":["https:\/\/www.youtube.com\/user\/GARCIAFAURA"]},{"@type":"Person","@id":"https:\/\/www.garciafaura.com\/fr\/#\/schema\/person\/b4b75e69b33fac3446071909bec106b0","name":"David Achell","image":{"@type":"ImageObject","inLanguage":"es","@id":"https:\/\/www.garciafaura.com\/fr\/#\/schema\/person\/image\/","url":"https:\/\/secure.gravatar.com\/avatar\/03900210afc1f61bce737bcb4a79c02e2c997f171e3eca839b5a4cbe03846c90?s=96&d=blank&r=g","contentUrl":"https:\/\/secure.gravatar.com\/avatar\/03900210afc1f61bce737bcb4a79c02e2c997f171e3eca839b5a4cbe03846c90?s=96&d=blank&r=g","caption":"David Achell"}}]}},"_links":{"self":[{"href":"https:\/\/www.garciafaura.com\/es\/wp-json\/wp\/v2\/posts\/37226","targetHints":{"allow":["GET"]}}],"collection":[{"href":"https:\/\/www.garciafaura.com\/es\/wp-json\/wp\/v2\/posts"}],"about":[{"href":"https:\/\/www.garciafaura.com\/es\/wp-json\/wp\/v2\/types\/post"}],"author":[{"embeddable":true,"href":"https:\/\/www.garciafaura.com\/es\/wp-json\/wp\/v2\/users\/3"}],"replies":[{"embeddable":true,"href":"https:\/\/www.garciafaura.com\/es\/wp-json\/wp\/v2\/comments?post=37226"}],"version-history":[{"count":2,"href":"https:\/\/www.garciafaura.com\/es\/wp-json\/wp\/v2\/posts\/37226\/revisions"}],"predecessor-version":[{"id":37228,"href":"https:\/\/www.garciafaura.com\/es\/wp-json\/wp\/v2\/posts\/37226\/revisions\/37228"}],"wp:featuredmedia":[{"embeddable":true,"href":"https:\/\/www.garciafaura.com\/es\/wp-json\/wp\/v2\/media\/37216"}],"wp:attachment":[{"href":"https:\/\/www.garciafaura.com\/es\/wp-json\/wp\/v2\/media?parent=37226"}],"wp:term":[{"taxonomy":"category","embeddable":true,"href":"https:\/\/www.garciafaura.com\/es\/wp-json\/wp\/v2\/categories?post=37226"},{"taxonomy":"post_tag","embeddable":true,"href":"https:\/\/www.garciafaura.com\/es\/wp-json\/wp\/v2\/tags?post=37226"},{"taxonomy":"post_series","embeddable":true,"href":"https:\/\/www.garciafaura.com\/es\/wp-json\/wp\/v2\/post_series?post=37226"}],"curies":[{"name":"wp","href":"https:\/\/api.w.org\/{rel}","templated":true}]}}