{"id":37085,"date":"2024-05-31T10:41:25","date_gmt":"2024-05-31T08:41:25","guid":{"rendered":"https:\/\/www.garciafaura.com\/garcia-faura-interve-en-la-construccio-de-tower-one-al-sector-porta-diagonal-desplugues-de-llobregat\/"},"modified":"2024-05-31T10:51:32","modified_gmt":"2024-05-31T08:51:32","slug":"garcia-faura-interve-en-la-construccio-de-tower-one-al-sector-porta-diagonal-desplugues-de-llobregat","status":"publish","type":"post","link":"https:\/\/www.garciafaura.com\/es\/garcia-faura-interve-en-la-construccio-de-tower-one-al-sector-porta-diagonal-desplugues-de-llobregat\/","title":{"rendered":"GARCIA FAURA interviene en la construcci\u00f3n de Tower One en Esplugues de Llobregat (Barcelona)"},"content":{"rendered":"<h3 style=\"text-align: justify;\">Tower One ser\u00e1 una de las dos torres de casi cien metros de altura que se levantar\u00e1n en el sector de nuevo desarrollo Porta Diagonal, en Esplugues de Llobregat, junto a la ciudad de Barcelona.<\/h3>\n<p style=\"text-align: justify;\">En el parque empresarial y de servicios Porta Diagonal, en Esplugues de Llobregat, se est\u00e1 construyendo la <strong>Tower One<\/strong>, una de las dos torres de casi cien metros de altura que se convertir\u00e1n en s\u00edmbolo de la entrada en la ciudad de Barcelona por la avenida Diagonal, adem\u00e1s de conectar con el entorno natural de Collserola.<\/p>\n<p style=\"text-align: justify;\">El edificio, que tendr\u00e1 un uso hotelero, estar\u00e1 ubicado en la avenida Ahrensburg y ser\u00e1 un edificio de 98 metros de altura con 526 unidades residenciales, de las que 350 ser\u00e1n habitaciones y el resto, estudios y apartamentos. De esta forma se a\u00f1adir\u00e1n 798 camas a la oferta de alojamientos del \u00e1rea metropolitana de Barcelona.<\/p>\n<p style=\"text-align: justify;\">El proyecto, desarrollado por Batlle y Roig Arquitectes, se despliega por una superficie edificable de 20.950 metros cuadrados. Contar\u00e1 con 25 plantas y presentar\u00e1 una est\u00e9tica vegetal de gran impacto, gracias a un entramado de jardineras presente en las <strong>fachadas<\/strong> norte y sur. Esta vegetaci\u00f3n natural se estrenar\u00e1 sobre casi un millar de lamas verticales de <strong>fachada<\/strong>, instaladas por <strong>GARCIA FAURA<\/strong>, que en la parte superior del edificio conectar\u00e1n con una p\u00e9rgola en la que se alojar\u00e1n los paneles fotovoltaicos del edificio.<\/p>\n<p style=\"text-align: justify;\"><strong>GARCIA FAURA<\/strong> tambi\u00e9n se encarga de la fabricaci\u00f3n e instalaci\u00f3n de distintos elementos de <strong>fachada<\/strong>, como son 1.250 metros cuadrados de <strong>muro cortina<\/strong>, m\u00e1s de 2.700 metros cuadrados de revestimientos met\u00e1licos con panel composite o el conjunto de subestructuras met\u00e1licas de la <strong>fachada<\/strong> ventilada.<\/p>\n<p style=\"text-align: justify;\">Finalmente, <strong>GARCIA FAURA<\/strong> fabrica e instala 773 carpinter\u00eda exterior de <strong>aluminio<\/strong> con rotura de puente t\u00e9rmico, de apertura practicable y dotadas de elementos como bloqueo interior o limitaci\u00f3n de apertura. Dada la altura del edificio, el modelo de cierre que se desarrolla se ha sometido a una serie de ensayos de resistencia y estanqueidad por parte de laboratorios homologados.<\/p>\n","protected":false},"excerpt":{"rendered":"<p>Tower One ser\u00e1 una de las dos torres de casi cien metros de altura que se levantar\u00e1n en el sector de nuevo desarrollo Porta Diagonal, en Esplugues de Llobregat, junto a la ciudad de Barcelona. En el parque empresarial y&hellip;<\/p>\n","protected":false},"author":3,"featured_media":35528,"comment_status":"closed","ping_status":"open","sticky":false,"template":"","format":"gallery","meta":{"footnotes":""},"categories":[3],"tags":[],"post_series":[],"class_list":["post-37085","post","type-post","status-publish","format-gallery","has-post-thumbnail","hentry","category-actualidad","post_format-post-format-gallery","entry","has-media"],"yoast_head":"<!-- This site is optimized with the Yoast SEO plugin v26.7 - https:\/\/yoast.com\/wordpress\/plugins\/seo\/ -->\n<title>GARCIA FAURA interviene en la construcci\u00f3n de Tower One en Esplugues de Llobregat (Barcelona) - GARCIA FAURA<\/title>\n<meta name=\"description\" content=\"Arquitectura en Alumini, Inox, Ferro i Vidre\" \/>\n<meta name=\"robots\" content=\"index, follow, max-snippet:-1, max-image-preview:large, max-video-preview:-1\" \/>\n<link rel=\"canonical\" href=\"https:\/\/www.garciafaura.com\/es\/garcia-faura-interve-en-la-construccio-de-tower-one-al-sector-porta-diagonal-desplugues-de-llobregat\/\" \/>\n<meta property=\"og:locale\" content=\"es_ES\" \/>\n<meta property=\"og:type\" content=\"article\" \/>\n<meta property=\"og:title\" content=\"GARCIA FAURA interviene en la construcci\u00f3n de Tower One en Esplugues de Llobregat (Barcelona) - GARCIA FAURA\" \/>\n<meta property=\"og:description\" content=\"Arquitectura en Alumini, Inox, Ferro i Vidre\" \/>\n<meta property=\"og:url\" content=\"https:\/\/www.garciafaura.com\/es\/garcia-faura-interve-en-la-construccio-de-tower-one-al-sector-porta-diagonal-desplugues-de-llobregat\/\" \/>\n<meta property=\"og:site_name\" content=\"GARCIA FAURA\" \/>\n<meta property=\"article:published_time\" content=\"2024-05-31T08:41:25+00:00\" \/>\n<meta property=\"article:modified_time\" content=\"2024-05-31T08:51:32+00:00\" \/>\n<meta property=\"og:image\" content=\"https:\/\/www.garciafaura.com\/wp-content\/uploads\/2024\/02\/TowerOne-03.jpg\" \/>\n\t<meta property=\"og:image:width\" content=\"1200\" \/>\n\t<meta property=\"og:image:height\" content=\"627\" \/>\n\t<meta property=\"og:image:type\" content=\"image\/jpeg\" \/>\n<meta name=\"author\" content=\"David Achell\" \/>\n<meta name=\"twitter:card\" content=\"summary_large_image\" \/>\n<meta name=\"twitter:label1\" content=\"Escrito por\" \/>\n\t<meta name=\"twitter:data1\" content=\"David Achell\" \/>\n\t<meta name=\"twitter:label2\" content=\"Tiempo de lectura\" \/>\n\t<meta name=\"twitter:data2\" content=\"3 minutos\" \/>\n<script type=\"application\/ld+json\" class=\"yoast-schema-graph\">{\"@context\":\"https:\/\/schema.org\",\"@graph\":[{\"@type\":\"Article\",\"@id\":\"https:\/\/www.garciafaura.com\/es\/garcia-faura-interve-en-la-construccio-de-tower-one-al-sector-porta-diagonal-desplugues-de-llobregat\/#article\",\"isPartOf\":{\"@id\":\"https:\/\/www.garciafaura.com\/es\/garcia-faura-interve-en-la-construccio-de-tower-one-al-sector-porta-diagonal-desplugues-de-llobregat\/\"},\"author\":{\"name\":\"David Achell\",\"@id\":\"https:\/\/www.garciafaura.com\/fr\/#\/schema\/person\/b4b75e69b33fac3446071909bec106b0\"},\"headline\":\"GARCIA FAURA interviene en la construcci\u00f3n de Tower One en Esplugues de Llobregat (Barcelona)\",\"datePublished\":\"2024-05-31T08:41:25+00:00\",\"dateModified\":\"2024-05-31T08:51:32+00:00\",\"mainEntityOfPage\":{\"@id\":\"https:\/\/www.garciafaura.com\/es\/garcia-faura-interve-en-la-construccio-de-tower-one-al-sector-porta-diagonal-desplugues-de-llobregat\/\"},\"wordCount\":358,\"publisher\":{\"@id\":\"https:\/\/www.garciafaura.com\/fr\/#organization\"},\"image\":{\"@id\":\"https:\/\/www.garciafaura.com\/es\/garcia-faura-interve-en-la-construccio-de-tower-one-al-sector-porta-diagonal-desplugues-de-llobregat\/#primaryimage\"},\"thumbnailUrl\":\"https:\/\/www.garciafaura.com\/wp-content\/uploads\/2024\/02\/TowerOne-03.jpg\",\"articleSection\":[\"Actualidad\"],\"inLanguage\":\"es\"},{\"@type\":\"WebPage\",\"@id\":\"https:\/\/www.garciafaura.com\/es\/garcia-faura-interve-en-la-construccio-de-tower-one-al-sector-porta-diagonal-desplugues-de-llobregat\/\",\"url\":\"https:\/\/www.garciafaura.com\/es\/garcia-faura-interve-en-la-construccio-de-tower-one-al-sector-porta-diagonal-desplugues-de-llobregat\/\",\"name\":\"GARCIA FAURA interviene en la construcci\u00f3n de Tower One en Esplugues de Llobregat (Barcelona) - GARCIA FAURA\",\"isPartOf\":{\"@id\":\"https:\/\/www.garciafaura.com\/fr\/#website\"},\"primaryImageOfPage\":{\"@id\":\"https:\/\/www.garciafaura.com\/es\/garcia-faura-interve-en-la-construccio-de-tower-one-al-sector-porta-diagonal-desplugues-de-llobregat\/#primaryimage\"},\"image\":{\"@id\":\"https:\/\/www.garciafaura.com\/es\/garcia-faura-interve-en-la-construccio-de-tower-one-al-sector-porta-diagonal-desplugues-de-llobregat\/#primaryimage\"},\"thumbnailUrl\":\"https:\/\/www.garciafaura.com\/wp-content\/uploads\/2024\/02\/TowerOne-03.jpg\",\"datePublished\":\"2024-05-31T08:41:25+00:00\",\"dateModified\":\"2024-05-31T08:51:32+00:00\",\"description\":\"Arquitectura en Alumini, Inox, Ferro i Vidre\",\"breadcrumb\":{\"@id\":\"https:\/\/www.garciafaura.com\/es\/garcia-faura-interve-en-la-construccio-de-tower-one-al-sector-porta-diagonal-desplugues-de-llobregat\/#breadcrumb\"},\"inLanguage\":\"es\",\"potentialAction\":[{\"@type\":\"ReadAction\",\"target\":[\"https:\/\/www.garciafaura.com\/es\/garcia-faura-interve-en-la-construccio-de-tower-one-al-sector-porta-diagonal-desplugues-de-llobregat\/\"]}]},{\"@type\":\"ImageObject\",\"inLanguage\":\"es\",\"@id\":\"https:\/\/www.garciafaura.com\/es\/garcia-faura-interve-en-la-construccio-de-tower-one-al-sector-porta-diagonal-desplugues-de-llobregat\/#primaryimage\",\"url\":\"https:\/\/www.garciafaura.com\/wp-content\/uploads\/2024\/02\/TowerOne-03.jpg\",\"contentUrl\":\"https:\/\/www.garciafaura.com\/wp-content\/uploads\/2024\/02\/TowerOne-03.jpg\",\"width\":1200,\"height\":627},{\"@type\":\"BreadcrumbList\",\"@id\":\"https:\/\/www.garciafaura.com\/es\/garcia-faura-interve-en-la-construccio-de-tower-one-al-sector-porta-diagonal-desplugues-de-llobregat\/#breadcrumb\",\"itemListElement\":[{\"@type\":\"ListItem\",\"position\":1,\"name\":\"Inici\",\"item\":\"https:\/\/www.garciafaura.com\/es\/\"},{\"@type\":\"ListItem\",\"position\":2,\"name\":\"GARCIA FAURA interviene en la construcci\u00f3n de Tower One en Esplugues de Llobregat (Barcelona)\"}]},{\"@type\":\"WebSite\",\"@id\":\"https:\/\/www.garciafaura.com\/fr\/#website\",\"url\":\"https:\/\/www.garciafaura.com\/fr\/\",\"name\":\"GARCIA FAURA\",\"description\":\"Arquitectura en Alumini, Inox, Ferro i Vidre\",\"publisher\":{\"@id\":\"https:\/\/www.garciafaura.com\/fr\/#organization\"},\"potentialAction\":[{\"@type\":\"SearchAction\",\"target\":{\"@type\":\"EntryPoint\",\"urlTemplate\":\"https:\/\/www.garciafaura.com\/fr\/?s={search_term_string}\"},\"query-input\":{\"@type\":\"PropertyValueSpecification\",\"valueRequired\":true,\"valueName\":\"search_term_string\"}}],\"inLanguage\":\"es\"},{\"@type\":\"Organization\",\"@id\":\"https:\/\/www.garciafaura.com\/fr\/#organization\",\"name\":\"GARCIA FAURA\",\"url\":\"https:\/\/www.garciafaura.com\/fr\/\",\"logo\":{\"@type\":\"ImageObject\",\"inLanguage\":\"es\",\"@id\":\"https:\/\/www.garciafaura.com\/fr\/#\/schema\/logo\/image\/\",\"url\":\"https:\/\/www.garciafaura.com\/wp-content\/uploads\/2018\/09\/Garcia-Faura.png\",\"contentUrl\":\"https:\/\/www.garciafaura.com\/wp-content\/uploads\/2018\/09\/Garcia-Faura.png\",\"width\":512,\"height\":512,\"caption\":\"GARCIA FAURA\"},\"image\":{\"@id\":\"https:\/\/www.garciafaura.com\/fr\/#\/schema\/logo\/image\/\"},\"sameAs\":[\"https:\/\/www.youtube.com\/user\/GARCIAFAURA\"]},{\"@type\":\"Person\",\"@id\":\"https:\/\/www.garciafaura.com\/fr\/#\/schema\/person\/b4b75e69b33fac3446071909bec106b0\",\"name\":\"David Achell\",\"image\":{\"@type\":\"ImageObject\",\"inLanguage\":\"es\",\"@id\":\"https:\/\/www.garciafaura.com\/fr\/#\/schema\/person\/image\/\",\"url\":\"https:\/\/secure.gravatar.com\/avatar\/03900210afc1f61bce737bcb4a79c02e2c997f171e3eca839b5a4cbe03846c90?s=96&d=blank&r=g\",\"contentUrl\":\"https:\/\/secure.gravatar.com\/avatar\/03900210afc1f61bce737bcb4a79c02e2c997f171e3eca839b5a4cbe03846c90?s=96&d=blank&r=g\",\"caption\":\"David Achell\"}}]}<\/script>\n<!-- \/ Yoast SEO plugin. -->","yoast_head_json":{"title":"GARCIA FAURA interviene en la construcci\u00f3n de Tower One en Esplugues de Llobregat (Barcelona) - GARCIA FAURA","description":"Arquitectura en Alumini, Inox, Ferro i Vidre","robots":{"index":"index","follow":"follow","max-snippet":"max-snippet:-1","max-image-preview":"max-image-preview:large","max-video-preview":"max-video-preview:-1"},"canonical":"https:\/\/www.garciafaura.com\/es\/garcia-faura-interve-en-la-construccio-de-tower-one-al-sector-porta-diagonal-desplugues-de-llobregat\/","og_locale":"es_ES","og_type":"article","og_title":"GARCIA FAURA interviene en la construcci\u00f3n de Tower One en Esplugues de Llobregat (Barcelona) - GARCIA FAURA","og_description":"Arquitectura en Alumini, Inox, Ferro i Vidre","og_url":"https:\/\/www.garciafaura.com\/es\/garcia-faura-interve-en-la-construccio-de-tower-one-al-sector-porta-diagonal-desplugues-de-llobregat\/","og_site_name":"GARCIA FAURA","article_published_time":"2024-05-31T08:41:25+00:00","article_modified_time":"2024-05-31T08:51:32+00:00","og_image":[{"width":1200,"height":627,"url":"https:\/\/www.garciafaura.com\/wp-content\/uploads\/2024\/02\/TowerOne-03.jpg","type":"image\/jpeg"}],"author":"David Achell","twitter_card":"summary_large_image","twitter_misc":{"Escrito por":"David Achell","Tiempo de lectura":"3 minutos"},"schema":{"@context":"https:\/\/schema.org","@graph":[{"@type":"Article","@id":"https:\/\/www.garciafaura.com\/es\/garcia-faura-interve-en-la-construccio-de-tower-one-al-sector-porta-diagonal-desplugues-de-llobregat\/#article","isPartOf":{"@id":"https:\/\/www.garciafaura.com\/es\/garcia-faura-interve-en-la-construccio-de-tower-one-al-sector-porta-diagonal-desplugues-de-llobregat\/"},"author":{"name":"David Achell","@id":"https:\/\/www.garciafaura.com\/fr\/#\/schema\/person\/b4b75e69b33fac3446071909bec106b0"},"headline":"GARCIA FAURA interviene en la construcci\u00f3n de Tower One en Esplugues de Llobregat (Barcelona)","datePublished":"2024-05-31T08:41:25+00:00","dateModified":"2024-05-31T08:51:32+00:00","mainEntityOfPage":{"@id":"https:\/\/www.garciafaura.com\/es\/garcia-faura-interve-en-la-construccio-de-tower-one-al-sector-porta-diagonal-desplugues-de-llobregat\/"},"wordCount":358,"publisher":{"@id":"https:\/\/www.garciafaura.com\/fr\/#organization"},"image":{"@id":"https:\/\/www.garciafaura.com\/es\/garcia-faura-interve-en-la-construccio-de-tower-one-al-sector-porta-diagonal-desplugues-de-llobregat\/#primaryimage"},"thumbnailUrl":"https:\/\/www.garciafaura.com\/wp-content\/uploads\/2024\/02\/TowerOne-03.jpg","articleSection":["Actualidad"],"inLanguage":"es"},{"@type":"WebPage","@id":"https:\/\/www.garciafaura.com\/es\/garcia-faura-interve-en-la-construccio-de-tower-one-al-sector-porta-diagonal-desplugues-de-llobregat\/","url":"https:\/\/www.garciafaura.com\/es\/garcia-faura-interve-en-la-construccio-de-tower-one-al-sector-porta-diagonal-desplugues-de-llobregat\/","name":"GARCIA FAURA interviene en la construcci\u00f3n de Tower One en Esplugues de Llobregat (Barcelona) - GARCIA FAURA","isPartOf":{"@id":"https:\/\/www.garciafaura.com\/fr\/#website"},"primaryImageOfPage":{"@id":"https:\/\/www.garciafaura.com\/es\/garcia-faura-interve-en-la-construccio-de-tower-one-al-sector-porta-diagonal-desplugues-de-llobregat\/#primaryimage"},"image":{"@id":"https:\/\/www.garciafaura.com\/es\/garcia-faura-interve-en-la-construccio-de-tower-one-al-sector-porta-diagonal-desplugues-de-llobregat\/#primaryimage"},"thumbnailUrl":"https:\/\/www.garciafaura.com\/wp-content\/uploads\/2024\/02\/TowerOne-03.jpg","datePublished":"2024-05-31T08:41:25+00:00","dateModified":"2024-05-31T08:51:32+00:00","description":"Arquitectura en Alumini, Inox, Ferro i Vidre","breadcrumb":{"@id":"https:\/\/www.garciafaura.com\/es\/garcia-faura-interve-en-la-construccio-de-tower-one-al-sector-porta-diagonal-desplugues-de-llobregat\/#breadcrumb"},"inLanguage":"es","potentialAction":[{"@type":"ReadAction","target":["https:\/\/www.garciafaura.com\/es\/garcia-faura-interve-en-la-construccio-de-tower-one-al-sector-porta-diagonal-desplugues-de-llobregat\/"]}]},{"@type":"ImageObject","inLanguage":"es","@id":"https:\/\/www.garciafaura.com\/es\/garcia-faura-interve-en-la-construccio-de-tower-one-al-sector-porta-diagonal-desplugues-de-llobregat\/#primaryimage","url":"https:\/\/www.garciafaura.com\/wp-content\/uploads\/2024\/02\/TowerOne-03.jpg","contentUrl":"https:\/\/www.garciafaura.com\/wp-content\/uploads\/2024\/02\/TowerOne-03.jpg","width":1200,"height":627},{"@type":"BreadcrumbList","@id":"https:\/\/www.garciafaura.com\/es\/garcia-faura-interve-en-la-construccio-de-tower-one-al-sector-porta-diagonal-desplugues-de-llobregat\/#breadcrumb","itemListElement":[{"@type":"ListItem","position":1,"name":"Inici","item":"https:\/\/www.garciafaura.com\/es\/"},{"@type":"ListItem","position":2,"name":"GARCIA FAURA interviene en la construcci\u00f3n de Tower One en Esplugues de Llobregat (Barcelona)"}]},{"@type":"WebSite","@id":"https:\/\/www.garciafaura.com\/fr\/#website","url":"https:\/\/www.garciafaura.com\/fr\/","name":"GARCIA FAURA","description":"Arquitectura en Alumini, Inox, Ferro i Vidre","publisher":{"@id":"https:\/\/www.garciafaura.com\/fr\/#organization"},"potentialAction":[{"@type":"SearchAction","target":{"@type":"EntryPoint","urlTemplate":"https:\/\/www.garciafaura.com\/fr\/?s={search_term_string}"},"query-input":{"@type":"PropertyValueSpecification","valueRequired":true,"valueName":"search_term_string"}}],"inLanguage":"es"},{"@type":"Organization","@id":"https:\/\/www.garciafaura.com\/fr\/#organization","name":"GARCIA FAURA","url":"https:\/\/www.garciafaura.com\/fr\/","logo":{"@type":"ImageObject","inLanguage":"es","@id":"https:\/\/www.garciafaura.com\/fr\/#\/schema\/logo\/image\/","url":"https:\/\/www.garciafaura.com\/wp-content\/uploads\/2018\/09\/Garcia-Faura.png","contentUrl":"https:\/\/www.garciafaura.com\/wp-content\/uploads\/2018\/09\/Garcia-Faura.png","width":512,"height":512,"caption":"GARCIA FAURA"},"image":{"@id":"https:\/\/www.garciafaura.com\/fr\/#\/schema\/logo\/image\/"},"sameAs":["https:\/\/www.youtube.com\/user\/GARCIAFAURA"]},{"@type":"Person","@id":"https:\/\/www.garciafaura.com\/fr\/#\/schema\/person\/b4b75e69b33fac3446071909bec106b0","name":"David Achell","image":{"@type":"ImageObject","inLanguage":"es","@id":"https:\/\/www.garciafaura.com\/fr\/#\/schema\/person\/image\/","url":"https:\/\/secure.gravatar.com\/avatar\/03900210afc1f61bce737bcb4a79c02e2c997f171e3eca839b5a4cbe03846c90?s=96&d=blank&r=g","contentUrl":"https:\/\/secure.gravatar.com\/avatar\/03900210afc1f61bce737bcb4a79c02e2c997f171e3eca839b5a4cbe03846c90?s=96&d=blank&r=g","caption":"David Achell"}}]}},"_links":{"self":[{"href":"https:\/\/www.garciafaura.com\/es\/wp-json\/wp\/v2\/posts\/37085","targetHints":{"allow":["GET"]}}],"collection":[{"href":"https:\/\/www.garciafaura.com\/es\/wp-json\/wp\/v2\/posts"}],"about":[{"href":"https:\/\/www.garciafaura.com\/es\/wp-json\/wp\/v2\/types\/post"}],"author":[{"embeddable":true,"href":"https:\/\/www.garciafaura.com\/es\/wp-json\/wp\/v2\/users\/3"}],"replies":[{"embeddable":true,"href":"https:\/\/www.garciafaura.com\/es\/wp-json\/wp\/v2\/comments?post=37085"}],"version-history":[{"count":3,"href":"https:\/\/www.garciafaura.com\/es\/wp-json\/wp\/v2\/posts\/37085\/revisions"}],"predecessor-version":[{"id":37088,"href":"https:\/\/www.garciafaura.com\/es\/wp-json\/wp\/v2\/posts\/37085\/revisions\/37088"}],"wp:featuredmedia":[{"embeddable":true,"href":"https:\/\/www.garciafaura.com\/es\/wp-json\/wp\/v2\/media\/35528"}],"wp:attachment":[{"href":"https:\/\/www.garciafaura.com\/es\/wp-json\/wp\/v2\/media?parent=37085"}],"wp:term":[{"taxonomy":"category","embeddable":true,"href":"https:\/\/www.garciafaura.com\/es\/wp-json\/wp\/v2\/categories?post=37085"},{"taxonomy":"post_tag","embeddable":true,"href":"https:\/\/www.garciafaura.com\/es\/wp-json\/wp\/v2\/tags?post=37085"},{"taxonomy":"post_series","embeddable":true,"href":"https:\/\/www.garciafaura.com\/es\/wp-json\/wp\/v2\/post_series?post=37085"}],"curies":[{"name":"wp","href":"https:\/\/api.w.org\/{rel}","templated":true}]}}