{"id":36909,"date":"2024-04-30T09:15:27","date_gmt":"2024-04-30T07:15:27","guid":{"rendered":"https:\/\/www.garciafaura.com\/garcia-faura-en-plena-reforma-de-ledifici-estel-de-barcelona\/"},"modified":"2024-04-30T09:24:45","modified_gmt":"2024-04-30T07:24:45","slug":"garcia-faura-en-plena-reforma-de-ledifici-estel-de-barcelona","status":"publish","type":"post","link":"https:\/\/www.garciafaura.com\/es\/garcia-faura-en-plena-reforma-de-ledifici-estel-de-barcelona\/","title":{"rendered":"GARCIA FAURA, en plena reforma del edificio Estel de Barcelona"},"content":{"rendered":"<h3 style=\"text-align: justify;\">Durante m\u00e1s de una d\u00e9cada, este inmueble situado en el Eixample estuvo abandonado, despu\u00e9s de que dejara de ser la sede de Telef\u00f3nica. Ahora se est\u00e1 convirtiendo en un complejo de oficinas de \u00faltima generaci\u00f3n con la participaci\u00f3n de GARCIA FAURA.<\/h3>\n<p style=\"text-align: justify;\">El <strong>edificio Estel<\/strong> se construy\u00f3 en 1975 en el distrito barcelon\u00e9s del Eixample, concretamente en la manzana comprendida entre las calles Cal\u00e0bria, Viladomat y Mallorca, con la entrada principal a la avenida Roma. Fue la sede de Telef\u00f3nica hasta el 2011, cuando la operadora se traslad\u00f3 al distrito de Sant Mart\u00ed.<\/p>\n<p style=\"text-align: justify;\">Ahora, de la mano del proyecto arquitect\u00f3nico del despacho Blanch + Conca Arquitectura, los m\u00e1s de 40.000 metros cuadrados del inmueble se est\u00e1n convirtiendo en un complejo de oficinas de \u00faltima generaci\u00f3n y otros espacios como auditorio, salas de reuniones y para eventos, gimnasio y \u00e1reas de entretenimiento y socializaci\u00f3n.<\/p>\n<p style=\"text-align: justify;\">En la planta baja se encuentran locales comerciales y de restauraci\u00f3n. Adem\u00e1s, el edificio contar\u00e1 con cerca de 8000 metros cuadrados de terrazas y jardines.<\/p>\n<p style=\"text-align: justify;\">Uno de los puntos fuertes del remodelado <strong>edificio Estel<\/strong> ser\u00e1 su posicionamiento en eficiencia energ\u00e9tica. De hecho, se espera que el 35% del consumo energ\u00e9tico del edificio provenga de fuentes limpias con la instalaci\u00f3n de placas fotovoltaicas.<\/p>\n<p style=\"text-align: justify;\">El complejo aspira a las m\u00e1ximas certificaciones en sostenibilidad y bienestar como LEED Platinum, WELL Platinum, SmartScore Platinum, WidesCore Platinum o Cero Net Carbon. Una contribuci\u00f3n fundamental para este posicionamiento ser\u00e1 aportada por las <strong>fachadas<\/strong> y <strong>cerramientos<\/strong> del nuevo inmueble.<\/p>\n<p style=\"text-align: justify;\"><strong>Trabajos de GARCIA FAURA<\/strong><\/p>\n<p style=\"text-align: justify;\">En este proyecto, <strong>GARCIA FAURA<\/strong> construir\u00e1 e instalar\u00e1 6.100 metros cuadrados de <strong>muro cortina<\/strong> con sistema SG y una doble piel con lamas de <strong>aluminio<\/strong> de extrusi\u00f3n especial, 3.272 metros cuadrados de <strong>muro cortina<\/strong> con tapetas, y un tragaluz de 170 metros cuadrados en el patio.<\/p>\n<p style=\"text-align: justify;\">Los principales trabajos, sin embargo, estar\u00e1n en la <strong>fachada<\/strong> principal de la avenida Roma, donde se instalar\u00e1 un <strong>muro cortina<\/strong> en forma de escamas, siguiendo la volumetr\u00eda del edificio. Asimismo, se da forma a una piel exterior trabajada de forma exclusiva por la <strong>Oficina T\u00e9cnica de GARCIA FAURA<\/strong> para aligerar la <strong>fachada<\/strong> y buscar la simplicidad que requer\u00eda el proyecto arquitect\u00f3nico.<\/p>\n<p style=\"text-align: justify;\">Este <strong>muro cortina<\/strong> se compone de dos perfiles verticales de gran tama\u00f1o y lamas horizontales creadas por <strong>perfiles de aluminio<\/strong> desarrollados especialmente para el proyecto. Adem\u00e1s, los anclajes y elementos de fijaci\u00f3n de la piel exterior, creados con estructura de hierro para soportar adecuadamente el peso de los <strong>perfiles de aluminio<\/strong>, mantienen la m\u00e1xima simplicidad del proyecto. La parte baja de esta piel exterior, adem\u00e1s, presenta un dise\u00f1o curvado que ha hecho a\u00fan m\u00e1s complejo su desarrollo, pero que permiten conferir a\u00fan mayor singularidad a la <strong>fachada<\/strong>.<\/p>\n<p style=\"text-align: justify;\">Adem\u00e1s, los perfiles verticales de la parte baja de la piel de la <strong>fachada<\/strong> principal del <strong>edificio Estel<\/strong> son curvados, lo que da mayor volumen a la <strong>fachada<\/strong>, separ\u00e1ndose hasta dos metros de la cara exterior del <strong>muro cortina<\/strong>.<\/p>\n","protected":false},"excerpt":{"rendered":"<p>Durante m\u00e1s de una d\u00e9cada, este inmueble situado en el Eixample estuvo abandonado, despu\u00e9s de que dejara de ser la sede de Telef\u00f3nica. Ahora se est\u00e1 convirtiendo en un complejo de oficinas de \u00faltima generaci\u00f3n con la participaci\u00f3n de GARCIA&hellip;<\/p>\n","protected":false},"author":3,"featured_media":34423,"comment_status":"closed","ping_status":"open","sticky":false,"template":"","format":"standard","meta":{"footnotes":""},"categories":[3],"tags":[],"post_series":[],"class_list":["post-36909","post","type-post","status-publish","format-standard","has-post-thumbnail","hentry","category-actualidad","entry","has-media"],"yoast_head":"<!-- This site is optimized with the Yoast SEO plugin v26.7 - https:\/\/yoast.com\/wordpress\/plugins\/seo\/ -->\n<title>GARCIA FAURA, en plena reforma del edificio Estel de Barcelona - GARCIA FAURA<\/title>\n<meta name=\"description\" content=\"Arquitectura en Alumini, Inox, Ferro i Vidre\" \/>\n<meta name=\"robots\" content=\"index, follow, max-snippet:-1, max-image-preview:large, max-video-preview:-1\" \/>\n<link rel=\"canonical\" href=\"https:\/\/www.garciafaura.com\/es\/garcia-faura-en-plena-reforma-de-ledifici-estel-de-barcelona\/\" \/>\n<meta property=\"og:locale\" content=\"es_ES\" \/>\n<meta property=\"og:type\" content=\"article\" \/>\n<meta property=\"og:title\" content=\"GARCIA FAURA, en plena reforma del edificio Estel de Barcelona - GARCIA FAURA\" \/>\n<meta property=\"og:description\" content=\"Arquitectura en Alumini, Inox, Ferro i Vidre\" \/>\n<meta property=\"og:url\" content=\"https:\/\/www.garciafaura.com\/es\/garcia-faura-en-plena-reforma-de-ledifici-estel-de-barcelona\/\" \/>\n<meta property=\"og:site_name\" content=\"GARCIA FAURA\" \/>\n<meta property=\"article:published_time\" content=\"2024-04-30T07:15:27+00:00\" \/>\n<meta property=\"article:modified_time\" content=\"2024-04-30T07:24:45+00:00\" \/>\n<meta property=\"og:image\" content=\"https:\/\/www.garciafaura.com\/wp-content\/uploads\/2024\/01\/Edificio-Estel-2-2.jpeg\" \/>\n\t<meta property=\"og:image:width\" content=\"1408\" \/>\n\t<meta property=\"og:image:height\" content=\"800\" \/>\n\t<meta property=\"og:image:type\" content=\"image\/jpeg\" \/>\n<meta name=\"author\" content=\"David Achell\" \/>\n<meta name=\"twitter:card\" content=\"summary_large_image\" \/>\n<meta name=\"twitter:label1\" content=\"Escrito por\" \/>\n\t<meta name=\"twitter:data1\" content=\"David Achell\" \/>\n\t<meta name=\"twitter:label2\" content=\"Tiempo de lectura\" \/>\n\t<meta name=\"twitter:data2\" content=\"3 minutos\" \/>\n<script type=\"application\/ld+json\" class=\"yoast-schema-graph\">{\"@context\":\"https:\/\/schema.org\",\"@graph\":[{\"@type\":\"Article\",\"@id\":\"https:\/\/www.garciafaura.com\/es\/garcia-faura-en-plena-reforma-de-ledifici-estel-de-barcelona\/#article\",\"isPartOf\":{\"@id\":\"https:\/\/www.garciafaura.com\/es\/garcia-faura-en-plena-reforma-de-ledifici-estel-de-barcelona\/\"},\"author\":{\"name\":\"David Achell\",\"@id\":\"https:\/\/www.garciafaura.com\/fr\/#\/schema\/person\/b4b75e69b33fac3446071909bec106b0\"},\"headline\":\"GARCIA FAURA, en plena reforma del edificio Estel de Barcelona\",\"datePublished\":\"2024-04-30T07:15:27+00:00\",\"dateModified\":\"2024-04-30T07:24:45+00:00\",\"mainEntityOfPage\":{\"@id\":\"https:\/\/www.garciafaura.com\/es\/garcia-faura-en-plena-reforma-de-ledifici-estel-de-barcelona\/\"},\"wordCount\":520,\"publisher\":{\"@id\":\"https:\/\/www.garciafaura.com\/fr\/#organization\"},\"image\":{\"@id\":\"https:\/\/www.garciafaura.com\/es\/garcia-faura-en-plena-reforma-de-ledifici-estel-de-barcelona\/#primaryimage\"},\"thumbnailUrl\":\"https:\/\/www.garciafaura.com\/wp-content\/uploads\/2024\/01\/Edificio-Estel-2-2.jpeg\",\"articleSection\":[\"Actualidad\"],\"inLanguage\":\"es\"},{\"@type\":\"WebPage\",\"@id\":\"https:\/\/www.garciafaura.com\/es\/garcia-faura-en-plena-reforma-de-ledifici-estel-de-barcelona\/\",\"url\":\"https:\/\/www.garciafaura.com\/es\/garcia-faura-en-plena-reforma-de-ledifici-estel-de-barcelona\/\",\"name\":\"GARCIA FAURA, en plena reforma del edificio Estel de Barcelona - GARCIA FAURA\",\"isPartOf\":{\"@id\":\"https:\/\/www.garciafaura.com\/fr\/#website\"},\"primaryImageOfPage\":{\"@id\":\"https:\/\/www.garciafaura.com\/es\/garcia-faura-en-plena-reforma-de-ledifici-estel-de-barcelona\/#primaryimage\"},\"image\":{\"@id\":\"https:\/\/www.garciafaura.com\/es\/garcia-faura-en-plena-reforma-de-ledifici-estel-de-barcelona\/#primaryimage\"},\"thumbnailUrl\":\"https:\/\/www.garciafaura.com\/wp-content\/uploads\/2024\/01\/Edificio-Estel-2-2.jpeg\",\"datePublished\":\"2024-04-30T07:15:27+00:00\",\"dateModified\":\"2024-04-30T07:24:45+00:00\",\"description\":\"Arquitectura en Alumini, Inox, Ferro i Vidre\",\"breadcrumb\":{\"@id\":\"https:\/\/www.garciafaura.com\/es\/garcia-faura-en-plena-reforma-de-ledifici-estel-de-barcelona\/#breadcrumb\"},\"inLanguage\":\"es\",\"potentialAction\":[{\"@type\":\"ReadAction\",\"target\":[\"https:\/\/www.garciafaura.com\/es\/garcia-faura-en-plena-reforma-de-ledifici-estel-de-barcelona\/\"]}]},{\"@type\":\"ImageObject\",\"inLanguage\":\"es\",\"@id\":\"https:\/\/www.garciafaura.com\/es\/garcia-faura-en-plena-reforma-de-ledifici-estel-de-barcelona\/#primaryimage\",\"url\":\"https:\/\/www.garciafaura.com\/wp-content\/uploads\/2024\/01\/Edificio-Estel-2-2.jpeg\",\"contentUrl\":\"https:\/\/www.garciafaura.com\/wp-content\/uploads\/2024\/01\/Edificio-Estel-2-2.jpeg\",\"width\":1408,\"height\":800,\"caption\":\"Garcia Faura Estel\"},{\"@type\":\"BreadcrumbList\",\"@id\":\"https:\/\/www.garciafaura.com\/es\/garcia-faura-en-plena-reforma-de-ledifici-estel-de-barcelona\/#breadcrumb\",\"itemListElement\":[{\"@type\":\"ListItem\",\"position\":1,\"name\":\"Inici\",\"item\":\"https:\/\/www.garciafaura.com\/es\/\"},{\"@type\":\"ListItem\",\"position\":2,\"name\":\"GARCIA FAURA, en plena reforma del edificio Estel de Barcelona\"}]},{\"@type\":\"WebSite\",\"@id\":\"https:\/\/www.garciafaura.com\/fr\/#website\",\"url\":\"https:\/\/www.garciafaura.com\/fr\/\",\"name\":\"GARCIA FAURA\",\"description\":\"Arquitectura en Alumini, Inox, Ferro i Vidre\",\"publisher\":{\"@id\":\"https:\/\/www.garciafaura.com\/fr\/#organization\"},\"potentialAction\":[{\"@type\":\"SearchAction\",\"target\":{\"@type\":\"EntryPoint\",\"urlTemplate\":\"https:\/\/www.garciafaura.com\/fr\/?s={search_term_string}\"},\"query-input\":{\"@type\":\"PropertyValueSpecification\",\"valueRequired\":true,\"valueName\":\"search_term_string\"}}],\"inLanguage\":\"es\"},{\"@type\":\"Organization\",\"@id\":\"https:\/\/www.garciafaura.com\/fr\/#organization\",\"name\":\"GARCIA FAURA\",\"url\":\"https:\/\/www.garciafaura.com\/fr\/\",\"logo\":{\"@type\":\"ImageObject\",\"inLanguage\":\"es\",\"@id\":\"https:\/\/www.garciafaura.com\/fr\/#\/schema\/logo\/image\/\",\"url\":\"https:\/\/www.garciafaura.com\/wp-content\/uploads\/2018\/09\/Garcia-Faura.png\",\"contentUrl\":\"https:\/\/www.garciafaura.com\/wp-content\/uploads\/2018\/09\/Garcia-Faura.png\",\"width\":512,\"height\":512,\"caption\":\"GARCIA FAURA\"},\"image\":{\"@id\":\"https:\/\/www.garciafaura.com\/fr\/#\/schema\/logo\/image\/\"},\"sameAs\":[\"https:\/\/www.youtube.com\/user\/GARCIAFAURA\"]},{\"@type\":\"Person\",\"@id\":\"https:\/\/www.garciafaura.com\/fr\/#\/schema\/person\/b4b75e69b33fac3446071909bec106b0\",\"name\":\"David Achell\",\"image\":{\"@type\":\"ImageObject\",\"inLanguage\":\"es\",\"@id\":\"https:\/\/www.garciafaura.com\/fr\/#\/schema\/person\/image\/\",\"url\":\"https:\/\/secure.gravatar.com\/avatar\/03900210afc1f61bce737bcb4a79c02e2c997f171e3eca839b5a4cbe03846c90?s=96&d=blank&r=g\",\"contentUrl\":\"https:\/\/secure.gravatar.com\/avatar\/03900210afc1f61bce737bcb4a79c02e2c997f171e3eca839b5a4cbe03846c90?s=96&d=blank&r=g\",\"caption\":\"David Achell\"}}]}<\/script>\n<!-- \/ Yoast SEO plugin. -->","yoast_head_json":{"title":"GARCIA FAURA, en plena reforma del edificio Estel de Barcelona - GARCIA FAURA","description":"Arquitectura en Alumini, Inox, Ferro i Vidre","robots":{"index":"index","follow":"follow","max-snippet":"max-snippet:-1","max-image-preview":"max-image-preview:large","max-video-preview":"max-video-preview:-1"},"canonical":"https:\/\/www.garciafaura.com\/es\/garcia-faura-en-plena-reforma-de-ledifici-estel-de-barcelona\/","og_locale":"es_ES","og_type":"article","og_title":"GARCIA FAURA, en plena reforma del edificio Estel de Barcelona - GARCIA FAURA","og_description":"Arquitectura en Alumini, Inox, Ferro i Vidre","og_url":"https:\/\/www.garciafaura.com\/es\/garcia-faura-en-plena-reforma-de-ledifici-estel-de-barcelona\/","og_site_name":"GARCIA FAURA","article_published_time":"2024-04-30T07:15:27+00:00","article_modified_time":"2024-04-30T07:24:45+00:00","og_image":[{"width":1408,"height":800,"url":"https:\/\/www.garciafaura.com\/wp-content\/uploads\/2024\/01\/Edificio-Estel-2-2.jpeg","type":"image\/jpeg"}],"author":"David Achell","twitter_card":"summary_large_image","twitter_misc":{"Escrito por":"David Achell","Tiempo de lectura":"3 minutos"},"schema":{"@context":"https:\/\/schema.org","@graph":[{"@type":"Article","@id":"https:\/\/www.garciafaura.com\/es\/garcia-faura-en-plena-reforma-de-ledifici-estel-de-barcelona\/#article","isPartOf":{"@id":"https:\/\/www.garciafaura.com\/es\/garcia-faura-en-plena-reforma-de-ledifici-estel-de-barcelona\/"},"author":{"name":"David Achell","@id":"https:\/\/www.garciafaura.com\/fr\/#\/schema\/person\/b4b75e69b33fac3446071909bec106b0"},"headline":"GARCIA FAURA, en plena reforma del edificio Estel de Barcelona","datePublished":"2024-04-30T07:15:27+00:00","dateModified":"2024-04-30T07:24:45+00:00","mainEntityOfPage":{"@id":"https:\/\/www.garciafaura.com\/es\/garcia-faura-en-plena-reforma-de-ledifici-estel-de-barcelona\/"},"wordCount":520,"publisher":{"@id":"https:\/\/www.garciafaura.com\/fr\/#organization"},"image":{"@id":"https:\/\/www.garciafaura.com\/es\/garcia-faura-en-plena-reforma-de-ledifici-estel-de-barcelona\/#primaryimage"},"thumbnailUrl":"https:\/\/www.garciafaura.com\/wp-content\/uploads\/2024\/01\/Edificio-Estel-2-2.jpeg","articleSection":["Actualidad"],"inLanguage":"es"},{"@type":"WebPage","@id":"https:\/\/www.garciafaura.com\/es\/garcia-faura-en-plena-reforma-de-ledifici-estel-de-barcelona\/","url":"https:\/\/www.garciafaura.com\/es\/garcia-faura-en-plena-reforma-de-ledifici-estel-de-barcelona\/","name":"GARCIA FAURA, en plena reforma del edificio Estel de Barcelona - GARCIA FAURA","isPartOf":{"@id":"https:\/\/www.garciafaura.com\/fr\/#website"},"primaryImageOfPage":{"@id":"https:\/\/www.garciafaura.com\/es\/garcia-faura-en-plena-reforma-de-ledifici-estel-de-barcelona\/#primaryimage"},"image":{"@id":"https:\/\/www.garciafaura.com\/es\/garcia-faura-en-plena-reforma-de-ledifici-estel-de-barcelona\/#primaryimage"},"thumbnailUrl":"https:\/\/www.garciafaura.com\/wp-content\/uploads\/2024\/01\/Edificio-Estel-2-2.jpeg","datePublished":"2024-04-30T07:15:27+00:00","dateModified":"2024-04-30T07:24:45+00:00","description":"Arquitectura en Alumini, Inox, Ferro i Vidre","breadcrumb":{"@id":"https:\/\/www.garciafaura.com\/es\/garcia-faura-en-plena-reforma-de-ledifici-estel-de-barcelona\/#breadcrumb"},"inLanguage":"es","potentialAction":[{"@type":"ReadAction","target":["https:\/\/www.garciafaura.com\/es\/garcia-faura-en-plena-reforma-de-ledifici-estel-de-barcelona\/"]}]},{"@type":"ImageObject","inLanguage":"es","@id":"https:\/\/www.garciafaura.com\/es\/garcia-faura-en-plena-reforma-de-ledifici-estel-de-barcelona\/#primaryimage","url":"https:\/\/www.garciafaura.com\/wp-content\/uploads\/2024\/01\/Edificio-Estel-2-2.jpeg","contentUrl":"https:\/\/www.garciafaura.com\/wp-content\/uploads\/2024\/01\/Edificio-Estel-2-2.jpeg","width":1408,"height":800,"caption":"Garcia Faura Estel"},{"@type":"BreadcrumbList","@id":"https:\/\/www.garciafaura.com\/es\/garcia-faura-en-plena-reforma-de-ledifici-estel-de-barcelona\/#breadcrumb","itemListElement":[{"@type":"ListItem","position":1,"name":"Inici","item":"https:\/\/www.garciafaura.com\/es\/"},{"@type":"ListItem","position":2,"name":"GARCIA FAURA, en plena reforma del edificio Estel de Barcelona"}]},{"@type":"WebSite","@id":"https:\/\/www.garciafaura.com\/fr\/#website","url":"https:\/\/www.garciafaura.com\/fr\/","name":"GARCIA FAURA","description":"Arquitectura en Alumini, Inox, Ferro i Vidre","publisher":{"@id":"https:\/\/www.garciafaura.com\/fr\/#organization"},"potentialAction":[{"@type":"SearchAction","target":{"@type":"EntryPoint","urlTemplate":"https:\/\/www.garciafaura.com\/fr\/?s={search_term_string}"},"query-input":{"@type":"PropertyValueSpecification","valueRequired":true,"valueName":"search_term_string"}}],"inLanguage":"es"},{"@type":"Organization","@id":"https:\/\/www.garciafaura.com\/fr\/#organization","name":"GARCIA FAURA","url":"https:\/\/www.garciafaura.com\/fr\/","logo":{"@type":"ImageObject","inLanguage":"es","@id":"https:\/\/www.garciafaura.com\/fr\/#\/schema\/logo\/image\/","url":"https:\/\/www.garciafaura.com\/wp-content\/uploads\/2018\/09\/Garcia-Faura.png","contentUrl":"https:\/\/www.garciafaura.com\/wp-content\/uploads\/2018\/09\/Garcia-Faura.png","width":512,"height":512,"caption":"GARCIA FAURA"},"image":{"@id":"https:\/\/www.garciafaura.com\/fr\/#\/schema\/logo\/image\/"},"sameAs":["https:\/\/www.youtube.com\/user\/GARCIAFAURA"]},{"@type":"Person","@id":"https:\/\/www.garciafaura.com\/fr\/#\/schema\/person\/b4b75e69b33fac3446071909bec106b0","name":"David Achell","image":{"@type":"ImageObject","inLanguage":"es","@id":"https:\/\/www.garciafaura.com\/fr\/#\/schema\/person\/image\/","url":"https:\/\/secure.gravatar.com\/avatar\/03900210afc1f61bce737bcb4a79c02e2c997f171e3eca839b5a4cbe03846c90?s=96&d=blank&r=g","contentUrl":"https:\/\/secure.gravatar.com\/avatar\/03900210afc1f61bce737bcb4a79c02e2c997f171e3eca839b5a4cbe03846c90?s=96&d=blank&r=g","caption":"David Achell"}}]}},"_links":{"self":[{"href":"https:\/\/www.garciafaura.com\/es\/wp-json\/wp\/v2\/posts\/36909","targetHints":{"allow":["GET"]}}],"collection":[{"href":"https:\/\/www.garciafaura.com\/es\/wp-json\/wp\/v2\/posts"}],"about":[{"href":"https:\/\/www.garciafaura.com\/es\/wp-json\/wp\/v2\/types\/post"}],"author":[{"embeddable":true,"href":"https:\/\/www.garciafaura.com\/es\/wp-json\/wp\/v2\/users\/3"}],"replies":[{"embeddable":true,"href":"https:\/\/www.garciafaura.com\/es\/wp-json\/wp\/v2\/comments?post=36909"}],"version-history":[{"count":3,"href":"https:\/\/www.garciafaura.com\/es\/wp-json\/wp\/v2\/posts\/36909\/revisions"}],"predecessor-version":[{"id":36917,"href":"https:\/\/www.garciafaura.com\/es\/wp-json\/wp\/v2\/posts\/36909\/revisions\/36917"}],"wp:featuredmedia":[{"embeddable":true,"href":"https:\/\/www.garciafaura.com\/es\/wp-json\/wp\/v2\/media\/34423"}],"wp:attachment":[{"href":"https:\/\/www.garciafaura.com\/es\/wp-json\/wp\/v2\/media?parent=36909"}],"wp:term":[{"taxonomy":"category","embeddable":true,"href":"https:\/\/www.garciafaura.com\/es\/wp-json\/wp\/v2\/categories?post=36909"},{"taxonomy":"post_tag","embeddable":true,"href":"https:\/\/www.garciafaura.com\/es\/wp-json\/wp\/v2\/tags?post=36909"},{"taxonomy":"post_series","embeddable":true,"href":"https:\/\/www.garciafaura.com\/es\/wp-json\/wp\/v2\/post_series?post=36909"}],"curies":[{"name":"wp","href":"https:\/\/api.w.org\/{rel}","templated":true}]}}