{"id":35583,"date":"2024-03-12T10:25:06","date_gmt":"2024-03-12T08:25:06","guid":{"rendered":"https:\/\/www.garciafaura.com\/garcia-faura-interve-en-la-renovacio-dequipaments-i-la-millora-energetica-de-lilla-de-serveis-del-mercat-de-la-sagrada-familia\/"},"modified":"2024-03-12T10:30:21","modified_gmt":"2024-03-12T08:30:21","slug":"garcia-faura-interve-en-la-renovacio-dequipaments-i-la-millora-energetica-de-lilla-de-serveis-del-mercat-de-la-sagrada-familia","status":"publish","type":"post","link":"https:\/\/www.garciafaura.com\/es\/garcia-faura-interve-en-la-renovacio-dequipaments-i-la-millora-energetica-de-lilla-de-serveis-del-mercat-de-la-sagrada-familia\/","title":{"rendered":"GARCIA FAURA interviene en la renovaci\u00f3n de equipamientos y la mejora energ\u00e9tica de la isla de servicios del Mercado de la Sagrada Familia"},"content":{"rendered":"<h3 style=\"text-align: justify;\">El Ayuntamiento de Barcelona est\u00e1 llevando a cabo la reordenaci\u00f3n y mejora de la eficiencia energ\u00e9tica del Mercado de la Sagrada Familia y el resto de equipamientos p\u00fablicos de la manzana situada entre las calles Padilla y Mallorca, en el distrito del Eixample de la capital catalana.<\/h3>\n<p style=\"text-align: justify;\">El consistorio barcelon\u00e9s ha puesto en marcha la rehabilitaci\u00f3n integral de la manzana comprendida entre las calles Mallorca, Padilla y Proven\u00e7a, unos 8.107 metros cuadrados de superficie donde existen diversos equipamientos como el Mercado de la Sagrada Familia, un casal de la gente mayor, otro infantil, un centro c\u00edvico y una biblioteca. La reforma busca reconectar el barrio con el jard\u00edn interior de la manzana y los equipamientos entre s\u00ed, reorganizar los usos del edificio de servicios y minimizar el impacto ambiental del conjunto de equipamientos.<\/p>\n<p style=\"text-align: justify;\">Los trabajos se han dividido en dos actuaciones diferenciadas y <strong>GARCIA FAURA<\/strong> interviene en ambas.<\/p>\n<p style=\"text-align: justify;\">En cuanto a la remodelaci\u00f3n del Mercado de la Sagrada Fam\u00edlia, el principal objetivo de los trabajos es la optimizaci\u00f3n de la energ\u00eda, por lo que se instalar\u00e1 una nueva cubierta sostenible y con placas fotovoltaicas con la que se espera reducir la radiaci\u00f3n solar directa entre un 10 y un 20%. Se fabricar\u00e1n e instalar\u00e1n una serie de m\u00f3dulos para los sistemas de ventilaci\u00f3n de la cubierta, formados por lamas y ventanas integradas de apertura motorizada. Tambi\u00e9n se ejecutar\u00e1 una <strong>fachada de muro cortina<\/strong>, de 450 metros cuadrados, y otras intervenciones como acristalamientos, forrados met\u00e1licos o coberturas de panel s\u00e1ndwich.<\/p>\n<p style=\"text-align: justify;\">En cuanto a la zona de equipamientos sociales, <strong>GARCIA FAURA<\/strong> ejecutar\u00e1 850 metros cuadrados de <strong>muros cortina<\/strong>, que llevar\u00e1n integrados una cincuentena de m\u00f3dulos de balconeras y vidrier\u00eda fija. Tambi\u00e9n se fabricar\u00e1n e instalar\u00e1n ocho puertas de acceso de apertura autom\u00e1tica y una serie de revestimientos exteriores en <strong>fachada<\/strong>.<\/p>\n<p style=\"text-align: justify;\">Con estas obras se espera una reducci\u00f3n de la demanda de climatizaci\u00f3n de un 25%, adem\u00e1s de una mejora de la absorci\u00f3n ac\u00fastica, el arreglo del pasaje que une el barrio con la plaza interior y la reordenaci\u00f3n de los usos de los servicios de la isla.<\/p>\n","protected":false},"excerpt":{"rendered":"<p>El Ayuntamiento de Barcelona est\u00e1 llevando a cabo la reordenaci\u00f3n y mejora de la eficiencia energ\u00e9tica del Mercado de la Sagrada Familia y el resto de equipamientos p\u00fablicos de la manzana situada entre las calles Padilla y Mallorca, en el&hellip;<\/p>\n","protected":false},"author":3,"featured_media":35571,"comment_status":"closed","ping_status":"open","sticky":false,"template":"","format":"gallery","meta":{"footnotes":""},"categories":[3],"tags":[],"post_series":[],"class_list":["post-35583","post","type-post","status-publish","format-gallery","has-post-thumbnail","hentry","category-actualidad","post_format-post-format-gallery","entry","has-media"],"yoast_head":"<!-- This site is optimized with the Yoast SEO plugin v26.7 - https:\/\/yoast.com\/wordpress\/plugins\/seo\/ -->\n<title>GARCIA FAURA interviene en la renovaci\u00f3n de equipamientos y la mejora energ\u00e9tica de la isla de servicios del Mercado de la Sagrada Familia - GARCIA FAURA<\/title>\n<meta name=\"description\" content=\"Arquitectura en Alumini, Inox, Ferro i Vidre\" \/>\n<meta name=\"robots\" content=\"index, follow, max-snippet:-1, max-image-preview:large, max-video-preview:-1\" \/>\n<link rel=\"canonical\" href=\"https:\/\/www.garciafaura.com\/es\/garcia-faura-interve-en-la-renovacio-dequipaments-i-la-millora-energetica-de-lilla-de-serveis-del-mercat-de-la-sagrada-familia\/\" \/>\n<meta property=\"og:locale\" content=\"es_ES\" \/>\n<meta property=\"og:type\" content=\"article\" \/>\n<meta property=\"og:title\" content=\"GARCIA FAURA interviene en la renovaci\u00f3n de equipamientos y la mejora energ\u00e9tica de la isla de servicios del Mercado de la Sagrada Familia - GARCIA FAURA\" \/>\n<meta property=\"og:description\" content=\"Arquitectura en Alumini, Inox, Ferro i Vidre\" \/>\n<meta property=\"og:url\" content=\"https:\/\/www.garciafaura.com\/es\/garcia-faura-interve-en-la-renovacio-dequipaments-i-la-millora-energetica-de-lilla-de-serveis-del-mercat-de-la-sagrada-familia\/\" \/>\n<meta property=\"og:site_name\" content=\"GARCIA FAURA\" \/>\n<meta property=\"article:published_time\" content=\"2024-03-12T08:25:06+00:00\" \/>\n<meta property=\"article:modified_time\" content=\"2024-03-12T08:30:21+00:00\" \/>\n<meta property=\"og:image\" content=\"https:\/\/www.garciafaura.com\/wp-content\/uploads\/2024\/03\/Mercat-Safrada-Familia-scaled.jpg\" \/>\n\t<meta property=\"og:image:width\" content=\"2560\" \/>\n\t<meta property=\"og:image:height\" content=\"1810\" \/>\n\t<meta property=\"og:image:type\" content=\"image\/jpeg\" \/>\n<meta name=\"author\" content=\"David Achell\" \/>\n<meta name=\"twitter:card\" content=\"summary_large_image\" \/>\n<meta name=\"twitter:label1\" content=\"Escrito por\" \/>\n\t<meta name=\"twitter:data1\" content=\"David Achell\" \/>\n\t<meta name=\"twitter:label2\" content=\"Tiempo de lectura\" \/>\n\t<meta name=\"twitter:data2\" content=\"3 minutos\" \/>\n<script type=\"application\/ld+json\" class=\"yoast-schema-graph\">{\"@context\":\"https:\/\/schema.org\",\"@graph\":[{\"@type\":\"Article\",\"@id\":\"https:\/\/www.garciafaura.com\/es\/garcia-faura-interve-en-la-renovacio-dequipaments-i-la-millora-energetica-de-lilla-de-serveis-del-mercat-de-la-sagrada-familia\/#article\",\"isPartOf\":{\"@id\":\"https:\/\/www.garciafaura.com\/es\/garcia-faura-interve-en-la-renovacio-dequipaments-i-la-millora-energetica-de-lilla-de-serveis-del-mercat-de-la-sagrada-familia\/\"},\"author\":{\"name\":\"David Achell\",\"@id\":\"https:\/\/www.garciafaura.com\/fr\/#\/schema\/person\/b4b75e69b33fac3446071909bec106b0\"},\"headline\":\"GARCIA FAURA interviene en la renovaci\u00f3n de equipamientos y la mejora energ\u00e9tica de la isla de servicios del Mercado de la Sagrada Familia\",\"datePublished\":\"2024-03-12T08:25:06+00:00\",\"dateModified\":\"2024-03-12T08:30:21+00:00\",\"mainEntityOfPage\":{\"@id\":\"https:\/\/www.garciafaura.com\/es\/garcia-faura-interve-en-la-renovacio-dequipaments-i-la-millora-energetica-de-lilla-de-serveis-del-mercat-de-la-sagrada-familia\/\"},\"wordCount\":397,\"publisher\":{\"@id\":\"https:\/\/www.garciafaura.com\/fr\/#organization\"},\"image\":{\"@id\":\"https:\/\/www.garciafaura.com\/es\/garcia-faura-interve-en-la-renovacio-dequipaments-i-la-millora-energetica-de-lilla-de-serveis-del-mercat-de-la-sagrada-familia\/#primaryimage\"},\"thumbnailUrl\":\"https:\/\/www.garciafaura.com\/wp-content\/uploads\/2024\/03\/Mercat-Safrada-Familia-scaled.jpg\",\"articleSection\":[\"Actualidad\"],\"inLanguage\":\"es\"},{\"@type\":\"WebPage\",\"@id\":\"https:\/\/www.garciafaura.com\/es\/garcia-faura-interve-en-la-renovacio-dequipaments-i-la-millora-energetica-de-lilla-de-serveis-del-mercat-de-la-sagrada-familia\/\",\"url\":\"https:\/\/www.garciafaura.com\/es\/garcia-faura-interve-en-la-renovacio-dequipaments-i-la-millora-energetica-de-lilla-de-serveis-del-mercat-de-la-sagrada-familia\/\",\"name\":\"GARCIA FAURA interviene en la renovaci\u00f3n de equipamientos y la mejora energ\u00e9tica de la isla de servicios del Mercado de la Sagrada Familia - GARCIA FAURA\",\"isPartOf\":{\"@id\":\"https:\/\/www.garciafaura.com\/fr\/#website\"},\"primaryImageOfPage\":{\"@id\":\"https:\/\/www.garciafaura.com\/es\/garcia-faura-interve-en-la-renovacio-dequipaments-i-la-millora-energetica-de-lilla-de-serveis-del-mercat-de-la-sagrada-familia\/#primaryimage\"},\"image\":{\"@id\":\"https:\/\/www.garciafaura.com\/es\/garcia-faura-interve-en-la-renovacio-dequipaments-i-la-millora-energetica-de-lilla-de-serveis-del-mercat-de-la-sagrada-familia\/#primaryimage\"},\"thumbnailUrl\":\"https:\/\/www.garciafaura.com\/wp-content\/uploads\/2024\/03\/Mercat-Safrada-Familia-scaled.jpg\",\"datePublished\":\"2024-03-12T08:25:06+00:00\",\"dateModified\":\"2024-03-12T08:30:21+00:00\",\"description\":\"Arquitectura en Alumini, Inox, Ferro i Vidre\",\"breadcrumb\":{\"@id\":\"https:\/\/www.garciafaura.com\/es\/garcia-faura-interve-en-la-renovacio-dequipaments-i-la-millora-energetica-de-lilla-de-serveis-del-mercat-de-la-sagrada-familia\/#breadcrumb\"},\"inLanguage\":\"es\",\"potentialAction\":[{\"@type\":\"ReadAction\",\"target\":[\"https:\/\/www.garciafaura.com\/es\/garcia-faura-interve-en-la-renovacio-dequipaments-i-la-millora-energetica-de-lilla-de-serveis-del-mercat-de-la-sagrada-familia\/\"]}]},{\"@type\":\"ImageObject\",\"inLanguage\":\"es\",\"@id\":\"https:\/\/www.garciafaura.com\/es\/garcia-faura-interve-en-la-renovacio-dequipaments-i-la-millora-energetica-de-lilla-de-serveis-del-mercat-de-la-sagrada-familia\/#primaryimage\",\"url\":\"https:\/\/www.garciafaura.com\/wp-content\/uploads\/2024\/03\/Mercat-Safrada-Familia-scaled.jpg\",\"contentUrl\":\"https:\/\/www.garciafaura.com\/wp-content\/uploads\/2024\/03\/Mercat-Safrada-Familia-scaled.jpg\",\"width\":2560,\"height\":1810},{\"@type\":\"BreadcrumbList\",\"@id\":\"https:\/\/www.garciafaura.com\/es\/garcia-faura-interve-en-la-renovacio-dequipaments-i-la-millora-energetica-de-lilla-de-serveis-del-mercat-de-la-sagrada-familia\/#breadcrumb\",\"itemListElement\":[{\"@type\":\"ListItem\",\"position\":1,\"name\":\"Inici\",\"item\":\"https:\/\/www.garciafaura.com\/es\/\"},{\"@type\":\"ListItem\",\"position\":2,\"name\":\"GARCIA FAURA interviene en la renovaci\u00f3n de equipamientos y la mejora energ\u00e9tica de la isla de servicios del Mercado de la Sagrada Familia\"}]},{\"@type\":\"WebSite\",\"@id\":\"https:\/\/www.garciafaura.com\/fr\/#website\",\"url\":\"https:\/\/www.garciafaura.com\/fr\/\",\"name\":\"GARCIA FAURA\",\"description\":\"Arquitectura en Alumini, Inox, Ferro i Vidre\",\"publisher\":{\"@id\":\"https:\/\/www.garciafaura.com\/fr\/#organization\"},\"potentialAction\":[{\"@type\":\"SearchAction\",\"target\":{\"@type\":\"EntryPoint\",\"urlTemplate\":\"https:\/\/www.garciafaura.com\/fr\/?s={search_term_string}\"},\"query-input\":{\"@type\":\"PropertyValueSpecification\",\"valueRequired\":true,\"valueName\":\"search_term_string\"}}],\"inLanguage\":\"es\"},{\"@type\":\"Organization\",\"@id\":\"https:\/\/www.garciafaura.com\/fr\/#organization\",\"name\":\"GARCIA FAURA\",\"url\":\"https:\/\/www.garciafaura.com\/fr\/\",\"logo\":{\"@type\":\"ImageObject\",\"inLanguage\":\"es\",\"@id\":\"https:\/\/www.garciafaura.com\/fr\/#\/schema\/logo\/image\/\",\"url\":\"https:\/\/www.garciafaura.com\/wp-content\/uploads\/2018\/09\/Garcia-Faura.png\",\"contentUrl\":\"https:\/\/www.garciafaura.com\/wp-content\/uploads\/2018\/09\/Garcia-Faura.png\",\"width\":512,\"height\":512,\"caption\":\"GARCIA FAURA\"},\"image\":{\"@id\":\"https:\/\/www.garciafaura.com\/fr\/#\/schema\/logo\/image\/\"},\"sameAs\":[\"https:\/\/www.youtube.com\/user\/GARCIAFAURA\"]},{\"@type\":\"Person\",\"@id\":\"https:\/\/www.garciafaura.com\/fr\/#\/schema\/person\/b4b75e69b33fac3446071909bec106b0\",\"name\":\"David Achell\",\"image\":{\"@type\":\"ImageObject\",\"inLanguage\":\"es\",\"@id\":\"https:\/\/www.garciafaura.com\/fr\/#\/schema\/person\/image\/\",\"url\":\"https:\/\/secure.gravatar.com\/avatar\/03900210afc1f61bce737bcb4a79c02e2c997f171e3eca839b5a4cbe03846c90?s=96&d=blank&r=g\",\"contentUrl\":\"https:\/\/secure.gravatar.com\/avatar\/03900210afc1f61bce737bcb4a79c02e2c997f171e3eca839b5a4cbe03846c90?s=96&d=blank&r=g\",\"caption\":\"David Achell\"}}]}<\/script>\n<!-- \/ Yoast SEO plugin. -->","yoast_head_json":{"title":"GARCIA FAURA interviene en la renovaci\u00f3n de equipamientos y la mejora energ\u00e9tica de la isla de servicios del Mercado de la Sagrada Familia - GARCIA FAURA","description":"Arquitectura en Alumini, Inox, Ferro i Vidre","robots":{"index":"index","follow":"follow","max-snippet":"max-snippet:-1","max-image-preview":"max-image-preview:large","max-video-preview":"max-video-preview:-1"},"canonical":"https:\/\/www.garciafaura.com\/es\/garcia-faura-interve-en-la-renovacio-dequipaments-i-la-millora-energetica-de-lilla-de-serveis-del-mercat-de-la-sagrada-familia\/","og_locale":"es_ES","og_type":"article","og_title":"GARCIA FAURA interviene en la renovaci\u00f3n de equipamientos y la mejora energ\u00e9tica de la isla de servicios del Mercado de la Sagrada Familia - GARCIA FAURA","og_description":"Arquitectura en Alumini, Inox, Ferro i Vidre","og_url":"https:\/\/www.garciafaura.com\/es\/garcia-faura-interve-en-la-renovacio-dequipaments-i-la-millora-energetica-de-lilla-de-serveis-del-mercat-de-la-sagrada-familia\/","og_site_name":"GARCIA FAURA","article_published_time":"2024-03-12T08:25:06+00:00","article_modified_time":"2024-03-12T08:30:21+00:00","og_image":[{"width":2560,"height":1810,"url":"https:\/\/www.garciafaura.com\/wp-content\/uploads\/2024\/03\/Mercat-Safrada-Familia-scaled.jpg","type":"image\/jpeg"}],"author":"David Achell","twitter_card":"summary_large_image","twitter_misc":{"Escrito por":"David Achell","Tiempo de lectura":"3 minutos"},"schema":{"@context":"https:\/\/schema.org","@graph":[{"@type":"Article","@id":"https:\/\/www.garciafaura.com\/es\/garcia-faura-interve-en-la-renovacio-dequipaments-i-la-millora-energetica-de-lilla-de-serveis-del-mercat-de-la-sagrada-familia\/#article","isPartOf":{"@id":"https:\/\/www.garciafaura.com\/es\/garcia-faura-interve-en-la-renovacio-dequipaments-i-la-millora-energetica-de-lilla-de-serveis-del-mercat-de-la-sagrada-familia\/"},"author":{"name":"David Achell","@id":"https:\/\/www.garciafaura.com\/fr\/#\/schema\/person\/b4b75e69b33fac3446071909bec106b0"},"headline":"GARCIA FAURA interviene en la renovaci\u00f3n de equipamientos y la mejora energ\u00e9tica de la isla de servicios del Mercado de la Sagrada Familia","datePublished":"2024-03-12T08:25:06+00:00","dateModified":"2024-03-12T08:30:21+00:00","mainEntityOfPage":{"@id":"https:\/\/www.garciafaura.com\/es\/garcia-faura-interve-en-la-renovacio-dequipaments-i-la-millora-energetica-de-lilla-de-serveis-del-mercat-de-la-sagrada-familia\/"},"wordCount":397,"publisher":{"@id":"https:\/\/www.garciafaura.com\/fr\/#organization"},"image":{"@id":"https:\/\/www.garciafaura.com\/es\/garcia-faura-interve-en-la-renovacio-dequipaments-i-la-millora-energetica-de-lilla-de-serveis-del-mercat-de-la-sagrada-familia\/#primaryimage"},"thumbnailUrl":"https:\/\/www.garciafaura.com\/wp-content\/uploads\/2024\/03\/Mercat-Safrada-Familia-scaled.jpg","articleSection":["Actualidad"],"inLanguage":"es"},{"@type":"WebPage","@id":"https:\/\/www.garciafaura.com\/es\/garcia-faura-interve-en-la-renovacio-dequipaments-i-la-millora-energetica-de-lilla-de-serveis-del-mercat-de-la-sagrada-familia\/","url":"https:\/\/www.garciafaura.com\/es\/garcia-faura-interve-en-la-renovacio-dequipaments-i-la-millora-energetica-de-lilla-de-serveis-del-mercat-de-la-sagrada-familia\/","name":"GARCIA FAURA interviene en la renovaci\u00f3n de equipamientos y la mejora energ\u00e9tica de la isla de servicios del Mercado de la Sagrada Familia - GARCIA FAURA","isPartOf":{"@id":"https:\/\/www.garciafaura.com\/fr\/#website"},"primaryImageOfPage":{"@id":"https:\/\/www.garciafaura.com\/es\/garcia-faura-interve-en-la-renovacio-dequipaments-i-la-millora-energetica-de-lilla-de-serveis-del-mercat-de-la-sagrada-familia\/#primaryimage"},"image":{"@id":"https:\/\/www.garciafaura.com\/es\/garcia-faura-interve-en-la-renovacio-dequipaments-i-la-millora-energetica-de-lilla-de-serveis-del-mercat-de-la-sagrada-familia\/#primaryimage"},"thumbnailUrl":"https:\/\/www.garciafaura.com\/wp-content\/uploads\/2024\/03\/Mercat-Safrada-Familia-scaled.jpg","datePublished":"2024-03-12T08:25:06+00:00","dateModified":"2024-03-12T08:30:21+00:00","description":"Arquitectura en Alumini, Inox, Ferro i Vidre","breadcrumb":{"@id":"https:\/\/www.garciafaura.com\/es\/garcia-faura-interve-en-la-renovacio-dequipaments-i-la-millora-energetica-de-lilla-de-serveis-del-mercat-de-la-sagrada-familia\/#breadcrumb"},"inLanguage":"es","potentialAction":[{"@type":"ReadAction","target":["https:\/\/www.garciafaura.com\/es\/garcia-faura-interve-en-la-renovacio-dequipaments-i-la-millora-energetica-de-lilla-de-serveis-del-mercat-de-la-sagrada-familia\/"]}]},{"@type":"ImageObject","inLanguage":"es","@id":"https:\/\/www.garciafaura.com\/es\/garcia-faura-interve-en-la-renovacio-dequipaments-i-la-millora-energetica-de-lilla-de-serveis-del-mercat-de-la-sagrada-familia\/#primaryimage","url":"https:\/\/www.garciafaura.com\/wp-content\/uploads\/2024\/03\/Mercat-Safrada-Familia-scaled.jpg","contentUrl":"https:\/\/www.garciafaura.com\/wp-content\/uploads\/2024\/03\/Mercat-Safrada-Familia-scaled.jpg","width":2560,"height":1810},{"@type":"BreadcrumbList","@id":"https:\/\/www.garciafaura.com\/es\/garcia-faura-interve-en-la-renovacio-dequipaments-i-la-millora-energetica-de-lilla-de-serveis-del-mercat-de-la-sagrada-familia\/#breadcrumb","itemListElement":[{"@type":"ListItem","position":1,"name":"Inici","item":"https:\/\/www.garciafaura.com\/es\/"},{"@type":"ListItem","position":2,"name":"GARCIA FAURA interviene en la renovaci\u00f3n de equipamientos y la mejora energ\u00e9tica de la isla de servicios del Mercado de la Sagrada Familia"}]},{"@type":"WebSite","@id":"https:\/\/www.garciafaura.com\/fr\/#website","url":"https:\/\/www.garciafaura.com\/fr\/","name":"GARCIA FAURA","description":"Arquitectura en Alumini, Inox, Ferro i Vidre","publisher":{"@id":"https:\/\/www.garciafaura.com\/fr\/#organization"},"potentialAction":[{"@type":"SearchAction","target":{"@type":"EntryPoint","urlTemplate":"https:\/\/www.garciafaura.com\/fr\/?s={search_term_string}"},"query-input":{"@type":"PropertyValueSpecification","valueRequired":true,"valueName":"search_term_string"}}],"inLanguage":"es"},{"@type":"Organization","@id":"https:\/\/www.garciafaura.com\/fr\/#organization","name":"GARCIA FAURA","url":"https:\/\/www.garciafaura.com\/fr\/","logo":{"@type":"ImageObject","inLanguage":"es","@id":"https:\/\/www.garciafaura.com\/fr\/#\/schema\/logo\/image\/","url":"https:\/\/www.garciafaura.com\/wp-content\/uploads\/2018\/09\/Garcia-Faura.png","contentUrl":"https:\/\/www.garciafaura.com\/wp-content\/uploads\/2018\/09\/Garcia-Faura.png","width":512,"height":512,"caption":"GARCIA FAURA"},"image":{"@id":"https:\/\/www.garciafaura.com\/fr\/#\/schema\/logo\/image\/"},"sameAs":["https:\/\/www.youtube.com\/user\/GARCIAFAURA"]},{"@type":"Person","@id":"https:\/\/www.garciafaura.com\/fr\/#\/schema\/person\/b4b75e69b33fac3446071909bec106b0","name":"David Achell","image":{"@type":"ImageObject","inLanguage":"es","@id":"https:\/\/www.garciafaura.com\/fr\/#\/schema\/person\/image\/","url":"https:\/\/secure.gravatar.com\/avatar\/03900210afc1f61bce737bcb4a79c02e2c997f171e3eca839b5a4cbe03846c90?s=96&d=blank&r=g","contentUrl":"https:\/\/secure.gravatar.com\/avatar\/03900210afc1f61bce737bcb4a79c02e2c997f171e3eca839b5a4cbe03846c90?s=96&d=blank&r=g","caption":"David Achell"}}]}},"_links":{"self":[{"href":"https:\/\/www.garciafaura.com\/es\/wp-json\/wp\/v2\/posts\/35583","targetHints":{"allow":["GET"]}}],"collection":[{"href":"https:\/\/www.garciafaura.com\/es\/wp-json\/wp\/v2\/posts"}],"about":[{"href":"https:\/\/www.garciafaura.com\/es\/wp-json\/wp\/v2\/types\/post"}],"author":[{"embeddable":true,"href":"https:\/\/www.garciafaura.com\/es\/wp-json\/wp\/v2\/users\/3"}],"replies":[{"embeddable":true,"href":"https:\/\/www.garciafaura.com\/es\/wp-json\/wp\/v2\/comments?post=35583"}],"version-history":[{"count":3,"href":"https:\/\/www.garciafaura.com\/es\/wp-json\/wp\/v2\/posts\/35583\/revisions"}],"predecessor-version":[{"id":35586,"href":"https:\/\/www.garciafaura.com\/es\/wp-json\/wp\/v2\/posts\/35583\/revisions\/35586"}],"wp:featuredmedia":[{"embeddable":true,"href":"https:\/\/www.garciafaura.com\/es\/wp-json\/wp\/v2\/media\/35571"}],"wp:attachment":[{"href":"https:\/\/www.garciafaura.com\/es\/wp-json\/wp\/v2\/media?parent=35583"}],"wp:term":[{"taxonomy":"category","embeddable":true,"href":"https:\/\/www.garciafaura.com\/es\/wp-json\/wp\/v2\/categories?post=35583"},{"taxonomy":"post_tag","embeddable":true,"href":"https:\/\/www.garciafaura.com\/es\/wp-json\/wp\/v2\/tags?post=35583"},{"taxonomy":"post_series","embeddable":true,"href":"https:\/\/www.garciafaura.com\/es\/wp-json\/wp\/v2\/post_series?post=35583"}],"curies":[{"name":"wp","href":"https:\/\/api.w.org\/{rel}","templated":true}]}}