{"id":35549,"date":"2024-03-04T12:07:30","date_gmt":"2024-03-04T10:07:30","guid":{"rendered":"https:\/\/www.garciafaura.com\/garcia-faura-renova-la-facana-del-colegio-valdeluz-de-madrid\/"},"modified":"2024-03-04T12:20:01","modified_gmt":"2024-03-04T10:20:01","slug":"garcia-faura-renova-la-facana-del-colegio-valdeluz-de-madrid","status":"publish","type":"post","link":"https:\/\/www.garciafaura.com\/es\/garcia-faura-renova-la-facana-del-colegio-valdeluz-de-madrid\/","title":{"rendered":"GARCIA FAURA renueva la fachada del Colegio Valdeluz de Madrid"},"content":{"rendered":"<h3 align=\"justify\"><span style=\"font-family: Arial, sans-serif;\"><b>El confort de las personas que usan un edificio es muy importante, m\u00e1s si hablamos de un centro educativo al que asisten alumnos desde educaci\u00f3n infantil hasta bachillerato. Por eso, Dragados y el Colegio Valdeluz han confiado en GARCIA FAURA para mejorar la eficiencia energ\u00e9tica de sus instalaciones educativas.<\/b><\/span><\/h3>\n<p align=\"justify\"><span style=\"font-family: Arial, sans-serif;\">El <strong>Colegio Valdeluz<\/strong> es una instituci\u00f3n educativa con m\u00e1s de cincuenta a\u00f1os de historia. Est\u00e1 situado en la calle Ferm\u00edn Caballero, en Madrid, en la zona norte de la capital espa\u00f1ola, en unos terrenos que ocupan m\u00e1s de 33.000 metros cuadrados entre edificios lectivos, deportivos y servicios.<\/span><\/p>\n<p align=\"justify\"><span style=\"font-family: Arial, sans-serif;\">A trav\u00e9s de un proyecto arquitect\u00f3nico del despacho formado por Antonio Zapatero y Ang\u00e9lica Holgu\u00edn, <strong>GARCIA FAURA<\/strong> est\u00e1 ejecutando la rehabilitaci\u00f3n de la <strong>fachada<\/strong> de las instalaciones de la escuela con el objetivo de mejorar la eficiencia energ\u00e9tica y ganar en bienestar tanto para el alumnado como para el profesorado.<\/span><\/p>\n<p align=\"justify\"><span style=\"font-family: Arial, sans-serif;\">Las obras consisten en la instalaci\u00f3n de un millar de metros cuadrados de <strong>revestimientos<\/strong>, formados por m\u00f3dulos de <strong>fachada<\/strong> de panel composite y celos\u00edas con lamas orientables de <strong>aluminio<\/strong>. Los paneles est\u00e1n formados por chapas exteriores de <strong>aluminio<\/strong> y un n\u00facleo interior formado por resinas con carga mineral, componente retardante del fuego y clasificaci\u00f3n internacional de alta resist\u00e8ncia B-s1-d0.<\/span><\/p>\n<p align=\"justify\"><span style=\"font-family: Arial, sans-serif;\"><strong>GARCIA FAURA<\/strong> tambi\u00e9n instalar\u00e1 en el centro educativo madrile\u00f1o 350 unidades de carpinter\u00eda de <strong>aluminio<\/strong> de hoja oculta con rotura de puente t\u00e9rmico y diferentes tipos de apertura, 1.400 metros cuadrados de acristalamientos y m\u00e1s de 3.000 metros lineales de coronaciones y dintel.<\/span><\/p>\n","protected":false},"excerpt":{"rendered":"<p>El confort de las personas que usan un edificio es muy importante, m\u00e1s si hablamos de un centro educativo al que asisten alumnos desde educaci\u00f3n infantil hasta bachillerato. Por eso, Dragados y el Colegio Valdeluz han confiado en GARCIA FAURA&hellip;<\/p>\n","protected":false},"author":3,"featured_media":35545,"comment_status":"closed","ping_status":"open","sticky":false,"template":"","format":"gallery","meta":{"footnotes":""},"categories":[3],"tags":[],"post_series":[],"class_list":["post-35549","post","type-post","status-publish","format-gallery","has-post-thumbnail","hentry","category-actualidad","post_format-post-format-gallery","entry","has-media"],"yoast_head":"<!-- This site is optimized with the Yoast SEO plugin v26.7 - https:\/\/yoast.com\/wordpress\/plugins\/seo\/ -->\n<title>GARCIA FAURA renueva la fachada del Colegio Valdeluz de Madrid - GARCIA FAURA<\/title>\n<meta name=\"description\" content=\"Arquitectura en Alumini, Inox, Ferro i Vidre\" \/>\n<meta name=\"robots\" content=\"index, follow, max-snippet:-1, max-image-preview:large, max-video-preview:-1\" \/>\n<link rel=\"canonical\" href=\"https:\/\/www.garciafaura.com\/es\/garcia-faura-renova-la-facana-del-colegio-valdeluz-de-madrid\/\" \/>\n<meta property=\"og:locale\" content=\"es_ES\" \/>\n<meta property=\"og:type\" content=\"article\" \/>\n<meta property=\"og:title\" content=\"GARCIA FAURA renueva la fachada del Colegio Valdeluz de Madrid - GARCIA FAURA\" \/>\n<meta property=\"og:description\" content=\"Arquitectura en Alumini, Inox, Ferro i Vidre\" \/>\n<meta property=\"og:url\" content=\"https:\/\/www.garciafaura.com\/es\/garcia-faura-renova-la-facana-del-colegio-valdeluz-de-madrid\/\" \/>\n<meta property=\"og:site_name\" content=\"GARCIA FAURA\" \/>\n<meta property=\"article:published_time\" content=\"2024-03-04T10:07:30+00:00\" \/>\n<meta property=\"article:modified_time\" content=\"2024-03-04T10:20:01+00:00\" \/>\n<meta property=\"og:image\" content=\"https:\/\/www.garciafaura.com\/wp-content\/uploads\/2024\/03\/VALELUZ-01.jpg\" \/>\n\t<meta property=\"og:image:width\" content=\"1200\" \/>\n\t<meta property=\"og:image:height\" content=\"628\" \/>\n\t<meta property=\"og:image:type\" content=\"image\/jpeg\" \/>\n<meta name=\"author\" content=\"David Achell\" \/>\n<meta name=\"twitter:card\" content=\"summary_large_image\" \/>\n<meta name=\"twitter:label1\" content=\"Escrito por\" \/>\n\t<meta name=\"twitter:data1\" content=\"David Achell\" \/>\n\t<meta name=\"twitter:label2\" content=\"Tiempo de lectura\" \/>\n\t<meta name=\"twitter:data2\" content=\"2 minutos\" \/>\n<script type=\"application\/ld+json\" class=\"yoast-schema-graph\">{\"@context\":\"https:\/\/schema.org\",\"@graph\":[{\"@type\":\"Article\",\"@id\":\"https:\/\/www.garciafaura.com\/es\/garcia-faura-renova-la-facana-del-colegio-valdeluz-de-madrid\/#article\",\"isPartOf\":{\"@id\":\"https:\/\/www.garciafaura.com\/es\/garcia-faura-renova-la-facana-del-colegio-valdeluz-de-madrid\/\"},\"author\":{\"name\":\"David Achell\",\"@id\":\"https:\/\/www.garciafaura.com\/fr\/#\/schema\/person\/b4b75e69b33fac3446071909bec106b0\"},\"headline\":\"GARCIA FAURA renueva la fachada del Colegio Valdeluz de Madrid\",\"datePublished\":\"2024-03-04T10:07:30+00:00\",\"dateModified\":\"2024-03-04T10:20:01+00:00\",\"mainEntityOfPage\":{\"@id\":\"https:\/\/www.garciafaura.com\/es\/garcia-faura-renova-la-facana-del-colegio-valdeluz-de-madrid\/\"},\"wordCount\":282,\"publisher\":{\"@id\":\"https:\/\/www.garciafaura.com\/fr\/#organization\"},\"image\":{\"@id\":\"https:\/\/www.garciafaura.com\/es\/garcia-faura-renova-la-facana-del-colegio-valdeluz-de-madrid\/#primaryimage\"},\"thumbnailUrl\":\"https:\/\/www.garciafaura.com\/wp-content\/uploads\/2024\/03\/VALELUZ-01.jpg\",\"articleSection\":[\"Actualidad\"],\"inLanguage\":\"es\"},{\"@type\":\"WebPage\",\"@id\":\"https:\/\/www.garciafaura.com\/es\/garcia-faura-renova-la-facana-del-colegio-valdeluz-de-madrid\/\",\"url\":\"https:\/\/www.garciafaura.com\/es\/garcia-faura-renova-la-facana-del-colegio-valdeluz-de-madrid\/\",\"name\":\"GARCIA FAURA renueva la fachada del Colegio Valdeluz de Madrid - GARCIA FAURA\",\"isPartOf\":{\"@id\":\"https:\/\/www.garciafaura.com\/fr\/#website\"},\"primaryImageOfPage\":{\"@id\":\"https:\/\/www.garciafaura.com\/es\/garcia-faura-renova-la-facana-del-colegio-valdeluz-de-madrid\/#primaryimage\"},\"image\":{\"@id\":\"https:\/\/www.garciafaura.com\/es\/garcia-faura-renova-la-facana-del-colegio-valdeluz-de-madrid\/#primaryimage\"},\"thumbnailUrl\":\"https:\/\/www.garciafaura.com\/wp-content\/uploads\/2024\/03\/VALELUZ-01.jpg\",\"datePublished\":\"2024-03-04T10:07:30+00:00\",\"dateModified\":\"2024-03-04T10:20:01+00:00\",\"description\":\"Arquitectura en Alumini, Inox, Ferro i Vidre\",\"breadcrumb\":{\"@id\":\"https:\/\/www.garciafaura.com\/es\/garcia-faura-renova-la-facana-del-colegio-valdeluz-de-madrid\/#breadcrumb\"},\"inLanguage\":\"es\",\"potentialAction\":[{\"@type\":\"ReadAction\",\"target\":[\"https:\/\/www.garciafaura.com\/es\/garcia-faura-renova-la-facana-del-colegio-valdeluz-de-madrid\/\"]}]},{\"@type\":\"ImageObject\",\"inLanguage\":\"es\",\"@id\":\"https:\/\/www.garciafaura.com\/es\/garcia-faura-renova-la-facana-del-colegio-valdeluz-de-madrid\/#primaryimage\",\"url\":\"https:\/\/www.garciafaura.com\/wp-content\/uploads\/2024\/03\/VALELUZ-01.jpg\",\"contentUrl\":\"https:\/\/www.garciafaura.com\/wp-content\/uploads\/2024\/03\/VALELUZ-01.jpg\",\"width\":1200,\"height\":628},{\"@type\":\"BreadcrumbList\",\"@id\":\"https:\/\/www.garciafaura.com\/es\/garcia-faura-renova-la-facana-del-colegio-valdeluz-de-madrid\/#breadcrumb\",\"itemListElement\":[{\"@type\":\"ListItem\",\"position\":1,\"name\":\"Inici\",\"item\":\"https:\/\/www.garciafaura.com\/es\/\"},{\"@type\":\"ListItem\",\"position\":2,\"name\":\"GARCIA FAURA renueva la fachada del Colegio Valdeluz de Madrid\"}]},{\"@type\":\"WebSite\",\"@id\":\"https:\/\/www.garciafaura.com\/fr\/#website\",\"url\":\"https:\/\/www.garciafaura.com\/fr\/\",\"name\":\"GARCIA FAURA\",\"description\":\"Arquitectura en Alumini, Inox, Ferro i Vidre\",\"publisher\":{\"@id\":\"https:\/\/www.garciafaura.com\/fr\/#organization\"},\"potentialAction\":[{\"@type\":\"SearchAction\",\"target\":{\"@type\":\"EntryPoint\",\"urlTemplate\":\"https:\/\/www.garciafaura.com\/fr\/?s={search_term_string}\"},\"query-input\":{\"@type\":\"PropertyValueSpecification\",\"valueRequired\":true,\"valueName\":\"search_term_string\"}}],\"inLanguage\":\"es\"},{\"@type\":\"Organization\",\"@id\":\"https:\/\/www.garciafaura.com\/fr\/#organization\",\"name\":\"GARCIA FAURA\",\"url\":\"https:\/\/www.garciafaura.com\/fr\/\",\"logo\":{\"@type\":\"ImageObject\",\"inLanguage\":\"es\",\"@id\":\"https:\/\/www.garciafaura.com\/fr\/#\/schema\/logo\/image\/\",\"url\":\"https:\/\/www.garciafaura.com\/wp-content\/uploads\/2018\/09\/Garcia-Faura.png\",\"contentUrl\":\"https:\/\/www.garciafaura.com\/wp-content\/uploads\/2018\/09\/Garcia-Faura.png\",\"width\":512,\"height\":512,\"caption\":\"GARCIA FAURA\"},\"image\":{\"@id\":\"https:\/\/www.garciafaura.com\/fr\/#\/schema\/logo\/image\/\"},\"sameAs\":[\"https:\/\/www.youtube.com\/user\/GARCIAFAURA\"]},{\"@type\":\"Person\",\"@id\":\"https:\/\/www.garciafaura.com\/fr\/#\/schema\/person\/b4b75e69b33fac3446071909bec106b0\",\"name\":\"David Achell\",\"image\":{\"@type\":\"ImageObject\",\"inLanguage\":\"es\",\"@id\":\"https:\/\/www.garciafaura.com\/fr\/#\/schema\/person\/image\/\",\"url\":\"https:\/\/secure.gravatar.com\/avatar\/03900210afc1f61bce737bcb4a79c02e2c997f171e3eca839b5a4cbe03846c90?s=96&d=blank&r=g\",\"contentUrl\":\"https:\/\/secure.gravatar.com\/avatar\/03900210afc1f61bce737bcb4a79c02e2c997f171e3eca839b5a4cbe03846c90?s=96&d=blank&r=g\",\"caption\":\"David Achell\"}}]}<\/script>\n<!-- \/ Yoast SEO plugin. -->","yoast_head_json":{"title":"GARCIA FAURA renueva la fachada del Colegio Valdeluz de Madrid - GARCIA FAURA","description":"Arquitectura en Alumini, Inox, Ferro i Vidre","robots":{"index":"index","follow":"follow","max-snippet":"max-snippet:-1","max-image-preview":"max-image-preview:large","max-video-preview":"max-video-preview:-1"},"canonical":"https:\/\/www.garciafaura.com\/es\/garcia-faura-renova-la-facana-del-colegio-valdeluz-de-madrid\/","og_locale":"es_ES","og_type":"article","og_title":"GARCIA FAURA renueva la fachada del Colegio Valdeluz de Madrid - GARCIA FAURA","og_description":"Arquitectura en Alumini, Inox, Ferro i Vidre","og_url":"https:\/\/www.garciafaura.com\/es\/garcia-faura-renova-la-facana-del-colegio-valdeluz-de-madrid\/","og_site_name":"GARCIA FAURA","article_published_time":"2024-03-04T10:07:30+00:00","article_modified_time":"2024-03-04T10:20:01+00:00","og_image":[{"width":1200,"height":628,"url":"https:\/\/www.garciafaura.com\/wp-content\/uploads\/2024\/03\/VALELUZ-01.jpg","type":"image\/jpeg"}],"author":"David Achell","twitter_card":"summary_large_image","twitter_misc":{"Escrito por":"David Achell","Tiempo de lectura":"2 minutos"},"schema":{"@context":"https:\/\/schema.org","@graph":[{"@type":"Article","@id":"https:\/\/www.garciafaura.com\/es\/garcia-faura-renova-la-facana-del-colegio-valdeluz-de-madrid\/#article","isPartOf":{"@id":"https:\/\/www.garciafaura.com\/es\/garcia-faura-renova-la-facana-del-colegio-valdeluz-de-madrid\/"},"author":{"name":"David Achell","@id":"https:\/\/www.garciafaura.com\/fr\/#\/schema\/person\/b4b75e69b33fac3446071909bec106b0"},"headline":"GARCIA FAURA renueva la fachada del Colegio Valdeluz de Madrid","datePublished":"2024-03-04T10:07:30+00:00","dateModified":"2024-03-04T10:20:01+00:00","mainEntityOfPage":{"@id":"https:\/\/www.garciafaura.com\/es\/garcia-faura-renova-la-facana-del-colegio-valdeluz-de-madrid\/"},"wordCount":282,"publisher":{"@id":"https:\/\/www.garciafaura.com\/fr\/#organization"},"image":{"@id":"https:\/\/www.garciafaura.com\/es\/garcia-faura-renova-la-facana-del-colegio-valdeluz-de-madrid\/#primaryimage"},"thumbnailUrl":"https:\/\/www.garciafaura.com\/wp-content\/uploads\/2024\/03\/VALELUZ-01.jpg","articleSection":["Actualidad"],"inLanguage":"es"},{"@type":"WebPage","@id":"https:\/\/www.garciafaura.com\/es\/garcia-faura-renova-la-facana-del-colegio-valdeluz-de-madrid\/","url":"https:\/\/www.garciafaura.com\/es\/garcia-faura-renova-la-facana-del-colegio-valdeluz-de-madrid\/","name":"GARCIA FAURA renueva la fachada del Colegio Valdeluz de Madrid - GARCIA FAURA","isPartOf":{"@id":"https:\/\/www.garciafaura.com\/fr\/#website"},"primaryImageOfPage":{"@id":"https:\/\/www.garciafaura.com\/es\/garcia-faura-renova-la-facana-del-colegio-valdeluz-de-madrid\/#primaryimage"},"image":{"@id":"https:\/\/www.garciafaura.com\/es\/garcia-faura-renova-la-facana-del-colegio-valdeluz-de-madrid\/#primaryimage"},"thumbnailUrl":"https:\/\/www.garciafaura.com\/wp-content\/uploads\/2024\/03\/VALELUZ-01.jpg","datePublished":"2024-03-04T10:07:30+00:00","dateModified":"2024-03-04T10:20:01+00:00","description":"Arquitectura en Alumini, Inox, Ferro i Vidre","breadcrumb":{"@id":"https:\/\/www.garciafaura.com\/es\/garcia-faura-renova-la-facana-del-colegio-valdeluz-de-madrid\/#breadcrumb"},"inLanguage":"es","potentialAction":[{"@type":"ReadAction","target":["https:\/\/www.garciafaura.com\/es\/garcia-faura-renova-la-facana-del-colegio-valdeluz-de-madrid\/"]}]},{"@type":"ImageObject","inLanguage":"es","@id":"https:\/\/www.garciafaura.com\/es\/garcia-faura-renova-la-facana-del-colegio-valdeluz-de-madrid\/#primaryimage","url":"https:\/\/www.garciafaura.com\/wp-content\/uploads\/2024\/03\/VALELUZ-01.jpg","contentUrl":"https:\/\/www.garciafaura.com\/wp-content\/uploads\/2024\/03\/VALELUZ-01.jpg","width":1200,"height":628},{"@type":"BreadcrumbList","@id":"https:\/\/www.garciafaura.com\/es\/garcia-faura-renova-la-facana-del-colegio-valdeluz-de-madrid\/#breadcrumb","itemListElement":[{"@type":"ListItem","position":1,"name":"Inici","item":"https:\/\/www.garciafaura.com\/es\/"},{"@type":"ListItem","position":2,"name":"GARCIA FAURA renueva la fachada del Colegio Valdeluz de Madrid"}]},{"@type":"WebSite","@id":"https:\/\/www.garciafaura.com\/fr\/#website","url":"https:\/\/www.garciafaura.com\/fr\/","name":"GARCIA FAURA","description":"Arquitectura en Alumini, Inox, Ferro i Vidre","publisher":{"@id":"https:\/\/www.garciafaura.com\/fr\/#organization"},"potentialAction":[{"@type":"SearchAction","target":{"@type":"EntryPoint","urlTemplate":"https:\/\/www.garciafaura.com\/fr\/?s={search_term_string}"},"query-input":{"@type":"PropertyValueSpecification","valueRequired":true,"valueName":"search_term_string"}}],"inLanguage":"es"},{"@type":"Organization","@id":"https:\/\/www.garciafaura.com\/fr\/#organization","name":"GARCIA FAURA","url":"https:\/\/www.garciafaura.com\/fr\/","logo":{"@type":"ImageObject","inLanguage":"es","@id":"https:\/\/www.garciafaura.com\/fr\/#\/schema\/logo\/image\/","url":"https:\/\/www.garciafaura.com\/wp-content\/uploads\/2018\/09\/Garcia-Faura.png","contentUrl":"https:\/\/www.garciafaura.com\/wp-content\/uploads\/2018\/09\/Garcia-Faura.png","width":512,"height":512,"caption":"GARCIA FAURA"},"image":{"@id":"https:\/\/www.garciafaura.com\/fr\/#\/schema\/logo\/image\/"},"sameAs":["https:\/\/www.youtube.com\/user\/GARCIAFAURA"]},{"@type":"Person","@id":"https:\/\/www.garciafaura.com\/fr\/#\/schema\/person\/b4b75e69b33fac3446071909bec106b0","name":"David Achell","image":{"@type":"ImageObject","inLanguage":"es","@id":"https:\/\/www.garciafaura.com\/fr\/#\/schema\/person\/image\/","url":"https:\/\/secure.gravatar.com\/avatar\/03900210afc1f61bce737bcb4a79c02e2c997f171e3eca839b5a4cbe03846c90?s=96&d=blank&r=g","contentUrl":"https:\/\/secure.gravatar.com\/avatar\/03900210afc1f61bce737bcb4a79c02e2c997f171e3eca839b5a4cbe03846c90?s=96&d=blank&r=g","caption":"David Achell"}}]}},"_links":{"self":[{"href":"https:\/\/www.garciafaura.com\/es\/wp-json\/wp\/v2\/posts\/35549","targetHints":{"allow":["GET"]}}],"collection":[{"href":"https:\/\/www.garciafaura.com\/es\/wp-json\/wp\/v2\/posts"}],"about":[{"href":"https:\/\/www.garciafaura.com\/es\/wp-json\/wp\/v2\/types\/post"}],"author":[{"embeddable":true,"href":"https:\/\/www.garciafaura.com\/es\/wp-json\/wp\/v2\/users\/3"}],"replies":[{"embeddable":true,"href":"https:\/\/www.garciafaura.com\/es\/wp-json\/wp\/v2\/comments?post=35549"}],"version-history":[{"count":2,"href":"https:\/\/www.garciafaura.com\/es\/wp-json\/wp\/v2\/posts\/35549\/revisions"}],"predecessor-version":[{"id":35551,"href":"https:\/\/www.garciafaura.com\/es\/wp-json\/wp\/v2\/posts\/35549\/revisions\/35551"}],"wp:featuredmedia":[{"embeddable":true,"href":"https:\/\/www.garciafaura.com\/es\/wp-json\/wp\/v2\/media\/35545"}],"wp:attachment":[{"href":"https:\/\/www.garciafaura.com\/es\/wp-json\/wp\/v2\/media?parent=35549"}],"wp:term":[{"taxonomy":"category","embeddable":true,"href":"https:\/\/www.garciafaura.com\/es\/wp-json\/wp\/v2\/categories?post=35549"},{"taxonomy":"post_tag","embeddable":true,"href":"https:\/\/www.garciafaura.com\/es\/wp-json\/wp\/v2\/tags?post=35549"},{"taxonomy":"post_series","embeddable":true,"href":"https:\/\/www.garciafaura.com\/es\/wp-json\/wp\/v2\/post_series?post=35549"}],"curies":[{"name":"wp","href":"https:\/\/api.w.org\/{rel}","templated":true}]}}