{"id":34410,"date":"2024-01-08T16:25:18","date_gmt":"2024-01-08T14:25:18","guid":{"rendered":"https:\/\/www.garciafaura.com\/garcia-faura-vesteix-els-habitatges-de-ricardo-bofill-a-platja-daro\/"},"modified":"2024-01-08T16:34:58","modified_gmt":"2024-01-08T14:34:58","slug":"garcia-faura-vesteix-els-habitatges-de-ricardo-bofill-a-platja-daro","status":"publish","type":"post","link":"https:\/\/www.garciafaura.com\/es\/garcia-faura-vesteix-els-habitatges-de-ricardo-bofill-a-platja-daro\/","title":{"rendered":"GARCIA FAURA viste las viviendas de Ricardo Bofill en Platja d&#8217;Aro"},"content":{"rendered":"<h3 style=\"text-align: justify;\">La promoci\u00f3n de viviendas proyectada por el Taller de Arquitectura Ricardo Bofill ha confiado en GARCIA FAURA para dotar de confort y altas prestaciones t\u00e9cnicas a esta promoci\u00f3n que se est\u00e1 levantando en primera l\u00ednea de mar en la Costa Brava.<\/h3>\n<p style=\"text-align: justify;\">En primera l\u00ednea de mar de la Costa Brava se est\u00e1 levantando una nueva construcci\u00f3n desarrollada por el reconocido despacho Ricardo Bofill Taller de Arquitectura. Se trata de una promoci\u00f3n de Kronos Homes, de 85 viviendas en el municipio de Platja d&#8217;Aro (Girona).<\/p>\n<p style=\"text-align: justify;\">El proyecto presenta unas viviendas sostenibles y eficientes, con un dise\u00f1o di\u00e1fano, de estilo moderno y con una cuidada distribuci\u00f3n interior para ofrecer la m\u00e1xima comodidad posible y tambi\u00e9n la m\u00e1xima cantidad de luz natural, gracias a los grandes ventanales orientados al mar.<\/p>\n<p style=\"text-align: justify;\"><strong>GARCIA FAURA<\/strong> fabrica e instala 480 cerramientos exteriores de aluminio con rotura de puente t\u00e9rmico y diferentes tipos de apertura, en funci\u00f3n de las necesidades del proyecto. Tambi\u00e9n contar\u00e1 con m\u00e1s de 2.600 metros cuadrados de vidrier\u00eda de baja emisividad y aislamiento ac\u00fastico.<\/p>\n<p style=\"text-align: justify;\">Los trabajos tambi\u00e9n contemplan el revestimiento exterior de los edificios mediante paneles de vidrio, con m\u00e1s de 6.700 metros cuadrados de superficie, as\u00ed como el conjunto de barandillas exteriores, obra tambi\u00e9n de <strong>GARCIA FAURA<\/strong>.<\/p>\n","protected":false},"excerpt":{"rendered":"<p>La promoci\u00f3n de viviendas proyectada por el Taller de Arquitectura Ricardo Bofill ha confiado en GARCIA FAURA para dotar de confort y altas prestaciones t\u00e9cnicas a esta promoci\u00f3n que se est\u00e1 levantando en primera l\u00ednea de mar en la Costa&hellip;<\/p>\n","protected":false},"author":3,"featured_media":33448,"comment_status":"closed","ping_status":"open","sticky":false,"template":"","format":"gallery","meta":{"footnotes":""},"categories":[3],"tags":[],"post_series":[],"class_list":["post-34410","post","type-post","status-publish","format-gallery","has-post-thumbnail","hentry","category-actualidad","post_format-post-format-gallery","entry","has-media"],"yoast_head":"<!-- This site is optimized with the Yoast SEO plugin v26.7 - https:\/\/yoast.com\/wordpress\/plugins\/seo\/ -->\n<title>GARCIA FAURA viste las viviendas de Ricardo Bofill en Platja d&#039;Aro - GARCIA FAURA<\/title>\n<meta name=\"description\" content=\"Arquitectura en Alumini, Inox, Ferro i Vidre\" \/>\n<meta name=\"robots\" content=\"index, follow, max-snippet:-1, max-image-preview:large, max-video-preview:-1\" \/>\n<link rel=\"canonical\" href=\"https:\/\/www.garciafaura.com\/es\/garcia-faura-vesteix-els-habitatges-de-ricardo-bofill-a-platja-daro\/\" \/>\n<meta property=\"og:locale\" content=\"es_ES\" \/>\n<meta property=\"og:type\" content=\"article\" \/>\n<meta property=\"og:title\" content=\"GARCIA FAURA viste las viviendas de Ricardo Bofill en Platja d&#039;Aro - GARCIA FAURA\" \/>\n<meta property=\"og:description\" content=\"Arquitectura en Alumini, Inox, Ferro i Vidre\" \/>\n<meta property=\"og:url\" content=\"https:\/\/www.garciafaura.com\/es\/garcia-faura-vesteix-els-habitatges-de-ricardo-bofill-a-platja-daro\/\" \/>\n<meta property=\"og:site_name\" content=\"GARCIA FAURA\" \/>\n<meta property=\"article:published_time\" content=\"2024-01-08T14:25:18+00:00\" \/>\n<meta property=\"article:modified_time\" content=\"2024-01-08T14:34:58+00:00\" \/>\n<meta property=\"og:image\" content=\"https:\/\/www.garciafaura.com\/wp-content\/uploads\/2023\/10\/BravaPlatjaAro_03a.jpg\" \/>\n\t<meta property=\"og:image:width\" content=\"1200\" \/>\n\t<meta property=\"og:image:height\" content=\"628\" \/>\n\t<meta property=\"og:image:type\" content=\"image\/jpeg\" \/>\n<meta name=\"author\" content=\"David Achell\" \/>\n<meta name=\"twitter:card\" content=\"summary_large_image\" \/>\n<meta name=\"twitter:label1\" content=\"Escrito por\" \/>\n\t<meta name=\"twitter:data1\" content=\"David Achell\" \/>\n\t<meta name=\"twitter:label2\" content=\"Tiempo de lectura\" \/>\n\t<meta name=\"twitter:data2\" content=\"2 minutos\" \/>\n<script type=\"application\/ld+json\" class=\"yoast-schema-graph\">{\"@context\":\"https:\/\/schema.org\",\"@graph\":[{\"@type\":\"Article\",\"@id\":\"https:\/\/www.garciafaura.com\/es\/garcia-faura-vesteix-els-habitatges-de-ricardo-bofill-a-platja-daro\/#article\",\"isPartOf\":{\"@id\":\"https:\/\/www.garciafaura.com\/es\/garcia-faura-vesteix-els-habitatges-de-ricardo-bofill-a-platja-daro\/\"},\"author\":{\"name\":\"David Achell\",\"@id\":\"https:\/\/www.garciafaura.com\/fr\/#\/schema\/person\/b4b75e69b33fac3446071909bec106b0\"},\"headline\":\"GARCIA FAURA viste las viviendas de Ricardo Bofill en Platja d&#8217;Aro\",\"datePublished\":\"2024-01-08T14:25:18+00:00\",\"dateModified\":\"2024-01-08T14:34:58+00:00\",\"mainEntityOfPage\":{\"@id\":\"https:\/\/www.garciafaura.com\/es\/garcia-faura-vesteix-els-habitatges-de-ricardo-bofill-a-platja-daro\/\"},\"wordCount\":235,\"publisher\":{\"@id\":\"https:\/\/www.garciafaura.com\/fr\/#organization\"},\"image\":{\"@id\":\"https:\/\/www.garciafaura.com\/es\/garcia-faura-vesteix-els-habitatges-de-ricardo-bofill-a-platja-daro\/#primaryimage\"},\"thumbnailUrl\":\"https:\/\/www.garciafaura.com\/wp-content\/uploads\/2023\/10\/BravaPlatjaAro_03a.jpg\",\"articleSection\":[\"Actualidad\"],\"inLanguage\":\"es\"},{\"@type\":\"WebPage\",\"@id\":\"https:\/\/www.garciafaura.com\/es\/garcia-faura-vesteix-els-habitatges-de-ricardo-bofill-a-platja-daro\/\",\"url\":\"https:\/\/www.garciafaura.com\/es\/garcia-faura-vesteix-els-habitatges-de-ricardo-bofill-a-platja-daro\/\",\"name\":\"GARCIA FAURA viste las viviendas de Ricardo Bofill en Platja d'Aro - GARCIA FAURA\",\"isPartOf\":{\"@id\":\"https:\/\/www.garciafaura.com\/fr\/#website\"},\"primaryImageOfPage\":{\"@id\":\"https:\/\/www.garciafaura.com\/es\/garcia-faura-vesteix-els-habitatges-de-ricardo-bofill-a-platja-daro\/#primaryimage\"},\"image\":{\"@id\":\"https:\/\/www.garciafaura.com\/es\/garcia-faura-vesteix-els-habitatges-de-ricardo-bofill-a-platja-daro\/#primaryimage\"},\"thumbnailUrl\":\"https:\/\/www.garciafaura.com\/wp-content\/uploads\/2023\/10\/BravaPlatjaAro_03a.jpg\",\"datePublished\":\"2024-01-08T14:25:18+00:00\",\"dateModified\":\"2024-01-08T14:34:58+00:00\",\"description\":\"Arquitectura en Alumini, Inox, Ferro i Vidre\",\"breadcrumb\":{\"@id\":\"https:\/\/www.garciafaura.com\/es\/garcia-faura-vesteix-els-habitatges-de-ricardo-bofill-a-platja-daro\/#breadcrumb\"},\"inLanguage\":\"es\",\"potentialAction\":[{\"@type\":\"ReadAction\",\"target\":[\"https:\/\/www.garciafaura.com\/es\/garcia-faura-vesteix-els-habitatges-de-ricardo-bofill-a-platja-daro\/\"]}]},{\"@type\":\"ImageObject\",\"inLanguage\":\"es\",\"@id\":\"https:\/\/www.garciafaura.com\/es\/garcia-faura-vesteix-els-habitatges-de-ricardo-bofill-a-platja-daro\/#primaryimage\",\"url\":\"https:\/\/www.garciafaura.com\/wp-content\/uploads\/2023\/10\/BravaPlatjaAro_03a.jpg\",\"contentUrl\":\"https:\/\/www.garciafaura.com\/wp-content\/uploads\/2023\/10\/BravaPlatjaAro_03a.jpg\",\"width\":1200,\"height\":628},{\"@type\":\"BreadcrumbList\",\"@id\":\"https:\/\/www.garciafaura.com\/es\/garcia-faura-vesteix-els-habitatges-de-ricardo-bofill-a-platja-daro\/#breadcrumb\",\"itemListElement\":[{\"@type\":\"ListItem\",\"position\":1,\"name\":\"Inici\",\"item\":\"https:\/\/www.garciafaura.com\/es\/\"},{\"@type\":\"ListItem\",\"position\":2,\"name\":\"GARCIA FAURA viste las viviendas de Ricardo Bofill en Platja d&#8217;Aro\"}]},{\"@type\":\"WebSite\",\"@id\":\"https:\/\/www.garciafaura.com\/fr\/#website\",\"url\":\"https:\/\/www.garciafaura.com\/fr\/\",\"name\":\"GARCIA FAURA\",\"description\":\"Arquitectura en Alumini, Inox, Ferro i Vidre\",\"publisher\":{\"@id\":\"https:\/\/www.garciafaura.com\/fr\/#organization\"},\"potentialAction\":[{\"@type\":\"SearchAction\",\"target\":{\"@type\":\"EntryPoint\",\"urlTemplate\":\"https:\/\/www.garciafaura.com\/fr\/?s={search_term_string}\"},\"query-input\":{\"@type\":\"PropertyValueSpecification\",\"valueRequired\":true,\"valueName\":\"search_term_string\"}}],\"inLanguage\":\"es\"},{\"@type\":\"Organization\",\"@id\":\"https:\/\/www.garciafaura.com\/fr\/#organization\",\"name\":\"GARCIA FAURA\",\"url\":\"https:\/\/www.garciafaura.com\/fr\/\",\"logo\":{\"@type\":\"ImageObject\",\"inLanguage\":\"es\",\"@id\":\"https:\/\/www.garciafaura.com\/fr\/#\/schema\/logo\/image\/\",\"url\":\"https:\/\/www.garciafaura.com\/wp-content\/uploads\/2018\/09\/Garcia-Faura.png\",\"contentUrl\":\"https:\/\/www.garciafaura.com\/wp-content\/uploads\/2018\/09\/Garcia-Faura.png\",\"width\":512,\"height\":512,\"caption\":\"GARCIA FAURA\"},\"image\":{\"@id\":\"https:\/\/www.garciafaura.com\/fr\/#\/schema\/logo\/image\/\"},\"sameAs\":[\"https:\/\/www.youtube.com\/user\/GARCIAFAURA\"]},{\"@type\":\"Person\",\"@id\":\"https:\/\/www.garciafaura.com\/fr\/#\/schema\/person\/b4b75e69b33fac3446071909bec106b0\",\"name\":\"David Achell\",\"image\":{\"@type\":\"ImageObject\",\"inLanguage\":\"es\",\"@id\":\"https:\/\/www.garciafaura.com\/fr\/#\/schema\/person\/image\/\",\"url\":\"https:\/\/secure.gravatar.com\/avatar\/03900210afc1f61bce737bcb4a79c02e2c997f171e3eca839b5a4cbe03846c90?s=96&d=blank&r=g\",\"contentUrl\":\"https:\/\/secure.gravatar.com\/avatar\/03900210afc1f61bce737bcb4a79c02e2c997f171e3eca839b5a4cbe03846c90?s=96&d=blank&r=g\",\"caption\":\"David Achell\"}}]}<\/script>\n<!-- \/ Yoast SEO plugin. -->","yoast_head_json":{"title":"GARCIA FAURA viste las viviendas de Ricardo Bofill en Platja d'Aro - GARCIA FAURA","description":"Arquitectura en Alumini, Inox, Ferro i Vidre","robots":{"index":"index","follow":"follow","max-snippet":"max-snippet:-1","max-image-preview":"max-image-preview:large","max-video-preview":"max-video-preview:-1"},"canonical":"https:\/\/www.garciafaura.com\/es\/garcia-faura-vesteix-els-habitatges-de-ricardo-bofill-a-platja-daro\/","og_locale":"es_ES","og_type":"article","og_title":"GARCIA FAURA viste las viviendas de Ricardo Bofill en Platja d'Aro - GARCIA FAURA","og_description":"Arquitectura en Alumini, Inox, Ferro i Vidre","og_url":"https:\/\/www.garciafaura.com\/es\/garcia-faura-vesteix-els-habitatges-de-ricardo-bofill-a-platja-daro\/","og_site_name":"GARCIA FAURA","article_published_time":"2024-01-08T14:25:18+00:00","article_modified_time":"2024-01-08T14:34:58+00:00","og_image":[{"width":1200,"height":628,"url":"https:\/\/www.garciafaura.com\/wp-content\/uploads\/2023\/10\/BravaPlatjaAro_03a.jpg","type":"image\/jpeg"}],"author":"David Achell","twitter_card":"summary_large_image","twitter_misc":{"Escrito por":"David Achell","Tiempo de lectura":"2 minutos"},"schema":{"@context":"https:\/\/schema.org","@graph":[{"@type":"Article","@id":"https:\/\/www.garciafaura.com\/es\/garcia-faura-vesteix-els-habitatges-de-ricardo-bofill-a-platja-daro\/#article","isPartOf":{"@id":"https:\/\/www.garciafaura.com\/es\/garcia-faura-vesteix-els-habitatges-de-ricardo-bofill-a-platja-daro\/"},"author":{"name":"David Achell","@id":"https:\/\/www.garciafaura.com\/fr\/#\/schema\/person\/b4b75e69b33fac3446071909bec106b0"},"headline":"GARCIA FAURA viste las viviendas de Ricardo Bofill en Platja d&#8217;Aro","datePublished":"2024-01-08T14:25:18+00:00","dateModified":"2024-01-08T14:34:58+00:00","mainEntityOfPage":{"@id":"https:\/\/www.garciafaura.com\/es\/garcia-faura-vesteix-els-habitatges-de-ricardo-bofill-a-platja-daro\/"},"wordCount":235,"publisher":{"@id":"https:\/\/www.garciafaura.com\/fr\/#organization"},"image":{"@id":"https:\/\/www.garciafaura.com\/es\/garcia-faura-vesteix-els-habitatges-de-ricardo-bofill-a-platja-daro\/#primaryimage"},"thumbnailUrl":"https:\/\/www.garciafaura.com\/wp-content\/uploads\/2023\/10\/BravaPlatjaAro_03a.jpg","articleSection":["Actualidad"],"inLanguage":"es"},{"@type":"WebPage","@id":"https:\/\/www.garciafaura.com\/es\/garcia-faura-vesteix-els-habitatges-de-ricardo-bofill-a-platja-daro\/","url":"https:\/\/www.garciafaura.com\/es\/garcia-faura-vesteix-els-habitatges-de-ricardo-bofill-a-platja-daro\/","name":"GARCIA FAURA viste las viviendas de Ricardo Bofill en Platja d'Aro - GARCIA FAURA","isPartOf":{"@id":"https:\/\/www.garciafaura.com\/fr\/#website"},"primaryImageOfPage":{"@id":"https:\/\/www.garciafaura.com\/es\/garcia-faura-vesteix-els-habitatges-de-ricardo-bofill-a-platja-daro\/#primaryimage"},"image":{"@id":"https:\/\/www.garciafaura.com\/es\/garcia-faura-vesteix-els-habitatges-de-ricardo-bofill-a-platja-daro\/#primaryimage"},"thumbnailUrl":"https:\/\/www.garciafaura.com\/wp-content\/uploads\/2023\/10\/BravaPlatjaAro_03a.jpg","datePublished":"2024-01-08T14:25:18+00:00","dateModified":"2024-01-08T14:34:58+00:00","description":"Arquitectura en Alumini, Inox, Ferro i Vidre","breadcrumb":{"@id":"https:\/\/www.garciafaura.com\/es\/garcia-faura-vesteix-els-habitatges-de-ricardo-bofill-a-platja-daro\/#breadcrumb"},"inLanguage":"es","potentialAction":[{"@type":"ReadAction","target":["https:\/\/www.garciafaura.com\/es\/garcia-faura-vesteix-els-habitatges-de-ricardo-bofill-a-platja-daro\/"]}]},{"@type":"ImageObject","inLanguage":"es","@id":"https:\/\/www.garciafaura.com\/es\/garcia-faura-vesteix-els-habitatges-de-ricardo-bofill-a-platja-daro\/#primaryimage","url":"https:\/\/www.garciafaura.com\/wp-content\/uploads\/2023\/10\/BravaPlatjaAro_03a.jpg","contentUrl":"https:\/\/www.garciafaura.com\/wp-content\/uploads\/2023\/10\/BravaPlatjaAro_03a.jpg","width":1200,"height":628},{"@type":"BreadcrumbList","@id":"https:\/\/www.garciafaura.com\/es\/garcia-faura-vesteix-els-habitatges-de-ricardo-bofill-a-platja-daro\/#breadcrumb","itemListElement":[{"@type":"ListItem","position":1,"name":"Inici","item":"https:\/\/www.garciafaura.com\/es\/"},{"@type":"ListItem","position":2,"name":"GARCIA FAURA viste las viviendas de Ricardo Bofill en Platja d&#8217;Aro"}]},{"@type":"WebSite","@id":"https:\/\/www.garciafaura.com\/fr\/#website","url":"https:\/\/www.garciafaura.com\/fr\/","name":"GARCIA FAURA","description":"Arquitectura en Alumini, Inox, Ferro i Vidre","publisher":{"@id":"https:\/\/www.garciafaura.com\/fr\/#organization"},"potentialAction":[{"@type":"SearchAction","target":{"@type":"EntryPoint","urlTemplate":"https:\/\/www.garciafaura.com\/fr\/?s={search_term_string}"},"query-input":{"@type":"PropertyValueSpecification","valueRequired":true,"valueName":"search_term_string"}}],"inLanguage":"es"},{"@type":"Organization","@id":"https:\/\/www.garciafaura.com\/fr\/#organization","name":"GARCIA FAURA","url":"https:\/\/www.garciafaura.com\/fr\/","logo":{"@type":"ImageObject","inLanguage":"es","@id":"https:\/\/www.garciafaura.com\/fr\/#\/schema\/logo\/image\/","url":"https:\/\/www.garciafaura.com\/wp-content\/uploads\/2018\/09\/Garcia-Faura.png","contentUrl":"https:\/\/www.garciafaura.com\/wp-content\/uploads\/2018\/09\/Garcia-Faura.png","width":512,"height":512,"caption":"GARCIA FAURA"},"image":{"@id":"https:\/\/www.garciafaura.com\/fr\/#\/schema\/logo\/image\/"},"sameAs":["https:\/\/www.youtube.com\/user\/GARCIAFAURA"]},{"@type":"Person","@id":"https:\/\/www.garciafaura.com\/fr\/#\/schema\/person\/b4b75e69b33fac3446071909bec106b0","name":"David Achell","image":{"@type":"ImageObject","inLanguage":"es","@id":"https:\/\/www.garciafaura.com\/fr\/#\/schema\/person\/image\/","url":"https:\/\/secure.gravatar.com\/avatar\/03900210afc1f61bce737bcb4a79c02e2c997f171e3eca839b5a4cbe03846c90?s=96&d=blank&r=g","contentUrl":"https:\/\/secure.gravatar.com\/avatar\/03900210afc1f61bce737bcb4a79c02e2c997f171e3eca839b5a4cbe03846c90?s=96&d=blank&r=g","caption":"David Achell"}}]}},"_links":{"self":[{"href":"https:\/\/www.garciafaura.com\/es\/wp-json\/wp\/v2\/posts\/34410","targetHints":{"allow":["GET"]}}],"collection":[{"href":"https:\/\/www.garciafaura.com\/es\/wp-json\/wp\/v2\/posts"}],"about":[{"href":"https:\/\/www.garciafaura.com\/es\/wp-json\/wp\/v2\/types\/post"}],"author":[{"embeddable":true,"href":"https:\/\/www.garciafaura.com\/es\/wp-json\/wp\/v2\/users\/3"}],"replies":[{"embeddable":true,"href":"https:\/\/www.garciafaura.com\/es\/wp-json\/wp\/v2\/comments?post=34410"}],"version-history":[{"count":3,"href":"https:\/\/www.garciafaura.com\/es\/wp-json\/wp\/v2\/posts\/34410\/revisions"}],"predecessor-version":[{"id":34413,"href":"https:\/\/www.garciafaura.com\/es\/wp-json\/wp\/v2\/posts\/34410\/revisions\/34413"}],"wp:featuredmedia":[{"embeddable":true,"href":"https:\/\/www.garciafaura.com\/es\/wp-json\/wp\/v2\/media\/33448"}],"wp:attachment":[{"href":"https:\/\/www.garciafaura.com\/es\/wp-json\/wp\/v2\/media?parent=34410"}],"wp:term":[{"taxonomy":"category","embeddable":true,"href":"https:\/\/www.garciafaura.com\/es\/wp-json\/wp\/v2\/categories?post=34410"},{"taxonomy":"post_tag","embeddable":true,"href":"https:\/\/www.garciafaura.com\/es\/wp-json\/wp\/v2\/tags?post=34410"},{"taxonomy":"post_series","embeddable":true,"href":"https:\/\/www.garciafaura.com\/es\/wp-json\/wp\/v2\/post_series?post=34410"}],"curies":[{"name":"wp","href":"https:\/\/api.w.org\/{rel}","templated":true}]}}