{"id":34182,"date":"2023-12-18T12:37:29","date_gmt":"2023-12-18T10:37:29","guid":{"rendered":"https:\/\/www.garciafaura.com\/tancaments-daltes-prestacions-tecniques-per-al-nou-edifici-doficines-i-residencia-al-22-de-barcelona\/"},"modified":"2023-12-18T12:41:58","modified_gmt":"2023-12-18T10:41:58","slug":"tancaments-daltes-prestacions-tecniques-per-al-nou-edifici-doficines-i-residencia-al-22-de-barcelona","status":"publish","type":"post","link":"https:\/\/www.garciafaura.com\/es\/tancaments-daltes-prestacions-tecniques-per-al-nou-edifici-doficines-i-residencia-al-22-de-barcelona\/","title":{"rendered":"Cerramientos de altas prestaciones t\u00e9cnicas para el nuevo edificio de oficinas y residencia en el 22@ de Barcelona"},"content":{"rendered":"<h3 style=\"text-align: justify;\">El confort de las personas que residen o usan un inmueble es uno de los principales objetivos de GARCIA FAURA. Y, si se trata de personas mayores, este objetivo es a\u00fan m\u00e1s importante. \u00c9ste es el caso del proyecto que se est\u00e1 construyendo en el distrito 22@ de Barcelona.<\/h3>\n<p style=\"text-align: justify;\">Se trata de una promoci\u00f3n situada en el n\u00famero 28 de la calle Llacuna de la capital catalana que albergar\u00e1 una residencia de personas mayores, de 6.450 metros cuadrados, y de un complejo de oficinas de \u00faltima generaci\u00f3n, de 6.450 metros cuadrados, de los que 1.600 ser\u00e1n patios y terrazas.<\/p>\n<p style=\"text-align: justify;\">La arquitectura del inmueble ha sido concebida desde una perspectiva global, con especial atenci\u00f3n al volumen, luz y color como elementos claves para crear entornos de trabajo flexibles y zonas de convivencia confortables. Adem\u00e1s contar\u00e1 con la <strong>certificaci\u00f3n ambiental LEED Gold<\/strong>.<\/p>\n<p style=\"text-align: justify;\"><strong>GARCIA FAURA<\/strong> se encarga de la fabricaci\u00f3n e instalaci\u00f3n de los <strong>cerramientos de aluminio y vidrio<\/strong>, as\u00ed como de la intervenci\u00f3n en <strong>fachadas<\/strong>, a partir de forrados de panel <em>composite<\/em> y <strong>fachadas<\/strong> ventiladas formadas por una doble piel a base de celos\u00edas de chapa.<\/p>\n<p style=\"text-align: justify;\">As\u00ed, se suministran alrededor de 550 metros cuadrados de subestructura de <strong>aluminio<\/strong> para la <strong>fachada<\/strong> ventilada, aislamiento de lana de roca para los forrados y celos\u00edas de chapa perfilada y perforada, de geometr\u00edas variables. La intervenci\u00f3n se complementa con m\u00e1s de 2.000 metros cuadrados de forrado de panel <em>composite<\/em>.<\/p>\n<p style=\"text-align: justify;\">En cuanto a los <strong>cerramientos de aluminio<\/strong>, con perfiler\u00eda con rotura de puente t\u00e9rmico, \u00e9stas suman 400 unidades, entre las correspondientes al edificio de oficinas y las del m\u00f3dulo de residencia. Todas ellas con altas prestaciones t\u00e9cnicas para garantizar el confort y aislamiento de las personas usuarias de este nuevo edificio corporativo y de servicios.<\/p>\n","protected":false},"excerpt":{"rendered":"<p>El confort de las personas que residen o usan un inmueble es uno de los principales objetivos de GARCIA FAURA. Y, si se trata de personas mayores, este objetivo es a\u00fan m\u00e1s importante. \u00c9ste es el caso del proyecto que&hellip;<\/p>\n","protected":false},"author":3,"featured_media":31952,"comment_status":"closed","ping_status":"open","sticky":false,"template":"","format":"standard","meta":{"footnotes":""},"categories":[3],"tags":[],"post_series":[],"class_list":["post-34182","post","type-post","status-publish","format-standard","has-post-thumbnail","hentry","category-actualidad","entry","has-media"],"yoast_head":"<!-- This site is optimized with the Yoast SEO plugin v26.7 - https:\/\/yoast.com\/wordpress\/plugins\/seo\/ -->\n<title>Cerramientos de altas prestaciones t\u00e9cnicas para el nuevo edificio de oficinas y residencia en el 22@ de Barcelona - GARCIA FAURA<\/title>\n<meta name=\"description\" content=\"Arquitectura en Alumini, Inox, Ferro i Vidre\" \/>\n<meta name=\"robots\" content=\"index, follow, max-snippet:-1, max-image-preview:large, max-video-preview:-1\" \/>\n<link rel=\"canonical\" href=\"https:\/\/www.garciafaura.com\/es\/tancaments-daltes-prestacions-tecniques-per-al-nou-edifici-doficines-i-residencia-al-22-de-barcelona\/\" \/>\n<meta property=\"og:locale\" content=\"es_ES\" \/>\n<meta property=\"og:type\" content=\"article\" \/>\n<meta property=\"og:title\" content=\"Cerramientos de altas prestaciones t\u00e9cnicas para el nuevo edificio de oficinas y residencia en el 22@ de Barcelona - GARCIA FAURA\" \/>\n<meta property=\"og:description\" content=\"Arquitectura en Alumini, Inox, Ferro i Vidre\" \/>\n<meta property=\"og:url\" content=\"https:\/\/www.garciafaura.com\/es\/tancaments-daltes-prestacions-tecniques-per-al-nou-edifici-doficines-i-residencia-al-22-de-barcelona\/\" \/>\n<meta property=\"og:site_name\" content=\"GARCIA FAURA\" \/>\n<meta property=\"article:published_time\" content=\"2023-12-18T10:37:29+00:00\" \/>\n<meta property=\"article:modified_time\" content=\"2023-12-18T10:41:58+00:00\" \/>\n<meta property=\"og:image\" content=\"https:\/\/www.garciafaura.com\/wp-content\/uploads\/2023\/04\/llacuna-1-baixa.jpg\" \/>\n\t<meta property=\"og:image:width\" content=\"1200\" \/>\n\t<meta property=\"og:image:height\" content=\"628\" \/>\n\t<meta property=\"og:image:type\" content=\"image\/jpeg\" \/>\n<meta name=\"author\" content=\"David Achell\" \/>\n<meta name=\"twitter:card\" content=\"summary_large_image\" \/>\n<meta name=\"twitter:label1\" content=\"Escrito por\" \/>\n\t<meta name=\"twitter:data1\" content=\"David Achell\" \/>\n\t<meta name=\"twitter:label2\" content=\"Tiempo de lectura\" \/>\n\t<meta name=\"twitter:data2\" content=\"2 minutos\" \/>\n<script type=\"application\/ld+json\" class=\"yoast-schema-graph\">{\"@context\":\"https:\/\/schema.org\",\"@graph\":[{\"@type\":\"Article\",\"@id\":\"https:\/\/www.garciafaura.com\/es\/tancaments-daltes-prestacions-tecniques-per-al-nou-edifici-doficines-i-residencia-al-22-de-barcelona\/#article\",\"isPartOf\":{\"@id\":\"https:\/\/www.garciafaura.com\/es\/tancaments-daltes-prestacions-tecniques-per-al-nou-edifici-doficines-i-residencia-al-22-de-barcelona\/\"},\"author\":{\"name\":\"David Achell\",\"@id\":\"https:\/\/www.garciafaura.com\/fr\/#\/schema\/person\/b4b75e69b33fac3446071909bec106b0\"},\"headline\":\"Cerramientos de altas prestaciones t\u00e9cnicas para el nuevo edificio de oficinas y residencia en el 22@ de Barcelona\",\"datePublished\":\"2023-12-18T10:37:29+00:00\",\"dateModified\":\"2023-12-18T10:41:58+00:00\",\"mainEntityOfPage\":{\"@id\":\"https:\/\/www.garciafaura.com\/es\/tancaments-daltes-prestacions-tecniques-per-al-nou-edifici-doficines-i-residencia-al-22-de-barcelona\/\"},\"wordCount\":319,\"publisher\":{\"@id\":\"https:\/\/www.garciafaura.com\/fr\/#organization\"},\"image\":{\"@id\":\"https:\/\/www.garciafaura.com\/es\/tancaments-daltes-prestacions-tecniques-per-al-nou-edifici-doficines-i-residencia-al-22-de-barcelona\/#primaryimage\"},\"thumbnailUrl\":\"https:\/\/www.garciafaura.com\/wp-content\/uploads\/2023\/04\/llacuna-1-baixa.jpg\",\"articleSection\":[\"Actualidad\"],\"inLanguage\":\"es\"},{\"@type\":\"WebPage\",\"@id\":\"https:\/\/www.garciafaura.com\/es\/tancaments-daltes-prestacions-tecniques-per-al-nou-edifici-doficines-i-residencia-al-22-de-barcelona\/\",\"url\":\"https:\/\/www.garciafaura.com\/es\/tancaments-daltes-prestacions-tecniques-per-al-nou-edifici-doficines-i-residencia-al-22-de-barcelona\/\",\"name\":\"Cerramientos de altas prestaciones t\u00e9cnicas para el nuevo edificio de oficinas y residencia en el 22@ de Barcelona - GARCIA FAURA\",\"isPartOf\":{\"@id\":\"https:\/\/www.garciafaura.com\/fr\/#website\"},\"primaryImageOfPage\":{\"@id\":\"https:\/\/www.garciafaura.com\/es\/tancaments-daltes-prestacions-tecniques-per-al-nou-edifici-doficines-i-residencia-al-22-de-barcelona\/#primaryimage\"},\"image\":{\"@id\":\"https:\/\/www.garciafaura.com\/es\/tancaments-daltes-prestacions-tecniques-per-al-nou-edifici-doficines-i-residencia-al-22-de-barcelona\/#primaryimage\"},\"thumbnailUrl\":\"https:\/\/www.garciafaura.com\/wp-content\/uploads\/2023\/04\/llacuna-1-baixa.jpg\",\"datePublished\":\"2023-12-18T10:37:29+00:00\",\"dateModified\":\"2023-12-18T10:41:58+00:00\",\"description\":\"Arquitectura en Alumini, Inox, Ferro i Vidre\",\"breadcrumb\":{\"@id\":\"https:\/\/www.garciafaura.com\/es\/tancaments-daltes-prestacions-tecniques-per-al-nou-edifici-doficines-i-residencia-al-22-de-barcelona\/#breadcrumb\"},\"inLanguage\":\"es\",\"potentialAction\":[{\"@type\":\"ReadAction\",\"target\":[\"https:\/\/www.garciafaura.com\/es\/tancaments-daltes-prestacions-tecniques-per-al-nou-edifici-doficines-i-residencia-al-22-de-barcelona\/\"]}]},{\"@type\":\"ImageObject\",\"inLanguage\":\"es\",\"@id\":\"https:\/\/www.garciafaura.com\/es\/tancaments-daltes-prestacions-tecniques-per-al-nou-edifici-doficines-i-residencia-al-22-de-barcelona\/#primaryimage\",\"url\":\"https:\/\/www.garciafaura.com\/wp-content\/uploads\/2023\/04\/llacuna-1-baixa.jpg\",\"contentUrl\":\"https:\/\/www.garciafaura.com\/wp-content\/uploads\/2023\/04\/llacuna-1-baixa.jpg\",\"width\":1200,\"height\":628},{\"@type\":\"BreadcrumbList\",\"@id\":\"https:\/\/www.garciafaura.com\/es\/tancaments-daltes-prestacions-tecniques-per-al-nou-edifici-doficines-i-residencia-al-22-de-barcelona\/#breadcrumb\",\"itemListElement\":[{\"@type\":\"ListItem\",\"position\":1,\"name\":\"Inici\",\"item\":\"https:\/\/www.garciafaura.com\/es\/\"},{\"@type\":\"ListItem\",\"position\":2,\"name\":\"Cerramientos de altas prestaciones t\u00e9cnicas para el nuevo edificio de oficinas y residencia en el 22@ de Barcelona\"}]},{\"@type\":\"WebSite\",\"@id\":\"https:\/\/www.garciafaura.com\/fr\/#website\",\"url\":\"https:\/\/www.garciafaura.com\/fr\/\",\"name\":\"GARCIA FAURA\",\"description\":\"Arquitectura en Alumini, Inox, Ferro i Vidre\",\"publisher\":{\"@id\":\"https:\/\/www.garciafaura.com\/fr\/#organization\"},\"potentialAction\":[{\"@type\":\"SearchAction\",\"target\":{\"@type\":\"EntryPoint\",\"urlTemplate\":\"https:\/\/www.garciafaura.com\/fr\/?s={search_term_string}\"},\"query-input\":{\"@type\":\"PropertyValueSpecification\",\"valueRequired\":true,\"valueName\":\"search_term_string\"}}],\"inLanguage\":\"es\"},{\"@type\":\"Organization\",\"@id\":\"https:\/\/www.garciafaura.com\/fr\/#organization\",\"name\":\"GARCIA FAURA\",\"url\":\"https:\/\/www.garciafaura.com\/fr\/\",\"logo\":{\"@type\":\"ImageObject\",\"inLanguage\":\"es\",\"@id\":\"https:\/\/www.garciafaura.com\/fr\/#\/schema\/logo\/image\/\",\"url\":\"https:\/\/www.garciafaura.com\/wp-content\/uploads\/2018\/09\/Garcia-Faura.png\",\"contentUrl\":\"https:\/\/www.garciafaura.com\/wp-content\/uploads\/2018\/09\/Garcia-Faura.png\",\"width\":512,\"height\":512,\"caption\":\"GARCIA FAURA\"},\"image\":{\"@id\":\"https:\/\/www.garciafaura.com\/fr\/#\/schema\/logo\/image\/\"},\"sameAs\":[\"https:\/\/www.youtube.com\/user\/GARCIAFAURA\"]},{\"@type\":\"Person\",\"@id\":\"https:\/\/www.garciafaura.com\/fr\/#\/schema\/person\/b4b75e69b33fac3446071909bec106b0\",\"name\":\"David Achell\",\"image\":{\"@type\":\"ImageObject\",\"inLanguage\":\"es\",\"@id\":\"https:\/\/www.garciafaura.com\/fr\/#\/schema\/person\/image\/\",\"url\":\"https:\/\/secure.gravatar.com\/avatar\/03900210afc1f61bce737bcb4a79c02e2c997f171e3eca839b5a4cbe03846c90?s=96&d=blank&r=g\",\"contentUrl\":\"https:\/\/secure.gravatar.com\/avatar\/03900210afc1f61bce737bcb4a79c02e2c997f171e3eca839b5a4cbe03846c90?s=96&d=blank&r=g\",\"caption\":\"David Achell\"}}]}<\/script>\n<!-- \/ Yoast SEO plugin. -->","yoast_head_json":{"title":"Cerramientos de altas prestaciones t\u00e9cnicas para el nuevo edificio de oficinas y residencia en el 22@ de Barcelona - GARCIA FAURA","description":"Arquitectura en Alumini, Inox, Ferro i Vidre","robots":{"index":"index","follow":"follow","max-snippet":"max-snippet:-1","max-image-preview":"max-image-preview:large","max-video-preview":"max-video-preview:-1"},"canonical":"https:\/\/www.garciafaura.com\/es\/tancaments-daltes-prestacions-tecniques-per-al-nou-edifici-doficines-i-residencia-al-22-de-barcelona\/","og_locale":"es_ES","og_type":"article","og_title":"Cerramientos de altas prestaciones t\u00e9cnicas para el nuevo edificio de oficinas y residencia en el 22@ de Barcelona - GARCIA FAURA","og_description":"Arquitectura en Alumini, Inox, Ferro i Vidre","og_url":"https:\/\/www.garciafaura.com\/es\/tancaments-daltes-prestacions-tecniques-per-al-nou-edifici-doficines-i-residencia-al-22-de-barcelona\/","og_site_name":"GARCIA FAURA","article_published_time":"2023-12-18T10:37:29+00:00","article_modified_time":"2023-12-18T10:41:58+00:00","og_image":[{"width":1200,"height":628,"url":"https:\/\/www.garciafaura.com\/wp-content\/uploads\/2023\/04\/llacuna-1-baixa.jpg","type":"image\/jpeg"}],"author":"David Achell","twitter_card":"summary_large_image","twitter_misc":{"Escrito por":"David Achell","Tiempo de lectura":"2 minutos"},"schema":{"@context":"https:\/\/schema.org","@graph":[{"@type":"Article","@id":"https:\/\/www.garciafaura.com\/es\/tancaments-daltes-prestacions-tecniques-per-al-nou-edifici-doficines-i-residencia-al-22-de-barcelona\/#article","isPartOf":{"@id":"https:\/\/www.garciafaura.com\/es\/tancaments-daltes-prestacions-tecniques-per-al-nou-edifici-doficines-i-residencia-al-22-de-barcelona\/"},"author":{"name":"David Achell","@id":"https:\/\/www.garciafaura.com\/fr\/#\/schema\/person\/b4b75e69b33fac3446071909bec106b0"},"headline":"Cerramientos de altas prestaciones t\u00e9cnicas para el nuevo edificio de oficinas y residencia en el 22@ de Barcelona","datePublished":"2023-12-18T10:37:29+00:00","dateModified":"2023-12-18T10:41:58+00:00","mainEntityOfPage":{"@id":"https:\/\/www.garciafaura.com\/es\/tancaments-daltes-prestacions-tecniques-per-al-nou-edifici-doficines-i-residencia-al-22-de-barcelona\/"},"wordCount":319,"publisher":{"@id":"https:\/\/www.garciafaura.com\/fr\/#organization"},"image":{"@id":"https:\/\/www.garciafaura.com\/es\/tancaments-daltes-prestacions-tecniques-per-al-nou-edifici-doficines-i-residencia-al-22-de-barcelona\/#primaryimage"},"thumbnailUrl":"https:\/\/www.garciafaura.com\/wp-content\/uploads\/2023\/04\/llacuna-1-baixa.jpg","articleSection":["Actualidad"],"inLanguage":"es"},{"@type":"WebPage","@id":"https:\/\/www.garciafaura.com\/es\/tancaments-daltes-prestacions-tecniques-per-al-nou-edifici-doficines-i-residencia-al-22-de-barcelona\/","url":"https:\/\/www.garciafaura.com\/es\/tancaments-daltes-prestacions-tecniques-per-al-nou-edifici-doficines-i-residencia-al-22-de-barcelona\/","name":"Cerramientos de altas prestaciones t\u00e9cnicas para el nuevo edificio de oficinas y residencia en el 22@ de Barcelona - GARCIA FAURA","isPartOf":{"@id":"https:\/\/www.garciafaura.com\/fr\/#website"},"primaryImageOfPage":{"@id":"https:\/\/www.garciafaura.com\/es\/tancaments-daltes-prestacions-tecniques-per-al-nou-edifici-doficines-i-residencia-al-22-de-barcelona\/#primaryimage"},"image":{"@id":"https:\/\/www.garciafaura.com\/es\/tancaments-daltes-prestacions-tecniques-per-al-nou-edifici-doficines-i-residencia-al-22-de-barcelona\/#primaryimage"},"thumbnailUrl":"https:\/\/www.garciafaura.com\/wp-content\/uploads\/2023\/04\/llacuna-1-baixa.jpg","datePublished":"2023-12-18T10:37:29+00:00","dateModified":"2023-12-18T10:41:58+00:00","description":"Arquitectura en Alumini, Inox, Ferro i Vidre","breadcrumb":{"@id":"https:\/\/www.garciafaura.com\/es\/tancaments-daltes-prestacions-tecniques-per-al-nou-edifici-doficines-i-residencia-al-22-de-barcelona\/#breadcrumb"},"inLanguage":"es","potentialAction":[{"@type":"ReadAction","target":["https:\/\/www.garciafaura.com\/es\/tancaments-daltes-prestacions-tecniques-per-al-nou-edifici-doficines-i-residencia-al-22-de-barcelona\/"]}]},{"@type":"ImageObject","inLanguage":"es","@id":"https:\/\/www.garciafaura.com\/es\/tancaments-daltes-prestacions-tecniques-per-al-nou-edifici-doficines-i-residencia-al-22-de-barcelona\/#primaryimage","url":"https:\/\/www.garciafaura.com\/wp-content\/uploads\/2023\/04\/llacuna-1-baixa.jpg","contentUrl":"https:\/\/www.garciafaura.com\/wp-content\/uploads\/2023\/04\/llacuna-1-baixa.jpg","width":1200,"height":628},{"@type":"BreadcrumbList","@id":"https:\/\/www.garciafaura.com\/es\/tancaments-daltes-prestacions-tecniques-per-al-nou-edifici-doficines-i-residencia-al-22-de-barcelona\/#breadcrumb","itemListElement":[{"@type":"ListItem","position":1,"name":"Inici","item":"https:\/\/www.garciafaura.com\/es\/"},{"@type":"ListItem","position":2,"name":"Cerramientos de altas prestaciones t\u00e9cnicas para el nuevo edificio de oficinas y residencia en el 22@ de Barcelona"}]},{"@type":"WebSite","@id":"https:\/\/www.garciafaura.com\/fr\/#website","url":"https:\/\/www.garciafaura.com\/fr\/","name":"GARCIA FAURA","description":"Arquitectura en Alumini, Inox, Ferro i Vidre","publisher":{"@id":"https:\/\/www.garciafaura.com\/fr\/#organization"},"potentialAction":[{"@type":"SearchAction","target":{"@type":"EntryPoint","urlTemplate":"https:\/\/www.garciafaura.com\/fr\/?s={search_term_string}"},"query-input":{"@type":"PropertyValueSpecification","valueRequired":true,"valueName":"search_term_string"}}],"inLanguage":"es"},{"@type":"Organization","@id":"https:\/\/www.garciafaura.com\/fr\/#organization","name":"GARCIA FAURA","url":"https:\/\/www.garciafaura.com\/fr\/","logo":{"@type":"ImageObject","inLanguage":"es","@id":"https:\/\/www.garciafaura.com\/fr\/#\/schema\/logo\/image\/","url":"https:\/\/www.garciafaura.com\/wp-content\/uploads\/2018\/09\/Garcia-Faura.png","contentUrl":"https:\/\/www.garciafaura.com\/wp-content\/uploads\/2018\/09\/Garcia-Faura.png","width":512,"height":512,"caption":"GARCIA FAURA"},"image":{"@id":"https:\/\/www.garciafaura.com\/fr\/#\/schema\/logo\/image\/"},"sameAs":["https:\/\/www.youtube.com\/user\/GARCIAFAURA"]},{"@type":"Person","@id":"https:\/\/www.garciafaura.com\/fr\/#\/schema\/person\/b4b75e69b33fac3446071909bec106b0","name":"David Achell","image":{"@type":"ImageObject","inLanguage":"es","@id":"https:\/\/www.garciafaura.com\/fr\/#\/schema\/person\/image\/","url":"https:\/\/secure.gravatar.com\/avatar\/03900210afc1f61bce737bcb4a79c02e2c997f171e3eca839b5a4cbe03846c90?s=96&d=blank&r=g","contentUrl":"https:\/\/secure.gravatar.com\/avatar\/03900210afc1f61bce737bcb4a79c02e2c997f171e3eca839b5a4cbe03846c90?s=96&d=blank&r=g","caption":"David Achell"}}]}},"_links":{"self":[{"href":"https:\/\/www.garciafaura.com\/es\/wp-json\/wp\/v2\/posts\/34182","targetHints":{"allow":["GET"]}}],"collection":[{"href":"https:\/\/www.garciafaura.com\/es\/wp-json\/wp\/v2\/posts"}],"about":[{"href":"https:\/\/www.garciafaura.com\/es\/wp-json\/wp\/v2\/types\/post"}],"author":[{"embeddable":true,"href":"https:\/\/www.garciafaura.com\/es\/wp-json\/wp\/v2\/users\/3"}],"replies":[{"embeddable":true,"href":"https:\/\/www.garciafaura.com\/es\/wp-json\/wp\/v2\/comments?post=34182"}],"version-history":[{"count":3,"href":"https:\/\/www.garciafaura.com\/es\/wp-json\/wp\/v2\/posts\/34182\/revisions"}],"predecessor-version":[{"id":34185,"href":"https:\/\/www.garciafaura.com\/es\/wp-json\/wp\/v2\/posts\/34182\/revisions\/34185"}],"wp:featuredmedia":[{"embeddable":true,"href":"https:\/\/www.garciafaura.com\/es\/wp-json\/wp\/v2\/media\/31952"}],"wp:attachment":[{"href":"https:\/\/www.garciafaura.com\/es\/wp-json\/wp\/v2\/media?parent=34182"}],"wp:term":[{"taxonomy":"category","embeddable":true,"href":"https:\/\/www.garciafaura.com\/es\/wp-json\/wp\/v2\/categories?post=34182"},{"taxonomy":"post_tag","embeddable":true,"href":"https:\/\/www.garciafaura.com\/es\/wp-json\/wp\/v2\/tags?post=34182"},{"taxonomy":"post_series","embeddable":true,"href":"https:\/\/www.garciafaura.com\/es\/wp-json\/wp\/v2\/post_series?post=34182"}],"curies":[{"name":"wp","href":"https:\/\/api.w.org\/{rel}","templated":true}]}}