{"id":33425,"date":"2023-10-09T13:01:12","date_gmt":"2023-10-09T11:01:12","guid":{"rendered":"https:\/\/www.garciafaura.com\/garcia-faura-interve-en-lampliacio-del-reial-club-de-polo-de-barcelona\/"},"modified":"2023-10-09T13:04:39","modified_gmt":"2023-10-09T11:04:39","slug":"garcia-faura-interve-en-lampliacio-del-reial-club-de-polo-de-barcelona","status":"publish","type":"post","link":"https:\/\/www.garciafaura.com\/es\/garcia-faura-interve-en-lampliacio-del-reial-club-de-polo-de-barcelona\/","title":{"rendered":"GARCIA FAURA interviene en la ampliaci\u00f3n del Real Club de Polo de Barcelona"},"content":{"rendered":"<h3 style=\"text-align: justify;\">GARCIA FAURA dejar\u00e1 huella en las obras de ampliaci\u00f3n de las instalaciones del Real Club de Pol de Barcelona. La asociaci\u00f3n deportiva, que cuenta con ciento veintis\u00e9is a\u00f1os de historia, est\u00e1 levantando un nuevo edificio, de unos 9.000 metros cuadrados, que vertebrar\u00e1 y conectar\u00e1 los espacios interiores y exteriores de las instalaciones en la avenida Diagonal de Barcelona,<\/h3>\n<p style=\"text-align: justify;\">El nuevo edificio se ubicar\u00e1 entre el chalet hist\u00f3rico, las piscinas descubiertas y la pista de saltos. Precisamente, una de las principales funciones de la nueva construcci\u00f3n ser\u00e1 la de renovar la tribuna de esta pista ol\u00edmpica de salto de obst\u00e1culos, con mayor capacidad y mejor visi\u00f3n y perspectiva.<\/p>\n<p style=\"text-align: justify;\">La nueva construcci\u00f3n, proyectada por la firma de arquitectura Batlle i Roig, tambi\u00e9n albergar\u00e1 gimnasio, dos piscinas cubiertas y una sala de convenciones, entre otras. La parte baja ser\u00e1 porchada y servir\u00e1 para conectar todas las instalaciones del club a trav\u00e9s de un dise\u00f1o moderno, accesible y sostenible, sustituyendo a otros edificios que han quedado obsoletos.<\/p>\n<p style=\"text-align: justify;\">Para este proyecto, <strong>GARCIA FAURA<\/strong> fabricar\u00e1 e instalar\u00e1 una cincuentena de <strong>cerramientos de aluminio y vidrio<\/strong>, de diferentes tipolog\u00edas y aberturas, entre puertos, <strong>ventanas<\/strong>, fijas y conjuntos de m\u00f3dulos. Tambi\u00e9n se est\u00e1n desarrollando 320 metros cuadrados de <strong>muro cortina con perfiler\u00eda de aluminio<\/strong>.<\/p>\n","protected":false},"excerpt":{"rendered":"<p>GARCIA FAURA dejar\u00e1 huella en las obras de ampliaci\u00f3n de las instalaciones del Real Club de Pol de Barcelona. La asociaci\u00f3n deportiva, que cuenta con ciento veintis\u00e9is a\u00f1os de historia, est\u00e1 levantando un nuevo edificio, de unos 9.000 metros cuadrados,&hellip;<\/p>\n","protected":false},"author":3,"featured_media":32463,"comment_status":"closed","ping_status":"open","sticky":false,"template":"","format":"gallery","meta":{"footnotes":""},"categories":[3],"tags":[],"post_series":[],"class_list":["post-33425","post","type-post","status-publish","format-gallery","has-post-thumbnail","hentry","category-actualidad","post_format-post-format-gallery","entry","has-media"],"yoast_head":"<!-- This site is optimized with the Yoast SEO plugin v26.7 - https:\/\/yoast.com\/wordpress\/plugins\/seo\/ -->\n<title>GARCIA FAURA interviene en la ampliaci\u00f3n del Real Club de Polo de Barcelona - GARCIA FAURA<\/title>\n<meta name=\"description\" content=\"Arquitectura en Alumini, Inox, Ferro i Vidre\" \/>\n<meta name=\"robots\" content=\"index, follow, max-snippet:-1, max-image-preview:large, max-video-preview:-1\" \/>\n<link rel=\"canonical\" href=\"https:\/\/www.garciafaura.com\/es\/garcia-faura-interve-en-lampliacio-del-reial-club-de-polo-de-barcelona\/\" \/>\n<meta property=\"og:locale\" content=\"es_ES\" \/>\n<meta property=\"og:type\" content=\"article\" \/>\n<meta property=\"og:title\" content=\"GARCIA FAURA interviene en la ampliaci\u00f3n del Real Club de Polo de Barcelona - GARCIA FAURA\" \/>\n<meta property=\"og:description\" content=\"Arquitectura en Alumini, Inox, Ferro i Vidre\" \/>\n<meta property=\"og:url\" content=\"https:\/\/www.garciafaura.com\/es\/garcia-faura-interve-en-lampliacio-del-reial-club-de-polo-de-barcelona\/\" \/>\n<meta property=\"og:site_name\" content=\"GARCIA FAURA\" \/>\n<meta property=\"article:published_time\" content=\"2023-10-09T11:01:12+00:00\" \/>\n<meta property=\"article:modified_time\" content=\"2023-10-09T11:04:39+00:00\" \/>\n<meta property=\"og:image\" content=\"https:\/\/www.garciafaura.com\/wp-content\/uploads\/2023\/08\/Club-Polo-02.jpg\" \/>\n\t<meta property=\"og:image:width\" content=\"1200\" \/>\n\t<meta property=\"og:image:height\" content=\"628\" \/>\n\t<meta property=\"og:image:type\" content=\"image\/jpeg\" \/>\n<meta name=\"author\" content=\"David Achell\" \/>\n<meta name=\"twitter:card\" content=\"summary_large_image\" \/>\n<meta name=\"twitter:label1\" content=\"Escrito por\" \/>\n\t<meta name=\"twitter:data1\" content=\"David Achell\" \/>\n\t<meta name=\"twitter:label2\" content=\"Tiempo de lectura\" \/>\n\t<meta name=\"twitter:data2\" content=\"2 minutos\" \/>\n<script type=\"application\/ld+json\" class=\"yoast-schema-graph\">{\"@context\":\"https:\/\/schema.org\",\"@graph\":[{\"@type\":\"Article\",\"@id\":\"https:\/\/www.garciafaura.com\/es\/garcia-faura-interve-en-lampliacio-del-reial-club-de-polo-de-barcelona\/#article\",\"isPartOf\":{\"@id\":\"https:\/\/www.garciafaura.com\/es\/garcia-faura-interve-en-lampliacio-del-reial-club-de-polo-de-barcelona\/\"},\"author\":{\"name\":\"David Achell\",\"@id\":\"https:\/\/www.garciafaura.com\/fr\/#\/schema\/person\/b4b75e69b33fac3446071909bec106b0\"},\"headline\":\"GARCIA FAURA interviene en la ampliaci\u00f3n del Real Club de Polo de Barcelona\",\"datePublished\":\"2023-10-09T11:01:12+00:00\",\"dateModified\":\"2023-10-09T11:04:39+00:00\",\"mainEntityOfPage\":{\"@id\":\"https:\/\/www.garciafaura.com\/es\/garcia-faura-interve-en-lampliacio-del-reial-club-de-polo-de-barcelona\/\"},\"wordCount\":236,\"publisher\":{\"@id\":\"https:\/\/www.garciafaura.com\/fr\/#organization\"},\"image\":{\"@id\":\"https:\/\/www.garciafaura.com\/es\/garcia-faura-interve-en-lampliacio-del-reial-club-de-polo-de-barcelona\/#primaryimage\"},\"thumbnailUrl\":\"https:\/\/www.garciafaura.com\/wp-content\/uploads\/2023\/08\/Club-Polo-02.jpg\",\"articleSection\":[\"Actualidad\"],\"inLanguage\":\"es\"},{\"@type\":\"WebPage\",\"@id\":\"https:\/\/www.garciafaura.com\/es\/garcia-faura-interve-en-lampliacio-del-reial-club-de-polo-de-barcelona\/\",\"url\":\"https:\/\/www.garciafaura.com\/es\/garcia-faura-interve-en-lampliacio-del-reial-club-de-polo-de-barcelona\/\",\"name\":\"GARCIA FAURA interviene en la ampliaci\u00f3n del Real Club de Polo de Barcelona - GARCIA FAURA\",\"isPartOf\":{\"@id\":\"https:\/\/www.garciafaura.com\/fr\/#website\"},\"primaryImageOfPage\":{\"@id\":\"https:\/\/www.garciafaura.com\/es\/garcia-faura-interve-en-lampliacio-del-reial-club-de-polo-de-barcelona\/#primaryimage\"},\"image\":{\"@id\":\"https:\/\/www.garciafaura.com\/es\/garcia-faura-interve-en-lampliacio-del-reial-club-de-polo-de-barcelona\/#primaryimage\"},\"thumbnailUrl\":\"https:\/\/www.garciafaura.com\/wp-content\/uploads\/2023\/08\/Club-Polo-02.jpg\",\"datePublished\":\"2023-10-09T11:01:12+00:00\",\"dateModified\":\"2023-10-09T11:04:39+00:00\",\"description\":\"Arquitectura en Alumini, Inox, Ferro i Vidre\",\"breadcrumb\":{\"@id\":\"https:\/\/www.garciafaura.com\/es\/garcia-faura-interve-en-lampliacio-del-reial-club-de-polo-de-barcelona\/#breadcrumb\"},\"inLanguage\":\"es\",\"potentialAction\":[{\"@type\":\"ReadAction\",\"target\":[\"https:\/\/www.garciafaura.com\/es\/garcia-faura-interve-en-lampliacio-del-reial-club-de-polo-de-barcelona\/\"]}]},{\"@type\":\"ImageObject\",\"inLanguage\":\"es\",\"@id\":\"https:\/\/www.garciafaura.com\/es\/garcia-faura-interve-en-lampliacio-del-reial-club-de-polo-de-barcelona\/#primaryimage\",\"url\":\"https:\/\/www.garciafaura.com\/wp-content\/uploads\/2023\/08\/Club-Polo-02.jpg\",\"contentUrl\":\"https:\/\/www.garciafaura.com\/wp-content\/uploads\/2023\/08\/Club-Polo-02.jpg\",\"width\":1200,\"height\":628},{\"@type\":\"BreadcrumbList\",\"@id\":\"https:\/\/www.garciafaura.com\/es\/garcia-faura-interve-en-lampliacio-del-reial-club-de-polo-de-barcelona\/#breadcrumb\",\"itemListElement\":[{\"@type\":\"ListItem\",\"position\":1,\"name\":\"Inici\",\"item\":\"https:\/\/www.garciafaura.com\/es\/\"},{\"@type\":\"ListItem\",\"position\":2,\"name\":\"GARCIA FAURA interviene en la ampliaci\u00f3n del Real Club de Polo de Barcelona\"}]},{\"@type\":\"WebSite\",\"@id\":\"https:\/\/www.garciafaura.com\/fr\/#website\",\"url\":\"https:\/\/www.garciafaura.com\/fr\/\",\"name\":\"GARCIA FAURA\",\"description\":\"Arquitectura en Alumini, Inox, Ferro i Vidre\",\"publisher\":{\"@id\":\"https:\/\/www.garciafaura.com\/fr\/#organization\"},\"potentialAction\":[{\"@type\":\"SearchAction\",\"target\":{\"@type\":\"EntryPoint\",\"urlTemplate\":\"https:\/\/www.garciafaura.com\/fr\/?s={search_term_string}\"},\"query-input\":{\"@type\":\"PropertyValueSpecification\",\"valueRequired\":true,\"valueName\":\"search_term_string\"}}],\"inLanguage\":\"es\"},{\"@type\":\"Organization\",\"@id\":\"https:\/\/www.garciafaura.com\/fr\/#organization\",\"name\":\"GARCIA FAURA\",\"url\":\"https:\/\/www.garciafaura.com\/fr\/\",\"logo\":{\"@type\":\"ImageObject\",\"inLanguage\":\"es\",\"@id\":\"https:\/\/www.garciafaura.com\/fr\/#\/schema\/logo\/image\/\",\"url\":\"https:\/\/www.garciafaura.com\/wp-content\/uploads\/2018\/09\/Garcia-Faura.png\",\"contentUrl\":\"https:\/\/www.garciafaura.com\/wp-content\/uploads\/2018\/09\/Garcia-Faura.png\",\"width\":512,\"height\":512,\"caption\":\"GARCIA FAURA\"},\"image\":{\"@id\":\"https:\/\/www.garciafaura.com\/fr\/#\/schema\/logo\/image\/\"},\"sameAs\":[\"https:\/\/www.youtube.com\/user\/GARCIAFAURA\"]},{\"@type\":\"Person\",\"@id\":\"https:\/\/www.garciafaura.com\/fr\/#\/schema\/person\/b4b75e69b33fac3446071909bec106b0\",\"name\":\"David Achell\",\"image\":{\"@type\":\"ImageObject\",\"inLanguage\":\"es\",\"@id\":\"https:\/\/www.garciafaura.com\/fr\/#\/schema\/person\/image\/\",\"url\":\"https:\/\/secure.gravatar.com\/avatar\/03900210afc1f61bce737bcb4a79c02e2c997f171e3eca839b5a4cbe03846c90?s=96&d=blank&r=g\",\"contentUrl\":\"https:\/\/secure.gravatar.com\/avatar\/03900210afc1f61bce737bcb4a79c02e2c997f171e3eca839b5a4cbe03846c90?s=96&d=blank&r=g\",\"caption\":\"David Achell\"}}]}<\/script>\n<!-- \/ Yoast SEO plugin. -->","yoast_head_json":{"title":"GARCIA FAURA interviene en la ampliaci\u00f3n del Real Club de Polo de Barcelona - GARCIA FAURA","description":"Arquitectura en Alumini, Inox, Ferro i Vidre","robots":{"index":"index","follow":"follow","max-snippet":"max-snippet:-1","max-image-preview":"max-image-preview:large","max-video-preview":"max-video-preview:-1"},"canonical":"https:\/\/www.garciafaura.com\/es\/garcia-faura-interve-en-lampliacio-del-reial-club-de-polo-de-barcelona\/","og_locale":"es_ES","og_type":"article","og_title":"GARCIA FAURA interviene en la ampliaci\u00f3n del Real Club de Polo de Barcelona - GARCIA FAURA","og_description":"Arquitectura en Alumini, Inox, Ferro i Vidre","og_url":"https:\/\/www.garciafaura.com\/es\/garcia-faura-interve-en-lampliacio-del-reial-club-de-polo-de-barcelona\/","og_site_name":"GARCIA FAURA","article_published_time":"2023-10-09T11:01:12+00:00","article_modified_time":"2023-10-09T11:04:39+00:00","og_image":[{"width":1200,"height":628,"url":"https:\/\/www.garciafaura.com\/wp-content\/uploads\/2023\/08\/Club-Polo-02.jpg","type":"image\/jpeg"}],"author":"David Achell","twitter_card":"summary_large_image","twitter_misc":{"Escrito por":"David Achell","Tiempo de lectura":"2 minutos"},"schema":{"@context":"https:\/\/schema.org","@graph":[{"@type":"Article","@id":"https:\/\/www.garciafaura.com\/es\/garcia-faura-interve-en-lampliacio-del-reial-club-de-polo-de-barcelona\/#article","isPartOf":{"@id":"https:\/\/www.garciafaura.com\/es\/garcia-faura-interve-en-lampliacio-del-reial-club-de-polo-de-barcelona\/"},"author":{"name":"David Achell","@id":"https:\/\/www.garciafaura.com\/fr\/#\/schema\/person\/b4b75e69b33fac3446071909bec106b0"},"headline":"GARCIA FAURA interviene en la ampliaci\u00f3n del Real Club de Polo de Barcelona","datePublished":"2023-10-09T11:01:12+00:00","dateModified":"2023-10-09T11:04:39+00:00","mainEntityOfPage":{"@id":"https:\/\/www.garciafaura.com\/es\/garcia-faura-interve-en-lampliacio-del-reial-club-de-polo-de-barcelona\/"},"wordCount":236,"publisher":{"@id":"https:\/\/www.garciafaura.com\/fr\/#organization"},"image":{"@id":"https:\/\/www.garciafaura.com\/es\/garcia-faura-interve-en-lampliacio-del-reial-club-de-polo-de-barcelona\/#primaryimage"},"thumbnailUrl":"https:\/\/www.garciafaura.com\/wp-content\/uploads\/2023\/08\/Club-Polo-02.jpg","articleSection":["Actualidad"],"inLanguage":"es"},{"@type":"WebPage","@id":"https:\/\/www.garciafaura.com\/es\/garcia-faura-interve-en-lampliacio-del-reial-club-de-polo-de-barcelona\/","url":"https:\/\/www.garciafaura.com\/es\/garcia-faura-interve-en-lampliacio-del-reial-club-de-polo-de-barcelona\/","name":"GARCIA FAURA interviene en la ampliaci\u00f3n del Real Club de Polo de Barcelona - GARCIA FAURA","isPartOf":{"@id":"https:\/\/www.garciafaura.com\/fr\/#website"},"primaryImageOfPage":{"@id":"https:\/\/www.garciafaura.com\/es\/garcia-faura-interve-en-lampliacio-del-reial-club-de-polo-de-barcelona\/#primaryimage"},"image":{"@id":"https:\/\/www.garciafaura.com\/es\/garcia-faura-interve-en-lampliacio-del-reial-club-de-polo-de-barcelona\/#primaryimage"},"thumbnailUrl":"https:\/\/www.garciafaura.com\/wp-content\/uploads\/2023\/08\/Club-Polo-02.jpg","datePublished":"2023-10-09T11:01:12+00:00","dateModified":"2023-10-09T11:04:39+00:00","description":"Arquitectura en Alumini, Inox, Ferro i Vidre","breadcrumb":{"@id":"https:\/\/www.garciafaura.com\/es\/garcia-faura-interve-en-lampliacio-del-reial-club-de-polo-de-barcelona\/#breadcrumb"},"inLanguage":"es","potentialAction":[{"@type":"ReadAction","target":["https:\/\/www.garciafaura.com\/es\/garcia-faura-interve-en-lampliacio-del-reial-club-de-polo-de-barcelona\/"]}]},{"@type":"ImageObject","inLanguage":"es","@id":"https:\/\/www.garciafaura.com\/es\/garcia-faura-interve-en-lampliacio-del-reial-club-de-polo-de-barcelona\/#primaryimage","url":"https:\/\/www.garciafaura.com\/wp-content\/uploads\/2023\/08\/Club-Polo-02.jpg","contentUrl":"https:\/\/www.garciafaura.com\/wp-content\/uploads\/2023\/08\/Club-Polo-02.jpg","width":1200,"height":628},{"@type":"BreadcrumbList","@id":"https:\/\/www.garciafaura.com\/es\/garcia-faura-interve-en-lampliacio-del-reial-club-de-polo-de-barcelona\/#breadcrumb","itemListElement":[{"@type":"ListItem","position":1,"name":"Inici","item":"https:\/\/www.garciafaura.com\/es\/"},{"@type":"ListItem","position":2,"name":"GARCIA FAURA interviene en la ampliaci\u00f3n del Real Club de Polo de Barcelona"}]},{"@type":"WebSite","@id":"https:\/\/www.garciafaura.com\/fr\/#website","url":"https:\/\/www.garciafaura.com\/fr\/","name":"GARCIA FAURA","description":"Arquitectura en Alumini, Inox, Ferro i Vidre","publisher":{"@id":"https:\/\/www.garciafaura.com\/fr\/#organization"},"potentialAction":[{"@type":"SearchAction","target":{"@type":"EntryPoint","urlTemplate":"https:\/\/www.garciafaura.com\/fr\/?s={search_term_string}"},"query-input":{"@type":"PropertyValueSpecification","valueRequired":true,"valueName":"search_term_string"}}],"inLanguage":"es"},{"@type":"Organization","@id":"https:\/\/www.garciafaura.com\/fr\/#organization","name":"GARCIA FAURA","url":"https:\/\/www.garciafaura.com\/fr\/","logo":{"@type":"ImageObject","inLanguage":"es","@id":"https:\/\/www.garciafaura.com\/fr\/#\/schema\/logo\/image\/","url":"https:\/\/www.garciafaura.com\/wp-content\/uploads\/2018\/09\/Garcia-Faura.png","contentUrl":"https:\/\/www.garciafaura.com\/wp-content\/uploads\/2018\/09\/Garcia-Faura.png","width":512,"height":512,"caption":"GARCIA FAURA"},"image":{"@id":"https:\/\/www.garciafaura.com\/fr\/#\/schema\/logo\/image\/"},"sameAs":["https:\/\/www.youtube.com\/user\/GARCIAFAURA"]},{"@type":"Person","@id":"https:\/\/www.garciafaura.com\/fr\/#\/schema\/person\/b4b75e69b33fac3446071909bec106b0","name":"David Achell","image":{"@type":"ImageObject","inLanguage":"es","@id":"https:\/\/www.garciafaura.com\/fr\/#\/schema\/person\/image\/","url":"https:\/\/secure.gravatar.com\/avatar\/03900210afc1f61bce737bcb4a79c02e2c997f171e3eca839b5a4cbe03846c90?s=96&d=blank&r=g","contentUrl":"https:\/\/secure.gravatar.com\/avatar\/03900210afc1f61bce737bcb4a79c02e2c997f171e3eca839b5a4cbe03846c90?s=96&d=blank&r=g","caption":"David Achell"}}]}},"_links":{"self":[{"href":"https:\/\/www.garciafaura.com\/es\/wp-json\/wp\/v2\/posts\/33425","targetHints":{"allow":["GET"]}}],"collection":[{"href":"https:\/\/www.garciafaura.com\/es\/wp-json\/wp\/v2\/posts"}],"about":[{"href":"https:\/\/www.garciafaura.com\/es\/wp-json\/wp\/v2\/types\/post"}],"author":[{"embeddable":true,"href":"https:\/\/www.garciafaura.com\/es\/wp-json\/wp\/v2\/users\/3"}],"replies":[{"embeddable":true,"href":"https:\/\/www.garciafaura.com\/es\/wp-json\/wp\/v2\/comments?post=33425"}],"version-history":[{"count":2,"href":"https:\/\/www.garciafaura.com\/es\/wp-json\/wp\/v2\/posts\/33425\/revisions"}],"predecessor-version":[{"id":33427,"href":"https:\/\/www.garciafaura.com\/es\/wp-json\/wp\/v2\/posts\/33425\/revisions\/33427"}],"wp:featuredmedia":[{"embeddable":true,"href":"https:\/\/www.garciafaura.com\/es\/wp-json\/wp\/v2\/media\/32463"}],"wp:attachment":[{"href":"https:\/\/www.garciafaura.com\/es\/wp-json\/wp\/v2\/media?parent=33425"}],"wp:term":[{"taxonomy":"category","embeddable":true,"href":"https:\/\/www.garciafaura.com\/es\/wp-json\/wp\/v2\/categories?post=33425"},{"taxonomy":"post_tag","embeddable":true,"href":"https:\/\/www.garciafaura.com\/es\/wp-json\/wp\/v2\/tags?post=33425"},{"taxonomy":"post_series","embeddable":true,"href":"https:\/\/www.garciafaura.com\/es\/wp-json\/wp\/v2\/post_series?post=33425"}],"curies":[{"name":"wp","href":"https:\/\/api.w.org\/{rel}","templated":true}]}}