{"id":32539,"date":"2023-09-04T15:09:07","date_gmt":"2023-09-04T13:09:07","guid":{"rendered":"https:\/\/www.garciafaura.com\/facana-de-garcia-faura-per-a-la-nova-seu-del-sem-a-lhospitalet-de-llobregat\/"},"modified":"2023-09-04T15:24:46","modified_gmt":"2023-09-04T13:24:46","slug":"facana-de-garcia-faura-per-a-la-nova-seu-del-sem-a-lhospitalet-de-llobregat","status":"publish","type":"post","link":"https:\/\/www.garciafaura.com\/es\/facana-de-garcia-faura-per-a-la-nova-seu-del-sem-a-lhospitalet-de-llobregat\/","title":{"rendered":"Fachada de GARCIA FAURA para la nueva sede del SEM en L\u2019Hospitalet de Llobregat"},"content":{"rendered":"<h3 style=\"text-align: justify;\">GARCIA FAURA instalar\u00e1 m\u00e1s de 7.000 metros cuadrados de muro cortina en la nueva sede del Servicio de Emergencias M\u00e9dicas (SEM) que se est\u00e1 construyendo junto al complejo hospitalario Duran i Reynals, en L&#8217;Hospitalet de Llobregat (Barcelona).<\/h3>\n<p style=\"text-align: justify;\">El Servicio de Emergencias M\u00e9dicas (SEM) de Catalu\u00f1a contar\u00e1 con una nueva sede central en la entrada sur de Barcelona. Se trata de un edificio de unos 21.000 metros cuadrados dise\u00f1ado de forma que se facilite su integraci\u00f3n en el campus del Instituto Catal\u00e1n de Oncolog\u00eda de forma natural y equilibrada, respetando los espacios de otros equipamientos del campus Hospital Duran i Reynals o el Centro Sociosanitario Hestia.<\/p>\n<p style=\"text-align: justify;\">El nuevo edificio tendr\u00e1 una estructura interior plana y di\u00e1fana, libre de pilares, lo que permitir\u00e1 un alto grado de adaptabilidad y flexibilidad, adem\u00e1s de buena iluminaci\u00f3n natural y una perfecta interrelaci\u00f3n entre las personas usuarias y los espacios ajardinados de el exterior.<\/p>\n<p style=\"text-align: justify;\">Se convertir\u00e1 en pieza clave en la contribuci\u00f3n de este confort la <strong>fachada<\/strong> que est\u00e1 desarrollando <strong>GARCIA FAURA<\/strong>. Ser\u00e1n 7.100 metros cuadrados de <strong>muro cortina de tipo <em>stick<\/em><\/strong>, con acristalamiento de altas prestaciones ac\u00fasticas, complementados con 800 metros cuadrados de <strong>sombrilla exterior<\/strong> formada por una subestructura de <strong>aluminio<\/strong> y malla <em>deploy\u00e9<\/em>.<\/p>\n","protected":false},"excerpt":{"rendered":"<p>GARCIA FAURA instalar\u00e1 m\u00e1s de 7.000 metros cuadrados de muro cortina en la nueva sede del Servicio de Emergencias M\u00e9dicas (SEM) que se est\u00e1 construyendo junto al complejo hospitalario Duran i Reynals, en L&#8217;Hospitalet de Llobregat (Barcelona). El Servicio de&hellip;<\/p>\n","protected":false},"author":3,"featured_media":32250,"comment_status":"closed","ping_status":"open","sticky":false,"template":"","format":"gallery","meta":{"footnotes":""},"categories":[3],"tags":[],"post_series":[],"class_list":["post-32539","post","type-post","status-publish","format-gallery","has-post-thumbnail","hentry","category-actualidad","post_format-post-format-gallery","entry","has-media"],"yoast_head":"<!-- This site is optimized with the Yoast SEO plugin v26.7 - https:\/\/yoast.com\/wordpress\/plugins\/seo\/ -->\n<title>Fachada de GARCIA FAURA para la nueva sede del SEM en L\u2019Hospitalet de Llobregat - GARCIA FAURA<\/title>\n<meta name=\"description\" content=\"Arquitectura en Alumini, Inox, Ferro i Vidre\" \/>\n<meta name=\"robots\" content=\"index, follow, max-snippet:-1, max-image-preview:large, max-video-preview:-1\" \/>\n<link rel=\"canonical\" href=\"https:\/\/www.garciafaura.com\/es\/facana-de-garcia-faura-per-a-la-nova-seu-del-sem-a-lhospitalet-de-llobregat\/\" \/>\n<meta property=\"og:locale\" content=\"es_ES\" \/>\n<meta property=\"og:type\" content=\"article\" \/>\n<meta property=\"og:title\" content=\"Fachada de GARCIA FAURA para la nueva sede del SEM en L\u2019Hospitalet de Llobregat - GARCIA FAURA\" \/>\n<meta property=\"og:description\" content=\"Arquitectura en Alumini, Inox, Ferro i Vidre\" \/>\n<meta property=\"og:url\" content=\"https:\/\/www.garciafaura.com\/es\/facana-de-garcia-faura-per-a-la-nova-seu-del-sem-a-lhospitalet-de-llobregat\/\" \/>\n<meta property=\"og:site_name\" content=\"GARCIA FAURA\" \/>\n<meta property=\"article:published_time\" content=\"2023-09-04T13:09:07+00:00\" \/>\n<meta property=\"article:modified_time\" content=\"2023-09-04T13:24:46+00:00\" \/>\n<meta property=\"og:image\" content=\"https:\/\/www.garciafaura.com\/wp-content\/uploads\/2023\/07\/Nova-seu-SEM-03.jpg\" \/>\n\t<meta property=\"og:image:width\" content=\"1200\" \/>\n\t<meta property=\"og:image:height\" content=\"628\" \/>\n\t<meta property=\"og:image:type\" content=\"image\/jpeg\" \/>\n<meta name=\"author\" content=\"David Achell\" \/>\n<meta name=\"twitter:card\" content=\"summary_large_image\" \/>\n<meta name=\"twitter:label1\" content=\"Escrito por\" \/>\n\t<meta name=\"twitter:data1\" content=\"David Achell\" \/>\n\t<meta name=\"twitter:label2\" content=\"Tiempo de lectura\" \/>\n\t<meta name=\"twitter:data2\" content=\"2 minutos\" \/>\n<script type=\"application\/ld+json\" class=\"yoast-schema-graph\">{\"@context\":\"https:\/\/schema.org\",\"@graph\":[{\"@type\":\"Article\",\"@id\":\"https:\/\/www.garciafaura.com\/es\/facana-de-garcia-faura-per-a-la-nova-seu-del-sem-a-lhospitalet-de-llobregat\/#article\",\"isPartOf\":{\"@id\":\"https:\/\/www.garciafaura.com\/es\/facana-de-garcia-faura-per-a-la-nova-seu-del-sem-a-lhospitalet-de-llobregat\/\"},\"author\":{\"name\":\"David Achell\",\"@id\":\"https:\/\/www.garciafaura.com\/fr\/#\/schema\/person\/b4b75e69b33fac3446071909bec106b0\"},\"headline\":\"Fachada de GARCIA FAURA para la nueva sede del SEM en L\u2019Hospitalet de Llobregat\",\"datePublished\":\"2023-09-04T13:09:07+00:00\",\"dateModified\":\"2023-09-04T13:24:46+00:00\",\"mainEntityOfPage\":{\"@id\":\"https:\/\/www.garciafaura.com\/es\/facana-de-garcia-faura-per-a-la-nova-seu-del-sem-a-lhospitalet-de-llobregat\/\"},\"wordCount\":226,\"publisher\":{\"@id\":\"https:\/\/www.garciafaura.com\/fr\/#organization\"},\"image\":{\"@id\":\"https:\/\/www.garciafaura.com\/es\/facana-de-garcia-faura-per-a-la-nova-seu-del-sem-a-lhospitalet-de-llobregat\/#primaryimage\"},\"thumbnailUrl\":\"https:\/\/www.garciafaura.com\/wp-content\/uploads\/2023\/07\/Nova-seu-SEM-03.jpg\",\"articleSection\":[\"Actualidad\"],\"inLanguage\":\"es\"},{\"@type\":\"WebPage\",\"@id\":\"https:\/\/www.garciafaura.com\/es\/facana-de-garcia-faura-per-a-la-nova-seu-del-sem-a-lhospitalet-de-llobregat\/\",\"url\":\"https:\/\/www.garciafaura.com\/es\/facana-de-garcia-faura-per-a-la-nova-seu-del-sem-a-lhospitalet-de-llobregat\/\",\"name\":\"Fachada de GARCIA FAURA para la nueva sede del SEM en L\u2019Hospitalet de Llobregat - GARCIA FAURA\",\"isPartOf\":{\"@id\":\"https:\/\/www.garciafaura.com\/fr\/#website\"},\"primaryImageOfPage\":{\"@id\":\"https:\/\/www.garciafaura.com\/es\/facana-de-garcia-faura-per-a-la-nova-seu-del-sem-a-lhospitalet-de-llobregat\/#primaryimage\"},\"image\":{\"@id\":\"https:\/\/www.garciafaura.com\/es\/facana-de-garcia-faura-per-a-la-nova-seu-del-sem-a-lhospitalet-de-llobregat\/#primaryimage\"},\"thumbnailUrl\":\"https:\/\/www.garciafaura.com\/wp-content\/uploads\/2023\/07\/Nova-seu-SEM-03.jpg\",\"datePublished\":\"2023-09-04T13:09:07+00:00\",\"dateModified\":\"2023-09-04T13:24:46+00:00\",\"description\":\"Arquitectura en Alumini, Inox, Ferro i Vidre\",\"breadcrumb\":{\"@id\":\"https:\/\/www.garciafaura.com\/es\/facana-de-garcia-faura-per-a-la-nova-seu-del-sem-a-lhospitalet-de-llobregat\/#breadcrumb\"},\"inLanguage\":\"es\",\"potentialAction\":[{\"@type\":\"ReadAction\",\"target\":[\"https:\/\/www.garciafaura.com\/es\/facana-de-garcia-faura-per-a-la-nova-seu-del-sem-a-lhospitalet-de-llobregat\/\"]}]},{\"@type\":\"ImageObject\",\"inLanguage\":\"es\",\"@id\":\"https:\/\/www.garciafaura.com\/es\/facana-de-garcia-faura-per-a-la-nova-seu-del-sem-a-lhospitalet-de-llobregat\/#primaryimage\",\"url\":\"https:\/\/www.garciafaura.com\/wp-content\/uploads\/2023\/07\/Nova-seu-SEM-03.jpg\",\"contentUrl\":\"https:\/\/www.garciafaura.com\/wp-content\/uploads\/2023\/07\/Nova-seu-SEM-03.jpg\",\"width\":1200,\"height\":628},{\"@type\":\"BreadcrumbList\",\"@id\":\"https:\/\/www.garciafaura.com\/es\/facana-de-garcia-faura-per-a-la-nova-seu-del-sem-a-lhospitalet-de-llobregat\/#breadcrumb\",\"itemListElement\":[{\"@type\":\"ListItem\",\"position\":1,\"name\":\"Inici\",\"item\":\"https:\/\/www.garciafaura.com\/es\/\"},{\"@type\":\"ListItem\",\"position\":2,\"name\":\"Fachada de GARCIA FAURA para la nueva sede del SEM en L\u2019Hospitalet de Llobregat\"}]},{\"@type\":\"WebSite\",\"@id\":\"https:\/\/www.garciafaura.com\/fr\/#website\",\"url\":\"https:\/\/www.garciafaura.com\/fr\/\",\"name\":\"GARCIA FAURA\",\"description\":\"Arquitectura en Alumini, Inox, Ferro i Vidre\",\"publisher\":{\"@id\":\"https:\/\/www.garciafaura.com\/fr\/#organization\"},\"potentialAction\":[{\"@type\":\"SearchAction\",\"target\":{\"@type\":\"EntryPoint\",\"urlTemplate\":\"https:\/\/www.garciafaura.com\/fr\/?s={search_term_string}\"},\"query-input\":{\"@type\":\"PropertyValueSpecification\",\"valueRequired\":true,\"valueName\":\"search_term_string\"}}],\"inLanguage\":\"es\"},{\"@type\":\"Organization\",\"@id\":\"https:\/\/www.garciafaura.com\/fr\/#organization\",\"name\":\"GARCIA FAURA\",\"url\":\"https:\/\/www.garciafaura.com\/fr\/\",\"logo\":{\"@type\":\"ImageObject\",\"inLanguage\":\"es\",\"@id\":\"https:\/\/www.garciafaura.com\/fr\/#\/schema\/logo\/image\/\",\"url\":\"https:\/\/www.garciafaura.com\/wp-content\/uploads\/2018\/09\/Garcia-Faura.png\",\"contentUrl\":\"https:\/\/www.garciafaura.com\/wp-content\/uploads\/2018\/09\/Garcia-Faura.png\",\"width\":512,\"height\":512,\"caption\":\"GARCIA FAURA\"},\"image\":{\"@id\":\"https:\/\/www.garciafaura.com\/fr\/#\/schema\/logo\/image\/\"},\"sameAs\":[\"https:\/\/www.youtube.com\/user\/GARCIAFAURA\"]},{\"@type\":\"Person\",\"@id\":\"https:\/\/www.garciafaura.com\/fr\/#\/schema\/person\/b4b75e69b33fac3446071909bec106b0\",\"name\":\"David Achell\",\"image\":{\"@type\":\"ImageObject\",\"inLanguage\":\"es\",\"@id\":\"https:\/\/www.garciafaura.com\/fr\/#\/schema\/person\/image\/\",\"url\":\"https:\/\/secure.gravatar.com\/avatar\/03900210afc1f61bce737bcb4a79c02e2c997f171e3eca839b5a4cbe03846c90?s=96&d=blank&r=g\",\"contentUrl\":\"https:\/\/secure.gravatar.com\/avatar\/03900210afc1f61bce737bcb4a79c02e2c997f171e3eca839b5a4cbe03846c90?s=96&d=blank&r=g\",\"caption\":\"David Achell\"}}]}<\/script>\n<!-- \/ Yoast SEO plugin. -->","yoast_head_json":{"title":"Fachada de GARCIA FAURA para la nueva sede del SEM en L\u2019Hospitalet de Llobregat - GARCIA FAURA","description":"Arquitectura en Alumini, Inox, Ferro i Vidre","robots":{"index":"index","follow":"follow","max-snippet":"max-snippet:-1","max-image-preview":"max-image-preview:large","max-video-preview":"max-video-preview:-1"},"canonical":"https:\/\/www.garciafaura.com\/es\/facana-de-garcia-faura-per-a-la-nova-seu-del-sem-a-lhospitalet-de-llobregat\/","og_locale":"es_ES","og_type":"article","og_title":"Fachada de GARCIA FAURA para la nueva sede del SEM en L\u2019Hospitalet de Llobregat - GARCIA FAURA","og_description":"Arquitectura en Alumini, Inox, Ferro i Vidre","og_url":"https:\/\/www.garciafaura.com\/es\/facana-de-garcia-faura-per-a-la-nova-seu-del-sem-a-lhospitalet-de-llobregat\/","og_site_name":"GARCIA FAURA","article_published_time":"2023-09-04T13:09:07+00:00","article_modified_time":"2023-09-04T13:24:46+00:00","og_image":[{"width":1200,"height":628,"url":"https:\/\/www.garciafaura.com\/wp-content\/uploads\/2023\/07\/Nova-seu-SEM-03.jpg","type":"image\/jpeg"}],"author":"David Achell","twitter_card":"summary_large_image","twitter_misc":{"Escrito por":"David Achell","Tiempo de lectura":"2 minutos"},"schema":{"@context":"https:\/\/schema.org","@graph":[{"@type":"Article","@id":"https:\/\/www.garciafaura.com\/es\/facana-de-garcia-faura-per-a-la-nova-seu-del-sem-a-lhospitalet-de-llobregat\/#article","isPartOf":{"@id":"https:\/\/www.garciafaura.com\/es\/facana-de-garcia-faura-per-a-la-nova-seu-del-sem-a-lhospitalet-de-llobregat\/"},"author":{"name":"David Achell","@id":"https:\/\/www.garciafaura.com\/fr\/#\/schema\/person\/b4b75e69b33fac3446071909bec106b0"},"headline":"Fachada de GARCIA FAURA para la nueva sede del SEM en L\u2019Hospitalet de Llobregat","datePublished":"2023-09-04T13:09:07+00:00","dateModified":"2023-09-04T13:24:46+00:00","mainEntityOfPage":{"@id":"https:\/\/www.garciafaura.com\/es\/facana-de-garcia-faura-per-a-la-nova-seu-del-sem-a-lhospitalet-de-llobregat\/"},"wordCount":226,"publisher":{"@id":"https:\/\/www.garciafaura.com\/fr\/#organization"},"image":{"@id":"https:\/\/www.garciafaura.com\/es\/facana-de-garcia-faura-per-a-la-nova-seu-del-sem-a-lhospitalet-de-llobregat\/#primaryimage"},"thumbnailUrl":"https:\/\/www.garciafaura.com\/wp-content\/uploads\/2023\/07\/Nova-seu-SEM-03.jpg","articleSection":["Actualidad"],"inLanguage":"es"},{"@type":"WebPage","@id":"https:\/\/www.garciafaura.com\/es\/facana-de-garcia-faura-per-a-la-nova-seu-del-sem-a-lhospitalet-de-llobregat\/","url":"https:\/\/www.garciafaura.com\/es\/facana-de-garcia-faura-per-a-la-nova-seu-del-sem-a-lhospitalet-de-llobregat\/","name":"Fachada de GARCIA FAURA para la nueva sede del SEM en L\u2019Hospitalet de Llobregat - GARCIA FAURA","isPartOf":{"@id":"https:\/\/www.garciafaura.com\/fr\/#website"},"primaryImageOfPage":{"@id":"https:\/\/www.garciafaura.com\/es\/facana-de-garcia-faura-per-a-la-nova-seu-del-sem-a-lhospitalet-de-llobregat\/#primaryimage"},"image":{"@id":"https:\/\/www.garciafaura.com\/es\/facana-de-garcia-faura-per-a-la-nova-seu-del-sem-a-lhospitalet-de-llobregat\/#primaryimage"},"thumbnailUrl":"https:\/\/www.garciafaura.com\/wp-content\/uploads\/2023\/07\/Nova-seu-SEM-03.jpg","datePublished":"2023-09-04T13:09:07+00:00","dateModified":"2023-09-04T13:24:46+00:00","description":"Arquitectura en Alumini, Inox, Ferro i Vidre","breadcrumb":{"@id":"https:\/\/www.garciafaura.com\/es\/facana-de-garcia-faura-per-a-la-nova-seu-del-sem-a-lhospitalet-de-llobregat\/#breadcrumb"},"inLanguage":"es","potentialAction":[{"@type":"ReadAction","target":["https:\/\/www.garciafaura.com\/es\/facana-de-garcia-faura-per-a-la-nova-seu-del-sem-a-lhospitalet-de-llobregat\/"]}]},{"@type":"ImageObject","inLanguage":"es","@id":"https:\/\/www.garciafaura.com\/es\/facana-de-garcia-faura-per-a-la-nova-seu-del-sem-a-lhospitalet-de-llobregat\/#primaryimage","url":"https:\/\/www.garciafaura.com\/wp-content\/uploads\/2023\/07\/Nova-seu-SEM-03.jpg","contentUrl":"https:\/\/www.garciafaura.com\/wp-content\/uploads\/2023\/07\/Nova-seu-SEM-03.jpg","width":1200,"height":628},{"@type":"BreadcrumbList","@id":"https:\/\/www.garciafaura.com\/es\/facana-de-garcia-faura-per-a-la-nova-seu-del-sem-a-lhospitalet-de-llobregat\/#breadcrumb","itemListElement":[{"@type":"ListItem","position":1,"name":"Inici","item":"https:\/\/www.garciafaura.com\/es\/"},{"@type":"ListItem","position":2,"name":"Fachada de GARCIA FAURA para la nueva sede del SEM en L\u2019Hospitalet de Llobregat"}]},{"@type":"WebSite","@id":"https:\/\/www.garciafaura.com\/fr\/#website","url":"https:\/\/www.garciafaura.com\/fr\/","name":"GARCIA FAURA","description":"Arquitectura en Alumini, Inox, Ferro i Vidre","publisher":{"@id":"https:\/\/www.garciafaura.com\/fr\/#organization"},"potentialAction":[{"@type":"SearchAction","target":{"@type":"EntryPoint","urlTemplate":"https:\/\/www.garciafaura.com\/fr\/?s={search_term_string}"},"query-input":{"@type":"PropertyValueSpecification","valueRequired":true,"valueName":"search_term_string"}}],"inLanguage":"es"},{"@type":"Organization","@id":"https:\/\/www.garciafaura.com\/fr\/#organization","name":"GARCIA FAURA","url":"https:\/\/www.garciafaura.com\/fr\/","logo":{"@type":"ImageObject","inLanguage":"es","@id":"https:\/\/www.garciafaura.com\/fr\/#\/schema\/logo\/image\/","url":"https:\/\/www.garciafaura.com\/wp-content\/uploads\/2018\/09\/Garcia-Faura.png","contentUrl":"https:\/\/www.garciafaura.com\/wp-content\/uploads\/2018\/09\/Garcia-Faura.png","width":512,"height":512,"caption":"GARCIA FAURA"},"image":{"@id":"https:\/\/www.garciafaura.com\/fr\/#\/schema\/logo\/image\/"},"sameAs":["https:\/\/www.youtube.com\/user\/GARCIAFAURA"]},{"@type":"Person","@id":"https:\/\/www.garciafaura.com\/fr\/#\/schema\/person\/b4b75e69b33fac3446071909bec106b0","name":"David Achell","image":{"@type":"ImageObject","inLanguage":"es","@id":"https:\/\/www.garciafaura.com\/fr\/#\/schema\/person\/image\/","url":"https:\/\/secure.gravatar.com\/avatar\/03900210afc1f61bce737bcb4a79c02e2c997f171e3eca839b5a4cbe03846c90?s=96&d=blank&r=g","contentUrl":"https:\/\/secure.gravatar.com\/avatar\/03900210afc1f61bce737bcb4a79c02e2c997f171e3eca839b5a4cbe03846c90?s=96&d=blank&r=g","caption":"David Achell"}}]}},"_links":{"self":[{"href":"https:\/\/www.garciafaura.com\/es\/wp-json\/wp\/v2\/posts\/32539","targetHints":{"allow":["GET"]}}],"collection":[{"href":"https:\/\/www.garciafaura.com\/es\/wp-json\/wp\/v2\/posts"}],"about":[{"href":"https:\/\/www.garciafaura.com\/es\/wp-json\/wp\/v2\/types\/post"}],"author":[{"embeddable":true,"href":"https:\/\/www.garciafaura.com\/es\/wp-json\/wp\/v2\/users\/3"}],"replies":[{"embeddable":true,"href":"https:\/\/www.garciafaura.com\/es\/wp-json\/wp\/v2\/comments?post=32539"}],"version-history":[{"count":3,"href":"https:\/\/www.garciafaura.com\/es\/wp-json\/wp\/v2\/posts\/32539\/revisions"}],"predecessor-version":[{"id":32550,"href":"https:\/\/www.garciafaura.com\/es\/wp-json\/wp\/v2\/posts\/32539\/revisions\/32550"}],"wp:featuredmedia":[{"embeddable":true,"href":"https:\/\/www.garciafaura.com\/es\/wp-json\/wp\/v2\/media\/32250"}],"wp:attachment":[{"href":"https:\/\/www.garciafaura.com\/es\/wp-json\/wp\/v2\/media?parent=32539"}],"wp:term":[{"taxonomy":"category","embeddable":true,"href":"https:\/\/www.garciafaura.com\/es\/wp-json\/wp\/v2\/categories?post=32539"},{"taxonomy":"post_tag","embeddable":true,"href":"https:\/\/www.garciafaura.com\/es\/wp-json\/wp\/v2\/tags?post=32539"},{"taxonomy":"post_series","embeddable":true,"href":"https:\/\/www.garciafaura.com\/es\/wp-json\/wp\/v2\/post_series?post=32539"}],"curies":[{"name":"wp","href":"https:\/\/api.w.org\/{rel}","templated":true}]}}