{"id":32398,"date":"2023-07-19T09:00:44","date_gmt":"2023-07-19T07:00:44","guid":{"rendered":"https:\/\/www.garciafaura.com\/?p=32398"},"modified":"2023-07-19T10:11:08","modified_gmt":"2023-07-19T08:11:08","slug":"tancaments-de-garcia-faura-per-a-la-rehabilitacio-de-la-casa-maury-pares-de-barcelona","status":"publish","type":"post","link":"https:\/\/www.garciafaura.com\/es\/tancaments-de-garcia-faura-per-a-la-rehabilitacio-de-la-casa-maury-pares-de-barcelona\/","title":{"rendered":"Cerramientos de GARCIA FAURA para la rehabilitaci\u00f3n de la Casa Maury-Par\u00e9s de Barcelona"},"content":{"rendered":"<h3 style=\"text-align: justify;\">GARCIA FAURA participa en el proyecto de reconversi\u00f3n de la Casa Maury-Par\u00e9s, un edificio construido a finales del siglo XIX en medio del barrio del Eixample de Barcelona, muy cerca de la rambla de Catalunya y del paseo de Gr\u00e0cia.<\/h3>\n<p style=\"text-align: justify;\">La intervenci\u00f3n contempla la rehabilitaci\u00f3n de los elementos que dotan al inmueble de su personalidad, como las <strong>fachadas<\/strong>, los patios interiores y el vest\u00edbulo, y la construcci\u00f3n de 24 viviendas modernas, amplias y llenas de luz natural. Algunas estar\u00e1n adaptadas para las personas mayores.<\/p>\n<p style=\"text-align: justify;\">El proyecto contempla dos plantas subterr\u00e1neas, una planta baja con local comercial y seis plantas (dos ser\u00e1n de nueva construcci\u00f3n) con las viviendas, las cuales estar\u00e1n equipadas con la m\u00e1s alta exigencia de <strong>confort t\u00e9rmico<\/strong> y de <strong>eficiencia energ\u00e9tica<\/strong>. Habr\u00e1 plantas bajas d\u00faplex con jardines privados y \u00e1ticos d\u00faplex con terraza.<\/p>\n<p style=\"text-align: justify;\"><strong>GARCIA FAURA<\/strong> desarrolla unos sesenta conjuntos de <strong>cerramientos<\/strong> formados por balconeras fijas con <strong>perfiler\u00eda de aluminio de altas prestaciones y vidrier\u00eda de alta eficiencia<\/strong>, con cristales con control solar y c\u00e1mara de arg\u00f3n.<\/p>\n<p style=\"text-align: justify;\">Tambi\u00e9n se fabrican e instalan sesenta <strong>cerramientos individuales con perfiler\u00eda de hoja oculta<\/strong> y cristales bajo emisivos, as\u00ed como celos\u00edas, paneles de fachada y otros trabajos met\u00e1licos.<\/p>\n<p style=\"text-align: justify;\">Las obras en la <strong>casa Maury-Par\u00e9s<\/strong> estar\u00e1n caracterizadas por la <strong>sostenibilidad<\/strong>, ya que el edificio contar\u00e1 con la tecnolog\u00eda aerot\u00e9rmica de \u00faltima generaci\u00f3n aplicada a las instalaciones de climatizaci\u00f3n y agua, lo que le otorgar\u00e1 la mayor eficiencia y sostenibilidad con una <strong>calificaci\u00f3n energ\u00e9tica de clase A<\/strong>.<\/p>\n","protected":false},"excerpt":{"rendered":"<p>GARCIA FAURA participa en el proyecto de reconversi\u00f3n de la Casa Maury-Par\u00e9s, un edificio construido a finales del siglo XIX en medio del barrio del Eixample de Barcelona, muy cerca de la rambla de Catalunya y del paseo de Gr\u00e0cia.&hellip;<\/p>\n","protected":false},"author":3,"featured_media":32416,"comment_status":"closed","ping_status":"open","sticky":false,"template":"","format":"gallery","meta":{"footnotes":""},"categories":[3],"tags":[],"post_series":[],"class_list":["post-32398","post","type-post","status-publish","format-gallery","has-post-thumbnail","hentry","category-actualidad","post_format-post-format-gallery","entry","has-media"],"yoast_head":"<!-- This site is optimized with the Yoast SEO plugin v26.7 - https:\/\/yoast.com\/wordpress\/plugins\/seo\/ -->\n<title>Cerramientos de GARCIA FAURA para la rehabilitaci\u00f3n de la Casa Maury-Par\u00e9s de Barcelona - GARCIA FAURA<\/title>\n<meta name=\"description\" content=\"Arquitectura en Alumini, Inox, Ferro i Vidre\" \/>\n<meta name=\"robots\" content=\"index, follow, max-snippet:-1, max-image-preview:large, max-video-preview:-1\" \/>\n<link rel=\"canonical\" href=\"https:\/\/www.garciafaura.com\/es\/tancaments-de-garcia-faura-per-a-la-rehabilitacio-de-la-casa-maury-pares-de-barcelona\/\" \/>\n<meta property=\"og:locale\" content=\"es_ES\" \/>\n<meta property=\"og:type\" content=\"article\" \/>\n<meta property=\"og:title\" content=\"Cerramientos de GARCIA FAURA para la rehabilitaci\u00f3n de la Casa Maury-Par\u00e9s de Barcelona - GARCIA FAURA\" \/>\n<meta property=\"og:description\" content=\"Arquitectura en Alumini, Inox, Ferro i Vidre\" \/>\n<meta property=\"og:url\" content=\"https:\/\/www.garciafaura.com\/es\/tancaments-de-garcia-faura-per-a-la-rehabilitacio-de-la-casa-maury-pares-de-barcelona\/\" \/>\n<meta property=\"og:site_name\" content=\"GARCIA FAURA\" \/>\n<meta property=\"article:published_time\" content=\"2023-07-19T07:00:44+00:00\" \/>\n<meta property=\"article:modified_time\" content=\"2023-07-19T08:11:08+00:00\" \/>\n<meta property=\"og:image\" content=\"https:\/\/www.garciafaura.com\/wp-content\/uploads\/2023\/07\/m234-ilustracion1.jpeg\" \/>\n\t<meta property=\"og:image:width\" content=\"2200\" \/>\n\t<meta property=\"og:image:height\" content=\"1146\" \/>\n\t<meta property=\"og:image:type\" content=\"image\/jpeg\" \/>\n<meta name=\"author\" content=\"David Achell\" \/>\n<meta name=\"twitter:card\" content=\"summary_large_image\" \/>\n<meta name=\"twitter:label1\" content=\"Escrito por\" \/>\n\t<meta name=\"twitter:data1\" content=\"David Achell\" \/>\n\t<meta name=\"twitter:label2\" content=\"Tiempo de lectura\" \/>\n\t<meta name=\"twitter:data2\" content=\"2 minutos\" \/>\n<script type=\"application\/ld+json\" class=\"yoast-schema-graph\">{\"@context\":\"https:\/\/schema.org\",\"@graph\":[{\"@type\":\"Article\",\"@id\":\"https:\/\/www.garciafaura.com\/es\/tancaments-de-garcia-faura-per-a-la-rehabilitacio-de-la-casa-maury-pares-de-barcelona\/#article\",\"isPartOf\":{\"@id\":\"https:\/\/www.garciafaura.com\/es\/tancaments-de-garcia-faura-per-a-la-rehabilitacio-de-la-casa-maury-pares-de-barcelona\/\"},\"author\":{\"name\":\"David Achell\",\"@id\":\"https:\/\/www.garciafaura.com\/fr\/#\/schema\/person\/b4b75e69b33fac3446071909bec106b0\"},\"headline\":\"Cerramientos de GARCIA FAURA para la rehabilitaci\u00f3n de la Casa Maury-Par\u00e9s de Barcelona\",\"datePublished\":\"2023-07-19T07:00:44+00:00\",\"dateModified\":\"2023-07-19T08:11:08+00:00\",\"mainEntityOfPage\":{\"@id\":\"https:\/\/www.garciafaura.com\/es\/tancaments-de-garcia-faura-per-a-la-rehabilitacio-de-la-casa-maury-pares-de-barcelona\/\"},\"wordCount\":289,\"publisher\":{\"@id\":\"https:\/\/www.garciafaura.com\/fr\/#organization\"},\"image\":{\"@id\":\"https:\/\/www.garciafaura.com\/es\/tancaments-de-garcia-faura-per-a-la-rehabilitacio-de-la-casa-maury-pares-de-barcelona\/#primaryimage\"},\"thumbnailUrl\":\"https:\/\/www.garciafaura.com\/wp-content\/uploads\/2023\/07\/m234-ilustracion1.jpeg\",\"articleSection\":[\"Actualidad\"],\"inLanguage\":\"es\"},{\"@type\":\"WebPage\",\"@id\":\"https:\/\/www.garciafaura.com\/es\/tancaments-de-garcia-faura-per-a-la-rehabilitacio-de-la-casa-maury-pares-de-barcelona\/\",\"url\":\"https:\/\/www.garciafaura.com\/es\/tancaments-de-garcia-faura-per-a-la-rehabilitacio-de-la-casa-maury-pares-de-barcelona\/\",\"name\":\"Cerramientos de GARCIA FAURA para la rehabilitaci\u00f3n de la Casa Maury-Par\u00e9s de Barcelona - GARCIA FAURA\",\"isPartOf\":{\"@id\":\"https:\/\/www.garciafaura.com\/fr\/#website\"},\"primaryImageOfPage\":{\"@id\":\"https:\/\/www.garciafaura.com\/es\/tancaments-de-garcia-faura-per-a-la-rehabilitacio-de-la-casa-maury-pares-de-barcelona\/#primaryimage\"},\"image\":{\"@id\":\"https:\/\/www.garciafaura.com\/es\/tancaments-de-garcia-faura-per-a-la-rehabilitacio-de-la-casa-maury-pares-de-barcelona\/#primaryimage\"},\"thumbnailUrl\":\"https:\/\/www.garciafaura.com\/wp-content\/uploads\/2023\/07\/m234-ilustracion1.jpeg\",\"datePublished\":\"2023-07-19T07:00:44+00:00\",\"dateModified\":\"2023-07-19T08:11:08+00:00\",\"description\":\"Arquitectura en Alumini, Inox, Ferro i Vidre\",\"breadcrumb\":{\"@id\":\"https:\/\/www.garciafaura.com\/es\/tancaments-de-garcia-faura-per-a-la-rehabilitacio-de-la-casa-maury-pares-de-barcelona\/#breadcrumb\"},\"inLanguage\":\"es\",\"potentialAction\":[{\"@type\":\"ReadAction\",\"target\":[\"https:\/\/www.garciafaura.com\/es\/tancaments-de-garcia-faura-per-a-la-rehabilitacio-de-la-casa-maury-pares-de-barcelona\/\"]}]},{\"@type\":\"ImageObject\",\"inLanguage\":\"es\",\"@id\":\"https:\/\/www.garciafaura.com\/es\/tancaments-de-garcia-faura-per-a-la-rehabilitacio-de-la-casa-maury-pares-de-barcelona\/#primaryimage\",\"url\":\"https:\/\/www.garciafaura.com\/wp-content\/uploads\/2023\/07\/m234-ilustracion1.jpeg\",\"contentUrl\":\"https:\/\/www.garciafaura.com\/wp-content\/uploads\/2023\/07\/m234-ilustracion1.jpeg\",\"width\":2200,\"height\":1146},{\"@type\":\"BreadcrumbList\",\"@id\":\"https:\/\/www.garciafaura.com\/es\/tancaments-de-garcia-faura-per-a-la-rehabilitacio-de-la-casa-maury-pares-de-barcelona\/#breadcrumb\",\"itemListElement\":[{\"@type\":\"ListItem\",\"position\":1,\"name\":\"Inici\",\"item\":\"https:\/\/www.garciafaura.com\/es\/\"},{\"@type\":\"ListItem\",\"position\":2,\"name\":\"Cerramientos de GARCIA FAURA para la rehabilitaci\u00f3n de la Casa Maury-Par\u00e9s de Barcelona\"}]},{\"@type\":\"WebSite\",\"@id\":\"https:\/\/www.garciafaura.com\/fr\/#website\",\"url\":\"https:\/\/www.garciafaura.com\/fr\/\",\"name\":\"GARCIA FAURA\",\"description\":\"Arquitectura en Alumini, Inox, Ferro i Vidre\",\"publisher\":{\"@id\":\"https:\/\/www.garciafaura.com\/fr\/#organization\"},\"potentialAction\":[{\"@type\":\"SearchAction\",\"target\":{\"@type\":\"EntryPoint\",\"urlTemplate\":\"https:\/\/www.garciafaura.com\/fr\/?s={search_term_string}\"},\"query-input\":{\"@type\":\"PropertyValueSpecification\",\"valueRequired\":true,\"valueName\":\"search_term_string\"}}],\"inLanguage\":\"es\"},{\"@type\":\"Organization\",\"@id\":\"https:\/\/www.garciafaura.com\/fr\/#organization\",\"name\":\"GARCIA FAURA\",\"url\":\"https:\/\/www.garciafaura.com\/fr\/\",\"logo\":{\"@type\":\"ImageObject\",\"inLanguage\":\"es\",\"@id\":\"https:\/\/www.garciafaura.com\/fr\/#\/schema\/logo\/image\/\",\"url\":\"https:\/\/www.garciafaura.com\/wp-content\/uploads\/2018\/09\/Garcia-Faura.png\",\"contentUrl\":\"https:\/\/www.garciafaura.com\/wp-content\/uploads\/2018\/09\/Garcia-Faura.png\",\"width\":512,\"height\":512,\"caption\":\"GARCIA FAURA\"},\"image\":{\"@id\":\"https:\/\/www.garciafaura.com\/fr\/#\/schema\/logo\/image\/\"},\"sameAs\":[\"https:\/\/www.youtube.com\/user\/GARCIAFAURA\"]},{\"@type\":\"Person\",\"@id\":\"https:\/\/www.garciafaura.com\/fr\/#\/schema\/person\/b4b75e69b33fac3446071909bec106b0\",\"name\":\"David Achell\",\"image\":{\"@type\":\"ImageObject\",\"inLanguage\":\"es\",\"@id\":\"https:\/\/www.garciafaura.com\/fr\/#\/schema\/person\/image\/\",\"url\":\"https:\/\/secure.gravatar.com\/avatar\/03900210afc1f61bce737bcb4a79c02e2c997f171e3eca839b5a4cbe03846c90?s=96&d=blank&r=g\",\"contentUrl\":\"https:\/\/secure.gravatar.com\/avatar\/03900210afc1f61bce737bcb4a79c02e2c997f171e3eca839b5a4cbe03846c90?s=96&d=blank&r=g\",\"caption\":\"David Achell\"}}]}<\/script>\n<!-- \/ Yoast SEO plugin. -->","yoast_head_json":{"title":"Cerramientos de GARCIA FAURA para la rehabilitaci\u00f3n de la Casa Maury-Par\u00e9s de Barcelona - GARCIA FAURA","description":"Arquitectura en Alumini, Inox, Ferro i Vidre","robots":{"index":"index","follow":"follow","max-snippet":"max-snippet:-1","max-image-preview":"max-image-preview:large","max-video-preview":"max-video-preview:-1"},"canonical":"https:\/\/www.garciafaura.com\/es\/tancaments-de-garcia-faura-per-a-la-rehabilitacio-de-la-casa-maury-pares-de-barcelona\/","og_locale":"es_ES","og_type":"article","og_title":"Cerramientos de GARCIA FAURA para la rehabilitaci\u00f3n de la Casa Maury-Par\u00e9s de Barcelona - GARCIA FAURA","og_description":"Arquitectura en Alumini, Inox, Ferro i Vidre","og_url":"https:\/\/www.garciafaura.com\/es\/tancaments-de-garcia-faura-per-a-la-rehabilitacio-de-la-casa-maury-pares-de-barcelona\/","og_site_name":"GARCIA FAURA","article_published_time":"2023-07-19T07:00:44+00:00","article_modified_time":"2023-07-19T08:11:08+00:00","og_image":[{"width":2200,"height":1146,"url":"https:\/\/www.garciafaura.com\/wp-content\/uploads\/2023\/07\/m234-ilustracion1.jpeg","type":"image\/jpeg"}],"author":"David Achell","twitter_card":"summary_large_image","twitter_misc":{"Escrito por":"David Achell","Tiempo de lectura":"2 minutos"},"schema":{"@context":"https:\/\/schema.org","@graph":[{"@type":"Article","@id":"https:\/\/www.garciafaura.com\/es\/tancaments-de-garcia-faura-per-a-la-rehabilitacio-de-la-casa-maury-pares-de-barcelona\/#article","isPartOf":{"@id":"https:\/\/www.garciafaura.com\/es\/tancaments-de-garcia-faura-per-a-la-rehabilitacio-de-la-casa-maury-pares-de-barcelona\/"},"author":{"name":"David Achell","@id":"https:\/\/www.garciafaura.com\/fr\/#\/schema\/person\/b4b75e69b33fac3446071909bec106b0"},"headline":"Cerramientos de GARCIA FAURA para la rehabilitaci\u00f3n de la Casa Maury-Par\u00e9s de Barcelona","datePublished":"2023-07-19T07:00:44+00:00","dateModified":"2023-07-19T08:11:08+00:00","mainEntityOfPage":{"@id":"https:\/\/www.garciafaura.com\/es\/tancaments-de-garcia-faura-per-a-la-rehabilitacio-de-la-casa-maury-pares-de-barcelona\/"},"wordCount":289,"publisher":{"@id":"https:\/\/www.garciafaura.com\/fr\/#organization"},"image":{"@id":"https:\/\/www.garciafaura.com\/es\/tancaments-de-garcia-faura-per-a-la-rehabilitacio-de-la-casa-maury-pares-de-barcelona\/#primaryimage"},"thumbnailUrl":"https:\/\/www.garciafaura.com\/wp-content\/uploads\/2023\/07\/m234-ilustracion1.jpeg","articleSection":["Actualidad"],"inLanguage":"es"},{"@type":"WebPage","@id":"https:\/\/www.garciafaura.com\/es\/tancaments-de-garcia-faura-per-a-la-rehabilitacio-de-la-casa-maury-pares-de-barcelona\/","url":"https:\/\/www.garciafaura.com\/es\/tancaments-de-garcia-faura-per-a-la-rehabilitacio-de-la-casa-maury-pares-de-barcelona\/","name":"Cerramientos de GARCIA FAURA para la rehabilitaci\u00f3n de la Casa Maury-Par\u00e9s de Barcelona - GARCIA FAURA","isPartOf":{"@id":"https:\/\/www.garciafaura.com\/fr\/#website"},"primaryImageOfPage":{"@id":"https:\/\/www.garciafaura.com\/es\/tancaments-de-garcia-faura-per-a-la-rehabilitacio-de-la-casa-maury-pares-de-barcelona\/#primaryimage"},"image":{"@id":"https:\/\/www.garciafaura.com\/es\/tancaments-de-garcia-faura-per-a-la-rehabilitacio-de-la-casa-maury-pares-de-barcelona\/#primaryimage"},"thumbnailUrl":"https:\/\/www.garciafaura.com\/wp-content\/uploads\/2023\/07\/m234-ilustracion1.jpeg","datePublished":"2023-07-19T07:00:44+00:00","dateModified":"2023-07-19T08:11:08+00:00","description":"Arquitectura en Alumini, Inox, Ferro i Vidre","breadcrumb":{"@id":"https:\/\/www.garciafaura.com\/es\/tancaments-de-garcia-faura-per-a-la-rehabilitacio-de-la-casa-maury-pares-de-barcelona\/#breadcrumb"},"inLanguage":"es","potentialAction":[{"@type":"ReadAction","target":["https:\/\/www.garciafaura.com\/es\/tancaments-de-garcia-faura-per-a-la-rehabilitacio-de-la-casa-maury-pares-de-barcelona\/"]}]},{"@type":"ImageObject","inLanguage":"es","@id":"https:\/\/www.garciafaura.com\/es\/tancaments-de-garcia-faura-per-a-la-rehabilitacio-de-la-casa-maury-pares-de-barcelona\/#primaryimage","url":"https:\/\/www.garciafaura.com\/wp-content\/uploads\/2023\/07\/m234-ilustracion1.jpeg","contentUrl":"https:\/\/www.garciafaura.com\/wp-content\/uploads\/2023\/07\/m234-ilustracion1.jpeg","width":2200,"height":1146},{"@type":"BreadcrumbList","@id":"https:\/\/www.garciafaura.com\/es\/tancaments-de-garcia-faura-per-a-la-rehabilitacio-de-la-casa-maury-pares-de-barcelona\/#breadcrumb","itemListElement":[{"@type":"ListItem","position":1,"name":"Inici","item":"https:\/\/www.garciafaura.com\/es\/"},{"@type":"ListItem","position":2,"name":"Cerramientos de GARCIA FAURA para la rehabilitaci\u00f3n de la Casa Maury-Par\u00e9s de Barcelona"}]},{"@type":"WebSite","@id":"https:\/\/www.garciafaura.com\/fr\/#website","url":"https:\/\/www.garciafaura.com\/fr\/","name":"GARCIA FAURA","description":"Arquitectura en Alumini, Inox, Ferro i Vidre","publisher":{"@id":"https:\/\/www.garciafaura.com\/fr\/#organization"},"potentialAction":[{"@type":"SearchAction","target":{"@type":"EntryPoint","urlTemplate":"https:\/\/www.garciafaura.com\/fr\/?s={search_term_string}"},"query-input":{"@type":"PropertyValueSpecification","valueRequired":true,"valueName":"search_term_string"}}],"inLanguage":"es"},{"@type":"Organization","@id":"https:\/\/www.garciafaura.com\/fr\/#organization","name":"GARCIA FAURA","url":"https:\/\/www.garciafaura.com\/fr\/","logo":{"@type":"ImageObject","inLanguage":"es","@id":"https:\/\/www.garciafaura.com\/fr\/#\/schema\/logo\/image\/","url":"https:\/\/www.garciafaura.com\/wp-content\/uploads\/2018\/09\/Garcia-Faura.png","contentUrl":"https:\/\/www.garciafaura.com\/wp-content\/uploads\/2018\/09\/Garcia-Faura.png","width":512,"height":512,"caption":"GARCIA FAURA"},"image":{"@id":"https:\/\/www.garciafaura.com\/fr\/#\/schema\/logo\/image\/"},"sameAs":["https:\/\/www.youtube.com\/user\/GARCIAFAURA"]},{"@type":"Person","@id":"https:\/\/www.garciafaura.com\/fr\/#\/schema\/person\/b4b75e69b33fac3446071909bec106b0","name":"David Achell","image":{"@type":"ImageObject","inLanguage":"es","@id":"https:\/\/www.garciafaura.com\/fr\/#\/schema\/person\/image\/","url":"https:\/\/secure.gravatar.com\/avatar\/03900210afc1f61bce737bcb4a79c02e2c997f171e3eca839b5a4cbe03846c90?s=96&d=blank&r=g","contentUrl":"https:\/\/secure.gravatar.com\/avatar\/03900210afc1f61bce737bcb4a79c02e2c997f171e3eca839b5a4cbe03846c90?s=96&d=blank&r=g","caption":"David Achell"}}]}},"_links":{"self":[{"href":"https:\/\/www.garciafaura.com\/es\/wp-json\/wp\/v2\/posts\/32398","targetHints":{"allow":["GET"]}}],"collection":[{"href":"https:\/\/www.garciafaura.com\/es\/wp-json\/wp\/v2\/posts"}],"about":[{"href":"https:\/\/www.garciafaura.com\/es\/wp-json\/wp\/v2\/types\/post"}],"author":[{"embeddable":true,"href":"https:\/\/www.garciafaura.com\/es\/wp-json\/wp\/v2\/users\/3"}],"replies":[{"embeddable":true,"href":"https:\/\/www.garciafaura.com\/es\/wp-json\/wp\/v2\/comments?post=32398"}],"version-history":[{"count":2,"href":"https:\/\/www.garciafaura.com\/es\/wp-json\/wp\/v2\/posts\/32398\/revisions"}],"predecessor-version":[{"id":32400,"href":"https:\/\/www.garciafaura.com\/es\/wp-json\/wp\/v2\/posts\/32398\/revisions\/32400"}],"wp:featuredmedia":[{"embeddable":true,"href":"https:\/\/www.garciafaura.com\/es\/wp-json\/wp\/v2\/media\/32416"}],"wp:attachment":[{"href":"https:\/\/www.garciafaura.com\/es\/wp-json\/wp\/v2\/media?parent=32398"}],"wp:term":[{"taxonomy":"category","embeddable":true,"href":"https:\/\/www.garciafaura.com\/es\/wp-json\/wp\/v2\/categories?post=32398"},{"taxonomy":"post_tag","embeddable":true,"href":"https:\/\/www.garciafaura.com\/es\/wp-json\/wp\/v2\/tags?post=32398"},{"taxonomy":"post_series","embeddable":true,"href":"https:\/\/www.garciafaura.com\/es\/wp-json\/wp\/v2\/post_series?post=32398"}],"curies":[{"name":"wp","href":"https:\/\/api.w.org\/{rel}","templated":true}]}}