{"id":32227,"date":"2023-07-10T12:25:32","date_gmt":"2023-07-10T10:25:32","guid":{"rendered":"https:\/\/www.garciafaura.com\/garcia-faura-participa-en-la-rehabilitacio-del-dic-de-recer-del-port-olimpic-de-barcelona\/"},"modified":"2023-07-10T12:29:40","modified_gmt":"2023-07-10T10:29:40","slug":"garcia-faura-participa-en-la-rehabilitacio-del-dic-de-recer-del-port-olimpic-de-barcelona","status":"publish","type":"post","link":"https:\/\/www.garciafaura.com\/es\/garcia-faura-participa-en-la-rehabilitacio-del-dic-de-recer-del-port-olimpic-de-barcelona\/","title":{"rendered":"GARCIA FAURA participa en la rehabilitaci\u00f3n del dique de abrigo del Port Ol\u00edmpic de Barcelona"},"content":{"rendered":"<h3 style=\"text-align: justify;\">El Port Ol\u00edmpic de Barcelona ha iniciado la transformaci\u00f3n de sus espacios para convertirse en un polo de atracci\u00f3n de la econom\u00eda azul (vinculada al mar, no contaminante y basada en unos modelos de producci\u00f3n y consumo sostenibles). GARCIA FAURA participa con la rehabilitaci\u00f3n de los locales comerciales y de los pa\u00f1oles del dique de abrigo.<\/h3>\n<p style=\"text-align: justify;\">Con esta transformaci\u00f3n se pretende que el Port Ol\u00edmpic se integre en la vida de Barcelona, convirti\u00e9ndose en un espacio m\u00e1s amable para la ciudadan\u00eda de la capital catalana, con la n\u00e1utica popular, el deporte y la divulgaci\u00f3n como actividades centrales, adem\u00e1s de ofrecer nuevas zonas vinculadas a la promoci\u00f3n econ\u00f3mica y fomento de la econom\u00eda azul.<\/p>\n<p style=\"text-align: justify;\">Para conseguir estos objetivos, se trabaja en la rehabilitaci\u00f3n de los muelles de Mestral y de Marina, adem\u00e1s del dique de abrigo. \u00c9ste \u00faltimo tiene una superficie de unos 2.500 metros cuadrados y, una vez terminadas las obras, ofrecer\u00e1 diferentes servicios de actividad n\u00e1utica y econom\u00eda azul.<\/p>\n<p style=\"text-align: justify;\">Bajo el dique de abrigo, <strong>GARCIA FAURA<\/strong> interviene en 31 locales para actividad empresarial y en 70 pa\u00f1oles, lo que servir\u00e1 para destinar 2.638 metros cuadrados a la econom\u00eda azul. Esta intervenci\u00f3n supondr\u00e1 la instalaci\u00f3n de m\u00e1s de mil metros cuadrados de <strong>muro cortina con perfil de aluminio<\/strong>.<\/p>\n<p style=\"text-align: justify;\">Tambi\u00e9n se colocar\u00e1n unos ochenta <strong>cierres de aluminio y vidrio<\/strong>, entre puertas exteriores y balconeras de apertura oscilobatiente integradas en el <strong>muro cortina<\/strong>, y m\u00e1s de 2.000 metros cuadrados de <strong>celos\u00edas de microcomposite sobre una sobreestructura de acero inoxidable<\/strong>.<\/p>\n<p style=\"text-align: justify;\">Una vez finalizadas las obras en los locales comerciales y en los pa\u00f1oles, el dique de cobijo se urbanizar\u00e1 para que sea un paseo, totalmente accesible desde el puerto y desde la ciudad, lo que dar\u00e1 paso a un mirador de unos 500 metros de longitud conectado con los muelles inferiores a trav\u00e9s de dos escaleras.<\/p>\n","protected":false},"excerpt":{"rendered":"<p>El Port Ol\u00edmpic de Barcelona ha iniciado la transformaci\u00f3n de sus espacios para convertirse en un polo de atracci\u00f3n de la econom\u00eda azul (vinculada al mar, no contaminante y basada en unos modelos de producci\u00f3n y consumo sostenibles). GARCIA FAURA&hellip;<\/p>\n","protected":false},"author":3,"featured_media":32128,"comment_status":"closed","ping_status":"open","sticky":false,"template":"","format":"gallery","meta":{"footnotes":""},"categories":[3],"tags":[],"post_series":[],"class_list":["post-32227","post","type-post","status-publish","format-gallery","has-post-thumbnail","hentry","category-actualidad","post_format-post-format-gallery","entry","has-media"],"yoast_head":"<!-- This site is optimized with the Yoast SEO plugin v26.7 - https:\/\/yoast.com\/wordpress\/plugins\/seo\/ -->\n<title>GARCIA FAURA participa en la rehabilitaci\u00f3n del dique de abrigo del Port Ol\u00edmpic de Barcelona - GARCIA FAURA<\/title>\n<meta name=\"description\" content=\"Arquitectura en Alumini, Inox, Ferro i Vidre\" \/>\n<meta name=\"robots\" content=\"index, follow, max-snippet:-1, max-image-preview:large, max-video-preview:-1\" \/>\n<link rel=\"canonical\" href=\"https:\/\/www.garciafaura.com\/es\/garcia-faura-participa-en-la-rehabilitacio-del-dic-de-recer-del-port-olimpic-de-barcelona\/\" \/>\n<meta property=\"og:locale\" content=\"es_ES\" \/>\n<meta property=\"og:type\" content=\"article\" \/>\n<meta property=\"og:title\" content=\"GARCIA FAURA participa en la rehabilitaci\u00f3n del dique de abrigo del Port Ol\u00edmpic de Barcelona - GARCIA FAURA\" \/>\n<meta property=\"og:description\" content=\"Arquitectura en Alumini, Inox, Ferro i Vidre\" \/>\n<meta property=\"og:url\" content=\"https:\/\/www.garciafaura.com\/es\/garcia-faura-participa-en-la-rehabilitacio-del-dic-de-recer-del-port-olimpic-de-barcelona\/\" \/>\n<meta property=\"og:site_name\" content=\"GARCIA FAURA\" \/>\n<meta property=\"article:published_time\" content=\"2023-07-10T10:25:32+00:00\" \/>\n<meta property=\"article:modified_time\" content=\"2023-07-10T10:29:40+00:00\" \/>\n<meta property=\"og:image\" content=\"https:\/\/www.garciafaura.com\/wp-content\/uploads\/2023\/06\/DicRecer02-bona.jpg\" \/>\n\t<meta property=\"og:image:width\" content=\"1200\" \/>\n\t<meta property=\"og:image:height\" content=\"628\" \/>\n\t<meta property=\"og:image:type\" content=\"image\/jpeg\" \/>\n<meta name=\"author\" content=\"David Achell\" \/>\n<meta name=\"twitter:card\" content=\"summary_large_image\" \/>\n<meta name=\"twitter:label1\" content=\"Escrito por\" \/>\n\t<meta name=\"twitter:data1\" content=\"David Achell\" \/>\n\t<meta name=\"twitter:label2\" content=\"Tiempo de lectura\" \/>\n\t<meta name=\"twitter:data2\" content=\"2 minutos\" \/>\n<script type=\"application\/ld+json\" class=\"yoast-schema-graph\">{\"@context\":\"https:\/\/schema.org\",\"@graph\":[{\"@type\":\"Article\",\"@id\":\"https:\/\/www.garciafaura.com\/es\/garcia-faura-participa-en-la-rehabilitacio-del-dic-de-recer-del-port-olimpic-de-barcelona\/#article\",\"isPartOf\":{\"@id\":\"https:\/\/www.garciafaura.com\/es\/garcia-faura-participa-en-la-rehabilitacio-del-dic-de-recer-del-port-olimpic-de-barcelona\/\"},\"author\":{\"name\":\"David Achell\",\"@id\":\"https:\/\/www.garciafaura.com\/fr\/#\/schema\/person\/b4b75e69b33fac3446071909bec106b0\"},\"headline\":\"GARCIA FAURA participa en la rehabilitaci\u00f3n del dique de abrigo del Port Ol\u00edmpic de Barcelona\",\"datePublished\":\"2023-07-10T10:25:32+00:00\",\"dateModified\":\"2023-07-10T10:29:40+00:00\",\"mainEntityOfPage\":{\"@id\":\"https:\/\/www.garciafaura.com\/es\/garcia-faura-participa-en-la-rehabilitacio-del-dic-de-recer-del-port-olimpic-de-barcelona\/\"},\"wordCount\":347,\"publisher\":{\"@id\":\"https:\/\/www.garciafaura.com\/fr\/#organization\"},\"image\":{\"@id\":\"https:\/\/www.garciafaura.com\/es\/garcia-faura-participa-en-la-rehabilitacio-del-dic-de-recer-del-port-olimpic-de-barcelona\/#primaryimage\"},\"thumbnailUrl\":\"https:\/\/www.garciafaura.com\/wp-content\/uploads\/2023\/06\/DicRecer02-bona.jpg\",\"articleSection\":[\"Actualidad\"],\"inLanguage\":\"es\"},{\"@type\":\"WebPage\",\"@id\":\"https:\/\/www.garciafaura.com\/es\/garcia-faura-participa-en-la-rehabilitacio-del-dic-de-recer-del-port-olimpic-de-barcelona\/\",\"url\":\"https:\/\/www.garciafaura.com\/es\/garcia-faura-participa-en-la-rehabilitacio-del-dic-de-recer-del-port-olimpic-de-barcelona\/\",\"name\":\"GARCIA FAURA participa en la rehabilitaci\u00f3n del dique de abrigo del Port Ol\u00edmpic de Barcelona - GARCIA FAURA\",\"isPartOf\":{\"@id\":\"https:\/\/www.garciafaura.com\/fr\/#website\"},\"primaryImageOfPage\":{\"@id\":\"https:\/\/www.garciafaura.com\/es\/garcia-faura-participa-en-la-rehabilitacio-del-dic-de-recer-del-port-olimpic-de-barcelona\/#primaryimage\"},\"image\":{\"@id\":\"https:\/\/www.garciafaura.com\/es\/garcia-faura-participa-en-la-rehabilitacio-del-dic-de-recer-del-port-olimpic-de-barcelona\/#primaryimage\"},\"thumbnailUrl\":\"https:\/\/www.garciafaura.com\/wp-content\/uploads\/2023\/06\/DicRecer02-bona.jpg\",\"datePublished\":\"2023-07-10T10:25:32+00:00\",\"dateModified\":\"2023-07-10T10:29:40+00:00\",\"description\":\"Arquitectura en Alumini, Inox, Ferro i Vidre\",\"breadcrumb\":{\"@id\":\"https:\/\/www.garciafaura.com\/es\/garcia-faura-participa-en-la-rehabilitacio-del-dic-de-recer-del-port-olimpic-de-barcelona\/#breadcrumb\"},\"inLanguage\":\"es\",\"potentialAction\":[{\"@type\":\"ReadAction\",\"target\":[\"https:\/\/www.garciafaura.com\/es\/garcia-faura-participa-en-la-rehabilitacio-del-dic-de-recer-del-port-olimpic-de-barcelona\/\"]}]},{\"@type\":\"ImageObject\",\"inLanguage\":\"es\",\"@id\":\"https:\/\/www.garciafaura.com\/es\/garcia-faura-participa-en-la-rehabilitacio-del-dic-de-recer-del-port-olimpic-de-barcelona\/#primaryimage\",\"url\":\"https:\/\/www.garciafaura.com\/wp-content\/uploads\/2023\/06\/DicRecer02-bona.jpg\",\"contentUrl\":\"https:\/\/www.garciafaura.com\/wp-content\/uploads\/2023\/06\/DicRecer02-bona.jpg\",\"width\":1200,\"height\":628},{\"@type\":\"BreadcrumbList\",\"@id\":\"https:\/\/www.garciafaura.com\/es\/garcia-faura-participa-en-la-rehabilitacio-del-dic-de-recer-del-port-olimpic-de-barcelona\/#breadcrumb\",\"itemListElement\":[{\"@type\":\"ListItem\",\"position\":1,\"name\":\"Inici\",\"item\":\"https:\/\/www.garciafaura.com\/es\/\"},{\"@type\":\"ListItem\",\"position\":2,\"name\":\"GARCIA FAURA participa en la rehabilitaci\u00f3n del dique de abrigo del Port Ol\u00edmpic de Barcelona\"}]},{\"@type\":\"WebSite\",\"@id\":\"https:\/\/www.garciafaura.com\/fr\/#website\",\"url\":\"https:\/\/www.garciafaura.com\/fr\/\",\"name\":\"GARCIA FAURA\",\"description\":\"Arquitectura en Alumini, Inox, Ferro i Vidre\",\"publisher\":{\"@id\":\"https:\/\/www.garciafaura.com\/fr\/#organization\"},\"potentialAction\":[{\"@type\":\"SearchAction\",\"target\":{\"@type\":\"EntryPoint\",\"urlTemplate\":\"https:\/\/www.garciafaura.com\/fr\/?s={search_term_string}\"},\"query-input\":{\"@type\":\"PropertyValueSpecification\",\"valueRequired\":true,\"valueName\":\"search_term_string\"}}],\"inLanguage\":\"es\"},{\"@type\":\"Organization\",\"@id\":\"https:\/\/www.garciafaura.com\/fr\/#organization\",\"name\":\"GARCIA FAURA\",\"url\":\"https:\/\/www.garciafaura.com\/fr\/\",\"logo\":{\"@type\":\"ImageObject\",\"inLanguage\":\"es\",\"@id\":\"https:\/\/www.garciafaura.com\/fr\/#\/schema\/logo\/image\/\",\"url\":\"https:\/\/www.garciafaura.com\/wp-content\/uploads\/2018\/09\/Garcia-Faura.png\",\"contentUrl\":\"https:\/\/www.garciafaura.com\/wp-content\/uploads\/2018\/09\/Garcia-Faura.png\",\"width\":512,\"height\":512,\"caption\":\"GARCIA FAURA\"},\"image\":{\"@id\":\"https:\/\/www.garciafaura.com\/fr\/#\/schema\/logo\/image\/\"},\"sameAs\":[\"https:\/\/www.youtube.com\/user\/GARCIAFAURA\"]},{\"@type\":\"Person\",\"@id\":\"https:\/\/www.garciafaura.com\/fr\/#\/schema\/person\/b4b75e69b33fac3446071909bec106b0\",\"name\":\"David Achell\",\"image\":{\"@type\":\"ImageObject\",\"inLanguage\":\"es\",\"@id\":\"https:\/\/www.garciafaura.com\/fr\/#\/schema\/person\/image\/\",\"url\":\"https:\/\/secure.gravatar.com\/avatar\/03900210afc1f61bce737bcb4a79c02e2c997f171e3eca839b5a4cbe03846c90?s=96&d=blank&r=g\",\"contentUrl\":\"https:\/\/secure.gravatar.com\/avatar\/03900210afc1f61bce737bcb4a79c02e2c997f171e3eca839b5a4cbe03846c90?s=96&d=blank&r=g\",\"caption\":\"David Achell\"}}]}<\/script>\n<!-- \/ Yoast SEO plugin. -->","yoast_head_json":{"title":"GARCIA FAURA participa en la rehabilitaci\u00f3n del dique de abrigo del Port Ol\u00edmpic de Barcelona - GARCIA FAURA","description":"Arquitectura en Alumini, Inox, Ferro i Vidre","robots":{"index":"index","follow":"follow","max-snippet":"max-snippet:-1","max-image-preview":"max-image-preview:large","max-video-preview":"max-video-preview:-1"},"canonical":"https:\/\/www.garciafaura.com\/es\/garcia-faura-participa-en-la-rehabilitacio-del-dic-de-recer-del-port-olimpic-de-barcelona\/","og_locale":"es_ES","og_type":"article","og_title":"GARCIA FAURA participa en la rehabilitaci\u00f3n del dique de abrigo del Port Ol\u00edmpic de Barcelona - GARCIA FAURA","og_description":"Arquitectura en Alumini, Inox, Ferro i Vidre","og_url":"https:\/\/www.garciafaura.com\/es\/garcia-faura-participa-en-la-rehabilitacio-del-dic-de-recer-del-port-olimpic-de-barcelona\/","og_site_name":"GARCIA FAURA","article_published_time":"2023-07-10T10:25:32+00:00","article_modified_time":"2023-07-10T10:29:40+00:00","og_image":[{"width":1200,"height":628,"url":"https:\/\/www.garciafaura.com\/wp-content\/uploads\/2023\/06\/DicRecer02-bona.jpg","type":"image\/jpeg"}],"author":"David Achell","twitter_card":"summary_large_image","twitter_misc":{"Escrito por":"David Achell","Tiempo de lectura":"2 minutos"},"schema":{"@context":"https:\/\/schema.org","@graph":[{"@type":"Article","@id":"https:\/\/www.garciafaura.com\/es\/garcia-faura-participa-en-la-rehabilitacio-del-dic-de-recer-del-port-olimpic-de-barcelona\/#article","isPartOf":{"@id":"https:\/\/www.garciafaura.com\/es\/garcia-faura-participa-en-la-rehabilitacio-del-dic-de-recer-del-port-olimpic-de-barcelona\/"},"author":{"name":"David Achell","@id":"https:\/\/www.garciafaura.com\/fr\/#\/schema\/person\/b4b75e69b33fac3446071909bec106b0"},"headline":"GARCIA FAURA participa en la rehabilitaci\u00f3n del dique de abrigo del Port Ol\u00edmpic de Barcelona","datePublished":"2023-07-10T10:25:32+00:00","dateModified":"2023-07-10T10:29:40+00:00","mainEntityOfPage":{"@id":"https:\/\/www.garciafaura.com\/es\/garcia-faura-participa-en-la-rehabilitacio-del-dic-de-recer-del-port-olimpic-de-barcelona\/"},"wordCount":347,"publisher":{"@id":"https:\/\/www.garciafaura.com\/fr\/#organization"},"image":{"@id":"https:\/\/www.garciafaura.com\/es\/garcia-faura-participa-en-la-rehabilitacio-del-dic-de-recer-del-port-olimpic-de-barcelona\/#primaryimage"},"thumbnailUrl":"https:\/\/www.garciafaura.com\/wp-content\/uploads\/2023\/06\/DicRecer02-bona.jpg","articleSection":["Actualidad"],"inLanguage":"es"},{"@type":"WebPage","@id":"https:\/\/www.garciafaura.com\/es\/garcia-faura-participa-en-la-rehabilitacio-del-dic-de-recer-del-port-olimpic-de-barcelona\/","url":"https:\/\/www.garciafaura.com\/es\/garcia-faura-participa-en-la-rehabilitacio-del-dic-de-recer-del-port-olimpic-de-barcelona\/","name":"GARCIA FAURA participa en la rehabilitaci\u00f3n del dique de abrigo del Port Ol\u00edmpic de Barcelona - GARCIA FAURA","isPartOf":{"@id":"https:\/\/www.garciafaura.com\/fr\/#website"},"primaryImageOfPage":{"@id":"https:\/\/www.garciafaura.com\/es\/garcia-faura-participa-en-la-rehabilitacio-del-dic-de-recer-del-port-olimpic-de-barcelona\/#primaryimage"},"image":{"@id":"https:\/\/www.garciafaura.com\/es\/garcia-faura-participa-en-la-rehabilitacio-del-dic-de-recer-del-port-olimpic-de-barcelona\/#primaryimage"},"thumbnailUrl":"https:\/\/www.garciafaura.com\/wp-content\/uploads\/2023\/06\/DicRecer02-bona.jpg","datePublished":"2023-07-10T10:25:32+00:00","dateModified":"2023-07-10T10:29:40+00:00","description":"Arquitectura en Alumini, Inox, Ferro i Vidre","breadcrumb":{"@id":"https:\/\/www.garciafaura.com\/es\/garcia-faura-participa-en-la-rehabilitacio-del-dic-de-recer-del-port-olimpic-de-barcelona\/#breadcrumb"},"inLanguage":"es","potentialAction":[{"@type":"ReadAction","target":["https:\/\/www.garciafaura.com\/es\/garcia-faura-participa-en-la-rehabilitacio-del-dic-de-recer-del-port-olimpic-de-barcelona\/"]}]},{"@type":"ImageObject","inLanguage":"es","@id":"https:\/\/www.garciafaura.com\/es\/garcia-faura-participa-en-la-rehabilitacio-del-dic-de-recer-del-port-olimpic-de-barcelona\/#primaryimage","url":"https:\/\/www.garciafaura.com\/wp-content\/uploads\/2023\/06\/DicRecer02-bona.jpg","contentUrl":"https:\/\/www.garciafaura.com\/wp-content\/uploads\/2023\/06\/DicRecer02-bona.jpg","width":1200,"height":628},{"@type":"BreadcrumbList","@id":"https:\/\/www.garciafaura.com\/es\/garcia-faura-participa-en-la-rehabilitacio-del-dic-de-recer-del-port-olimpic-de-barcelona\/#breadcrumb","itemListElement":[{"@type":"ListItem","position":1,"name":"Inici","item":"https:\/\/www.garciafaura.com\/es\/"},{"@type":"ListItem","position":2,"name":"GARCIA FAURA participa en la rehabilitaci\u00f3n del dique de abrigo del Port Ol\u00edmpic de Barcelona"}]},{"@type":"WebSite","@id":"https:\/\/www.garciafaura.com\/fr\/#website","url":"https:\/\/www.garciafaura.com\/fr\/","name":"GARCIA FAURA","description":"Arquitectura en Alumini, Inox, Ferro i Vidre","publisher":{"@id":"https:\/\/www.garciafaura.com\/fr\/#organization"},"potentialAction":[{"@type":"SearchAction","target":{"@type":"EntryPoint","urlTemplate":"https:\/\/www.garciafaura.com\/fr\/?s={search_term_string}"},"query-input":{"@type":"PropertyValueSpecification","valueRequired":true,"valueName":"search_term_string"}}],"inLanguage":"es"},{"@type":"Organization","@id":"https:\/\/www.garciafaura.com\/fr\/#organization","name":"GARCIA FAURA","url":"https:\/\/www.garciafaura.com\/fr\/","logo":{"@type":"ImageObject","inLanguage":"es","@id":"https:\/\/www.garciafaura.com\/fr\/#\/schema\/logo\/image\/","url":"https:\/\/www.garciafaura.com\/wp-content\/uploads\/2018\/09\/Garcia-Faura.png","contentUrl":"https:\/\/www.garciafaura.com\/wp-content\/uploads\/2018\/09\/Garcia-Faura.png","width":512,"height":512,"caption":"GARCIA FAURA"},"image":{"@id":"https:\/\/www.garciafaura.com\/fr\/#\/schema\/logo\/image\/"},"sameAs":["https:\/\/www.youtube.com\/user\/GARCIAFAURA"]},{"@type":"Person","@id":"https:\/\/www.garciafaura.com\/fr\/#\/schema\/person\/b4b75e69b33fac3446071909bec106b0","name":"David Achell","image":{"@type":"ImageObject","inLanguage":"es","@id":"https:\/\/www.garciafaura.com\/fr\/#\/schema\/person\/image\/","url":"https:\/\/secure.gravatar.com\/avatar\/03900210afc1f61bce737bcb4a79c02e2c997f171e3eca839b5a4cbe03846c90?s=96&d=blank&r=g","contentUrl":"https:\/\/secure.gravatar.com\/avatar\/03900210afc1f61bce737bcb4a79c02e2c997f171e3eca839b5a4cbe03846c90?s=96&d=blank&r=g","caption":"David Achell"}}]}},"_links":{"self":[{"href":"https:\/\/www.garciafaura.com\/es\/wp-json\/wp\/v2\/posts\/32227","targetHints":{"allow":["GET"]}}],"collection":[{"href":"https:\/\/www.garciafaura.com\/es\/wp-json\/wp\/v2\/posts"}],"about":[{"href":"https:\/\/www.garciafaura.com\/es\/wp-json\/wp\/v2\/types\/post"}],"author":[{"embeddable":true,"href":"https:\/\/www.garciafaura.com\/es\/wp-json\/wp\/v2\/users\/3"}],"replies":[{"embeddable":true,"href":"https:\/\/www.garciafaura.com\/es\/wp-json\/wp\/v2\/comments?post=32227"}],"version-history":[{"count":2,"href":"https:\/\/www.garciafaura.com\/es\/wp-json\/wp\/v2\/posts\/32227\/revisions"}],"predecessor-version":[{"id":32229,"href":"https:\/\/www.garciafaura.com\/es\/wp-json\/wp\/v2\/posts\/32227\/revisions\/32229"}],"wp:featuredmedia":[{"embeddable":true,"href":"https:\/\/www.garciafaura.com\/es\/wp-json\/wp\/v2\/media\/32128"}],"wp:attachment":[{"href":"https:\/\/www.garciafaura.com\/es\/wp-json\/wp\/v2\/media?parent=32227"}],"wp:term":[{"taxonomy":"category","embeddable":true,"href":"https:\/\/www.garciafaura.com\/es\/wp-json\/wp\/v2\/categories?post=32227"},{"taxonomy":"post_tag","embeddable":true,"href":"https:\/\/www.garciafaura.com\/es\/wp-json\/wp\/v2\/tags?post=32227"},{"taxonomy":"post_series","embeddable":true,"href":"https:\/\/www.garciafaura.com\/es\/wp-json\/wp\/v2\/post_series?post=32227"}],"curies":[{"name":"wp","href":"https:\/\/api.w.org\/{rel}","templated":true}]}}