{"id":32214,"date":"2023-06-26T11:42:20","date_gmt":"2023-06-26T09:42:20","guid":{"rendered":"https:\/\/www.garciafaura.com\/tancaments-daltes-prestacions-per-a-la-reforma-de-dos-centres-educatius-de-barcelona\/"},"modified":"2023-06-26T11:46:00","modified_gmt":"2023-06-26T09:46:00","slug":"tancaments-daltes-prestacions-per-a-la-reforma-de-dos-centres-educatius-de-barcelona","status":"publish","type":"post","link":"https:\/\/www.garciafaura.com\/es\/tancaments-daltes-prestacions-per-a-la-reforma-de-dos-centres-educatius-de-barcelona\/","title":{"rendered":"Cerramientos de altas prestaciones para la reforma de dos centros educativos de Barcelona"},"content":{"rendered":"<h3 style=\"text-align: justify;\">GARCIA FAURA ha empezado la sustituci\u00f3n de los cerramientos de dos centros educativos de secundaria de Barcelona. El objetivo es mejorar las prestaciones t\u00e9rmicas y ac\u00fasticas de ambos equipamientos y ofrecer un mayor confort a las personas usuarias.<\/h3>\n<p style=\"text-align: justify;\">Aprovechando la finalizaci\u00f3n del curso lectivo, <strong>GARCIA FAURA<\/strong> ha iniciado los trabajos en los institutos Ferran Tallada y Rambla Prim, de Barcelona. Se trata de dos intervenciones impulsadas por el Consorcio de Educaci\u00f3n de Barcelona, un ente que promueve la rehabilitaci\u00f3n y mejora de los centros educativos de la capital catalana.<\/p>\n<p style=\"text-align: justify;\">En el caso del IES Ferran Tallada, situado en el n\u00famero 54 de la calle Gran Vista, en el distrito de Horta-Guinard\u00f3, <strong>GARCIA FAURA<\/strong> est\u00e1 ejecutando unos sesenta <strong>cerramientos individuales y conjuntos, con ventanas correderas, oscilobatientes y fijas, con perfiles de aluminio con rotura de puente t\u00e9rmico y acristalamiento de altas prestaciones<\/strong>.<\/p>\n<p style=\"text-align: justify;\">En cuanto al IES Rambla Prim, situado en el n\u00famero 223 de la calle Crist\u00f3bal de Moura, en el barrio de Sant Mart\u00ed, <strong>GARCIA FAURA<\/strong> est\u00e1 cambiando 125 <strong>cerramientos, tanto fijos como correderos y batientes, con perfiler\u00eda de aluminio con rotura de puente t\u00e9rmico y hoja oculta<\/strong>. La est\u00e9tica de los nuevos cerramientos maximizar\u00e1 la superficie de acristalamiento y favorecer\u00e1 as\u00ed la entrada de luz natural en las aulas.<\/p>\n<p style=\"text-align: justify;\">En ambos casos, los nuevos cerramientos buscan las m\u00e1ximas prestaciones t\u00e9rmicas y ac\u00fasticas para garantizar unos edificios m\u00e1s eficientes y mayor confort tanto para el alumnado como para el personal docente.<\/p>\n","protected":false},"excerpt":{"rendered":"<p>GARCIA FAURA ha empezado la sustituci\u00f3n de los cerramientos de dos centros educativos de secundaria de Barcelona. El objetivo es mejorar las prestaciones t\u00e9rmicas y ac\u00fasticas de ambos equipamientos y ofrecer un mayor confort a las personas usuarias. Aprovechando la&hellip;<\/p>\n","protected":false},"author":3,"featured_media":32210,"comment_status":"closed","ping_status":"open","sticky":false,"template":"","format":"gallery","meta":{"footnotes":""},"categories":[3],"tags":[],"post_series":[],"class_list":["post-32214","post","type-post","status-publish","format-gallery","has-post-thumbnail","hentry","category-actualidad","post_format-post-format-gallery","entry","has-media"],"yoast_head":"<!-- This site is optimized with the Yoast SEO plugin v26.7 - https:\/\/yoast.com\/wordpress\/plugins\/seo\/ -->\n<title>Cerramientos de altas prestaciones para la reforma de dos centros educativos de Barcelona - GARCIA FAURA<\/title>\n<meta name=\"description\" content=\"Arquitectura en Alumini, Inox, Ferro i Vidre\" \/>\n<meta name=\"robots\" content=\"index, follow, max-snippet:-1, max-image-preview:large, max-video-preview:-1\" \/>\n<link rel=\"canonical\" href=\"https:\/\/www.garciafaura.com\/es\/tancaments-daltes-prestacions-per-a-la-reforma-de-dos-centres-educatius-de-barcelona\/\" \/>\n<meta property=\"og:locale\" content=\"es_ES\" \/>\n<meta property=\"og:type\" content=\"article\" \/>\n<meta property=\"og:title\" content=\"Cerramientos de altas prestaciones para la reforma de dos centros educativos de Barcelona - GARCIA FAURA\" \/>\n<meta property=\"og:description\" content=\"Arquitectura en Alumini, Inox, Ferro i Vidre\" \/>\n<meta property=\"og:url\" content=\"https:\/\/www.garciafaura.com\/es\/tancaments-daltes-prestacions-per-a-la-reforma-de-dos-centres-educatius-de-barcelona\/\" \/>\n<meta property=\"og:site_name\" content=\"GARCIA FAURA\" \/>\n<meta property=\"article:published_time\" content=\"2023-06-26T09:42:20+00:00\" \/>\n<meta property=\"article:modified_time\" content=\"2023-06-26T09:46:00+00:00\" \/>\n<meta property=\"og:image\" content=\"https:\/\/www.garciafaura.com\/wp-content\/uploads\/2023\/06\/InstitutRamblaPrim_FotoAjuntamentBarcelona.jpeg\" \/>\n\t<meta property=\"og:image:width\" content=\"1600\" \/>\n\t<meta property=\"og:image:height\" content=\"900\" \/>\n\t<meta property=\"og:image:type\" content=\"image\/jpeg\" \/>\n<meta name=\"author\" content=\"David Achell\" \/>\n<meta name=\"twitter:card\" content=\"summary_large_image\" \/>\n<meta name=\"twitter:label1\" content=\"Escrito por\" \/>\n\t<meta name=\"twitter:data1\" content=\"David Achell\" \/>\n\t<meta name=\"twitter:label2\" content=\"Tiempo de lectura\" \/>\n\t<meta name=\"twitter:data2\" content=\"2 minutos\" \/>\n<script type=\"application\/ld+json\" class=\"yoast-schema-graph\">{\"@context\":\"https:\/\/schema.org\",\"@graph\":[{\"@type\":\"Article\",\"@id\":\"https:\/\/www.garciafaura.com\/es\/tancaments-daltes-prestacions-per-a-la-reforma-de-dos-centres-educatius-de-barcelona\/#article\",\"isPartOf\":{\"@id\":\"https:\/\/www.garciafaura.com\/es\/tancaments-daltes-prestacions-per-a-la-reforma-de-dos-centres-educatius-de-barcelona\/\"},\"author\":{\"name\":\"David Achell\",\"@id\":\"https:\/\/www.garciafaura.com\/fr\/#\/schema\/person\/b4b75e69b33fac3446071909bec106b0\"},\"headline\":\"Cerramientos de altas prestaciones para la reforma de dos centros educativos de Barcelona\",\"datePublished\":\"2023-06-26T09:42:20+00:00\",\"dateModified\":\"2023-06-26T09:46:00+00:00\",\"mainEntityOfPage\":{\"@id\":\"https:\/\/www.garciafaura.com\/es\/tancaments-daltes-prestacions-per-a-la-reforma-de-dos-centres-educatius-de-barcelona\/\"},\"wordCount\":268,\"publisher\":{\"@id\":\"https:\/\/www.garciafaura.com\/fr\/#organization\"},\"image\":{\"@id\":\"https:\/\/www.garciafaura.com\/es\/tancaments-daltes-prestacions-per-a-la-reforma-de-dos-centres-educatius-de-barcelona\/#primaryimage\"},\"thumbnailUrl\":\"https:\/\/www.garciafaura.com\/wp-content\/uploads\/2023\/06\/InstitutRamblaPrim_FotoAjuntamentBarcelona.jpeg\",\"articleSection\":[\"Actualidad\"],\"inLanguage\":\"es\"},{\"@type\":\"WebPage\",\"@id\":\"https:\/\/www.garciafaura.com\/es\/tancaments-daltes-prestacions-per-a-la-reforma-de-dos-centres-educatius-de-barcelona\/\",\"url\":\"https:\/\/www.garciafaura.com\/es\/tancaments-daltes-prestacions-per-a-la-reforma-de-dos-centres-educatius-de-barcelona\/\",\"name\":\"Cerramientos de altas prestaciones para la reforma de dos centros educativos de Barcelona - GARCIA FAURA\",\"isPartOf\":{\"@id\":\"https:\/\/www.garciafaura.com\/fr\/#website\"},\"primaryImageOfPage\":{\"@id\":\"https:\/\/www.garciafaura.com\/es\/tancaments-daltes-prestacions-per-a-la-reforma-de-dos-centres-educatius-de-barcelona\/#primaryimage\"},\"image\":{\"@id\":\"https:\/\/www.garciafaura.com\/es\/tancaments-daltes-prestacions-per-a-la-reforma-de-dos-centres-educatius-de-barcelona\/#primaryimage\"},\"thumbnailUrl\":\"https:\/\/www.garciafaura.com\/wp-content\/uploads\/2023\/06\/InstitutRamblaPrim_FotoAjuntamentBarcelona.jpeg\",\"datePublished\":\"2023-06-26T09:42:20+00:00\",\"dateModified\":\"2023-06-26T09:46:00+00:00\",\"description\":\"Arquitectura en Alumini, Inox, Ferro i Vidre\",\"breadcrumb\":{\"@id\":\"https:\/\/www.garciafaura.com\/es\/tancaments-daltes-prestacions-per-a-la-reforma-de-dos-centres-educatius-de-barcelona\/#breadcrumb\"},\"inLanguage\":\"es\",\"potentialAction\":[{\"@type\":\"ReadAction\",\"target\":[\"https:\/\/www.garciafaura.com\/es\/tancaments-daltes-prestacions-per-a-la-reforma-de-dos-centres-educatius-de-barcelona\/\"]}]},{\"@type\":\"ImageObject\",\"inLanguage\":\"es\",\"@id\":\"https:\/\/www.garciafaura.com\/es\/tancaments-daltes-prestacions-per-a-la-reforma-de-dos-centres-educatius-de-barcelona\/#primaryimage\",\"url\":\"https:\/\/www.garciafaura.com\/wp-content\/uploads\/2023\/06\/InstitutRamblaPrim_FotoAjuntamentBarcelona.jpeg\",\"contentUrl\":\"https:\/\/www.garciafaura.com\/wp-content\/uploads\/2023\/06\/InstitutRamblaPrim_FotoAjuntamentBarcelona.jpeg\",\"width\":1600,\"height\":900},{\"@type\":\"BreadcrumbList\",\"@id\":\"https:\/\/www.garciafaura.com\/es\/tancaments-daltes-prestacions-per-a-la-reforma-de-dos-centres-educatius-de-barcelona\/#breadcrumb\",\"itemListElement\":[{\"@type\":\"ListItem\",\"position\":1,\"name\":\"Inici\",\"item\":\"https:\/\/www.garciafaura.com\/es\/\"},{\"@type\":\"ListItem\",\"position\":2,\"name\":\"Cerramientos de altas prestaciones para la reforma de dos centros educativos de Barcelona\"}]},{\"@type\":\"WebSite\",\"@id\":\"https:\/\/www.garciafaura.com\/fr\/#website\",\"url\":\"https:\/\/www.garciafaura.com\/fr\/\",\"name\":\"GARCIA FAURA\",\"description\":\"Arquitectura en Alumini, Inox, Ferro i Vidre\",\"publisher\":{\"@id\":\"https:\/\/www.garciafaura.com\/fr\/#organization\"},\"potentialAction\":[{\"@type\":\"SearchAction\",\"target\":{\"@type\":\"EntryPoint\",\"urlTemplate\":\"https:\/\/www.garciafaura.com\/fr\/?s={search_term_string}\"},\"query-input\":{\"@type\":\"PropertyValueSpecification\",\"valueRequired\":true,\"valueName\":\"search_term_string\"}}],\"inLanguage\":\"es\"},{\"@type\":\"Organization\",\"@id\":\"https:\/\/www.garciafaura.com\/fr\/#organization\",\"name\":\"GARCIA FAURA\",\"url\":\"https:\/\/www.garciafaura.com\/fr\/\",\"logo\":{\"@type\":\"ImageObject\",\"inLanguage\":\"es\",\"@id\":\"https:\/\/www.garciafaura.com\/fr\/#\/schema\/logo\/image\/\",\"url\":\"https:\/\/www.garciafaura.com\/wp-content\/uploads\/2018\/09\/Garcia-Faura.png\",\"contentUrl\":\"https:\/\/www.garciafaura.com\/wp-content\/uploads\/2018\/09\/Garcia-Faura.png\",\"width\":512,\"height\":512,\"caption\":\"GARCIA FAURA\"},\"image\":{\"@id\":\"https:\/\/www.garciafaura.com\/fr\/#\/schema\/logo\/image\/\"},\"sameAs\":[\"https:\/\/www.youtube.com\/user\/GARCIAFAURA\"]},{\"@type\":\"Person\",\"@id\":\"https:\/\/www.garciafaura.com\/fr\/#\/schema\/person\/b4b75e69b33fac3446071909bec106b0\",\"name\":\"David Achell\",\"image\":{\"@type\":\"ImageObject\",\"inLanguage\":\"es\",\"@id\":\"https:\/\/www.garciafaura.com\/fr\/#\/schema\/person\/image\/\",\"url\":\"https:\/\/secure.gravatar.com\/avatar\/03900210afc1f61bce737bcb4a79c02e2c997f171e3eca839b5a4cbe03846c90?s=96&d=blank&r=g\",\"contentUrl\":\"https:\/\/secure.gravatar.com\/avatar\/03900210afc1f61bce737bcb4a79c02e2c997f171e3eca839b5a4cbe03846c90?s=96&d=blank&r=g\",\"caption\":\"David Achell\"}}]}<\/script>\n<!-- \/ Yoast SEO plugin. -->","yoast_head_json":{"title":"Cerramientos de altas prestaciones para la reforma de dos centros educativos de Barcelona - GARCIA FAURA","description":"Arquitectura en Alumini, Inox, Ferro i Vidre","robots":{"index":"index","follow":"follow","max-snippet":"max-snippet:-1","max-image-preview":"max-image-preview:large","max-video-preview":"max-video-preview:-1"},"canonical":"https:\/\/www.garciafaura.com\/es\/tancaments-daltes-prestacions-per-a-la-reforma-de-dos-centres-educatius-de-barcelona\/","og_locale":"es_ES","og_type":"article","og_title":"Cerramientos de altas prestaciones para la reforma de dos centros educativos de Barcelona - GARCIA FAURA","og_description":"Arquitectura en Alumini, Inox, Ferro i Vidre","og_url":"https:\/\/www.garciafaura.com\/es\/tancaments-daltes-prestacions-per-a-la-reforma-de-dos-centres-educatius-de-barcelona\/","og_site_name":"GARCIA FAURA","article_published_time":"2023-06-26T09:42:20+00:00","article_modified_time":"2023-06-26T09:46:00+00:00","og_image":[{"width":1600,"height":900,"url":"https:\/\/www.garciafaura.com\/wp-content\/uploads\/2023\/06\/InstitutRamblaPrim_FotoAjuntamentBarcelona.jpeg","type":"image\/jpeg"}],"author":"David Achell","twitter_card":"summary_large_image","twitter_misc":{"Escrito por":"David Achell","Tiempo de lectura":"2 minutos"},"schema":{"@context":"https:\/\/schema.org","@graph":[{"@type":"Article","@id":"https:\/\/www.garciafaura.com\/es\/tancaments-daltes-prestacions-per-a-la-reforma-de-dos-centres-educatius-de-barcelona\/#article","isPartOf":{"@id":"https:\/\/www.garciafaura.com\/es\/tancaments-daltes-prestacions-per-a-la-reforma-de-dos-centres-educatius-de-barcelona\/"},"author":{"name":"David Achell","@id":"https:\/\/www.garciafaura.com\/fr\/#\/schema\/person\/b4b75e69b33fac3446071909bec106b0"},"headline":"Cerramientos de altas prestaciones para la reforma de dos centros educativos de Barcelona","datePublished":"2023-06-26T09:42:20+00:00","dateModified":"2023-06-26T09:46:00+00:00","mainEntityOfPage":{"@id":"https:\/\/www.garciafaura.com\/es\/tancaments-daltes-prestacions-per-a-la-reforma-de-dos-centres-educatius-de-barcelona\/"},"wordCount":268,"publisher":{"@id":"https:\/\/www.garciafaura.com\/fr\/#organization"},"image":{"@id":"https:\/\/www.garciafaura.com\/es\/tancaments-daltes-prestacions-per-a-la-reforma-de-dos-centres-educatius-de-barcelona\/#primaryimage"},"thumbnailUrl":"https:\/\/www.garciafaura.com\/wp-content\/uploads\/2023\/06\/InstitutRamblaPrim_FotoAjuntamentBarcelona.jpeg","articleSection":["Actualidad"],"inLanguage":"es"},{"@type":"WebPage","@id":"https:\/\/www.garciafaura.com\/es\/tancaments-daltes-prestacions-per-a-la-reforma-de-dos-centres-educatius-de-barcelona\/","url":"https:\/\/www.garciafaura.com\/es\/tancaments-daltes-prestacions-per-a-la-reforma-de-dos-centres-educatius-de-barcelona\/","name":"Cerramientos de altas prestaciones para la reforma de dos centros educativos de Barcelona - GARCIA FAURA","isPartOf":{"@id":"https:\/\/www.garciafaura.com\/fr\/#website"},"primaryImageOfPage":{"@id":"https:\/\/www.garciafaura.com\/es\/tancaments-daltes-prestacions-per-a-la-reforma-de-dos-centres-educatius-de-barcelona\/#primaryimage"},"image":{"@id":"https:\/\/www.garciafaura.com\/es\/tancaments-daltes-prestacions-per-a-la-reforma-de-dos-centres-educatius-de-barcelona\/#primaryimage"},"thumbnailUrl":"https:\/\/www.garciafaura.com\/wp-content\/uploads\/2023\/06\/InstitutRamblaPrim_FotoAjuntamentBarcelona.jpeg","datePublished":"2023-06-26T09:42:20+00:00","dateModified":"2023-06-26T09:46:00+00:00","description":"Arquitectura en Alumini, Inox, Ferro i Vidre","breadcrumb":{"@id":"https:\/\/www.garciafaura.com\/es\/tancaments-daltes-prestacions-per-a-la-reforma-de-dos-centres-educatius-de-barcelona\/#breadcrumb"},"inLanguage":"es","potentialAction":[{"@type":"ReadAction","target":["https:\/\/www.garciafaura.com\/es\/tancaments-daltes-prestacions-per-a-la-reforma-de-dos-centres-educatius-de-barcelona\/"]}]},{"@type":"ImageObject","inLanguage":"es","@id":"https:\/\/www.garciafaura.com\/es\/tancaments-daltes-prestacions-per-a-la-reforma-de-dos-centres-educatius-de-barcelona\/#primaryimage","url":"https:\/\/www.garciafaura.com\/wp-content\/uploads\/2023\/06\/InstitutRamblaPrim_FotoAjuntamentBarcelona.jpeg","contentUrl":"https:\/\/www.garciafaura.com\/wp-content\/uploads\/2023\/06\/InstitutRamblaPrim_FotoAjuntamentBarcelona.jpeg","width":1600,"height":900},{"@type":"BreadcrumbList","@id":"https:\/\/www.garciafaura.com\/es\/tancaments-daltes-prestacions-per-a-la-reforma-de-dos-centres-educatius-de-barcelona\/#breadcrumb","itemListElement":[{"@type":"ListItem","position":1,"name":"Inici","item":"https:\/\/www.garciafaura.com\/es\/"},{"@type":"ListItem","position":2,"name":"Cerramientos de altas prestaciones para la reforma de dos centros educativos de Barcelona"}]},{"@type":"WebSite","@id":"https:\/\/www.garciafaura.com\/fr\/#website","url":"https:\/\/www.garciafaura.com\/fr\/","name":"GARCIA FAURA","description":"Arquitectura en Alumini, Inox, Ferro i Vidre","publisher":{"@id":"https:\/\/www.garciafaura.com\/fr\/#organization"},"potentialAction":[{"@type":"SearchAction","target":{"@type":"EntryPoint","urlTemplate":"https:\/\/www.garciafaura.com\/fr\/?s={search_term_string}"},"query-input":{"@type":"PropertyValueSpecification","valueRequired":true,"valueName":"search_term_string"}}],"inLanguage":"es"},{"@type":"Organization","@id":"https:\/\/www.garciafaura.com\/fr\/#organization","name":"GARCIA FAURA","url":"https:\/\/www.garciafaura.com\/fr\/","logo":{"@type":"ImageObject","inLanguage":"es","@id":"https:\/\/www.garciafaura.com\/fr\/#\/schema\/logo\/image\/","url":"https:\/\/www.garciafaura.com\/wp-content\/uploads\/2018\/09\/Garcia-Faura.png","contentUrl":"https:\/\/www.garciafaura.com\/wp-content\/uploads\/2018\/09\/Garcia-Faura.png","width":512,"height":512,"caption":"GARCIA FAURA"},"image":{"@id":"https:\/\/www.garciafaura.com\/fr\/#\/schema\/logo\/image\/"},"sameAs":["https:\/\/www.youtube.com\/user\/GARCIAFAURA"]},{"@type":"Person","@id":"https:\/\/www.garciafaura.com\/fr\/#\/schema\/person\/b4b75e69b33fac3446071909bec106b0","name":"David Achell","image":{"@type":"ImageObject","inLanguage":"es","@id":"https:\/\/www.garciafaura.com\/fr\/#\/schema\/person\/image\/","url":"https:\/\/secure.gravatar.com\/avatar\/03900210afc1f61bce737bcb4a79c02e2c997f171e3eca839b5a4cbe03846c90?s=96&d=blank&r=g","contentUrl":"https:\/\/secure.gravatar.com\/avatar\/03900210afc1f61bce737bcb4a79c02e2c997f171e3eca839b5a4cbe03846c90?s=96&d=blank&r=g","caption":"David Achell"}}]}},"_links":{"self":[{"href":"https:\/\/www.garciafaura.com\/es\/wp-json\/wp\/v2\/posts\/32214","targetHints":{"allow":["GET"]}}],"collection":[{"href":"https:\/\/www.garciafaura.com\/es\/wp-json\/wp\/v2\/posts"}],"about":[{"href":"https:\/\/www.garciafaura.com\/es\/wp-json\/wp\/v2\/types\/post"}],"author":[{"embeddable":true,"href":"https:\/\/www.garciafaura.com\/es\/wp-json\/wp\/v2\/users\/3"}],"replies":[{"embeddable":true,"href":"https:\/\/www.garciafaura.com\/es\/wp-json\/wp\/v2\/comments?post=32214"}],"version-history":[{"count":2,"href":"https:\/\/www.garciafaura.com\/es\/wp-json\/wp\/v2\/posts\/32214\/revisions"}],"predecessor-version":[{"id":32216,"href":"https:\/\/www.garciafaura.com\/es\/wp-json\/wp\/v2\/posts\/32214\/revisions\/32216"}],"wp:featuredmedia":[{"embeddable":true,"href":"https:\/\/www.garciafaura.com\/es\/wp-json\/wp\/v2\/media\/32210"}],"wp:attachment":[{"href":"https:\/\/www.garciafaura.com\/es\/wp-json\/wp\/v2\/media?parent=32214"}],"wp:term":[{"taxonomy":"category","embeddable":true,"href":"https:\/\/www.garciafaura.com\/es\/wp-json\/wp\/v2\/categories?post=32214"},{"taxonomy":"post_tag","embeddable":true,"href":"https:\/\/www.garciafaura.com\/es\/wp-json\/wp\/v2\/tags?post=32214"},{"taxonomy":"post_series","embeddable":true,"href":"https:\/\/www.garciafaura.com\/es\/wp-json\/wp\/v2\/post_series?post=32214"}],"curies":[{"name":"wp","href":"https:\/\/api.w.org\/{rel}","templated":true}]}}