{"id":32177,"date":"2023-06-16T11:16:46","date_gmt":"2023-06-16T09:16:46","guid":{"rendered":"https:\/\/www.garciafaura.com\/?p=32177"},"modified":"2023-06-16T11:22:36","modified_gmt":"2023-06-16T09:22:36","slug":"garcia-faura-obte-el-segell-de-pime-innovadora-del-ministeri-dindustria","status":"publish","type":"post","link":"https:\/\/www.garciafaura.com\/es\/garcia-faura-obte-el-segell-de-pime-innovadora-del-ministeri-dindustria\/","title":{"rendered":"GARCIA FAURA obtiene el sello de Pyme Innovadora del Ministerio de Industria"},"content":{"rendered":"<h3 style=\"text-align: justify;\">GARCIA FAURA ya dispone del sello Pyme Innovadora que otorga el Ministerio de Industria, Comercio y Turismo a aquellas empresas con una gran actividad en I+D+i. Un proceso que, en el caso de la empresa especializada en el desarrollo de fachadas y cerramientos, es transversal en el conjunto de departamentos.<\/h3>\n<p style=\"text-align: justify;\">El Ministerio de Industria, Comercio y Turismo ha avalado, a trav\u00e9s del <strong>sello Pyme Innovadora<\/strong>, la orientaci\u00f3n de <strong>GARCIA FAURA<\/strong> hacia una organizaci\u00f3n basada en la investigaci\u00f3n y la innovaci\u00f3n. Una orientaci\u00f3n que nace desde la primera de las fases, la acci\u00f3n comercial, hasta el \u00faltimo de los servicios que se prestan al cliente.<\/p>\n<p style=\"text-align: justify;\">El flujo de trabajo incluye plataformas de interconexi\u00f3n de la cadena de valor de la empresa, soluciones para el avanzado tratamiento de datos y de inteligencia artificial, y simulaci\u00f3n industrial.<\/p>\n<p style=\"text-align: justify;\">Todo el proceso se basa en un continuo flujo de la informaci\u00f3n, desde el propio estudio previo, la elaboraci\u00f3n del presupuesto, la contrataci\u00f3n, las \u00f3rdenes de trabajo o la planificaci\u00f3n. En esta fase trabajan conjuntamente la Oficina T\u00e9cnica, el Departamento Comercial y de Compras, entre otros. A trav\u00e9s del flujo inform\u00e1tico se elaboran los planos de proyectos y se generan \u00f3rdenes de fabricaci\u00f3n y montaje.<\/p>\n<p style=\"text-align: justify;\">Los procesos de digitalizaci\u00f3n y desarrollo abarcan tambi\u00e9n \u00e1reas administrativas y de servicios, desde las relaciones con los proveedores hasta la contabilidad y facturaci\u00f3n.<\/p>\n<p style=\"text-align: justify;\">Y, evidentemente, con especial protagonismo en la fase de producci\u00f3n: desde el primer momento en que se dise\u00f1an los productos que se fabricar\u00e1n e instalar\u00e1n, a trav\u00e9s de todos sus procesos productivos: preparaci\u00f3n, marcaje, corte y perforaci\u00f3n, soldadura, perforaci\u00f3n y ensamblaje, entre otros.<\/p>\n<p style=\"text-align: justify;\">En esta fase, se realiza un seguimiento de las \u00f3rdenes de fabricaci\u00f3n emitidas desde el departamento t\u00e9cnico, hasta que los productos fabricados llegan al departamento de log\u00edstica. Desde el almac\u00e9n, los productos se env\u00edan a las diferentes obras en marcha para su instalaci\u00f3n.<\/p>\n<p style=\"text-align: justify;\">Todo este flujo de informaci\u00f3n circula a trav\u00e9s de diversos <em>softwares<\/em> inform\u00e1ticos a los que tambi\u00e9n pueden acceder departamentos como Recursos Humanos o Comunicaci\u00f3n. El objetivo es que toda la empresa est\u00e9 interconectada y cualquier proyecto pueda seguirse minuto a minuto desde cualquier posici\u00f3n estrat\u00e9gica de la compa\u00f1\u00eda.<\/p>\n","protected":false},"excerpt":{"rendered":"<p>GARCIA FAURA ya dispone del sello Pyme Innovadora que otorga el Ministerio de Industria, Comercio y Turismo a aquellas empresas con una gran actividad en I+D+i. Un proceso que, en el caso de la empresa especializada en el desarrollo de&hellip;<\/p>\n","protected":false},"author":3,"featured_media":32170,"comment_status":"closed","ping_status":"open","sticky":false,"template":"","format":"standard","meta":{"footnotes":""},"categories":[3],"tags":[],"post_series":[],"class_list":["post-32177","post","type-post","status-publish","format-standard","has-post-thumbnail","hentry","category-actualidad","entry","has-media"],"yoast_head":"<!-- This site is optimized with the Yoast SEO plugin v26.7 - https:\/\/yoast.com\/wordpress\/plugins\/seo\/ -->\n<title>GARCIA FAURA obtiene el sello de Pyme Innovadora del Ministerio de Industria - GARCIA FAURA<\/title>\n<meta name=\"description\" content=\"Arquitectura en Alumini, Inox, Ferro i Vidre\" \/>\n<meta name=\"robots\" content=\"index, follow, max-snippet:-1, max-image-preview:large, max-video-preview:-1\" \/>\n<link rel=\"canonical\" href=\"https:\/\/www.garciafaura.com\/es\/garcia-faura-obte-el-segell-de-pime-innovadora-del-ministeri-dindustria\/\" \/>\n<meta property=\"og:locale\" content=\"es_ES\" \/>\n<meta property=\"og:type\" content=\"article\" \/>\n<meta property=\"og:title\" content=\"GARCIA FAURA obtiene el sello de Pyme Innovadora del Ministerio de Industria - GARCIA FAURA\" \/>\n<meta property=\"og:description\" content=\"Arquitectura en Alumini, Inox, Ferro i Vidre\" \/>\n<meta property=\"og:url\" content=\"https:\/\/www.garciafaura.com\/es\/garcia-faura-obte-el-segell-de-pime-innovadora-del-ministeri-dindustria\/\" \/>\n<meta property=\"og:site_name\" content=\"GARCIA FAURA\" \/>\n<meta property=\"article:published_time\" content=\"2023-06-16T09:16:46+00:00\" \/>\n<meta property=\"article:modified_time\" content=\"2023-06-16T09:22:36+00:00\" \/>\n<meta property=\"og:image\" content=\"https:\/\/www.garciafaura.com\/wp-content\/uploads\/2023\/06\/20200113_104458.jpg\" \/>\n\t<meta property=\"og:image:width\" content=\"2560\" \/>\n\t<meta property=\"og:image:height\" content=\"1440\" \/>\n\t<meta property=\"og:image:type\" content=\"image\/jpeg\" \/>\n<meta name=\"author\" content=\"David Achell\" \/>\n<meta name=\"twitter:card\" content=\"summary_large_image\" \/>\n<meta name=\"twitter:label1\" content=\"Escrito por\" \/>\n\t<meta name=\"twitter:data1\" content=\"David Achell\" \/>\n\t<meta name=\"twitter:label2\" content=\"Tiempo de lectura\" \/>\n\t<meta name=\"twitter:data2\" content=\"2 minutos\" \/>\n<script type=\"application\/ld+json\" class=\"yoast-schema-graph\">{\"@context\":\"https:\/\/schema.org\",\"@graph\":[{\"@type\":\"Article\",\"@id\":\"https:\/\/www.garciafaura.com\/es\/garcia-faura-obte-el-segell-de-pime-innovadora-del-ministeri-dindustria\/#article\",\"isPartOf\":{\"@id\":\"https:\/\/www.garciafaura.com\/es\/garcia-faura-obte-el-segell-de-pime-innovadora-del-ministeri-dindustria\/\"},\"author\":{\"name\":\"David Achell\",\"@id\":\"https:\/\/www.garciafaura.com\/fr\/#\/schema\/person\/b4b75e69b33fac3446071909bec106b0\"},\"headline\":\"GARCIA FAURA obtiene el sello de Pyme Innovadora del Ministerio de Industria\",\"datePublished\":\"2023-06-16T09:16:46+00:00\",\"dateModified\":\"2023-06-16T09:22:36+00:00\",\"mainEntityOfPage\":{\"@id\":\"https:\/\/www.garciafaura.com\/es\/garcia-faura-obte-el-segell-de-pime-innovadora-del-ministeri-dindustria\/\"},\"wordCount\":413,\"publisher\":{\"@id\":\"https:\/\/www.garciafaura.com\/fr\/#organization\"},\"image\":{\"@id\":\"https:\/\/www.garciafaura.com\/es\/garcia-faura-obte-el-segell-de-pime-innovadora-del-ministeri-dindustria\/#primaryimage\"},\"thumbnailUrl\":\"https:\/\/www.garciafaura.com\/wp-content\/uploads\/2023\/06\/20200113_104458.jpg\",\"articleSection\":[\"Actualidad\"],\"inLanguage\":\"es\"},{\"@type\":\"WebPage\",\"@id\":\"https:\/\/www.garciafaura.com\/es\/garcia-faura-obte-el-segell-de-pime-innovadora-del-ministeri-dindustria\/\",\"url\":\"https:\/\/www.garciafaura.com\/es\/garcia-faura-obte-el-segell-de-pime-innovadora-del-ministeri-dindustria\/\",\"name\":\"GARCIA FAURA obtiene el sello de Pyme Innovadora del Ministerio de Industria - GARCIA FAURA\",\"isPartOf\":{\"@id\":\"https:\/\/www.garciafaura.com\/fr\/#website\"},\"primaryImageOfPage\":{\"@id\":\"https:\/\/www.garciafaura.com\/es\/garcia-faura-obte-el-segell-de-pime-innovadora-del-ministeri-dindustria\/#primaryimage\"},\"image\":{\"@id\":\"https:\/\/www.garciafaura.com\/es\/garcia-faura-obte-el-segell-de-pime-innovadora-del-ministeri-dindustria\/#primaryimage\"},\"thumbnailUrl\":\"https:\/\/www.garciafaura.com\/wp-content\/uploads\/2023\/06\/20200113_104458.jpg\",\"datePublished\":\"2023-06-16T09:16:46+00:00\",\"dateModified\":\"2023-06-16T09:22:36+00:00\",\"description\":\"Arquitectura en Alumini, Inox, Ferro i Vidre\",\"breadcrumb\":{\"@id\":\"https:\/\/www.garciafaura.com\/es\/garcia-faura-obte-el-segell-de-pime-innovadora-del-ministeri-dindustria\/#breadcrumb\"},\"inLanguage\":\"es\",\"potentialAction\":[{\"@type\":\"ReadAction\",\"target\":[\"https:\/\/www.garciafaura.com\/es\/garcia-faura-obte-el-segell-de-pime-innovadora-del-ministeri-dindustria\/\"]}]},{\"@type\":\"ImageObject\",\"inLanguage\":\"es\",\"@id\":\"https:\/\/www.garciafaura.com\/es\/garcia-faura-obte-el-segell-de-pime-innovadora-del-ministeri-dindustria\/#primaryimage\",\"url\":\"https:\/\/www.garciafaura.com\/wp-content\/uploads\/2023\/06\/20200113_104458.jpg\",\"contentUrl\":\"https:\/\/www.garciafaura.com\/wp-content\/uploads\/2023\/06\/20200113_104458.jpg\",\"width\":2560,\"height\":1440},{\"@type\":\"BreadcrumbList\",\"@id\":\"https:\/\/www.garciafaura.com\/es\/garcia-faura-obte-el-segell-de-pime-innovadora-del-ministeri-dindustria\/#breadcrumb\",\"itemListElement\":[{\"@type\":\"ListItem\",\"position\":1,\"name\":\"Inici\",\"item\":\"https:\/\/www.garciafaura.com\/es\/\"},{\"@type\":\"ListItem\",\"position\":2,\"name\":\"GARCIA FAURA obtiene el sello de Pyme Innovadora del Ministerio de Industria\"}]},{\"@type\":\"WebSite\",\"@id\":\"https:\/\/www.garciafaura.com\/fr\/#website\",\"url\":\"https:\/\/www.garciafaura.com\/fr\/\",\"name\":\"GARCIA FAURA\",\"description\":\"Arquitectura en Alumini, Inox, Ferro i Vidre\",\"publisher\":{\"@id\":\"https:\/\/www.garciafaura.com\/fr\/#organization\"},\"potentialAction\":[{\"@type\":\"SearchAction\",\"target\":{\"@type\":\"EntryPoint\",\"urlTemplate\":\"https:\/\/www.garciafaura.com\/fr\/?s={search_term_string}\"},\"query-input\":{\"@type\":\"PropertyValueSpecification\",\"valueRequired\":true,\"valueName\":\"search_term_string\"}}],\"inLanguage\":\"es\"},{\"@type\":\"Organization\",\"@id\":\"https:\/\/www.garciafaura.com\/fr\/#organization\",\"name\":\"GARCIA FAURA\",\"url\":\"https:\/\/www.garciafaura.com\/fr\/\",\"logo\":{\"@type\":\"ImageObject\",\"inLanguage\":\"es\",\"@id\":\"https:\/\/www.garciafaura.com\/fr\/#\/schema\/logo\/image\/\",\"url\":\"https:\/\/www.garciafaura.com\/wp-content\/uploads\/2018\/09\/Garcia-Faura.png\",\"contentUrl\":\"https:\/\/www.garciafaura.com\/wp-content\/uploads\/2018\/09\/Garcia-Faura.png\",\"width\":512,\"height\":512,\"caption\":\"GARCIA FAURA\"},\"image\":{\"@id\":\"https:\/\/www.garciafaura.com\/fr\/#\/schema\/logo\/image\/\"},\"sameAs\":[\"https:\/\/www.youtube.com\/user\/GARCIAFAURA\"]},{\"@type\":\"Person\",\"@id\":\"https:\/\/www.garciafaura.com\/fr\/#\/schema\/person\/b4b75e69b33fac3446071909bec106b0\",\"name\":\"David Achell\",\"image\":{\"@type\":\"ImageObject\",\"inLanguage\":\"es\",\"@id\":\"https:\/\/www.garciafaura.com\/fr\/#\/schema\/person\/image\/\",\"url\":\"https:\/\/secure.gravatar.com\/avatar\/03900210afc1f61bce737bcb4a79c02e2c997f171e3eca839b5a4cbe03846c90?s=96&d=blank&r=g\",\"contentUrl\":\"https:\/\/secure.gravatar.com\/avatar\/03900210afc1f61bce737bcb4a79c02e2c997f171e3eca839b5a4cbe03846c90?s=96&d=blank&r=g\",\"caption\":\"David Achell\"}}]}<\/script>\n<!-- \/ Yoast SEO plugin. -->","yoast_head_json":{"title":"GARCIA FAURA obtiene el sello de Pyme Innovadora del Ministerio de Industria - GARCIA FAURA","description":"Arquitectura en Alumini, Inox, Ferro i Vidre","robots":{"index":"index","follow":"follow","max-snippet":"max-snippet:-1","max-image-preview":"max-image-preview:large","max-video-preview":"max-video-preview:-1"},"canonical":"https:\/\/www.garciafaura.com\/es\/garcia-faura-obte-el-segell-de-pime-innovadora-del-ministeri-dindustria\/","og_locale":"es_ES","og_type":"article","og_title":"GARCIA FAURA obtiene el sello de Pyme Innovadora del Ministerio de Industria - GARCIA FAURA","og_description":"Arquitectura en Alumini, Inox, Ferro i Vidre","og_url":"https:\/\/www.garciafaura.com\/es\/garcia-faura-obte-el-segell-de-pime-innovadora-del-ministeri-dindustria\/","og_site_name":"GARCIA FAURA","article_published_time":"2023-06-16T09:16:46+00:00","article_modified_time":"2023-06-16T09:22:36+00:00","og_image":[{"width":2560,"height":1440,"url":"https:\/\/www.garciafaura.com\/wp-content\/uploads\/2023\/06\/20200113_104458.jpg","type":"image\/jpeg"}],"author":"David Achell","twitter_card":"summary_large_image","twitter_misc":{"Escrito por":"David Achell","Tiempo de lectura":"2 minutos"},"schema":{"@context":"https:\/\/schema.org","@graph":[{"@type":"Article","@id":"https:\/\/www.garciafaura.com\/es\/garcia-faura-obte-el-segell-de-pime-innovadora-del-ministeri-dindustria\/#article","isPartOf":{"@id":"https:\/\/www.garciafaura.com\/es\/garcia-faura-obte-el-segell-de-pime-innovadora-del-ministeri-dindustria\/"},"author":{"name":"David Achell","@id":"https:\/\/www.garciafaura.com\/fr\/#\/schema\/person\/b4b75e69b33fac3446071909bec106b0"},"headline":"GARCIA FAURA obtiene el sello de Pyme Innovadora del Ministerio de Industria","datePublished":"2023-06-16T09:16:46+00:00","dateModified":"2023-06-16T09:22:36+00:00","mainEntityOfPage":{"@id":"https:\/\/www.garciafaura.com\/es\/garcia-faura-obte-el-segell-de-pime-innovadora-del-ministeri-dindustria\/"},"wordCount":413,"publisher":{"@id":"https:\/\/www.garciafaura.com\/fr\/#organization"},"image":{"@id":"https:\/\/www.garciafaura.com\/es\/garcia-faura-obte-el-segell-de-pime-innovadora-del-ministeri-dindustria\/#primaryimage"},"thumbnailUrl":"https:\/\/www.garciafaura.com\/wp-content\/uploads\/2023\/06\/20200113_104458.jpg","articleSection":["Actualidad"],"inLanguage":"es"},{"@type":"WebPage","@id":"https:\/\/www.garciafaura.com\/es\/garcia-faura-obte-el-segell-de-pime-innovadora-del-ministeri-dindustria\/","url":"https:\/\/www.garciafaura.com\/es\/garcia-faura-obte-el-segell-de-pime-innovadora-del-ministeri-dindustria\/","name":"GARCIA FAURA obtiene el sello de Pyme Innovadora del Ministerio de Industria - GARCIA FAURA","isPartOf":{"@id":"https:\/\/www.garciafaura.com\/fr\/#website"},"primaryImageOfPage":{"@id":"https:\/\/www.garciafaura.com\/es\/garcia-faura-obte-el-segell-de-pime-innovadora-del-ministeri-dindustria\/#primaryimage"},"image":{"@id":"https:\/\/www.garciafaura.com\/es\/garcia-faura-obte-el-segell-de-pime-innovadora-del-ministeri-dindustria\/#primaryimage"},"thumbnailUrl":"https:\/\/www.garciafaura.com\/wp-content\/uploads\/2023\/06\/20200113_104458.jpg","datePublished":"2023-06-16T09:16:46+00:00","dateModified":"2023-06-16T09:22:36+00:00","description":"Arquitectura en Alumini, Inox, Ferro i Vidre","breadcrumb":{"@id":"https:\/\/www.garciafaura.com\/es\/garcia-faura-obte-el-segell-de-pime-innovadora-del-ministeri-dindustria\/#breadcrumb"},"inLanguage":"es","potentialAction":[{"@type":"ReadAction","target":["https:\/\/www.garciafaura.com\/es\/garcia-faura-obte-el-segell-de-pime-innovadora-del-ministeri-dindustria\/"]}]},{"@type":"ImageObject","inLanguage":"es","@id":"https:\/\/www.garciafaura.com\/es\/garcia-faura-obte-el-segell-de-pime-innovadora-del-ministeri-dindustria\/#primaryimage","url":"https:\/\/www.garciafaura.com\/wp-content\/uploads\/2023\/06\/20200113_104458.jpg","contentUrl":"https:\/\/www.garciafaura.com\/wp-content\/uploads\/2023\/06\/20200113_104458.jpg","width":2560,"height":1440},{"@type":"BreadcrumbList","@id":"https:\/\/www.garciafaura.com\/es\/garcia-faura-obte-el-segell-de-pime-innovadora-del-ministeri-dindustria\/#breadcrumb","itemListElement":[{"@type":"ListItem","position":1,"name":"Inici","item":"https:\/\/www.garciafaura.com\/es\/"},{"@type":"ListItem","position":2,"name":"GARCIA FAURA obtiene el sello de Pyme Innovadora del Ministerio de Industria"}]},{"@type":"WebSite","@id":"https:\/\/www.garciafaura.com\/fr\/#website","url":"https:\/\/www.garciafaura.com\/fr\/","name":"GARCIA FAURA","description":"Arquitectura en Alumini, Inox, Ferro i Vidre","publisher":{"@id":"https:\/\/www.garciafaura.com\/fr\/#organization"},"potentialAction":[{"@type":"SearchAction","target":{"@type":"EntryPoint","urlTemplate":"https:\/\/www.garciafaura.com\/fr\/?s={search_term_string}"},"query-input":{"@type":"PropertyValueSpecification","valueRequired":true,"valueName":"search_term_string"}}],"inLanguage":"es"},{"@type":"Organization","@id":"https:\/\/www.garciafaura.com\/fr\/#organization","name":"GARCIA FAURA","url":"https:\/\/www.garciafaura.com\/fr\/","logo":{"@type":"ImageObject","inLanguage":"es","@id":"https:\/\/www.garciafaura.com\/fr\/#\/schema\/logo\/image\/","url":"https:\/\/www.garciafaura.com\/wp-content\/uploads\/2018\/09\/Garcia-Faura.png","contentUrl":"https:\/\/www.garciafaura.com\/wp-content\/uploads\/2018\/09\/Garcia-Faura.png","width":512,"height":512,"caption":"GARCIA FAURA"},"image":{"@id":"https:\/\/www.garciafaura.com\/fr\/#\/schema\/logo\/image\/"},"sameAs":["https:\/\/www.youtube.com\/user\/GARCIAFAURA"]},{"@type":"Person","@id":"https:\/\/www.garciafaura.com\/fr\/#\/schema\/person\/b4b75e69b33fac3446071909bec106b0","name":"David Achell","image":{"@type":"ImageObject","inLanguage":"es","@id":"https:\/\/www.garciafaura.com\/fr\/#\/schema\/person\/image\/","url":"https:\/\/secure.gravatar.com\/avatar\/03900210afc1f61bce737bcb4a79c02e2c997f171e3eca839b5a4cbe03846c90?s=96&d=blank&r=g","contentUrl":"https:\/\/secure.gravatar.com\/avatar\/03900210afc1f61bce737bcb4a79c02e2c997f171e3eca839b5a4cbe03846c90?s=96&d=blank&r=g","caption":"David Achell"}}]}},"_links":{"self":[{"href":"https:\/\/www.garciafaura.com\/es\/wp-json\/wp\/v2\/posts\/32177","targetHints":{"allow":["GET"]}}],"collection":[{"href":"https:\/\/www.garciafaura.com\/es\/wp-json\/wp\/v2\/posts"}],"about":[{"href":"https:\/\/www.garciafaura.com\/es\/wp-json\/wp\/v2\/types\/post"}],"author":[{"embeddable":true,"href":"https:\/\/www.garciafaura.com\/es\/wp-json\/wp\/v2\/users\/3"}],"replies":[{"embeddable":true,"href":"https:\/\/www.garciafaura.com\/es\/wp-json\/wp\/v2\/comments?post=32177"}],"version-history":[{"count":6,"href":"https:\/\/www.garciafaura.com\/es\/wp-json\/wp\/v2\/posts\/32177\/revisions"}],"predecessor-version":[{"id":32196,"href":"https:\/\/www.garciafaura.com\/es\/wp-json\/wp\/v2\/posts\/32177\/revisions\/32196"}],"wp:featuredmedia":[{"embeddable":true,"href":"https:\/\/www.garciafaura.com\/es\/wp-json\/wp\/v2\/media\/32170"}],"wp:attachment":[{"href":"https:\/\/www.garciafaura.com\/es\/wp-json\/wp\/v2\/media?parent=32177"}],"wp:term":[{"taxonomy":"category","embeddable":true,"href":"https:\/\/www.garciafaura.com\/es\/wp-json\/wp\/v2\/categories?post=32177"},{"taxonomy":"post_tag","embeddable":true,"href":"https:\/\/www.garciafaura.com\/es\/wp-json\/wp\/v2\/tags?post=32177"},{"taxonomy":"post_series","embeddable":true,"href":"https:\/\/www.garciafaura.com\/es\/wp-json\/wp\/v2\/post_series?post=32177"}],"curies":[{"name":"wp","href":"https:\/\/api.w.org\/{rel}","templated":true}]}}