{"id":32040,"date":"2023-04-21T15:38:44","date_gmt":"2023-04-21T13:38:44","guid":{"rendered":"https:\/\/www.garciafaura.com\/facana-i-tancaments-de-garcia-faura-per-a-un-edifici-doficines-del-districte-22\/"},"modified":"2023-04-24T11:11:58","modified_gmt":"2023-04-24T09:11:58","slug":"facana-i-tancaments-de-garcia-faura-per-a-un-edifici-doficines-del-districte-22","status":"publish","type":"post","link":"https:\/\/www.garciafaura.com\/es\/facana-i-tancaments-de-garcia-faura-per-a-un-edifici-doficines-del-districte-22\/","title":{"rendered":"Fachada y cerramientos de GARCIA FAURA para un edificio de oficinas del distrito 22@"},"content":{"rendered":"<h3 style=\"text-align: justify;\">En la confluencia de las calles Pere IV y Pamplona del barrio barcelon\u00e9s del Poblenou, en pleno distrito tecnol\u00f3gico del 22@, se est\u00e1 levantando un edificio de oficinas cuya fachada y cerramientos son obra de GARCIA FAURA.<\/h3>\n<p style=\"text-align: justify;\">El inmueble, proyectado por <strong>Elastiko Architects<\/strong> y <strong>TAG Arquitectura+Management<\/strong>, dispondr\u00e1 de una superficie de 5.755 metros cuadrados repartidos en un volumen escalonado que permite una transici\u00f3n entre las diferentes alturas de los edificios del entorno, lo que facilitar\u00e1 al edificio una perfecta integraci\u00f3n en la trama urbana del barrio.<\/p>\n<p style=\"text-align: justify;\">El dise\u00f1o de la fachada se inspira en la tradici\u00f3n catalana de la cer\u00e1mica aplicada a la arquitectura mediante lamas verticales de este material, lo que otorga al edificio una personalidad \u00fanica y diferencial adem\u00e1s de generar un v\u00ednculo con la tradici\u00f3n industrial de la zona.<\/p>\n<p style=\"text-align: justify;\">En este sentido, <strong>GARCIA FAURA<\/strong> desarrollar\u00e1, fabricar\u00e1 e instalar\u00e1 1.500 metros cuadrados de fachada acristalada con muro cortina de tipo <em>stick<\/em>, adem\u00e1s de 150 metros cuadrados de cerramientos fijos y practicables para los patios interiores, con sistemas de perfiles de aluminio con rotura de puente t\u00e9rmico.<\/p>\n<p style=\"text-align: justify;\">La intervenci\u00f3n de <strong>GARCIA FAURA<\/strong> se completar\u00e1 con unos 70 metros cuadrados de cierres fijos interiores con funci\u00f3n de mamparas divisorias, y la instalaci\u00f3n de puertas y balconeras de mantenimiento y los accesos generales del edificio con puertas correderas autom\u00e1ticas.<\/p>\n<p style=\"text-align: justify;\"><strong>Alta eficiencia energ\u00e9tica<\/strong><\/p>\n<p style=\"text-align: justify;\">El atento dise\u00f1o de la envolvente permitir\u00e1 al proyecto conseguir la certificaci\u00f3n LEED Gold, lo que convertir\u00e1 al edificio en uno de los m\u00e1s sostenibles del distrito 22@. El ahorro energ\u00e9tico tambi\u00e9n se conseguir\u00e1 con sistemas muy eficientes como la conexi\u00f3n a la red Districlima.<\/p>\n","protected":false},"excerpt":{"rendered":"<p>En la confluencia de las calles Pere IV y Pamplona del barrio barcelon\u00e9s del Poblenou, en pleno distrito tecnol\u00f3gico del 22@, se est\u00e1 levantando un edificio de oficinas cuya fachada y cerramientos son obra de GARCIA FAURA. El inmueble, proyectado&hellip;<\/p>\n","protected":false},"author":3,"featured_media":31014,"comment_status":"closed","ping_status":"open","sticky":false,"template":"","format":"standard","meta":{"footnotes":""},"categories":[3],"tags":[],"post_series":[],"class_list":["post-32040","post","type-post","status-publish","format-standard","has-post-thumbnail","hentry","category-actualidad","entry","has-media"],"yoast_head":"<!-- This site is optimized with the Yoast SEO plugin v26.7 - https:\/\/yoast.com\/wordpress\/plugins\/seo\/ -->\n<title>Fachada y cerramientos de GARCIA FAURA para un edificio de oficinas del distrito 22@ - GARCIA FAURA<\/title>\n<meta name=\"description\" content=\"Arquitectura en Alumini, Inox, Ferro i Vidre\" \/>\n<meta name=\"robots\" content=\"index, follow, max-snippet:-1, max-image-preview:large, max-video-preview:-1\" \/>\n<link rel=\"canonical\" href=\"https:\/\/www.garciafaura.com\/es\/facana-i-tancaments-de-garcia-faura-per-a-un-edifici-doficines-del-districte-22\/\" \/>\n<meta property=\"og:locale\" content=\"es_ES\" \/>\n<meta property=\"og:type\" content=\"article\" \/>\n<meta property=\"og:title\" content=\"Fachada y cerramientos de GARCIA FAURA para un edificio de oficinas del distrito 22@ - GARCIA FAURA\" \/>\n<meta property=\"og:description\" content=\"Arquitectura en Alumini, Inox, Ferro i Vidre\" \/>\n<meta property=\"og:url\" content=\"https:\/\/www.garciafaura.com\/es\/facana-i-tancaments-de-garcia-faura-per-a-un-edifici-doficines-del-districte-22\/\" \/>\n<meta property=\"og:site_name\" content=\"GARCIA FAURA\" \/>\n<meta property=\"article:published_time\" content=\"2023-04-21T13:38:44+00:00\" \/>\n<meta property=\"article:modified_time\" content=\"2023-04-24T09:11:58+00:00\" \/>\n<meta property=\"og:image\" content=\"https:\/\/www.garciafaura.com\/wp-content\/uploads\/2022\/11\/190211_PereIV_Renderexterior.jpg\" \/>\n\t<meta property=\"og:image:width\" content=\"1200\" \/>\n\t<meta property=\"og:image:height\" content=\"628\" \/>\n\t<meta property=\"og:image:type\" content=\"image\/jpeg\" \/>\n<meta name=\"author\" content=\"David Achell\" \/>\n<meta name=\"twitter:card\" content=\"summary_large_image\" \/>\n<meta name=\"twitter:label1\" content=\"Escrito por\" \/>\n\t<meta name=\"twitter:data1\" content=\"David Achell\" \/>\n\t<meta name=\"twitter:label2\" content=\"Tiempo de lectura\" \/>\n\t<meta name=\"twitter:data2\" content=\"2 minutos\" \/>\n<script type=\"application\/ld+json\" class=\"yoast-schema-graph\">{\"@context\":\"https:\/\/schema.org\",\"@graph\":[{\"@type\":\"Article\",\"@id\":\"https:\/\/www.garciafaura.com\/es\/facana-i-tancaments-de-garcia-faura-per-a-un-edifici-doficines-del-districte-22\/#article\",\"isPartOf\":{\"@id\":\"https:\/\/www.garciafaura.com\/es\/facana-i-tancaments-de-garcia-faura-per-a-un-edifici-doficines-del-districte-22\/\"},\"author\":{\"name\":\"David Achell\",\"@id\":\"https:\/\/www.garciafaura.com\/fr\/#\/schema\/person\/b4b75e69b33fac3446071909bec106b0\"},\"headline\":\"Fachada y cerramientos de GARCIA FAURA para un edificio de oficinas del distrito 22@\",\"datePublished\":\"2023-04-21T13:38:44+00:00\",\"dateModified\":\"2023-04-24T09:11:58+00:00\",\"mainEntityOfPage\":{\"@id\":\"https:\/\/www.garciafaura.com\/es\/facana-i-tancaments-de-garcia-faura-per-a-un-edifici-doficines-del-districte-22\/\"},\"wordCount\":297,\"publisher\":{\"@id\":\"https:\/\/www.garciafaura.com\/fr\/#organization\"},\"image\":{\"@id\":\"https:\/\/www.garciafaura.com\/es\/facana-i-tancaments-de-garcia-faura-per-a-un-edifici-doficines-del-districte-22\/#primaryimage\"},\"thumbnailUrl\":\"https:\/\/www.garciafaura.com\/wp-content\/uploads\/2022\/11\/190211_PereIV_Renderexterior.jpg\",\"articleSection\":[\"Actualidad\"],\"inLanguage\":\"es\"},{\"@type\":\"WebPage\",\"@id\":\"https:\/\/www.garciafaura.com\/es\/facana-i-tancaments-de-garcia-faura-per-a-un-edifici-doficines-del-districte-22\/\",\"url\":\"https:\/\/www.garciafaura.com\/es\/facana-i-tancaments-de-garcia-faura-per-a-un-edifici-doficines-del-districte-22\/\",\"name\":\"Fachada y cerramientos de GARCIA FAURA para un edificio de oficinas del distrito 22@ - GARCIA FAURA\",\"isPartOf\":{\"@id\":\"https:\/\/www.garciafaura.com\/fr\/#website\"},\"primaryImageOfPage\":{\"@id\":\"https:\/\/www.garciafaura.com\/es\/facana-i-tancaments-de-garcia-faura-per-a-un-edifici-doficines-del-districte-22\/#primaryimage\"},\"image\":{\"@id\":\"https:\/\/www.garciafaura.com\/es\/facana-i-tancaments-de-garcia-faura-per-a-un-edifici-doficines-del-districte-22\/#primaryimage\"},\"thumbnailUrl\":\"https:\/\/www.garciafaura.com\/wp-content\/uploads\/2022\/11\/190211_PereIV_Renderexterior.jpg\",\"datePublished\":\"2023-04-21T13:38:44+00:00\",\"dateModified\":\"2023-04-24T09:11:58+00:00\",\"description\":\"Arquitectura en Alumini, Inox, Ferro i Vidre\",\"breadcrumb\":{\"@id\":\"https:\/\/www.garciafaura.com\/es\/facana-i-tancaments-de-garcia-faura-per-a-un-edifici-doficines-del-districte-22\/#breadcrumb\"},\"inLanguage\":\"es\",\"potentialAction\":[{\"@type\":\"ReadAction\",\"target\":[\"https:\/\/www.garciafaura.com\/es\/facana-i-tancaments-de-garcia-faura-per-a-un-edifici-doficines-del-districte-22\/\"]}]},{\"@type\":\"ImageObject\",\"inLanguage\":\"es\",\"@id\":\"https:\/\/www.garciafaura.com\/es\/facana-i-tancaments-de-garcia-faura-per-a-un-edifici-doficines-del-districte-22\/#primaryimage\",\"url\":\"https:\/\/www.garciafaura.com\/wp-content\/uploads\/2022\/11\/190211_PereIV_Renderexterior.jpg\",\"contentUrl\":\"https:\/\/www.garciafaura.com\/wp-content\/uploads\/2022\/11\/190211_PereIV_Renderexterior.jpg\",\"width\":1200,\"height\":628,\"caption\":\"Garcia Faura Pere IV\"},{\"@type\":\"BreadcrumbList\",\"@id\":\"https:\/\/www.garciafaura.com\/es\/facana-i-tancaments-de-garcia-faura-per-a-un-edifici-doficines-del-districte-22\/#breadcrumb\",\"itemListElement\":[{\"@type\":\"ListItem\",\"position\":1,\"name\":\"Inici\",\"item\":\"https:\/\/www.garciafaura.com\/es\/\"},{\"@type\":\"ListItem\",\"position\":2,\"name\":\"Fachada y cerramientos de GARCIA FAURA para un edificio de oficinas del distrito 22@\"}]},{\"@type\":\"WebSite\",\"@id\":\"https:\/\/www.garciafaura.com\/fr\/#website\",\"url\":\"https:\/\/www.garciafaura.com\/fr\/\",\"name\":\"GARCIA FAURA\",\"description\":\"Arquitectura en Alumini, Inox, Ferro i Vidre\",\"publisher\":{\"@id\":\"https:\/\/www.garciafaura.com\/fr\/#organization\"},\"potentialAction\":[{\"@type\":\"SearchAction\",\"target\":{\"@type\":\"EntryPoint\",\"urlTemplate\":\"https:\/\/www.garciafaura.com\/fr\/?s={search_term_string}\"},\"query-input\":{\"@type\":\"PropertyValueSpecification\",\"valueRequired\":true,\"valueName\":\"search_term_string\"}}],\"inLanguage\":\"es\"},{\"@type\":\"Organization\",\"@id\":\"https:\/\/www.garciafaura.com\/fr\/#organization\",\"name\":\"GARCIA FAURA\",\"url\":\"https:\/\/www.garciafaura.com\/fr\/\",\"logo\":{\"@type\":\"ImageObject\",\"inLanguage\":\"es\",\"@id\":\"https:\/\/www.garciafaura.com\/fr\/#\/schema\/logo\/image\/\",\"url\":\"https:\/\/www.garciafaura.com\/wp-content\/uploads\/2018\/09\/Garcia-Faura.png\",\"contentUrl\":\"https:\/\/www.garciafaura.com\/wp-content\/uploads\/2018\/09\/Garcia-Faura.png\",\"width\":512,\"height\":512,\"caption\":\"GARCIA FAURA\"},\"image\":{\"@id\":\"https:\/\/www.garciafaura.com\/fr\/#\/schema\/logo\/image\/\"},\"sameAs\":[\"https:\/\/www.youtube.com\/user\/GARCIAFAURA\"]},{\"@type\":\"Person\",\"@id\":\"https:\/\/www.garciafaura.com\/fr\/#\/schema\/person\/b4b75e69b33fac3446071909bec106b0\",\"name\":\"David Achell\",\"image\":{\"@type\":\"ImageObject\",\"inLanguage\":\"es\",\"@id\":\"https:\/\/www.garciafaura.com\/fr\/#\/schema\/person\/image\/\",\"url\":\"https:\/\/secure.gravatar.com\/avatar\/03900210afc1f61bce737bcb4a79c02e2c997f171e3eca839b5a4cbe03846c90?s=96&d=blank&r=g\",\"contentUrl\":\"https:\/\/secure.gravatar.com\/avatar\/03900210afc1f61bce737bcb4a79c02e2c997f171e3eca839b5a4cbe03846c90?s=96&d=blank&r=g\",\"caption\":\"David Achell\"}}]}<\/script>\n<!-- \/ Yoast SEO plugin. -->","yoast_head_json":{"title":"Fachada y cerramientos de GARCIA FAURA para un edificio de oficinas del distrito 22@ - GARCIA FAURA","description":"Arquitectura en Alumini, Inox, Ferro i Vidre","robots":{"index":"index","follow":"follow","max-snippet":"max-snippet:-1","max-image-preview":"max-image-preview:large","max-video-preview":"max-video-preview:-1"},"canonical":"https:\/\/www.garciafaura.com\/es\/facana-i-tancaments-de-garcia-faura-per-a-un-edifici-doficines-del-districte-22\/","og_locale":"es_ES","og_type":"article","og_title":"Fachada y cerramientos de GARCIA FAURA para un edificio de oficinas del distrito 22@ - GARCIA FAURA","og_description":"Arquitectura en Alumini, Inox, Ferro i Vidre","og_url":"https:\/\/www.garciafaura.com\/es\/facana-i-tancaments-de-garcia-faura-per-a-un-edifici-doficines-del-districte-22\/","og_site_name":"GARCIA FAURA","article_published_time":"2023-04-21T13:38:44+00:00","article_modified_time":"2023-04-24T09:11:58+00:00","og_image":[{"width":1200,"height":628,"url":"https:\/\/www.garciafaura.com\/wp-content\/uploads\/2022\/11\/190211_PereIV_Renderexterior.jpg","type":"image\/jpeg"}],"author":"David Achell","twitter_card":"summary_large_image","twitter_misc":{"Escrito por":"David Achell","Tiempo de lectura":"2 minutos"},"schema":{"@context":"https:\/\/schema.org","@graph":[{"@type":"Article","@id":"https:\/\/www.garciafaura.com\/es\/facana-i-tancaments-de-garcia-faura-per-a-un-edifici-doficines-del-districte-22\/#article","isPartOf":{"@id":"https:\/\/www.garciafaura.com\/es\/facana-i-tancaments-de-garcia-faura-per-a-un-edifici-doficines-del-districte-22\/"},"author":{"name":"David Achell","@id":"https:\/\/www.garciafaura.com\/fr\/#\/schema\/person\/b4b75e69b33fac3446071909bec106b0"},"headline":"Fachada y cerramientos de GARCIA FAURA para un edificio de oficinas del distrito 22@","datePublished":"2023-04-21T13:38:44+00:00","dateModified":"2023-04-24T09:11:58+00:00","mainEntityOfPage":{"@id":"https:\/\/www.garciafaura.com\/es\/facana-i-tancaments-de-garcia-faura-per-a-un-edifici-doficines-del-districte-22\/"},"wordCount":297,"publisher":{"@id":"https:\/\/www.garciafaura.com\/fr\/#organization"},"image":{"@id":"https:\/\/www.garciafaura.com\/es\/facana-i-tancaments-de-garcia-faura-per-a-un-edifici-doficines-del-districte-22\/#primaryimage"},"thumbnailUrl":"https:\/\/www.garciafaura.com\/wp-content\/uploads\/2022\/11\/190211_PereIV_Renderexterior.jpg","articleSection":["Actualidad"],"inLanguage":"es"},{"@type":"WebPage","@id":"https:\/\/www.garciafaura.com\/es\/facana-i-tancaments-de-garcia-faura-per-a-un-edifici-doficines-del-districte-22\/","url":"https:\/\/www.garciafaura.com\/es\/facana-i-tancaments-de-garcia-faura-per-a-un-edifici-doficines-del-districte-22\/","name":"Fachada y cerramientos de GARCIA FAURA para un edificio de oficinas del distrito 22@ - GARCIA FAURA","isPartOf":{"@id":"https:\/\/www.garciafaura.com\/fr\/#website"},"primaryImageOfPage":{"@id":"https:\/\/www.garciafaura.com\/es\/facana-i-tancaments-de-garcia-faura-per-a-un-edifici-doficines-del-districte-22\/#primaryimage"},"image":{"@id":"https:\/\/www.garciafaura.com\/es\/facana-i-tancaments-de-garcia-faura-per-a-un-edifici-doficines-del-districte-22\/#primaryimage"},"thumbnailUrl":"https:\/\/www.garciafaura.com\/wp-content\/uploads\/2022\/11\/190211_PereIV_Renderexterior.jpg","datePublished":"2023-04-21T13:38:44+00:00","dateModified":"2023-04-24T09:11:58+00:00","description":"Arquitectura en Alumini, Inox, Ferro i Vidre","breadcrumb":{"@id":"https:\/\/www.garciafaura.com\/es\/facana-i-tancaments-de-garcia-faura-per-a-un-edifici-doficines-del-districte-22\/#breadcrumb"},"inLanguage":"es","potentialAction":[{"@type":"ReadAction","target":["https:\/\/www.garciafaura.com\/es\/facana-i-tancaments-de-garcia-faura-per-a-un-edifici-doficines-del-districte-22\/"]}]},{"@type":"ImageObject","inLanguage":"es","@id":"https:\/\/www.garciafaura.com\/es\/facana-i-tancaments-de-garcia-faura-per-a-un-edifici-doficines-del-districte-22\/#primaryimage","url":"https:\/\/www.garciafaura.com\/wp-content\/uploads\/2022\/11\/190211_PereIV_Renderexterior.jpg","contentUrl":"https:\/\/www.garciafaura.com\/wp-content\/uploads\/2022\/11\/190211_PereIV_Renderexterior.jpg","width":1200,"height":628,"caption":"Garcia Faura Pere IV"},{"@type":"BreadcrumbList","@id":"https:\/\/www.garciafaura.com\/es\/facana-i-tancaments-de-garcia-faura-per-a-un-edifici-doficines-del-districte-22\/#breadcrumb","itemListElement":[{"@type":"ListItem","position":1,"name":"Inici","item":"https:\/\/www.garciafaura.com\/es\/"},{"@type":"ListItem","position":2,"name":"Fachada y cerramientos de GARCIA FAURA para un edificio de oficinas del distrito 22@"}]},{"@type":"WebSite","@id":"https:\/\/www.garciafaura.com\/fr\/#website","url":"https:\/\/www.garciafaura.com\/fr\/","name":"GARCIA FAURA","description":"Arquitectura en Alumini, Inox, Ferro i Vidre","publisher":{"@id":"https:\/\/www.garciafaura.com\/fr\/#organization"},"potentialAction":[{"@type":"SearchAction","target":{"@type":"EntryPoint","urlTemplate":"https:\/\/www.garciafaura.com\/fr\/?s={search_term_string}"},"query-input":{"@type":"PropertyValueSpecification","valueRequired":true,"valueName":"search_term_string"}}],"inLanguage":"es"},{"@type":"Organization","@id":"https:\/\/www.garciafaura.com\/fr\/#organization","name":"GARCIA FAURA","url":"https:\/\/www.garciafaura.com\/fr\/","logo":{"@type":"ImageObject","inLanguage":"es","@id":"https:\/\/www.garciafaura.com\/fr\/#\/schema\/logo\/image\/","url":"https:\/\/www.garciafaura.com\/wp-content\/uploads\/2018\/09\/Garcia-Faura.png","contentUrl":"https:\/\/www.garciafaura.com\/wp-content\/uploads\/2018\/09\/Garcia-Faura.png","width":512,"height":512,"caption":"GARCIA FAURA"},"image":{"@id":"https:\/\/www.garciafaura.com\/fr\/#\/schema\/logo\/image\/"},"sameAs":["https:\/\/www.youtube.com\/user\/GARCIAFAURA"]},{"@type":"Person","@id":"https:\/\/www.garciafaura.com\/fr\/#\/schema\/person\/b4b75e69b33fac3446071909bec106b0","name":"David Achell","image":{"@type":"ImageObject","inLanguage":"es","@id":"https:\/\/www.garciafaura.com\/fr\/#\/schema\/person\/image\/","url":"https:\/\/secure.gravatar.com\/avatar\/03900210afc1f61bce737bcb4a79c02e2c997f171e3eca839b5a4cbe03846c90?s=96&d=blank&r=g","contentUrl":"https:\/\/secure.gravatar.com\/avatar\/03900210afc1f61bce737bcb4a79c02e2c997f171e3eca839b5a4cbe03846c90?s=96&d=blank&r=g","caption":"David Achell"}}]}},"_links":{"self":[{"href":"https:\/\/www.garciafaura.com\/es\/wp-json\/wp\/v2\/posts\/32040","targetHints":{"allow":["GET"]}}],"collection":[{"href":"https:\/\/www.garciafaura.com\/es\/wp-json\/wp\/v2\/posts"}],"about":[{"href":"https:\/\/www.garciafaura.com\/es\/wp-json\/wp\/v2\/types\/post"}],"author":[{"embeddable":true,"href":"https:\/\/www.garciafaura.com\/es\/wp-json\/wp\/v2\/users\/3"}],"replies":[{"embeddable":true,"href":"https:\/\/www.garciafaura.com\/es\/wp-json\/wp\/v2\/comments?post=32040"}],"version-history":[{"count":3,"href":"https:\/\/www.garciafaura.com\/es\/wp-json\/wp\/v2\/posts\/32040\/revisions"}],"predecessor-version":[{"id":32047,"href":"https:\/\/www.garciafaura.com\/es\/wp-json\/wp\/v2\/posts\/32040\/revisions\/32047"}],"wp:featuredmedia":[{"embeddable":true,"href":"https:\/\/www.garciafaura.com\/es\/wp-json\/wp\/v2\/media\/31014"}],"wp:attachment":[{"href":"https:\/\/www.garciafaura.com\/es\/wp-json\/wp\/v2\/media?parent=32040"}],"wp:term":[{"taxonomy":"category","embeddable":true,"href":"https:\/\/www.garciafaura.com\/es\/wp-json\/wp\/v2\/categories?post=32040"},{"taxonomy":"post_tag","embeddable":true,"href":"https:\/\/www.garciafaura.com\/es\/wp-json\/wp\/v2\/tags?post=32040"},{"taxonomy":"post_series","embeddable":true,"href":"https:\/\/www.garciafaura.com\/es\/wp-json\/wp\/v2\/post_series?post=32040"}],"curies":[{"name":"wp","href":"https:\/\/api.w.org\/{rel}","templated":true}]}}