{"id":31190,"date":"2023-01-27T09:00:07","date_gmt":"2023-01-27T07:00:07","guid":{"rendered":"https:\/\/www.garciafaura.com\/?p=31190"},"modified":"2023-01-30T11:03:10","modified_gmt":"2023-01-30T09:03:10","slug":"garcia-faura-participara-en-la-renovacio-de-les-facanes-de-lhotel-calderon-de-barcelona","status":"publish","type":"post","link":"https:\/\/www.garciafaura.com\/es\/garcia-faura-participara-en-la-renovacio-de-les-facanes-de-lhotel-calderon-de-barcelona\/","title":{"rendered":"GARCIA FAURA participar\u00e1 en la renovaci\u00f3n de las fachadas del Hotel Calder\u00f3n de Barcelona"},"content":{"rendered":"<h3 style=\"text-align: justify;\">GARCIA FAURA participar\u00e1 en la remodelaci\u00f3n de la fachada del Hotel Calder\u00f3n, en Barcelona. En concreto, la empresa intervendr\u00e1 en la fabricaci\u00f3n e instalaci\u00f3n de un muro cortina desarrollado especialmente para el proyecto.<\/h3>\n<p style=\"text-align: justify;\">Situado en el n\u00famero 26 de la rambla de Catalu\u00f1a de la capital catalana, el <strong>Hotel Calder\u00f3n<\/strong> es un edificio con una compleja volumetr\u00eda construido en 1973. Pero es ahora cuando afronta la gran reforma de las fachadas exteriores.<\/p>\n<p style=\"text-align: justify;\">En la rehabilitaci\u00f3n de las fachadas, proyectadas por el despacho <strong>Ferr\u00e9s Arquitectos<\/strong>, se busca mejorar el rendimiento t\u00e9rmico y ac\u00fastico del hotel, la protecci\u00f3n contra incendios y el confort de las personas hospedadas. Y todo esto interviniendo desde el exterior. Es decir, manteniendo lo m\u00e1ximo posible la actividad del establecimiento.<\/p>\n<p style=\"text-align: justify;\">Este objetivo se conseguir\u00e1 con el sistema conocido como <em>overcladding<\/em> (recubrir por encima), que permite el desarrollo de los trabajos en el exterior con la actividad habitual en el interior del hotel a la vez que se reduce al m\u00e1ximo el volumen a\u00f1adido a la fachada y minimizando el impacto exterior.<\/p>\n<p style=\"text-align: justify;\">Para este proyecto, <strong>GARCIA FAURA<\/strong> desarrollar\u00e1, fabricar\u00e1 e instalar\u00e1 un <strong>muro cortina<\/strong> de aproximadamente 2.075 metros cuadrados, con unos 500 metros cuadrados de <strong>cerramientos<\/strong> de carpinter\u00eda practicable incorporados. Se trata de un sistema de <strong>muro cortina<\/strong> con tapeta, realizado de forma expresa para el proyecto, a partir del dise\u00f1o inicial del arquitecto.<\/p>\n<p style=\"text-align: justify;\">La empresa tambi\u00e9n ejecutar\u00e1 un <strong>muro cortina<\/strong> en plantas inferiores, a modo de z\u00f3calo, de aproximadamente 510 metros cuadrados, con incorporaci\u00f3n de <strong>cerramientos<\/strong> practicables y osciloparalelos. Y una intervenci\u00f3n en la fachada posterior para adecuar la est\u00e9tica exterior de las carpinter\u00edas existentes a las necesidades actuales del hotel.<\/p>\n<p>El proyecto de reforma se ejecuta conjuntamente con la empresa constructora <strong>Villa Reyes<\/strong>, en una muestra de la voluntad de trabajo colaborativo de ambas empresas a la hora de afrontar trabajos especializados en el \u00e1mbito de la rehabilitaci\u00f3n de valor a\u00f1adido.<\/p>\n","protected":false},"excerpt":{"rendered":"<p>GARCIA FAURA participar\u00e1 en la remodelaci\u00f3n de la fachada del Hotel Calder\u00f3n, en Barcelona. En concreto, la empresa intervendr\u00e1 en la fabricaci\u00f3n e instalaci\u00f3n de un muro cortina desarrollado especialmente para el proyecto. Situado en el n\u00famero 26 de la&hellip;<\/p>\n","protected":false},"author":3,"featured_media":31187,"comment_status":"closed","ping_status":"open","sticky":false,"template":"","format":"standard","meta":{"footnotes":""},"categories":[3],"tags":[],"post_series":[],"class_list":["post-31190","post","type-post","status-publish","format-standard","has-post-thumbnail","hentry","category-actualidad","entry","has-media"],"yoast_head":"<!-- This site is optimized with the Yoast SEO plugin v26.7 - https:\/\/yoast.com\/wordpress\/plugins\/seo\/ -->\n<title>GARCIA FAURA participar\u00e1 en la renovaci\u00f3n de las fachadas del Hotel Calder\u00f3n de Barcelona - GARCIA FAURA<\/title>\n<meta name=\"description\" content=\"Arquitectura en Alumini, Inox, Ferro i Vidre\" \/>\n<meta name=\"robots\" content=\"index, follow, max-snippet:-1, max-image-preview:large, max-video-preview:-1\" \/>\n<link rel=\"canonical\" href=\"https:\/\/www.garciafaura.com\/es\/garcia-faura-participara-en-la-renovacio-de-les-facanes-de-lhotel-calderon-de-barcelona\/\" \/>\n<meta property=\"og:locale\" content=\"es_ES\" \/>\n<meta property=\"og:type\" content=\"article\" \/>\n<meta property=\"og:title\" content=\"GARCIA FAURA participar\u00e1 en la renovaci\u00f3n de las fachadas del Hotel Calder\u00f3n de Barcelona - GARCIA FAURA\" \/>\n<meta property=\"og:description\" content=\"Arquitectura en Alumini, Inox, Ferro i Vidre\" \/>\n<meta property=\"og:url\" content=\"https:\/\/www.garciafaura.com\/es\/garcia-faura-participara-en-la-renovacio-de-les-facanes-de-lhotel-calderon-de-barcelona\/\" \/>\n<meta property=\"og:site_name\" content=\"GARCIA FAURA\" \/>\n<meta property=\"article:published_time\" content=\"2023-01-27T07:00:07+00:00\" \/>\n<meta property=\"article:modified_time\" content=\"2023-01-30T09:03:10+00:00\" \/>\n<meta property=\"og:image\" content=\"https:\/\/www.garciafaura.com\/wp-content\/uploads\/2023\/01\/Hotel-Caldero\u0301n.png\" \/>\n\t<meta property=\"og:image:width\" content=\"928\" \/>\n\t<meta property=\"og:image:height\" content=\"954\" \/>\n\t<meta property=\"og:image:type\" content=\"image\/png\" \/>\n<meta name=\"author\" content=\"David Achell\" \/>\n<meta name=\"twitter:card\" content=\"summary_large_image\" \/>\n<meta name=\"twitter:label1\" content=\"Escrito por\" \/>\n\t<meta name=\"twitter:data1\" content=\"David Achell\" \/>\n\t<meta name=\"twitter:label2\" content=\"Tiempo de lectura\" \/>\n\t<meta name=\"twitter:data2\" content=\"2 minutos\" \/>\n<script type=\"application\/ld+json\" class=\"yoast-schema-graph\">{\"@context\":\"https:\/\/schema.org\",\"@graph\":[{\"@type\":\"Article\",\"@id\":\"https:\/\/www.garciafaura.com\/es\/garcia-faura-participara-en-la-renovacio-de-les-facanes-de-lhotel-calderon-de-barcelona\/#article\",\"isPartOf\":{\"@id\":\"https:\/\/www.garciafaura.com\/es\/garcia-faura-participara-en-la-renovacio-de-les-facanes-de-lhotel-calderon-de-barcelona\/\"},\"author\":{\"name\":\"David Achell\",\"@id\":\"https:\/\/www.garciafaura.com\/fr\/#\/schema\/person\/b4b75e69b33fac3446071909bec106b0\"},\"headline\":\"GARCIA FAURA participar\u00e1 en la renovaci\u00f3n de las fachadas del Hotel Calder\u00f3n de Barcelona\",\"datePublished\":\"2023-01-27T07:00:07+00:00\",\"dateModified\":\"2023-01-30T09:03:10+00:00\",\"mainEntityOfPage\":{\"@id\":\"https:\/\/www.garciafaura.com\/es\/garcia-faura-participara-en-la-renovacio-de-les-facanes-de-lhotel-calderon-de-barcelona\/\"},\"wordCount\":351,\"publisher\":{\"@id\":\"https:\/\/www.garciafaura.com\/fr\/#organization\"},\"image\":{\"@id\":\"https:\/\/www.garciafaura.com\/es\/garcia-faura-participara-en-la-renovacio-de-les-facanes-de-lhotel-calderon-de-barcelona\/#primaryimage\"},\"thumbnailUrl\":\"https:\/\/www.garciafaura.com\/wp-content\/uploads\/2023\/01\/Hotel-Caldero\u0301n.png\",\"articleSection\":[\"Actualidad\"],\"inLanguage\":\"es\"},{\"@type\":\"WebPage\",\"@id\":\"https:\/\/www.garciafaura.com\/es\/garcia-faura-participara-en-la-renovacio-de-les-facanes-de-lhotel-calderon-de-barcelona\/\",\"url\":\"https:\/\/www.garciafaura.com\/es\/garcia-faura-participara-en-la-renovacio-de-les-facanes-de-lhotel-calderon-de-barcelona\/\",\"name\":\"GARCIA FAURA participar\u00e1 en la renovaci\u00f3n de las fachadas del Hotel Calder\u00f3n de Barcelona - GARCIA FAURA\",\"isPartOf\":{\"@id\":\"https:\/\/www.garciafaura.com\/fr\/#website\"},\"primaryImageOfPage\":{\"@id\":\"https:\/\/www.garciafaura.com\/es\/garcia-faura-participara-en-la-renovacio-de-les-facanes-de-lhotel-calderon-de-barcelona\/#primaryimage\"},\"image\":{\"@id\":\"https:\/\/www.garciafaura.com\/es\/garcia-faura-participara-en-la-renovacio-de-les-facanes-de-lhotel-calderon-de-barcelona\/#primaryimage\"},\"thumbnailUrl\":\"https:\/\/www.garciafaura.com\/wp-content\/uploads\/2023\/01\/Hotel-Caldero\u0301n.png\",\"datePublished\":\"2023-01-27T07:00:07+00:00\",\"dateModified\":\"2023-01-30T09:03:10+00:00\",\"description\":\"Arquitectura en Alumini, Inox, Ferro i Vidre\",\"breadcrumb\":{\"@id\":\"https:\/\/www.garciafaura.com\/es\/garcia-faura-participara-en-la-renovacio-de-les-facanes-de-lhotel-calderon-de-barcelona\/#breadcrumb\"},\"inLanguage\":\"es\",\"potentialAction\":[{\"@type\":\"ReadAction\",\"target\":[\"https:\/\/www.garciafaura.com\/es\/garcia-faura-participara-en-la-renovacio-de-les-facanes-de-lhotel-calderon-de-barcelona\/\"]}]},{\"@type\":\"ImageObject\",\"inLanguage\":\"es\",\"@id\":\"https:\/\/www.garciafaura.com\/es\/garcia-faura-participara-en-la-renovacio-de-les-facanes-de-lhotel-calderon-de-barcelona\/#primaryimage\",\"url\":\"https:\/\/www.garciafaura.com\/wp-content\/uploads\/2023\/01\/Hotel-Caldero\u0301n.png\",\"contentUrl\":\"https:\/\/www.garciafaura.com\/wp-content\/uploads\/2023\/01\/Hotel-Caldero\u0301n.png\",\"width\":928,\"height\":954},{\"@type\":\"BreadcrumbList\",\"@id\":\"https:\/\/www.garciafaura.com\/es\/garcia-faura-participara-en-la-renovacio-de-les-facanes-de-lhotel-calderon-de-barcelona\/#breadcrumb\",\"itemListElement\":[{\"@type\":\"ListItem\",\"position\":1,\"name\":\"Inici\",\"item\":\"https:\/\/www.garciafaura.com\/es\/\"},{\"@type\":\"ListItem\",\"position\":2,\"name\":\"GARCIA FAURA participar\u00e1 en la renovaci\u00f3n de las fachadas del Hotel Calder\u00f3n de Barcelona\"}]},{\"@type\":\"WebSite\",\"@id\":\"https:\/\/www.garciafaura.com\/fr\/#website\",\"url\":\"https:\/\/www.garciafaura.com\/fr\/\",\"name\":\"GARCIA FAURA\",\"description\":\"Arquitectura en Alumini, Inox, Ferro i Vidre\",\"publisher\":{\"@id\":\"https:\/\/www.garciafaura.com\/fr\/#organization\"},\"potentialAction\":[{\"@type\":\"SearchAction\",\"target\":{\"@type\":\"EntryPoint\",\"urlTemplate\":\"https:\/\/www.garciafaura.com\/fr\/?s={search_term_string}\"},\"query-input\":{\"@type\":\"PropertyValueSpecification\",\"valueRequired\":true,\"valueName\":\"search_term_string\"}}],\"inLanguage\":\"es\"},{\"@type\":\"Organization\",\"@id\":\"https:\/\/www.garciafaura.com\/fr\/#organization\",\"name\":\"GARCIA FAURA\",\"url\":\"https:\/\/www.garciafaura.com\/fr\/\",\"logo\":{\"@type\":\"ImageObject\",\"inLanguage\":\"es\",\"@id\":\"https:\/\/www.garciafaura.com\/fr\/#\/schema\/logo\/image\/\",\"url\":\"https:\/\/www.garciafaura.com\/wp-content\/uploads\/2018\/09\/Garcia-Faura.png\",\"contentUrl\":\"https:\/\/www.garciafaura.com\/wp-content\/uploads\/2018\/09\/Garcia-Faura.png\",\"width\":512,\"height\":512,\"caption\":\"GARCIA FAURA\"},\"image\":{\"@id\":\"https:\/\/www.garciafaura.com\/fr\/#\/schema\/logo\/image\/\"},\"sameAs\":[\"https:\/\/www.youtube.com\/user\/GARCIAFAURA\"]},{\"@type\":\"Person\",\"@id\":\"https:\/\/www.garciafaura.com\/fr\/#\/schema\/person\/b4b75e69b33fac3446071909bec106b0\",\"name\":\"David Achell\",\"image\":{\"@type\":\"ImageObject\",\"inLanguage\":\"es\",\"@id\":\"https:\/\/www.garciafaura.com\/fr\/#\/schema\/person\/image\/\",\"url\":\"https:\/\/secure.gravatar.com\/avatar\/03900210afc1f61bce737bcb4a79c02e2c997f171e3eca839b5a4cbe03846c90?s=96&d=blank&r=g\",\"contentUrl\":\"https:\/\/secure.gravatar.com\/avatar\/03900210afc1f61bce737bcb4a79c02e2c997f171e3eca839b5a4cbe03846c90?s=96&d=blank&r=g\",\"caption\":\"David Achell\"}}]}<\/script>\n<!-- \/ Yoast SEO plugin. -->","yoast_head_json":{"title":"GARCIA FAURA participar\u00e1 en la renovaci\u00f3n de las fachadas del Hotel Calder\u00f3n de Barcelona - GARCIA FAURA","description":"Arquitectura en Alumini, Inox, Ferro i Vidre","robots":{"index":"index","follow":"follow","max-snippet":"max-snippet:-1","max-image-preview":"max-image-preview:large","max-video-preview":"max-video-preview:-1"},"canonical":"https:\/\/www.garciafaura.com\/es\/garcia-faura-participara-en-la-renovacio-de-les-facanes-de-lhotel-calderon-de-barcelona\/","og_locale":"es_ES","og_type":"article","og_title":"GARCIA FAURA participar\u00e1 en la renovaci\u00f3n de las fachadas del Hotel Calder\u00f3n de Barcelona - GARCIA FAURA","og_description":"Arquitectura en Alumini, Inox, Ferro i Vidre","og_url":"https:\/\/www.garciafaura.com\/es\/garcia-faura-participara-en-la-renovacio-de-les-facanes-de-lhotel-calderon-de-barcelona\/","og_site_name":"GARCIA FAURA","article_published_time":"2023-01-27T07:00:07+00:00","article_modified_time":"2023-01-30T09:03:10+00:00","og_image":[{"width":928,"height":954,"url":"https:\/\/www.garciafaura.com\/wp-content\/uploads\/2023\/01\/Hotel-Caldero\u0301n.png","type":"image\/png"}],"author":"David Achell","twitter_card":"summary_large_image","twitter_misc":{"Escrito por":"David Achell","Tiempo de lectura":"2 minutos"},"schema":{"@context":"https:\/\/schema.org","@graph":[{"@type":"Article","@id":"https:\/\/www.garciafaura.com\/es\/garcia-faura-participara-en-la-renovacio-de-les-facanes-de-lhotel-calderon-de-barcelona\/#article","isPartOf":{"@id":"https:\/\/www.garciafaura.com\/es\/garcia-faura-participara-en-la-renovacio-de-les-facanes-de-lhotel-calderon-de-barcelona\/"},"author":{"name":"David Achell","@id":"https:\/\/www.garciafaura.com\/fr\/#\/schema\/person\/b4b75e69b33fac3446071909bec106b0"},"headline":"GARCIA FAURA participar\u00e1 en la renovaci\u00f3n de las fachadas del Hotel Calder\u00f3n de Barcelona","datePublished":"2023-01-27T07:00:07+00:00","dateModified":"2023-01-30T09:03:10+00:00","mainEntityOfPage":{"@id":"https:\/\/www.garciafaura.com\/es\/garcia-faura-participara-en-la-renovacio-de-les-facanes-de-lhotel-calderon-de-barcelona\/"},"wordCount":351,"publisher":{"@id":"https:\/\/www.garciafaura.com\/fr\/#organization"},"image":{"@id":"https:\/\/www.garciafaura.com\/es\/garcia-faura-participara-en-la-renovacio-de-les-facanes-de-lhotel-calderon-de-barcelona\/#primaryimage"},"thumbnailUrl":"https:\/\/www.garciafaura.com\/wp-content\/uploads\/2023\/01\/Hotel-Caldero\u0301n.png","articleSection":["Actualidad"],"inLanguage":"es"},{"@type":"WebPage","@id":"https:\/\/www.garciafaura.com\/es\/garcia-faura-participara-en-la-renovacio-de-les-facanes-de-lhotel-calderon-de-barcelona\/","url":"https:\/\/www.garciafaura.com\/es\/garcia-faura-participara-en-la-renovacio-de-les-facanes-de-lhotel-calderon-de-barcelona\/","name":"GARCIA FAURA participar\u00e1 en la renovaci\u00f3n de las fachadas del Hotel Calder\u00f3n de Barcelona - GARCIA FAURA","isPartOf":{"@id":"https:\/\/www.garciafaura.com\/fr\/#website"},"primaryImageOfPage":{"@id":"https:\/\/www.garciafaura.com\/es\/garcia-faura-participara-en-la-renovacio-de-les-facanes-de-lhotel-calderon-de-barcelona\/#primaryimage"},"image":{"@id":"https:\/\/www.garciafaura.com\/es\/garcia-faura-participara-en-la-renovacio-de-les-facanes-de-lhotel-calderon-de-barcelona\/#primaryimage"},"thumbnailUrl":"https:\/\/www.garciafaura.com\/wp-content\/uploads\/2023\/01\/Hotel-Caldero\u0301n.png","datePublished":"2023-01-27T07:00:07+00:00","dateModified":"2023-01-30T09:03:10+00:00","description":"Arquitectura en Alumini, Inox, Ferro i Vidre","breadcrumb":{"@id":"https:\/\/www.garciafaura.com\/es\/garcia-faura-participara-en-la-renovacio-de-les-facanes-de-lhotel-calderon-de-barcelona\/#breadcrumb"},"inLanguage":"es","potentialAction":[{"@type":"ReadAction","target":["https:\/\/www.garciafaura.com\/es\/garcia-faura-participara-en-la-renovacio-de-les-facanes-de-lhotel-calderon-de-barcelona\/"]}]},{"@type":"ImageObject","inLanguage":"es","@id":"https:\/\/www.garciafaura.com\/es\/garcia-faura-participara-en-la-renovacio-de-les-facanes-de-lhotel-calderon-de-barcelona\/#primaryimage","url":"https:\/\/www.garciafaura.com\/wp-content\/uploads\/2023\/01\/Hotel-Caldero\u0301n.png","contentUrl":"https:\/\/www.garciafaura.com\/wp-content\/uploads\/2023\/01\/Hotel-Caldero\u0301n.png","width":928,"height":954},{"@type":"BreadcrumbList","@id":"https:\/\/www.garciafaura.com\/es\/garcia-faura-participara-en-la-renovacio-de-les-facanes-de-lhotel-calderon-de-barcelona\/#breadcrumb","itemListElement":[{"@type":"ListItem","position":1,"name":"Inici","item":"https:\/\/www.garciafaura.com\/es\/"},{"@type":"ListItem","position":2,"name":"GARCIA FAURA participar\u00e1 en la renovaci\u00f3n de las fachadas del Hotel Calder\u00f3n de Barcelona"}]},{"@type":"WebSite","@id":"https:\/\/www.garciafaura.com\/fr\/#website","url":"https:\/\/www.garciafaura.com\/fr\/","name":"GARCIA FAURA","description":"Arquitectura en Alumini, Inox, Ferro i Vidre","publisher":{"@id":"https:\/\/www.garciafaura.com\/fr\/#organization"},"potentialAction":[{"@type":"SearchAction","target":{"@type":"EntryPoint","urlTemplate":"https:\/\/www.garciafaura.com\/fr\/?s={search_term_string}"},"query-input":{"@type":"PropertyValueSpecification","valueRequired":true,"valueName":"search_term_string"}}],"inLanguage":"es"},{"@type":"Organization","@id":"https:\/\/www.garciafaura.com\/fr\/#organization","name":"GARCIA FAURA","url":"https:\/\/www.garciafaura.com\/fr\/","logo":{"@type":"ImageObject","inLanguage":"es","@id":"https:\/\/www.garciafaura.com\/fr\/#\/schema\/logo\/image\/","url":"https:\/\/www.garciafaura.com\/wp-content\/uploads\/2018\/09\/Garcia-Faura.png","contentUrl":"https:\/\/www.garciafaura.com\/wp-content\/uploads\/2018\/09\/Garcia-Faura.png","width":512,"height":512,"caption":"GARCIA FAURA"},"image":{"@id":"https:\/\/www.garciafaura.com\/fr\/#\/schema\/logo\/image\/"},"sameAs":["https:\/\/www.youtube.com\/user\/GARCIAFAURA"]},{"@type":"Person","@id":"https:\/\/www.garciafaura.com\/fr\/#\/schema\/person\/b4b75e69b33fac3446071909bec106b0","name":"David Achell","image":{"@type":"ImageObject","inLanguage":"es","@id":"https:\/\/www.garciafaura.com\/fr\/#\/schema\/person\/image\/","url":"https:\/\/secure.gravatar.com\/avatar\/03900210afc1f61bce737bcb4a79c02e2c997f171e3eca839b5a4cbe03846c90?s=96&d=blank&r=g","contentUrl":"https:\/\/secure.gravatar.com\/avatar\/03900210afc1f61bce737bcb4a79c02e2c997f171e3eca839b5a4cbe03846c90?s=96&d=blank&r=g","caption":"David Achell"}}]}},"_links":{"self":[{"href":"https:\/\/www.garciafaura.com\/es\/wp-json\/wp\/v2\/posts\/31190","targetHints":{"allow":["GET"]}}],"collection":[{"href":"https:\/\/www.garciafaura.com\/es\/wp-json\/wp\/v2\/posts"}],"about":[{"href":"https:\/\/www.garciafaura.com\/es\/wp-json\/wp\/v2\/types\/post"}],"author":[{"embeddable":true,"href":"https:\/\/www.garciafaura.com\/es\/wp-json\/wp\/v2\/users\/3"}],"replies":[{"embeddable":true,"href":"https:\/\/www.garciafaura.com\/es\/wp-json\/wp\/v2\/comments?post=31190"}],"version-history":[{"count":2,"href":"https:\/\/www.garciafaura.com\/es\/wp-json\/wp\/v2\/posts\/31190\/revisions"}],"predecessor-version":[{"id":31203,"href":"https:\/\/www.garciafaura.com\/es\/wp-json\/wp\/v2\/posts\/31190\/revisions\/31203"}],"wp:featuredmedia":[{"embeddable":true,"href":"https:\/\/www.garciafaura.com\/es\/wp-json\/wp\/v2\/media\/31187"}],"wp:attachment":[{"href":"https:\/\/www.garciafaura.com\/es\/wp-json\/wp\/v2\/media?parent=31190"}],"wp:term":[{"taxonomy":"category","embeddable":true,"href":"https:\/\/www.garciafaura.com\/es\/wp-json\/wp\/v2\/categories?post=31190"},{"taxonomy":"post_tag","embeddable":true,"href":"https:\/\/www.garciafaura.com\/es\/wp-json\/wp\/v2\/tags?post=31190"},{"taxonomy":"post_series","embeddable":true,"href":"https:\/\/www.garciafaura.com\/es\/wp-json\/wp\/v2\/post_series?post=31190"}],"curies":[{"name":"wp","href":"https:\/\/api.w.org\/{rel}","templated":true}]}}