{"id":31171,"date":"2023-01-10T10:19:55","date_gmt":"2023-01-10T08:19:55","guid":{"rendered":"https:\/\/www.garciafaura.com\/garcia-faura-amplia-el-seu-parc-de-maquinaria-amb-nous-centres-de-tall-i-mecanitzat\/"},"modified":"2023-01-10T10:30:47","modified_gmt":"2023-01-10T08:30:47","slug":"garcia-faura-amplia-el-seu-parc-de-maquinaria-amb-nous-centres-de-tall-i-mecanitzat","status":"publish","type":"post","link":"https:\/\/www.garciafaura.com\/es\/garcia-faura-amplia-el-seu-parc-de-maquinaria-amb-nous-centres-de-tall-i-mecanitzat\/","title":{"rendered":"GARCIA FAURA ampl\u00eda su parque de maquinaria con nuevos centros de corte y mecanizado"},"content":{"rendered":"<p style=\"text-align: justify;\"><strong>La compa\u00f1\u00eda afronta, de este modo, el volumen de producci\u00f3n previsto para 2023, en el marco de su plan anual de inversiones y de automatizaci\u00f3n de sus centros productivos.<\/strong><\/p>\n<p style=\"text-align: justify;\"><strong>GARCIA FAURA<\/strong> estrena 2023 con la incorporaci\u00f3n a sus talleres de nueva maquinaria en el marco de su plan anual de inversiones. Por un lado, se ha adquirido un nuevo centro de corte y mecanizado para perfiles de aluminio modelo <strong>Emmegi\u00a0Quadra L2<\/strong>. Se trata de un centro de trabajo de 18 ejes con control num\u00e9rico por computadora que realiza funciones de fresado, perforaci\u00f3n y corte. La m\u00e1quina dispone de un almac\u00e9n automatizado y un sistema de alimentaci\u00f3n de barras de hasta 7,5 metros. El cuerpo central dispone de un m\u00f3dulo de fresado, dos m\u00f3dulos de corte y un m\u00f3dulo de retesteado. Su disposici\u00f3n permite trabajar el contorno de la pieza en cualquier orientaci\u00f3n. La unidad de mecanizado incorpora un sistema exclusivo de base rotatoria.<\/p>\n<p style=\"text-align: justify;\">En paralelo, <strong>GARCIA FAURA<\/strong> ha adquirido tambi\u00e9n un nuevo centro de mecanizado para paneles, modelo\u00a0<strong>Biesse\u00a0Rover\u00a0Plast B FT<\/strong>. Una m\u00e1quina que permitir\u00e1 ampliar el volumen de trabajo en paneles composite y que destaca por su gran precisi\u00f3n y flexibilidad. Se trata de un centro de mecanizado de control num\u00e9rico que se a\u00f1ade al importante parque de maquinaria del que dispone la compa\u00f1\u00eda para el corte y mecanizado de perfiler\u00eda y paneles.<\/p>\n<p style=\"text-align: justify;\">Con estas inversiones, la compa\u00f1\u00eda a\u00fan apuesta por sus centros productivos y permiten afrontar el volumen de producci\u00f3n previsto para este a\u00f1o 2023, con proyectos en curso y adjudicados en Barcelona, Madrid, Francia, Luxemburgo, Colombia y los nuevos mercados africanos en los que la compa\u00f1\u00eda ya ha empezado a trabajar.<\/p>\n","protected":false},"excerpt":{"rendered":"<p>La compa\u00f1\u00eda afronta, de este modo, el volumen de producci\u00f3n previsto para 2023, en el marco de su plan anual de inversiones y de automatizaci\u00f3n de sus centros productivos. GARCIA FAURA estrena 2023 con la incorporaci\u00f3n a sus talleres de&hellip;<\/p>\n","protected":false},"author":3,"featured_media":31166,"comment_status":"closed","ping_status":"open","sticky":false,"template":"","format":"gallery","meta":{"footnotes":""},"categories":[3],"tags":[],"post_series":[],"class_list":["post-31171","post","type-post","status-publish","format-gallery","has-post-thumbnail","hentry","category-actualidad","post_format-post-format-gallery","entry","has-media"],"yoast_head":"<!-- This site is optimized with the Yoast SEO plugin v26.7 - https:\/\/yoast.com\/wordpress\/plugins\/seo\/ -->\n<title>GARCIA FAURA ampl\u00eda su parque de maquinaria con nuevos centros de corte y mecanizado - GARCIA FAURA<\/title>\n<meta name=\"description\" content=\"Arquitectura en Alumini, Inox, Ferro i Vidre\" \/>\n<meta name=\"robots\" content=\"index, follow, max-snippet:-1, max-image-preview:large, max-video-preview:-1\" \/>\n<link rel=\"canonical\" href=\"https:\/\/www.garciafaura.com\/es\/garcia-faura-amplia-el-seu-parc-de-maquinaria-amb-nous-centres-de-tall-i-mecanitzat\/\" \/>\n<meta property=\"og:locale\" content=\"es_ES\" \/>\n<meta property=\"og:type\" content=\"article\" \/>\n<meta property=\"og:title\" content=\"GARCIA FAURA ampl\u00eda su parque de maquinaria con nuevos centros de corte y mecanizado - GARCIA FAURA\" \/>\n<meta property=\"og:description\" content=\"Arquitectura en Alumini, Inox, Ferro i Vidre\" \/>\n<meta property=\"og:url\" content=\"https:\/\/www.garciafaura.com\/es\/garcia-faura-amplia-el-seu-parc-de-maquinaria-amb-nous-centres-de-tall-i-mecanitzat\/\" \/>\n<meta property=\"og:site_name\" content=\"GARCIA FAURA\" \/>\n<meta property=\"article:published_time\" content=\"2023-01-10T08:19:55+00:00\" \/>\n<meta property=\"article:modified_time\" content=\"2023-01-10T08:30:47+00:00\" \/>\n<meta property=\"og:image\" content=\"https:\/\/www.garciafaura.com\/wp-content\/uploads\/2023\/01\/20230102_125019-scaled.jpg\" \/>\n\t<meta property=\"og:image:width\" content=\"2560\" \/>\n\t<meta property=\"og:image:height\" content=\"1440\" \/>\n\t<meta property=\"og:image:type\" content=\"image\/jpeg\" \/>\n<meta name=\"author\" content=\"David Achell\" \/>\n<meta name=\"twitter:card\" content=\"summary_large_image\" \/>\n<meta name=\"twitter:label1\" content=\"Escrito por\" \/>\n\t<meta name=\"twitter:data1\" content=\"David Achell\" \/>\n\t<meta name=\"twitter:label2\" content=\"Tiempo de lectura\" \/>\n\t<meta name=\"twitter:data2\" content=\"2 minutos\" \/>\n<script type=\"application\/ld+json\" class=\"yoast-schema-graph\">{\"@context\":\"https:\/\/schema.org\",\"@graph\":[{\"@type\":\"Article\",\"@id\":\"https:\/\/www.garciafaura.com\/es\/garcia-faura-amplia-el-seu-parc-de-maquinaria-amb-nous-centres-de-tall-i-mecanitzat\/#article\",\"isPartOf\":{\"@id\":\"https:\/\/www.garciafaura.com\/es\/garcia-faura-amplia-el-seu-parc-de-maquinaria-amb-nous-centres-de-tall-i-mecanitzat\/\"},\"author\":{\"name\":\"David Achell\",\"@id\":\"https:\/\/www.garciafaura.com\/fr\/#\/schema\/person\/b4b75e69b33fac3446071909bec106b0\"},\"headline\":\"GARCIA FAURA ampl\u00eda su parque de maquinaria con nuevos centros de corte y mecanizado\",\"datePublished\":\"2023-01-10T08:19:55+00:00\",\"dateModified\":\"2023-01-10T08:30:47+00:00\",\"mainEntityOfPage\":{\"@id\":\"https:\/\/www.garciafaura.com\/es\/garcia-faura-amplia-el-seu-parc-de-maquinaria-amb-nous-centres-de-tall-i-mecanitzat\/\"},\"wordCount\":313,\"publisher\":{\"@id\":\"https:\/\/www.garciafaura.com\/fr\/#organization\"},\"image\":{\"@id\":\"https:\/\/www.garciafaura.com\/es\/garcia-faura-amplia-el-seu-parc-de-maquinaria-amb-nous-centres-de-tall-i-mecanitzat\/#primaryimage\"},\"thumbnailUrl\":\"https:\/\/www.garciafaura.com\/wp-content\/uploads\/2023\/01\/20230102_125019-scaled.jpg\",\"articleSection\":[\"Actualidad\"],\"inLanguage\":\"es\"},{\"@type\":\"WebPage\",\"@id\":\"https:\/\/www.garciafaura.com\/es\/garcia-faura-amplia-el-seu-parc-de-maquinaria-amb-nous-centres-de-tall-i-mecanitzat\/\",\"url\":\"https:\/\/www.garciafaura.com\/es\/garcia-faura-amplia-el-seu-parc-de-maquinaria-amb-nous-centres-de-tall-i-mecanitzat\/\",\"name\":\"GARCIA FAURA ampl\u00eda su parque de maquinaria con nuevos centros de corte y mecanizado - GARCIA FAURA\",\"isPartOf\":{\"@id\":\"https:\/\/www.garciafaura.com\/fr\/#website\"},\"primaryImageOfPage\":{\"@id\":\"https:\/\/www.garciafaura.com\/es\/garcia-faura-amplia-el-seu-parc-de-maquinaria-amb-nous-centres-de-tall-i-mecanitzat\/#primaryimage\"},\"image\":{\"@id\":\"https:\/\/www.garciafaura.com\/es\/garcia-faura-amplia-el-seu-parc-de-maquinaria-amb-nous-centres-de-tall-i-mecanitzat\/#primaryimage\"},\"thumbnailUrl\":\"https:\/\/www.garciafaura.com\/wp-content\/uploads\/2023\/01\/20230102_125019-scaled.jpg\",\"datePublished\":\"2023-01-10T08:19:55+00:00\",\"dateModified\":\"2023-01-10T08:30:47+00:00\",\"description\":\"Arquitectura en Alumini, Inox, Ferro i Vidre\",\"breadcrumb\":{\"@id\":\"https:\/\/www.garciafaura.com\/es\/garcia-faura-amplia-el-seu-parc-de-maquinaria-amb-nous-centres-de-tall-i-mecanitzat\/#breadcrumb\"},\"inLanguage\":\"es\",\"potentialAction\":[{\"@type\":\"ReadAction\",\"target\":[\"https:\/\/www.garciafaura.com\/es\/garcia-faura-amplia-el-seu-parc-de-maquinaria-amb-nous-centres-de-tall-i-mecanitzat\/\"]}]},{\"@type\":\"ImageObject\",\"inLanguage\":\"es\",\"@id\":\"https:\/\/www.garciafaura.com\/es\/garcia-faura-amplia-el-seu-parc-de-maquinaria-amb-nous-centres-de-tall-i-mecanitzat\/#primaryimage\",\"url\":\"https:\/\/www.garciafaura.com\/wp-content\/uploads\/2023\/01\/20230102_125019-scaled.jpg\",\"contentUrl\":\"https:\/\/www.garciafaura.com\/wp-content\/uploads\/2023\/01\/20230102_125019-scaled.jpg\",\"width\":2560,\"height\":1440},{\"@type\":\"BreadcrumbList\",\"@id\":\"https:\/\/www.garciafaura.com\/es\/garcia-faura-amplia-el-seu-parc-de-maquinaria-amb-nous-centres-de-tall-i-mecanitzat\/#breadcrumb\",\"itemListElement\":[{\"@type\":\"ListItem\",\"position\":1,\"name\":\"Inici\",\"item\":\"https:\/\/www.garciafaura.com\/es\/\"},{\"@type\":\"ListItem\",\"position\":2,\"name\":\"GARCIA FAURA ampl\u00eda su parque de maquinaria con nuevos centros de corte y mecanizado\"}]},{\"@type\":\"WebSite\",\"@id\":\"https:\/\/www.garciafaura.com\/fr\/#website\",\"url\":\"https:\/\/www.garciafaura.com\/fr\/\",\"name\":\"GARCIA FAURA\",\"description\":\"Arquitectura en Alumini, Inox, Ferro i Vidre\",\"publisher\":{\"@id\":\"https:\/\/www.garciafaura.com\/fr\/#organization\"},\"potentialAction\":[{\"@type\":\"SearchAction\",\"target\":{\"@type\":\"EntryPoint\",\"urlTemplate\":\"https:\/\/www.garciafaura.com\/fr\/?s={search_term_string}\"},\"query-input\":{\"@type\":\"PropertyValueSpecification\",\"valueRequired\":true,\"valueName\":\"search_term_string\"}}],\"inLanguage\":\"es\"},{\"@type\":\"Organization\",\"@id\":\"https:\/\/www.garciafaura.com\/fr\/#organization\",\"name\":\"GARCIA FAURA\",\"url\":\"https:\/\/www.garciafaura.com\/fr\/\",\"logo\":{\"@type\":\"ImageObject\",\"inLanguage\":\"es\",\"@id\":\"https:\/\/www.garciafaura.com\/fr\/#\/schema\/logo\/image\/\",\"url\":\"https:\/\/www.garciafaura.com\/wp-content\/uploads\/2018\/09\/Garcia-Faura.png\",\"contentUrl\":\"https:\/\/www.garciafaura.com\/wp-content\/uploads\/2018\/09\/Garcia-Faura.png\",\"width\":512,\"height\":512,\"caption\":\"GARCIA FAURA\"},\"image\":{\"@id\":\"https:\/\/www.garciafaura.com\/fr\/#\/schema\/logo\/image\/\"},\"sameAs\":[\"https:\/\/www.youtube.com\/user\/GARCIAFAURA\"]},{\"@type\":\"Person\",\"@id\":\"https:\/\/www.garciafaura.com\/fr\/#\/schema\/person\/b4b75e69b33fac3446071909bec106b0\",\"name\":\"David Achell\",\"image\":{\"@type\":\"ImageObject\",\"inLanguage\":\"es\",\"@id\":\"https:\/\/www.garciafaura.com\/fr\/#\/schema\/person\/image\/\",\"url\":\"https:\/\/secure.gravatar.com\/avatar\/03900210afc1f61bce737bcb4a79c02e2c997f171e3eca839b5a4cbe03846c90?s=96&d=blank&r=g\",\"contentUrl\":\"https:\/\/secure.gravatar.com\/avatar\/03900210afc1f61bce737bcb4a79c02e2c997f171e3eca839b5a4cbe03846c90?s=96&d=blank&r=g\",\"caption\":\"David Achell\"}}]}<\/script>\n<!-- \/ Yoast SEO plugin. -->","yoast_head_json":{"title":"GARCIA FAURA ampl\u00eda su parque de maquinaria con nuevos centros de corte y mecanizado - GARCIA FAURA","description":"Arquitectura en Alumini, Inox, Ferro i Vidre","robots":{"index":"index","follow":"follow","max-snippet":"max-snippet:-1","max-image-preview":"max-image-preview:large","max-video-preview":"max-video-preview:-1"},"canonical":"https:\/\/www.garciafaura.com\/es\/garcia-faura-amplia-el-seu-parc-de-maquinaria-amb-nous-centres-de-tall-i-mecanitzat\/","og_locale":"es_ES","og_type":"article","og_title":"GARCIA FAURA ampl\u00eda su parque de maquinaria con nuevos centros de corte y mecanizado - GARCIA FAURA","og_description":"Arquitectura en Alumini, Inox, Ferro i Vidre","og_url":"https:\/\/www.garciafaura.com\/es\/garcia-faura-amplia-el-seu-parc-de-maquinaria-amb-nous-centres-de-tall-i-mecanitzat\/","og_site_name":"GARCIA FAURA","article_published_time":"2023-01-10T08:19:55+00:00","article_modified_time":"2023-01-10T08:30:47+00:00","og_image":[{"width":2560,"height":1440,"url":"https:\/\/www.garciafaura.com\/wp-content\/uploads\/2023\/01\/20230102_125019-scaled.jpg","type":"image\/jpeg"}],"author":"David Achell","twitter_card":"summary_large_image","twitter_misc":{"Escrito por":"David Achell","Tiempo de lectura":"2 minutos"},"schema":{"@context":"https:\/\/schema.org","@graph":[{"@type":"Article","@id":"https:\/\/www.garciafaura.com\/es\/garcia-faura-amplia-el-seu-parc-de-maquinaria-amb-nous-centres-de-tall-i-mecanitzat\/#article","isPartOf":{"@id":"https:\/\/www.garciafaura.com\/es\/garcia-faura-amplia-el-seu-parc-de-maquinaria-amb-nous-centres-de-tall-i-mecanitzat\/"},"author":{"name":"David Achell","@id":"https:\/\/www.garciafaura.com\/fr\/#\/schema\/person\/b4b75e69b33fac3446071909bec106b0"},"headline":"GARCIA FAURA ampl\u00eda su parque de maquinaria con nuevos centros de corte y mecanizado","datePublished":"2023-01-10T08:19:55+00:00","dateModified":"2023-01-10T08:30:47+00:00","mainEntityOfPage":{"@id":"https:\/\/www.garciafaura.com\/es\/garcia-faura-amplia-el-seu-parc-de-maquinaria-amb-nous-centres-de-tall-i-mecanitzat\/"},"wordCount":313,"publisher":{"@id":"https:\/\/www.garciafaura.com\/fr\/#organization"},"image":{"@id":"https:\/\/www.garciafaura.com\/es\/garcia-faura-amplia-el-seu-parc-de-maquinaria-amb-nous-centres-de-tall-i-mecanitzat\/#primaryimage"},"thumbnailUrl":"https:\/\/www.garciafaura.com\/wp-content\/uploads\/2023\/01\/20230102_125019-scaled.jpg","articleSection":["Actualidad"],"inLanguage":"es"},{"@type":"WebPage","@id":"https:\/\/www.garciafaura.com\/es\/garcia-faura-amplia-el-seu-parc-de-maquinaria-amb-nous-centres-de-tall-i-mecanitzat\/","url":"https:\/\/www.garciafaura.com\/es\/garcia-faura-amplia-el-seu-parc-de-maquinaria-amb-nous-centres-de-tall-i-mecanitzat\/","name":"GARCIA FAURA ampl\u00eda su parque de maquinaria con nuevos centros de corte y mecanizado - GARCIA FAURA","isPartOf":{"@id":"https:\/\/www.garciafaura.com\/fr\/#website"},"primaryImageOfPage":{"@id":"https:\/\/www.garciafaura.com\/es\/garcia-faura-amplia-el-seu-parc-de-maquinaria-amb-nous-centres-de-tall-i-mecanitzat\/#primaryimage"},"image":{"@id":"https:\/\/www.garciafaura.com\/es\/garcia-faura-amplia-el-seu-parc-de-maquinaria-amb-nous-centres-de-tall-i-mecanitzat\/#primaryimage"},"thumbnailUrl":"https:\/\/www.garciafaura.com\/wp-content\/uploads\/2023\/01\/20230102_125019-scaled.jpg","datePublished":"2023-01-10T08:19:55+00:00","dateModified":"2023-01-10T08:30:47+00:00","description":"Arquitectura en Alumini, Inox, Ferro i Vidre","breadcrumb":{"@id":"https:\/\/www.garciafaura.com\/es\/garcia-faura-amplia-el-seu-parc-de-maquinaria-amb-nous-centres-de-tall-i-mecanitzat\/#breadcrumb"},"inLanguage":"es","potentialAction":[{"@type":"ReadAction","target":["https:\/\/www.garciafaura.com\/es\/garcia-faura-amplia-el-seu-parc-de-maquinaria-amb-nous-centres-de-tall-i-mecanitzat\/"]}]},{"@type":"ImageObject","inLanguage":"es","@id":"https:\/\/www.garciafaura.com\/es\/garcia-faura-amplia-el-seu-parc-de-maquinaria-amb-nous-centres-de-tall-i-mecanitzat\/#primaryimage","url":"https:\/\/www.garciafaura.com\/wp-content\/uploads\/2023\/01\/20230102_125019-scaled.jpg","contentUrl":"https:\/\/www.garciafaura.com\/wp-content\/uploads\/2023\/01\/20230102_125019-scaled.jpg","width":2560,"height":1440},{"@type":"BreadcrumbList","@id":"https:\/\/www.garciafaura.com\/es\/garcia-faura-amplia-el-seu-parc-de-maquinaria-amb-nous-centres-de-tall-i-mecanitzat\/#breadcrumb","itemListElement":[{"@type":"ListItem","position":1,"name":"Inici","item":"https:\/\/www.garciafaura.com\/es\/"},{"@type":"ListItem","position":2,"name":"GARCIA FAURA ampl\u00eda su parque de maquinaria con nuevos centros de corte y mecanizado"}]},{"@type":"WebSite","@id":"https:\/\/www.garciafaura.com\/fr\/#website","url":"https:\/\/www.garciafaura.com\/fr\/","name":"GARCIA FAURA","description":"Arquitectura en Alumini, Inox, Ferro i Vidre","publisher":{"@id":"https:\/\/www.garciafaura.com\/fr\/#organization"},"potentialAction":[{"@type":"SearchAction","target":{"@type":"EntryPoint","urlTemplate":"https:\/\/www.garciafaura.com\/fr\/?s={search_term_string}"},"query-input":{"@type":"PropertyValueSpecification","valueRequired":true,"valueName":"search_term_string"}}],"inLanguage":"es"},{"@type":"Organization","@id":"https:\/\/www.garciafaura.com\/fr\/#organization","name":"GARCIA FAURA","url":"https:\/\/www.garciafaura.com\/fr\/","logo":{"@type":"ImageObject","inLanguage":"es","@id":"https:\/\/www.garciafaura.com\/fr\/#\/schema\/logo\/image\/","url":"https:\/\/www.garciafaura.com\/wp-content\/uploads\/2018\/09\/Garcia-Faura.png","contentUrl":"https:\/\/www.garciafaura.com\/wp-content\/uploads\/2018\/09\/Garcia-Faura.png","width":512,"height":512,"caption":"GARCIA FAURA"},"image":{"@id":"https:\/\/www.garciafaura.com\/fr\/#\/schema\/logo\/image\/"},"sameAs":["https:\/\/www.youtube.com\/user\/GARCIAFAURA"]},{"@type":"Person","@id":"https:\/\/www.garciafaura.com\/fr\/#\/schema\/person\/b4b75e69b33fac3446071909bec106b0","name":"David Achell","image":{"@type":"ImageObject","inLanguage":"es","@id":"https:\/\/www.garciafaura.com\/fr\/#\/schema\/person\/image\/","url":"https:\/\/secure.gravatar.com\/avatar\/03900210afc1f61bce737bcb4a79c02e2c997f171e3eca839b5a4cbe03846c90?s=96&d=blank&r=g","contentUrl":"https:\/\/secure.gravatar.com\/avatar\/03900210afc1f61bce737bcb4a79c02e2c997f171e3eca839b5a4cbe03846c90?s=96&d=blank&r=g","caption":"David Achell"}}]}},"_links":{"self":[{"href":"https:\/\/www.garciafaura.com\/es\/wp-json\/wp\/v2\/posts\/31171","targetHints":{"allow":["GET"]}}],"collection":[{"href":"https:\/\/www.garciafaura.com\/es\/wp-json\/wp\/v2\/posts"}],"about":[{"href":"https:\/\/www.garciafaura.com\/es\/wp-json\/wp\/v2\/types\/post"}],"author":[{"embeddable":true,"href":"https:\/\/www.garciafaura.com\/es\/wp-json\/wp\/v2\/users\/3"}],"replies":[{"embeddable":true,"href":"https:\/\/www.garciafaura.com\/es\/wp-json\/wp\/v2\/comments?post=31171"}],"version-history":[{"count":2,"href":"https:\/\/www.garciafaura.com\/es\/wp-json\/wp\/v2\/posts\/31171\/revisions"}],"predecessor-version":[{"id":31173,"href":"https:\/\/www.garciafaura.com\/es\/wp-json\/wp\/v2\/posts\/31171\/revisions\/31173"}],"wp:featuredmedia":[{"embeddable":true,"href":"https:\/\/www.garciafaura.com\/es\/wp-json\/wp\/v2\/media\/31166"}],"wp:attachment":[{"href":"https:\/\/www.garciafaura.com\/es\/wp-json\/wp\/v2\/media?parent=31171"}],"wp:term":[{"taxonomy":"category","embeddable":true,"href":"https:\/\/www.garciafaura.com\/es\/wp-json\/wp\/v2\/categories?post=31171"},{"taxonomy":"post_tag","embeddable":true,"href":"https:\/\/www.garciafaura.com\/es\/wp-json\/wp\/v2\/tags?post=31171"},{"taxonomy":"post_series","embeddable":true,"href":"https:\/\/www.garciafaura.com\/es\/wp-json\/wp\/v2\/post_series?post=31171"}],"curies":[{"name":"wp","href":"https:\/\/api.w.org\/{rel}","templated":true}]}}