{"id":31075,"date":"2022-11-22T10:23:08","date_gmt":"2022-11-22T08:23:08","guid":{"rendered":"https:\/\/www.garciafaura.com\/garcia-faura-participa-a-veteco-fira-internacional-de-la-finestra-la-facana-i-la-proteccio-solar\/"},"modified":"2022-11-22T12:43:04","modified_gmt":"2022-11-22T10:43:04","slug":"garcia-faura-participa-a-veteco-fira-internacional-de-la-finestra-la-facana-i-la-proteccio-solar","status":"publish","type":"post","link":"https:\/\/www.garciafaura.com\/es\/garcia-faura-participa-a-veteco-fira-internacional-de-la-finestra-la-facana-i-la-proteccio-solar\/","title":{"rendered":"GARCIA FAURA participa en Veteco, feria internacional de la ventana, la fachada y la protecci\u00f3n solar"},"content":{"rendered":"<p style=\"text-align: justify;\"><strong>GARCIA FAURA ha tenido la posibilidad de explicar su metodolog\u00eda constructiva y de trabajo en el marco de la feria\u00a0Veteco, el sal\u00f3n internacional de la ventana, la fachada y la protecci\u00f3n solar. La feria ha tenido lugar en Madrid del 15 al 18 de noviembre y ha reunido a miles de profesionales del \u00e1mbito de la arquitectura, la construcci\u00f3n y el sector inmobiliario.<\/strong><\/p>\n<p style=\"text-align: justify;\">Invitada por <a href=\"https:\/\/www.technal.com\/es\/es\/profesional\/\" target=\"_blank\" rel=\"noopener\"><strong>Technal<\/strong><\/a>\u00a0y\u00a0<a href=\"https:\/\/www.wicona.com\/es\/es\/\" target=\"_blank\" rel=\"noopener\"><strong>Wicona<\/strong><\/a>, <strong>GARCIA FAURA<\/strong> particip\u00f3 en un coloquio sobre el proyecto de <strong>fachada innovadora<\/strong> que la compa\u00f1\u00eda ha desarrollado este a\u00f1o para la rehabilitaci\u00f3n de un edificio residencial en Sant Quirze del Vall\u00e8s (Barcelona).<\/p>\n<p style=\"text-align: justify;\">El proyecto formaba parte del <strong>programa europeo\u00a0Plug-n-Harvest<\/strong>, financiado por el <strong>programa Horizonte 2020 de la Uni\u00f3n Europea<\/strong>, y que quiere desplegar proyectos constructivos modulares, que permitan el ahorro energ\u00e9tico, bajos costes de instalaci\u00f3n y que favorezcan la econom\u00eda circular. Bajo estas premisas, se afront\u00f3 el <a href=\"https:\/\/www.garciafaura.com\/es\/garcia-faura-desenvolupa-una-innovadora-facana-modular-per-a-un-complex-residencial-a-sant-quirze-del-valles\/\" target=\"_blank\" rel=\"noopener\"><strong>proyecto de Sant Quirze del Vall\u00e8s<\/strong><\/a>.<\/p>\n<p style=\"text-align: justify;\"><strong>GARCIA FAURA<\/strong> fue la empresa encargada de hacer un prototipo de <strong>fachada modular e innovadora<\/strong>, testado en laboratorio y avalado por auditor\u00edas de calidad. Se desarroll\u00f3 el dise\u00f1o de producci\u00f3n, la fabricaci\u00f3n de los m\u00f3dulos y la ejecuci\u00f3n de los trabajos de instalaci\u00f3n.<\/p>\n<p style=\"text-align: justify;\"><strong>Toni D\u00edaz, jefe de la Divisi\u00f3n Residencial de GARCIA FAURA<\/strong>, fue quien explic\u00f3 (foto) en <a href=\"https:\/\/www.ifema.es\/veteco\" target=\"_blank\" rel=\"noopener\"><strong>Veteco<\/strong><\/a> todo este proceso, invitado por dos de los <em>partners<\/em> que la compa\u00f1\u00eda ha tenido para esta obra: <strong>Wicona<\/strong> y <strong>Technal<\/strong>. El proyecto fue liderado por la <strong>Agencia Catalana de la Vivienda<\/strong>, propietaria del edificio, y ha contado con la participaci\u00f3n del despacho de arquitectura <a href=\"https:\/\/www.picharchitects.com\/\" target=\"_blank\" rel=\"noopener\"><strong>Pich-Aguilera<\/strong><\/a> y la empresa <a href=\"http:\/\/www.entinema.com\/\" target=\"_blank\" rel=\"noopener\"><strong>Entinema<\/strong><\/a>.<\/p>\n","protected":false},"excerpt":{"rendered":"<p>GARCIA FAURA ha tenido la posibilidad de explicar su metodolog\u00eda constructiva y de trabajo en el marco de la feria\u00a0Veteco, el sal\u00f3n internacional de la ventana, la fachada y la protecci\u00f3n solar. La feria ha tenido lugar en Madrid del&hellip;<\/p>\n","protected":false},"author":3,"featured_media":31071,"comment_status":"closed","ping_status":"open","sticky":false,"template":"","format":"gallery","meta":{"footnotes":""},"categories":[3],"tags":[],"post_series":[],"class_list":["post-31075","post","type-post","status-publish","format-gallery","has-post-thumbnail","hentry","category-actualidad","post_format-post-format-gallery","entry","has-media"],"yoast_head":"<!-- This site is optimized with the Yoast SEO plugin v26.7 - https:\/\/yoast.com\/wordpress\/plugins\/seo\/ -->\n<title>GARCIA FAURA participa en Veteco, feria internacional de la ventana, la fachada y la protecci\u00f3n solar - GARCIA FAURA<\/title>\n<meta name=\"description\" content=\"Arquitectura en Alumini, Inox, Ferro i Vidre\" \/>\n<meta name=\"robots\" content=\"index, follow, max-snippet:-1, max-image-preview:large, max-video-preview:-1\" \/>\n<link rel=\"canonical\" href=\"https:\/\/www.garciafaura.com\/es\/garcia-faura-participa-a-veteco-fira-internacional-de-la-finestra-la-facana-i-la-proteccio-solar\/\" \/>\n<meta property=\"og:locale\" content=\"es_ES\" \/>\n<meta property=\"og:type\" content=\"article\" \/>\n<meta property=\"og:title\" content=\"GARCIA FAURA participa en Veteco, feria internacional de la ventana, la fachada y la protecci\u00f3n solar - GARCIA FAURA\" \/>\n<meta property=\"og:description\" content=\"Arquitectura en Alumini, Inox, Ferro i Vidre\" \/>\n<meta property=\"og:url\" content=\"https:\/\/www.garciafaura.com\/es\/garcia-faura-participa-a-veteco-fira-internacional-de-la-finestra-la-facana-i-la-proteccio-solar\/\" \/>\n<meta property=\"og:site_name\" content=\"GARCIA FAURA\" \/>\n<meta property=\"article:published_time\" content=\"2022-11-22T08:23:08+00:00\" \/>\n<meta property=\"article:modified_time\" content=\"2022-11-22T10:43:04+00:00\" \/>\n<meta property=\"og:image\" content=\"https:\/\/www.garciafaura.com\/wp-content\/uploads\/2022\/11\/Toni-Diaz-Veteco.jpg\" \/>\n\t<meta property=\"og:image:width\" content=\"1280\" \/>\n\t<meta property=\"og:image:height\" content=\"1040\" \/>\n\t<meta property=\"og:image:type\" content=\"image\/jpeg\" \/>\n<meta name=\"author\" content=\"David Achell\" \/>\n<meta name=\"twitter:card\" content=\"summary_large_image\" \/>\n<meta name=\"twitter:label1\" content=\"Escrito por\" \/>\n\t<meta name=\"twitter:data1\" content=\"David Achell\" \/>\n\t<meta name=\"twitter:label2\" content=\"Tiempo de lectura\" \/>\n\t<meta name=\"twitter:data2\" content=\"2 minutos\" \/>\n<script type=\"application\/ld+json\" class=\"yoast-schema-graph\">{\"@context\":\"https:\/\/schema.org\",\"@graph\":[{\"@type\":\"Article\",\"@id\":\"https:\/\/www.garciafaura.com\/es\/garcia-faura-participa-a-veteco-fira-internacional-de-la-finestra-la-facana-i-la-proteccio-solar\/#article\",\"isPartOf\":{\"@id\":\"https:\/\/www.garciafaura.com\/es\/garcia-faura-participa-a-veteco-fira-internacional-de-la-finestra-la-facana-i-la-proteccio-solar\/\"},\"author\":{\"name\":\"David Achell\",\"@id\":\"https:\/\/www.garciafaura.com\/fr\/#\/schema\/person\/b4b75e69b33fac3446071909bec106b0\"},\"headline\":\"GARCIA FAURA participa en Veteco, feria internacional de la ventana, la fachada y la protecci\u00f3n solar\",\"datePublished\":\"2022-11-22T08:23:08+00:00\",\"dateModified\":\"2022-11-22T10:43:04+00:00\",\"mainEntityOfPage\":{\"@id\":\"https:\/\/www.garciafaura.com\/es\/garcia-faura-participa-a-veteco-fira-internacional-de-la-finestra-la-facana-i-la-proteccio-solar\/\"},\"wordCount\":299,\"publisher\":{\"@id\":\"https:\/\/www.garciafaura.com\/fr\/#organization\"},\"image\":{\"@id\":\"https:\/\/www.garciafaura.com\/es\/garcia-faura-participa-a-veteco-fira-internacional-de-la-finestra-la-facana-i-la-proteccio-solar\/#primaryimage\"},\"thumbnailUrl\":\"https:\/\/www.garciafaura.com\/wp-content\/uploads\/2022\/11\/Toni-Diaz-Veteco.jpg\",\"articleSection\":[\"Actualidad\"],\"inLanguage\":\"es\"},{\"@type\":\"WebPage\",\"@id\":\"https:\/\/www.garciafaura.com\/es\/garcia-faura-participa-a-veteco-fira-internacional-de-la-finestra-la-facana-i-la-proteccio-solar\/\",\"url\":\"https:\/\/www.garciafaura.com\/es\/garcia-faura-participa-a-veteco-fira-internacional-de-la-finestra-la-facana-i-la-proteccio-solar\/\",\"name\":\"GARCIA FAURA participa en Veteco, feria internacional de la ventana, la fachada y la protecci\u00f3n solar - GARCIA FAURA\",\"isPartOf\":{\"@id\":\"https:\/\/www.garciafaura.com\/fr\/#website\"},\"primaryImageOfPage\":{\"@id\":\"https:\/\/www.garciafaura.com\/es\/garcia-faura-participa-a-veteco-fira-internacional-de-la-finestra-la-facana-i-la-proteccio-solar\/#primaryimage\"},\"image\":{\"@id\":\"https:\/\/www.garciafaura.com\/es\/garcia-faura-participa-a-veteco-fira-internacional-de-la-finestra-la-facana-i-la-proteccio-solar\/#primaryimage\"},\"thumbnailUrl\":\"https:\/\/www.garciafaura.com\/wp-content\/uploads\/2022\/11\/Toni-Diaz-Veteco.jpg\",\"datePublished\":\"2022-11-22T08:23:08+00:00\",\"dateModified\":\"2022-11-22T10:43:04+00:00\",\"description\":\"Arquitectura en Alumini, Inox, Ferro i Vidre\",\"breadcrumb\":{\"@id\":\"https:\/\/www.garciafaura.com\/es\/garcia-faura-participa-a-veteco-fira-internacional-de-la-finestra-la-facana-i-la-proteccio-solar\/#breadcrumb\"},\"inLanguage\":\"es\",\"potentialAction\":[{\"@type\":\"ReadAction\",\"target\":[\"https:\/\/www.garciafaura.com\/es\/garcia-faura-participa-a-veteco-fira-internacional-de-la-finestra-la-facana-i-la-proteccio-solar\/\"]}]},{\"@type\":\"ImageObject\",\"inLanguage\":\"es\",\"@id\":\"https:\/\/www.garciafaura.com\/es\/garcia-faura-participa-a-veteco-fira-internacional-de-la-finestra-la-facana-i-la-proteccio-solar\/#primaryimage\",\"url\":\"https:\/\/www.garciafaura.com\/wp-content\/uploads\/2022\/11\/Toni-Diaz-Veteco.jpg\",\"contentUrl\":\"https:\/\/www.garciafaura.com\/wp-content\/uploads\/2022\/11\/Toni-Diaz-Veteco.jpg\",\"width\":1280,\"height\":1040,\"caption\":\"Toni Diaz Veteco Garcia Faura\"},{\"@type\":\"BreadcrumbList\",\"@id\":\"https:\/\/www.garciafaura.com\/es\/garcia-faura-participa-a-veteco-fira-internacional-de-la-finestra-la-facana-i-la-proteccio-solar\/#breadcrumb\",\"itemListElement\":[{\"@type\":\"ListItem\",\"position\":1,\"name\":\"Inici\",\"item\":\"https:\/\/www.garciafaura.com\/es\/\"},{\"@type\":\"ListItem\",\"position\":2,\"name\":\"GARCIA FAURA participa en Veteco, feria internacional de la ventana, la fachada y la protecci\u00f3n solar\"}]},{\"@type\":\"WebSite\",\"@id\":\"https:\/\/www.garciafaura.com\/fr\/#website\",\"url\":\"https:\/\/www.garciafaura.com\/fr\/\",\"name\":\"GARCIA FAURA\",\"description\":\"Arquitectura en Alumini, Inox, Ferro i Vidre\",\"publisher\":{\"@id\":\"https:\/\/www.garciafaura.com\/fr\/#organization\"},\"potentialAction\":[{\"@type\":\"SearchAction\",\"target\":{\"@type\":\"EntryPoint\",\"urlTemplate\":\"https:\/\/www.garciafaura.com\/fr\/?s={search_term_string}\"},\"query-input\":{\"@type\":\"PropertyValueSpecification\",\"valueRequired\":true,\"valueName\":\"search_term_string\"}}],\"inLanguage\":\"es\"},{\"@type\":\"Organization\",\"@id\":\"https:\/\/www.garciafaura.com\/fr\/#organization\",\"name\":\"GARCIA FAURA\",\"url\":\"https:\/\/www.garciafaura.com\/fr\/\",\"logo\":{\"@type\":\"ImageObject\",\"inLanguage\":\"es\",\"@id\":\"https:\/\/www.garciafaura.com\/fr\/#\/schema\/logo\/image\/\",\"url\":\"https:\/\/www.garciafaura.com\/wp-content\/uploads\/2018\/09\/Garcia-Faura.png\",\"contentUrl\":\"https:\/\/www.garciafaura.com\/wp-content\/uploads\/2018\/09\/Garcia-Faura.png\",\"width\":512,\"height\":512,\"caption\":\"GARCIA FAURA\"},\"image\":{\"@id\":\"https:\/\/www.garciafaura.com\/fr\/#\/schema\/logo\/image\/\"},\"sameAs\":[\"https:\/\/www.youtube.com\/user\/GARCIAFAURA\"]},{\"@type\":\"Person\",\"@id\":\"https:\/\/www.garciafaura.com\/fr\/#\/schema\/person\/b4b75e69b33fac3446071909bec106b0\",\"name\":\"David Achell\",\"image\":{\"@type\":\"ImageObject\",\"inLanguage\":\"es\",\"@id\":\"https:\/\/www.garciafaura.com\/fr\/#\/schema\/person\/image\/\",\"url\":\"https:\/\/secure.gravatar.com\/avatar\/03900210afc1f61bce737bcb4a79c02e2c997f171e3eca839b5a4cbe03846c90?s=96&d=blank&r=g\",\"contentUrl\":\"https:\/\/secure.gravatar.com\/avatar\/03900210afc1f61bce737bcb4a79c02e2c997f171e3eca839b5a4cbe03846c90?s=96&d=blank&r=g\",\"caption\":\"David Achell\"}}]}<\/script>\n<!-- \/ Yoast SEO plugin. -->","yoast_head_json":{"title":"GARCIA FAURA participa en Veteco, feria internacional de la ventana, la fachada y la protecci\u00f3n solar - GARCIA FAURA","description":"Arquitectura en Alumini, Inox, Ferro i Vidre","robots":{"index":"index","follow":"follow","max-snippet":"max-snippet:-1","max-image-preview":"max-image-preview:large","max-video-preview":"max-video-preview:-1"},"canonical":"https:\/\/www.garciafaura.com\/es\/garcia-faura-participa-a-veteco-fira-internacional-de-la-finestra-la-facana-i-la-proteccio-solar\/","og_locale":"es_ES","og_type":"article","og_title":"GARCIA FAURA participa en Veteco, feria internacional de la ventana, la fachada y la protecci\u00f3n solar - GARCIA FAURA","og_description":"Arquitectura en Alumini, Inox, Ferro i Vidre","og_url":"https:\/\/www.garciafaura.com\/es\/garcia-faura-participa-a-veteco-fira-internacional-de-la-finestra-la-facana-i-la-proteccio-solar\/","og_site_name":"GARCIA FAURA","article_published_time":"2022-11-22T08:23:08+00:00","article_modified_time":"2022-11-22T10:43:04+00:00","og_image":[{"width":1280,"height":1040,"url":"https:\/\/www.garciafaura.com\/wp-content\/uploads\/2022\/11\/Toni-Diaz-Veteco.jpg","type":"image\/jpeg"}],"author":"David Achell","twitter_card":"summary_large_image","twitter_misc":{"Escrito por":"David Achell","Tiempo de lectura":"2 minutos"},"schema":{"@context":"https:\/\/schema.org","@graph":[{"@type":"Article","@id":"https:\/\/www.garciafaura.com\/es\/garcia-faura-participa-a-veteco-fira-internacional-de-la-finestra-la-facana-i-la-proteccio-solar\/#article","isPartOf":{"@id":"https:\/\/www.garciafaura.com\/es\/garcia-faura-participa-a-veteco-fira-internacional-de-la-finestra-la-facana-i-la-proteccio-solar\/"},"author":{"name":"David Achell","@id":"https:\/\/www.garciafaura.com\/fr\/#\/schema\/person\/b4b75e69b33fac3446071909bec106b0"},"headline":"GARCIA FAURA participa en Veteco, feria internacional de la ventana, la fachada y la protecci\u00f3n solar","datePublished":"2022-11-22T08:23:08+00:00","dateModified":"2022-11-22T10:43:04+00:00","mainEntityOfPage":{"@id":"https:\/\/www.garciafaura.com\/es\/garcia-faura-participa-a-veteco-fira-internacional-de-la-finestra-la-facana-i-la-proteccio-solar\/"},"wordCount":299,"publisher":{"@id":"https:\/\/www.garciafaura.com\/fr\/#organization"},"image":{"@id":"https:\/\/www.garciafaura.com\/es\/garcia-faura-participa-a-veteco-fira-internacional-de-la-finestra-la-facana-i-la-proteccio-solar\/#primaryimage"},"thumbnailUrl":"https:\/\/www.garciafaura.com\/wp-content\/uploads\/2022\/11\/Toni-Diaz-Veteco.jpg","articleSection":["Actualidad"],"inLanguage":"es"},{"@type":"WebPage","@id":"https:\/\/www.garciafaura.com\/es\/garcia-faura-participa-a-veteco-fira-internacional-de-la-finestra-la-facana-i-la-proteccio-solar\/","url":"https:\/\/www.garciafaura.com\/es\/garcia-faura-participa-a-veteco-fira-internacional-de-la-finestra-la-facana-i-la-proteccio-solar\/","name":"GARCIA FAURA participa en Veteco, feria internacional de la ventana, la fachada y la protecci\u00f3n solar - GARCIA FAURA","isPartOf":{"@id":"https:\/\/www.garciafaura.com\/fr\/#website"},"primaryImageOfPage":{"@id":"https:\/\/www.garciafaura.com\/es\/garcia-faura-participa-a-veteco-fira-internacional-de-la-finestra-la-facana-i-la-proteccio-solar\/#primaryimage"},"image":{"@id":"https:\/\/www.garciafaura.com\/es\/garcia-faura-participa-a-veteco-fira-internacional-de-la-finestra-la-facana-i-la-proteccio-solar\/#primaryimage"},"thumbnailUrl":"https:\/\/www.garciafaura.com\/wp-content\/uploads\/2022\/11\/Toni-Diaz-Veteco.jpg","datePublished":"2022-11-22T08:23:08+00:00","dateModified":"2022-11-22T10:43:04+00:00","description":"Arquitectura en Alumini, Inox, Ferro i Vidre","breadcrumb":{"@id":"https:\/\/www.garciafaura.com\/es\/garcia-faura-participa-a-veteco-fira-internacional-de-la-finestra-la-facana-i-la-proteccio-solar\/#breadcrumb"},"inLanguage":"es","potentialAction":[{"@type":"ReadAction","target":["https:\/\/www.garciafaura.com\/es\/garcia-faura-participa-a-veteco-fira-internacional-de-la-finestra-la-facana-i-la-proteccio-solar\/"]}]},{"@type":"ImageObject","inLanguage":"es","@id":"https:\/\/www.garciafaura.com\/es\/garcia-faura-participa-a-veteco-fira-internacional-de-la-finestra-la-facana-i-la-proteccio-solar\/#primaryimage","url":"https:\/\/www.garciafaura.com\/wp-content\/uploads\/2022\/11\/Toni-Diaz-Veteco.jpg","contentUrl":"https:\/\/www.garciafaura.com\/wp-content\/uploads\/2022\/11\/Toni-Diaz-Veteco.jpg","width":1280,"height":1040,"caption":"Toni Diaz Veteco Garcia Faura"},{"@type":"BreadcrumbList","@id":"https:\/\/www.garciafaura.com\/es\/garcia-faura-participa-a-veteco-fira-internacional-de-la-finestra-la-facana-i-la-proteccio-solar\/#breadcrumb","itemListElement":[{"@type":"ListItem","position":1,"name":"Inici","item":"https:\/\/www.garciafaura.com\/es\/"},{"@type":"ListItem","position":2,"name":"GARCIA FAURA participa en Veteco, feria internacional de la ventana, la fachada y la protecci\u00f3n solar"}]},{"@type":"WebSite","@id":"https:\/\/www.garciafaura.com\/fr\/#website","url":"https:\/\/www.garciafaura.com\/fr\/","name":"GARCIA FAURA","description":"Arquitectura en Alumini, Inox, Ferro i Vidre","publisher":{"@id":"https:\/\/www.garciafaura.com\/fr\/#organization"},"potentialAction":[{"@type":"SearchAction","target":{"@type":"EntryPoint","urlTemplate":"https:\/\/www.garciafaura.com\/fr\/?s={search_term_string}"},"query-input":{"@type":"PropertyValueSpecification","valueRequired":true,"valueName":"search_term_string"}}],"inLanguage":"es"},{"@type":"Organization","@id":"https:\/\/www.garciafaura.com\/fr\/#organization","name":"GARCIA FAURA","url":"https:\/\/www.garciafaura.com\/fr\/","logo":{"@type":"ImageObject","inLanguage":"es","@id":"https:\/\/www.garciafaura.com\/fr\/#\/schema\/logo\/image\/","url":"https:\/\/www.garciafaura.com\/wp-content\/uploads\/2018\/09\/Garcia-Faura.png","contentUrl":"https:\/\/www.garciafaura.com\/wp-content\/uploads\/2018\/09\/Garcia-Faura.png","width":512,"height":512,"caption":"GARCIA FAURA"},"image":{"@id":"https:\/\/www.garciafaura.com\/fr\/#\/schema\/logo\/image\/"},"sameAs":["https:\/\/www.youtube.com\/user\/GARCIAFAURA"]},{"@type":"Person","@id":"https:\/\/www.garciafaura.com\/fr\/#\/schema\/person\/b4b75e69b33fac3446071909bec106b0","name":"David Achell","image":{"@type":"ImageObject","inLanguage":"es","@id":"https:\/\/www.garciafaura.com\/fr\/#\/schema\/person\/image\/","url":"https:\/\/secure.gravatar.com\/avatar\/03900210afc1f61bce737bcb4a79c02e2c997f171e3eca839b5a4cbe03846c90?s=96&d=blank&r=g","contentUrl":"https:\/\/secure.gravatar.com\/avatar\/03900210afc1f61bce737bcb4a79c02e2c997f171e3eca839b5a4cbe03846c90?s=96&d=blank&r=g","caption":"David Achell"}}]}},"_links":{"self":[{"href":"https:\/\/www.garciafaura.com\/es\/wp-json\/wp\/v2\/posts\/31075","targetHints":{"allow":["GET"]}}],"collection":[{"href":"https:\/\/www.garciafaura.com\/es\/wp-json\/wp\/v2\/posts"}],"about":[{"href":"https:\/\/www.garciafaura.com\/es\/wp-json\/wp\/v2\/types\/post"}],"author":[{"embeddable":true,"href":"https:\/\/www.garciafaura.com\/es\/wp-json\/wp\/v2\/users\/3"}],"replies":[{"embeddable":true,"href":"https:\/\/www.garciafaura.com\/es\/wp-json\/wp\/v2\/comments?post=31075"}],"version-history":[{"count":2,"href":"https:\/\/www.garciafaura.com\/es\/wp-json\/wp\/v2\/posts\/31075\/revisions"}],"predecessor-version":[{"id":31077,"href":"https:\/\/www.garciafaura.com\/es\/wp-json\/wp\/v2\/posts\/31075\/revisions\/31077"}],"wp:featuredmedia":[{"embeddable":true,"href":"https:\/\/www.garciafaura.com\/es\/wp-json\/wp\/v2\/media\/31071"}],"wp:attachment":[{"href":"https:\/\/www.garciafaura.com\/es\/wp-json\/wp\/v2\/media?parent=31075"}],"wp:term":[{"taxonomy":"category","embeddable":true,"href":"https:\/\/www.garciafaura.com\/es\/wp-json\/wp\/v2\/categories?post=31075"},{"taxonomy":"post_tag","embeddable":true,"href":"https:\/\/www.garciafaura.com\/es\/wp-json\/wp\/v2\/tags?post=31075"},{"taxonomy":"post_series","embeddable":true,"href":"https:\/\/www.garciafaura.com\/es\/wp-json\/wp\/v2\/post_series?post=31075"}],"curies":[{"name":"wp","href":"https:\/\/api.w.org\/{rel}","templated":true}]}}